{"id":9587,"date":"2020-09-11T10:03:17","date_gmt":"2020-09-11T08:03:17","guid":{"rendered":"https:\/\/mugardos.gal\/?p=9587"},"modified":"2020-09-11T10:04:42","modified_gmt":"2020-09-11T08:04:42","slug":"vuelve-el-servicio-de-expedicion-y-renovacion-del-dni-a-mugardos","status":"publish","type":"post","link":"https:\/\/mugardos.gal\/es\/vuelve-el-servicio-de-expedicion-y-renovacion-del-dni-a-mugardos\/","title":{"rendered":"VUELVE EL SERVICIO DE EXPEDICI\u00d3N Y RENOVACI\u00d3N DEL DNI A MUGARDOS"},"content":{"rendered":"<p style=\"text-align: justify;\">La Polic\u00eda Local de Mugardos informa de que el pr\u00f3ximo d\u00eda 21 de septiembre la Polic\u00eda Nacional se trasladar\u00e1 al ayuntamiento para la tramitaci\u00f3n de la expedici\u00f3n y renovaci\u00f3n del DNI.<\/p>\n<p style=\"text-align: justify;\">Las personas interesadas en hacer uso de este servicio deber\u00e1n solicitar cita previa en la oficina de atenci\u00f3n al p\u00fablico sita en la planta baja de la Casa del Ayuntamiento, de lunes a viernes de 9.00 a 14.00 horas, o llamando en ese mismo horario al 981 470 338 (Extensi\u00f3n #2028).<\/p>\n<p style=\"text-align: justify;\">Para proporcionar las condiciones higi\u00e9nico-sanitarias establecidas por la normativa vigente y con el objetivo de minimizar los riesgos de contagio de los funcionarios y de los ciudadanos, el d\u00eda 21 de septiembre se dispondr\u00e1 de un despacho dedicado a la zona de expedici\u00f3n, con dos mesas dotadas de panel de metacrilato de separaci\u00f3n con el p\u00fablico y una sala de espera. Ser\u00e1 obligatorio el uso de mascarilla y gel desinfectante, y solo podr\u00e1 acceder a la zona de expedici\u00f3n el solicitante (excepto en el caso de dependientes y menores).<\/p>\n<p style=\"text-align: justify;\">Para evitar aglomeraciones y por lo tanto riesgos, se facilitar\u00e1 la cita previa teniendo en cuenta una cadencia de 5 minutos por expedici\u00f3n y hasta un m\u00e1ximo de 15 por hora en el horario de atenci\u00f3n, que es de 9.00 a 12.00 horas. Por todo esto, los solicitantes deber\u00e1n respetar la m\u00e1xima puntualidad de su cita previa.<\/p>\n","protected":false},"excerpt":{"rendered":"<p>La Polic\u00eda Local de Mugardos informa de que el pr\u00f3ximo d\u00eda 21 de septiembre la Polic\u00eda Nacional se trasladar\u00e1 al ayuntamiento para la tramitaci\u00f3n de la expedici\u00f3n y renovaci\u00f3n del DNI. Las personas interesadas en hacer uso de este servicio deber\u00e1n solicitar cita previa en la oficina de atenci\u00f3n al p\u00fablico sita en la planta [&hellip;]<\/p>\n","protected":false},"author":4,"featured_media":244,"comment_status":"closed","ping_status":"closed","sticky":false,"template":"","format":"standard","meta":[],"categories":[12,36],"tags":[],"yoast_head":"<!-- This site is optimized with the Yoast SEO plugin v18.9 - https:\/\/yoast.com\/wordpress\/plugins\/seo\/ -->\n<title>VUELVE EL SERVICIO DE EXPEDICI\u00d3N Y RENOVACI\u00d3N DEL DNI A MUGARDOS - Concello de Mugardos<\/title>\n<meta name=\"robots\" content=\"index, follow, max-snippet:-1, max-image-preview:large, max-video-preview:-1\" \/>\n<link rel=\"canonical\" href=\"https:\/\/mugardos.gal\/es\/vuelve-el-servicio-de-expedicion-y-renovacion-del-dni-a-mugardos\/\" \/>\n<meta property=\"og:locale\" content=\"es_ES\" \/>\n<meta property=\"og:type\" content=\"article\" \/>\n<meta property=\"og:title\" content=\"VUELVE EL SERVICIO DE EXPEDICI\u00d3N Y RENOVACI\u00d3N DEL DNI A MUGARDOS - Concello de Mugardos\" \/>\n<meta property=\"og:description\" content=\"La Polic\u00eda Local de Mugardos informa de que el pr\u00f3ximo d\u00eda 21 de septiembre la Polic\u00eda Nacional se trasladar\u00e1 al ayuntamiento para la tramitaci\u00f3n de la expedici\u00f3n y renovaci\u00f3n del DNI. Las personas interesadas en hacer uso de este servicio deber\u00e1n solicitar cita previa en la oficina de atenci\u00f3n al p\u00fablico sita en la planta [&hellip;]\" \/>\n<meta property=\"og:url\" content=\"https:\/\/mugardos.gal\/es\/vuelve-el-servicio-de-expedicion-y-renovacion-del-dni-a-mugardos\/\" \/>\n<meta property=\"og:site_name\" content=\"Concello de Mugardos\" \/>\n<meta property=\"article:published_time\" content=\"2020-09-11T08:03:17+00:00\" \/>\n<meta property=\"article:modified_time\" content=\"2020-09-11T08:04:42+00:00\" \/>\n<meta property=\"og:image\" content=\"https:\/\/mugardos.gal\/wp-content\/uploads\/2020\/03\/Casa-do-Concello.jpg\" \/>\n\t<meta property=\"og:image:width\" content=\"466\" \/>\n\t<meta property=\"og:image:height\" content=\"426\" \/>\n\t<meta property=\"og:image:type\" content=\"image\/jpeg\" \/>\n<meta name=\"twitter:card\" content=\"summary_large_image\" \/>\n<meta name=\"twitter:label1\" content=\"Escrito por\" \/>\n\t<meta name=\"twitter:data1\" content=\"soporte_MUGARDOS\" \/>\n\t<meta name=\"twitter:label2\" content=\"Tiempo de lectura\" \/>\n\t<meta name=\"twitter:data2\" content=\"1 minuto\" \/>\n<script type=\"application\/ld+json\" class=\"yoast-schema-graph\">{\"@context\":\"https:\/\/schema.org\",\"@graph\":[{\"@type\":\"WebSite\",\"@id\":\"https:\/\/mugardos.gal\/#website\",\"url\":\"https:\/\/mugardos.gal\/\",\"name\":\"Concello de Mugardos\",\"description\":\"\",\"potentialAction\":[{\"@type\":\"SearchAction\",\"target\":{\"@type\":\"EntryPoint\",\"urlTemplate\":\"https:\/\/mugardos.gal\/?s={search_term_string}\"},\"query-input\":\"required name=search_term_string\"}],\"inLanguage\":\"es\"},{\"@type\":\"ImageObject\",\"inLanguage\":\"es\",\"@id\":\"https:\/\/mugardos.gal\/es\/vuelve-el-servicio-de-expedicion-y-renovacion-del-dni-a-mugardos\/#primaryimage\",\"url\":\"https:\/\/mugardos.gal\/wp-content\/uploads\/2020\/03\/Casa-do-Concello.jpg\",\"contentUrl\":\"https:\/\/mugardos.gal\/wp-content\/uploads\/2020\/03\/Casa-do-Concello.jpg\",\"width\":466,\"height\":426},{\"@type\":\"WebPage\",\"@id\":\"https:\/\/mugardos.gal\/es\/vuelve-el-servicio-de-expedicion-y-renovacion-del-dni-a-mugardos\/#webpage\",\"url\":\"https:\/\/mugardos.gal\/es\/vuelve-el-servicio-de-expedicion-y-renovacion-del-dni-a-mugardos\/\",\"name\":\"VUELVE EL SERVICIO DE EXPEDICI\u00d3N Y RENOVACI\u00d3N DEL DNI A MUGARDOS - Concello de Mugardos\",\"isPartOf\":{\"@id\":\"https:\/\/mugardos.gal\/#website\"},\"primaryImageOfPage\":{\"@id\":\"https:\/\/mugardos.gal\/es\/vuelve-el-servicio-de-expedicion-y-renovacion-del-dni-a-mugardos\/#primaryimage\"},\"datePublished\":\"2020-09-11T08:03:17+00:00\",\"dateModified\":\"2020-09-11T08:04:42+00:00\",\"author\":{\"@id\":\"https:\/\/mugardos.gal\/#\/schema\/person\/719cd20866185308d16992f11a158154\"},\"breadcrumb\":{\"@id\":\"https:\/\/mugardos.gal\/es\/vuelve-el-servicio-de-expedicion-y-renovacion-del-dni-a-mugardos\/#breadcrumb\"},\"inLanguage\":\"es\",\"potentialAction\":[{\"@type\":\"ReadAction\",\"target\":[\"https:\/\/mugardos.gal\/es\/vuelve-el-servicio-de-expedicion-y-renovacion-del-dni-a-mugardos\/\"]}]},{\"@type\":\"BreadcrumbList\",\"@id\":\"https:\/\/mugardos.gal\/es\/vuelve-el-servicio-de-expedicion-y-renovacion-del-dni-a-mugardos\/#breadcrumb\",\"itemListElement\":[{\"@type\":\"ListItem\",\"position\":1,\"name\":\"Portada\",\"item\":\"https:\/\/mugardos.gal\/es\/\"},{\"@type\":\"ListItem\",\"position\":2,\"name\":\"VUELVE EL SERVICIO DE EXPEDICI\u00d3N Y RENOVACI\u00d3N DEL DNI A MUGARDOS\"}]},{\"@type\":\"Person\",\"@id\":\"https:\/\/mugardos.gal\/#\/schema\/person\/719cd20866185308d16992f11a158154\",\"name\":\"soporte_MUGARDOS\",\"url\":\"https:\/\/mugardos.gal\/es\/author\/soporte_mugardos\/\"}]}<\/script>\n<!-- \/ Yoast SEO plugin. -->","yoast_head_json":{"title":"VUELVE EL SERVICIO DE EXPEDICI\u00d3N Y RENOVACI\u00d3N DEL DNI A MUGARDOS - Concello de Mugardos","robots":{"index":"index","follow":"follow","max-snippet":"max-snippet:-1","max-image-preview":"max-image-preview:large","max-video-preview":"max-video-preview:-1"},"canonical":"https:\/\/mugardos.gal\/es\/vuelve-el-servicio-de-expedicion-y-renovacion-del-dni-a-mugardos\/","og_locale":"es_ES","og_type":"article","og_title":"VUELVE EL SERVICIO DE EXPEDICI\u00d3N Y RENOVACI\u00d3N DEL DNI A MUGARDOS - Concello de Mugardos","og_description":"La Polic\u00eda Local de Mugardos informa de que el pr\u00f3ximo d\u00eda 21 de septiembre la Polic\u00eda Nacional se trasladar\u00e1 al ayuntamiento para la tramitaci\u00f3n de la expedici\u00f3n y renovaci\u00f3n del DNI. Las personas interesadas en hacer uso de este servicio deber\u00e1n solicitar cita previa en la oficina de atenci\u00f3n al p\u00fablico sita en la planta [&hellip;]","og_url":"https:\/\/mugardos.gal\/es\/vuelve-el-servicio-de-expedicion-y-renovacion-del-dni-a-mugardos\/","og_site_name":"Concello de Mugardos","article_published_time":"2020-09-11T08:03:17+00:00","article_modified_time":"2020-09-11T08:04:42+00:00","og_image":[{"width":466,"height":426,"url":"https:\/\/mugardos.gal\/wp-content\/uploads\/2020\/03\/Casa-do-Concello.jpg","type":"image\/jpeg"}],"twitter_card":"summary_large_image","twitter_misc":{"Escrito por":"soporte_MUGARDOS","Tiempo de lectura":"1 minuto"},"schema":{"@context":"https:\/\/schema.org","@graph":[{"@type":"WebSite","@id":"https:\/\/mugardos.gal\/#website","url":"https:\/\/mugardos.gal\/","name":"Concello de Mugardos","description":"","potentialAction":[{"@type":"SearchAction","target":{"@type":"EntryPoint","urlTemplate":"https:\/\/mugardos.gal\/?s={search_term_string}"},"query-input":"required name=search_term_string"}],"inLanguage":"es"},{"@type":"ImageObject","inLanguage":"es","@id":"https:\/\/mugardos.gal\/es\/vuelve-el-servicio-de-expedicion-y-renovacion-del-dni-a-mugardos\/#primaryimage","url":"https:\/\/mugardos.gal\/wp-content\/uploads\/2020\/03\/Casa-do-Concello.jpg","contentUrl":"https:\/\/mugardos.gal\/wp-content\/uploads\/2020\/03\/Casa-do-Concello.jpg","width":466,"height":426},{"@type":"WebPage","@id":"https:\/\/mugardos.gal\/es\/vuelve-el-servicio-de-expedicion-y-renovacion-del-dni-a-mugardos\/#webpage","url":"https:\/\/mugardos.gal\/es\/vuelve-el-servicio-de-expedicion-y-renovacion-del-dni-a-mugardos\/","name":"VUELVE EL SERVICIO DE EXPEDICI\u00d3N Y RENOVACI\u00d3N DEL DNI A MUGARDOS - Concello de Mugardos","isPartOf":{"@id":"https:\/\/mugardos.gal\/#website"},"primaryImageOfPage":{"@id":"https:\/\/mugardos.gal\/es\/vuelve-el-servicio-de-expedicion-y-renovacion-del-dni-a-mugardos\/#primaryimage"},"datePublished":"2020-09-11T08:03:17+00:00","dateModified":"2020-09-11T08:04:42+00:00","author":{"@id":"https:\/\/mugardos.gal\/#\/schema\/person\/719cd20866185308d16992f11a158154"},"breadcrumb":{"@id":"https:\/\/mugardos.gal\/es\/vuelve-el-servicio-de-expedicion-y-renovacion-del-dni-a-mugardos\/#breadcrumb"},"inLanguage":"es","potentialAction":[{"@type":"ReadAction","target":["https:\/\/mugardos.gal\/es\/vuelve-el-servicio-de-expedicion-y-renovacion-del-dni-a-mugardos\/"]}]},{"@type":"BreadcrumbList","@id":"https:\/\/mugardos.gal\/es\/vuelve-el-servicio-de-expedicion-y-renovacion-del-dni-a-mugardos\/#breadcrumb","itemListElement":[{"@type":"ListItem","position":1,"name":"Portada","item":"https:\/\/mugardos.gal\/es\/"},{"@type":"ListItem","position":2,"name":"VUELVE EL SERVICIO DE EXPEDICI\u00d3N Y RENOVACI\u00d3N DEL DNI A MUGARDOS"}]},{"@type":"Person","@id":"https:\/\/mugardos.gal\/#\/schema\/person\/719cd20866185308d16992f11a158154","name":"soporte_MUGARDOS","url":"https:\/\/mugardos.gal\/es\/author\/soporte_mugardos\/"}]}},"_links":{"self":[{"href":"https:\/\/mugardos.gal\/es\/wp-json\/wp\/v2\/posts\/9587"}],"collection":[{"href":"https:\/\/mugardos.gal\/es\/wp-json\/wp\/v2\/posts"}],"about":[{"href":"https:\/\/mugardos.gal\/es\/wp-json\/wp\/v2\/types\/post"}],"author":[{"embeddable":true,"href":"https:\/\/mugardos.gal\/es\/wp-json\/wp\/v2\/users\/4"}],"replies":[{"embeddable":true,"href":"https:\/\/mugardos.gal\/es\/wp-json\/wp\/v2\/comments?post=9587"}],"version-history":[{"count":0,"href":"https:\/\/mugardos.gal\/es\/wp-json\/wp\/v2\/posts\/9587\/revisions"}],"wp:featuredmedia":[{"embeddable":true,"href":"https:\/\/mugardos.gal\/es\/wp-json\/wp\/v2\/media\/244"}],"wp:attachment":[{"href":"https:\/\/mugardos.gal\/es\/wp-json\/wp\/v2\/media?parent=9587"}],"wp:term":[{"taxonomy":"category","embeddable":true,"href":"https:\/\/mugardos.gal\/es\/wp-json\/wp\/v2\/categories?post=9587"},{"taxonomy":"post_tag","embeddable":true,"href":"https:\/\/mugardos.gal\/es\/wp-json\/wp\/v2\/tags?post=9587"}],"curies":[{"name":"wp","href":"https:\/\/api.w.org\/{rel}","templated":true}]}}