{"id":9523,"date":"2020-09-08T14:12:42","date_gmt":"2020-09-08T12:12:42","guid":{"rendered":"https:\/\/mugardos.gal\/?p=9523"},"modified":"2020-09-08T14:24:20","modified_gmt":"2020-09-08T12:24:20","slug":"reordenacion-del-trafico-rodado-en-el-entorno-del-loyola","status":"publish","type":"post","link":"https:\/\/mugardos.gal\/es\/reordenacion-del-trafico-rodado-en-el-entorno-del-loyola\/","title":{"rendered":"REORDENACI\u00d3N DEL TR\u00c1FICO RODADO EN EL ENTORNO DEL LOYOLA"},"content":{"rendered":"<p style=\"text-align: justify;\">Las concejal\u00edas de Movilidad y de Obras y Servicios informan del inicio en el d\u00eda de hoy de los trabajos de adaptaci\u00f3n de la calle Curros Enr\u00edquez a v\u00eda de sentido \u00fanico, permitiendo solo el tr\u00e1fico en sentido ascendente entre A Xesteira y Os Cas\u00e1s. Est\u00e1 previsto implementar el cambio en la circulaci\u00f3n la semana pr\u00f3xima coincidiendo con el inicio del curso escolar.<\/p>\n<p style=\"text-align: justify;\">Los trabajos iniciados en el d\u00eda de hoy, se centran en la modificaci\u00f3n y mejora de la se\u00f1alizaci\u00f3n vertical y horizontal<\/p>\n<p style=\"text-align: justify;\">El motivo principal de la limitaci\u00f3n del tr\u00e1fico en sentido ascendente en la calle Curros Enr\u00edquez es la reorganizaci\u00f3n del tr\u00e1fico en la zona, especialmente complicado en las horas de entrada y salida del centro de ense\u00f1anza CPR Loyola, y que mejorar\u00e1 el nivel de seguridad tanto de los vecinos y vecinas como de los miembros de la comunidad educativa. Asimismo, se acabar\u00e1 con la problem\u00e1tica generada con el acceso del bus escolar, que dejar\u00e1 a los alumnos y alumnas delante del centro, evitando tener que cruzar la v\u00eda.<\/p>\n<p style=\"text-align: justify;\">Previo a la adopci\u00f3n de esta medida, y a instancias del gobierno municipal, la Polic\u00eda Local mugardesa llev\u00f3 a cabo una consulta entre los vecinos y vecinas de la zona para conocer el nivel de aceptaci\u00f3n con el que contar\u00eda la medida de fijaci\u00f3n de la calle como v\u00eda de sentido \u00fanico para el rodaje de los veh\u00edculos, y que fue\u00a0 respaldada casi con el 90% de los apoyos\u00a0 vecinais. As\u00ed mismo, la medida fue ya solicitada en numerosas ocasiones por la direcci\u00f3n del centro de ense\u00f1anza.<\/p>\n<p style=\"text-align: justify;\">El alcalde y responsable del \u00e1rea de movilidad municipal Juan Domingo de Deus, quiso destacar que esta es la primera de las medidas presentadas en la pasada comisi\u00f3n informativa de urbanismo, en las que el gobierno municipal y la Polic\u00eda Local trabajan conjuntamente, y que se expusieron como germen de un futuro plan de movilidad municipal.<\/p>\n<p style=\"text-align: justify;\">El alcalde confirm\u00f3 que los trabajos del gobierno municipal en el \u00e1mbito de la movilidad tienen como prioridad a mejora en los accesos a los colegios mugardeses y ya se est\u00e1 trabajando en un programa de \u201ccaminos escolares seguros\u201d, con el objetivo de que los ni\u00f1os y ni\u00f1as puedan acudir al centro escolar de manera segura y aut\u00f3noma \u201cEste es el inicio de un trabajo que mejorar\u00e1 la movilidad y la accesibilidad en todo el ayuntamiento\u201d subray\u00f3 de Deus.<\/p>\n","protected":false},"excerpt":{"rendered":"<p>Las concejal\u00edas de Movilidad y de Obras y Servicios informan del inicio en el d\u00eda de hoy de los trabajos de adaptaci\u00f3n de la calle Curros Enr\u00edquez a v\u00eda de sentido \u00fanico, permitiendo solo el tr\u00e1fico en sentido ascendente entre A Xesteira y Os Cas\u00e1s. Est\u00e1 previsto implementar el cambio en la circulaci\u00f3n la semana [&hellip;]<\/p>\n","protected":false},"author":4,"featured_media":9528,"comment_status":"closed","ping_status":"closed","sticky":false,"template":"","format":"standard","meta":[],"categories":[52,12,36,54],"tags":[],"yoast_head":"<!-- This site is optimized with the Yoast SEO plugin v18.9 - https:\/\/yoast.com\/wordpress\/plugins\/seo\/ -->\n<title>REORDENACI\u00d3N DEL TR\u00c1FICO RODADO EN EL ENTORNO DEL LOYOLA - Concello de Mugardos<\/title>\n<meta name=\"robots\" content=\"index, follow, max-snippet:-1, max-image-preview:large, max-video-preview:-1\" \/>\n<link rel=\"canonical\" href=\"https:\/\/mugardos.gal\/es\/reordenacion-del-trafico-rodado-en-el-entorno-del-loyola\/\" \/>\n<meta property=\"og:locale\" content=\"es_ES\" \/>\n<meta property=\"og:type\" content=\"article\" \/>\n<meta property=\"og:title\" content=\"REORDENACI\u00d3N DEL TR\u00c1FICO RODADO EN EL ENTORNO DEL LOYOLA - Concello de Mugardos\" \/>\n<meta property=\"og:description\" content=\"Las concejal\u00edas de Movilidad y de Obras y Servicios informan del inicio en el d\u00eda de hoy de los trabajos de adaptaci\u00f3n de la calle Curros Enr\u00edquez a v\u00eda de sentido \u00fanico, permitiendo solo el tr\u00e1fico en sentido ascendente entre A Xesteira y Os Cas\u00e1s. Est\u00e1 previsto implementar el cambio en la circulaci\u00f3n la semana [&hellip;]\" \/>\n<meta property=\"og:url\" content=\"https:\/\/mugardos.gal\/es\/reordenacion-del-trafico-rodado-en-el-entorno-del-loyola\/\" \/>\n<meta property=\"og:site_name\" content=\"Concello de Mugardos\" \/>\n<meta property=\"article:published_time\" content=\"2020-09-08T12:12:42+00:00\" \/>\n<meta property=\"article:modified_time\" content=\"2020-09-08T12:24:20+00:00\" \/>\n<meta property=\"og:image\" content=\"https:\/\/mugardos.gal\/wp-content\/uploads\/2020\/09\/Tr\u00e1fico-Loyola-2.jpeg\" \/>\n\t<meta property=\"og:image:width\" content=\"1600\" \/>\n\t<meta property=\"og:image:height\" content=\"900\" \/>\n\t<meta property=\"og:image:type\" content=\"image\/jpeg\" \/>\n<meta name=\"twitter:card\" content=\"summary_large_image\" \/>\n<meta name=\"twitter:label1\" content=\"Escrito por\" \/>\n\t<meta name=\"twitter:data1\" content=\"soporte_MUGARDOS\" \/>\n\t<meta name=\"twitter:label2\" content=\"Tiempo de lectura\" \/>\n\t<meta name=\"twitter:data2\" content=\"2 minutos\" \/>\n<script type=\"application\/ld+json\" class=\"yoast-schema-graph\">{\"@context\":\"https:\/\/schema.org\",\"@graph\":[{\"@type\":\"WebSite\",\"@id\":\"https:\/\/mugardos.gal\/#website\",\"url\":\"https:\/\/mugardos.gal\/\",\"name\":\"Concello de Mugardos\",\"description\":\"\",\"potentialAction\":[{\"@type\":\"SearchAction\",\"target\":{\"@type\":\"EntryPoint\",\"urlTemplate\":\"https:\/\/mugardos.gal\/?s={search_term_string}\"},\"query-input\":\"required name=search_term_string\"}],\"inLanguage\":\"es\"},{\"@type\":\"ImageObject\",\"inLanguage\":\"es\",\"@id\":\"https:\/\/mugardos.gal\/es\/reordenacion-del-trafico-rodado-en-el-entorno-del-loyola\/#primaryimage\",\"url\":\"https:\/\/mugardos.gal\/wp-content\/uploads\/2020\/09\/Tr\u00e1fico-Loyola-2.jpeg\",\"contentUrl\":\"https:\/\/mugardos.gal\/wp-content\/uploads\/2020\/09\/Tr\u00e1fico-Loyola-2.jpeg\",\"width\":1600,\"height\":900},{\"@type\":\"WebPage\",\"@id\":\"https:\/\/mugardos.gal\/es\/reordenacion-del-trafico-rodado-en-el-entorno-del-loyola\/#webpage\",\"url\":\"https:\/\/mugardos.gal\/es\/reordenacion-del-trafico-rodado-en-el-entorno-del-loyola\/\",\"name\":\"REORDENACI\u00d3N DEL TR\u00c1FICO RODADO EN EL ENTORNO DEL LOYOLA - Concello de Mugardos\",\"isPartOf\":{\"@id\":\"https:\/\/mugardos.gal\/#website\"},\"primaryImageOfPage\":{\"@id\":\"https:\/\/mugardos.gal\/es\/reordenacion-del-trafico-rodado-en-el-entorno-del-loyola\/#primaryimage\"},\"datePublished\":\"2020-09-08T12:12:42+00:00\",\"dateModified\":\"2020-09-08T12:24:20+00:00\",\"author\":{\"@id\":\"https:\/\/mugardos.gal\/#\/schema\/person\/719cd20866185308d16992f11a158154\"},\"breadcrumb\":{\"@id\":\"https:\/\/mugardos.gal\/es\/reordenacion-del-trafico-rodado-en-el-entorno-del-loyola\/#breadcrumb\"},\"inLanguage\":\"es\",\"potentialAction\":[{\"@type\":\"ReadAction\",\"target\":[\"https:\/\/mugardos.gal\/es\/reordenacion-del-trafico-rodado-en-el-entorno-del-loyola\/\"]}]},{\"@type\":\"BreadcrumbList\",\"@id\":\"https:\/\/mugardos.gal\/es\/reordenacion-del-trafico-rodado-en-el-entorno-del-loyola\/#breadcrumb\",\"itemListElement\":[{\"@type\":\"ListItem\",\"position\":1,\"name\":\"Portada\",\"item\":\"https:\/\/mugardos.gal\/es\/\"},{\"@type\":\"ListItem\",\"position\":2,\"name\":\"REORDENACI\u00d3N DEL TR\u00c1FICO RODADO EN EL ENTORNO DEL LOYOLA\"}]},{\"@type\":\"Person\",\"@id\":\"https:\/\/mugardos.gal\/#\/schema\/person\/719cd20866185308d16992f11a158154\",\"name\":\"soporte_MUGARDOS\",\"url\":\"https:\/\/mugardos.gal\/es\/author\/soporte_mugardos\/\"}]}<\/script>\n<!-- \/ Yoast SEO plugin. -->","yoast_head_json":{"title":"REORDENACI\u00d3N DEL TR\u00c1FICO RODADO EN EL ENTORNO DEL LOYOLA - Concello de Mugardos","robots":{"index":"index","follow":"follow","max-snippet":"max-snippet:-1","max-image-preview":"max-image-preview:large","max-video-preview":"max-video-preview:-1"},"canonical":"https:\/\/mugardos.gal\/es\/reordenacion-del-trafico-rodado-en-el-entorno-del-loyola\/","og_locale":"es_ES","og_type":"article","og_title":"REORDENACI\u00d3N DEL TR\u00c1FICO RODADO EN EL ENTORNO DEL LOYOLA - Concello de Mugardos","og_description":"Las concejal\u00edas de Movilidad y de Obras y Servicios informan del inicio en el d\u00eda de hoy de los trabajos de adaptaci\u00f3n de la calle Curros Enr\u00edquez a v\u00eda de sentido \u00fanico, permitiendo solo el tr\u00e1fico en sentido ascendente entre A Xesteira y Os Cas\u00e1s. Est\u00e1 previsto implementar el cambio en la circulaci\u00f3n la semana [&hellip;]","og_url":"https:\/\/mugardos.gal\/es\/reordenacion-del-trafico-rodado-en-el-entorno-del-loyola\/","og_site_name":"Concello de Mugardos","article_published_time":"2020-09-08T12:12:42+00:00","article_modified_time":"2020-09-08T12:24:20+00:00","og_image":[{"width":1600,"height":900,"url":"https:\/\/mugardos.gal\/wp-content\/uploads\/2020\/09\/Tr\u00e1fico-Loyola-2.jpeg","type":"image\/jpeg"}],"twitter_card":"summary_large_image","twitter_misc":{"Escrito por":"soporte_MUGARDOS","Tiempo de lectura":"2 minutos"},"schema":{"@context":"https:\/\/schema.org","@graph":[{"@type":"WebSite","@id":"https:\/\/mugardos.gal\/#website","url":"https:\/\/mugardos.gal\/","name":"Concello de Mugardos","description":"","potentialAction":[{"@type":"SearchAction","target":{"@type":"EntryPoint","urlTemplate":"https:\/\/mugardos.gal\/?s={search_term_string}"},"query-input":"required name=search_term_string"}],"inLanguage":"es"},{"@type":"ImageObject","inLanguage":"es","@id":"https:\/\/mugardos.gal\/es\/reordenacion-del-trafico-rodado-en-el-entorno-del-loyola\/#primaryimage","url":"https:\/\/mugardos.gal\/wp-content\/uploads\/2020\/09\/Tr\u00e1fico-Loyola-2.jpeg","contentUrl":"https:\/\/mugardos.gal\/wp-content\/uploads\/2020\/09\/Tr\u00e1fico-Loyola-2.jpeg","width":1600,"height":900},{"@type":"WebPage","@id":"https:\/\/mugardos.gal\/es\/reordenacion-del-trafico-rodado-en-el-entorno-del-loyola\/#webpage","url":"https:\/\/mugardos.gal\/es\/reordenacion-del-trafico-rodado-en-el-entorno-del-loyola\/","name":"REORDENACI\u00d3N DEL TR\u00c1FICO RODADO EN EL ENTORNO DEL LOYOLA - Concello de Mugardos","isPartOf":{"@id":"https:\/\/mugardos.gal\/#website"},"primaryImageOfPage":{"@id":"https:\/\/mugardos.gal\/es\/reordenacion-del-trafico-rodado-en-el-entorno-del-loyola\/#primaryimage"},"datePublished":"2020-09-08T12:12:42+00:00","dateModified":"2020-09-08T12:24:20+00:00","author":{"@id":"https:\/\/mugardos.gal\/#\/schema\/person\/719cd20866185308d16992f11a158154"},"breadcrumb":{"@id":"https:\/\/mugardos.gal\/es\/reordenacion-del-trafico-rodado-en-el-entorno-del-loyola\/#breadcrumb"},"inLanguage":"es","potentialAction":[{"@type":"ReadAction","target":["https:\/\/mugardos.gal\/es\/reordenacion-del-trafico-rodado-en-el-entorno-del-loyola\/"]}]},{"@type":"BreadcrumbList","@id":"https:\/\/mugardos.gal\/es\/reordenacion-del-trafico-rodado-en-el-entorno-del-loyola\/#breadcrumb","itemListElement":[{"@type":"ListItem","position":1,"name":"Portada","item":"https:\/\/mugardos.gal\/es\/"},{"@type":"ListItem","position":2,"name":"REORDENACI\u00d3N DEL TR\u00c1FICO RODADO EN EL ENTORNO DEL LOYOLA"}]},{"@type":"Person","@id":"https:\/\/mugardos.gal\/#\/schema\/person\/719cd20866185308d16992f11a158154","name":"soporte_MUGARDOS","url":"https:\/\/mugardos.gal\/es\/author\/soporte_mugardos\/"}]}},"_links":{"self":[{"href":"https:\/\/mugardos.gal\/es\/wp-json\/wp\/v2\/posts\/9523"}],"collection":[{"href":"https:\/\/mugardos.gal\/es\/wp-json\/wp\/v2\/posts"}],"about":[{"href":"https:\/\/mugardos.gal\/es\/wp-json\/wp\/v2\/types\/post"}],"author":[{"embeddable":true,"href":"https:\/\/mugardos.gal\/es\/wp-json\/wp\/v2\/users\/4"}],"replies":[{"embeddable":true,"href":"https:\/\/mugardos.gal\/es\/wp-json\/wp\/v2\/comments?post=9523"}],"version-history":[{"count":0,"href":"https:\/\/mugardos.gal\/es\/wp-json\/wp\/v2\/posts\/9523\/revisions"}],"wp:featuredmedia":[{"embeddable":true,"href":"https:\/\/mugardos.gal\/es\/wp-json\/wp\/v2\/media\/9528"}],"wp:attachment":[{"href":"https:\/\/mugardos.gal\/es\/wp-json\/wp\/v2\/media?parent=9523"}],"wp:term":[{"taxonomy":"category","embeddable":true,"href":"https:\/\/mugardos.gal\/es\/wp-json\/wp\/v2\/categories?post=9523"},{"taxonomy":"post_tag","embeddable":true,"href":"https:\/\/mugardos.gal\/es\/wp-json\/wp\/v2\/tags?post=9523"}],"curies":[{"name":"wp","href":"https:\/\/api.w.org\/{rel}","templated":true}]}}