{"id":9501,"date":"2020-09-04T16:13:13","date_gmt":"2020-09-04T14:13:13","guid":{"rendered":"https:\/\/mugardos.gal\/?p=9501"},"modified":"2020-09-04T16:14:34","modified_gmt":"2020-09-04T14:14:34","slug":"el-comedor-escolar-municipal-se-adapta-para-el-cumplimiento-de-las-medidas-de-prevencion-de-la-covid-19","status":"publish","type":"post","link":"https:\/\/mugardos.gal\/es\/el-comedor-escolar-municipal-se-adapta-para-el-cumplimiento-de-las-medidas-de-prevencion-de-la-covid-19\/","title":{"rendered":"EL COMEDOR ESCOLAR MUNICIPAL SE ADAPTA PARA EL CUMPLIMIENTO DE LAS MEDIDAS DE PREVENCI\u00d3N DE LA COVID-19"},"content":{"rendered":"<p style=\"text-align: justify;\">Las Concejal\u00edas de Educaci\u00f3n y Bienestar han publicado el listado provisional de admitidos y excluidos en el servicio de comedor escolar, despu\u00e9s de aprobar las medidas anti- COVID que permitir\u00e1n la puesta en marcha del comedor con la m\u00e1xima seguridad para el curso 2020-2021, tanto en el CEIP Uni\u00f3n Mugardesa como en el Santiago Ap\u00f3stol de Franza.<\/p>\n<p style=\"text-align: justify;\">El comedor escolar municipal experimentar\u00e1 este curso una importante reducci\u00f3n del aforo que viene derivada de la necesidad del mantenimiento del distanciamiento social y de la m\u00e1xima seguridad en los momentos en los que los usuarios y usuarias tengan que retirarse a las mascarillas. Asimismo, el servicio finalmente se desarrollar\u00e1 tanto para desayuno como para comida (en dos turnos). En concreto, las solicitudes admitidas son 20 para desayuno y 30 para comida en el Uni\u00f3n Mugardesa, y 6 para el desayuno y 10 para el turno de comida en el Santiago Ap\u00f3stol de Franza.<\/p>\n<p style=\"text-align: justify;\">Aquellos solicitantes que tengan que realizar el complemento de la documentaci\u00f3n de sus solicitudes admitidas de mes completo tienen de plazo hasta el 8 septiembre 2020 incluido, y aquellos que deban complementar la documentaci\u00f3n y la solicitud de cambio de jornada de d\u00edas sueltos podr\u00e1n hacerlo hasta lo de 20 de septiembre de 2020 incluido. Estas tramitaciones pueden realizarse por registro o a trav\u00e9s de la sede electr\u00f3nica municipal. Asimismo, se abre un plazo de presentaci\u00f3n de reclamaciones hasta 15 de septiembre de 2020 incluido.<\/p>\n<p style=\"text-align: justify;\">Todas las medidas adoptadas por el ayuntamiento en la gesti\u00f3n del servicio de comedor fueron consensuadas con los centros, y obviamente en cumplimiento estricto de los protocolos publicados hasta el momento por las autoridades sanitarias.<\/p>\n<p style=\"text-align: justify;\">Asimismo, ya se est\u00e1 articulando por parte de las t\u00e9cnicas municipales un paquete de medidas para la puesta en marcha de ayudas sociales necesarias en caso de que alguna familia requiriese de la colaboraci\u00f3n municipal por no tener acceso este curso al servicio de comedor escolar.<\/p>\n<p style=\"text-align: justify;\">Las concejalas Ana Varela y Bego\u00f1a Rold\u00f3s quisieron destacar el compromiso del gobierno con un servicio municipal que sin duda este a\u00f1o cobra una especial relevancia \u201cEl comedor escolar es un recurso imprescindible para muchas familias, a las que no queremos obligar a elegir entre trabajo y familia. Tenemos que dotar a la administraci\u00f3n local de las herramientas necesarias para que los mugardeses y mugardesas puedan tener una vida laboral y una vida personal compatibles\u201d.<\/p>\n<p style=\"text-align: justify;\">\u201cAnte la reducci\u00f3n del aforo del comedor, impuesto por las medidas de prevenci\u00f3n de la COVID-19, decidimos apostar por la conciliaci\u00f3n y estamos seguros de que esa es la opci\u00f3n correcta\u201d subrayaron las concejalas, que confirmaron que el servicio de comedor municipal arranca el pr\u00f3ximo 14 de septiembre.<\/p>\n<p style=\"text-align: justify;\">Para finalizar, las responsables municipales de Educaci\u00f3n y Bienestar quisieron destacar la complejidad del trabajo administrativo realizado para sacar adelante el servicio durante este curso \u201cMuchos ayuntamientos renunciaron este a\u00f1o al comedor escolar: unos por falta de espacio y otros por las dificultades administrativas derivadas de las nuevas y cambiantes normativas. Nosotros apostamos por hacerle frente a todas estas dificultades, aunque eso haya supuesto la\u00a0 reducci\u00f3n de aforo. Mantener el comedor cerrado este curso no fue nunca una opci\u00f3n para este gobierno\u201d.<\/p>\n<p>En el siguiente enlace puede descargarse el listado provisional de admitidos y excluidos:<\/p>\n<p><img loading=\"lazy\" class=\"alignnone wp-image-581\" src=\"https:\/\/mugardos.gal\/wp-content\/uploads\/2020\/03\/pdf.png\" alt=\"\" width=\"40\" height=\"40\" \/><a href=\"https:\/\/mugardos.gal\/wp-content\/uploads\/2020\/09\/Anuncio-lista-provisional-04.09.20208793.pdf\">DESCARGAR PDF Lista provisional de admitidos e excluidos en el servicio de comedor escolar curso 2020-2021<\/a><\/p>\n","protected":false},"excerpt":{"rendered":"<p>Las Concejal\u00edas de Educaci\u00f3n y Bienestar han publicado el listado provisional de admitidos y excluidos en el servicio de comedor escolar, despu\u00e9s de aprobar las medidas anti- COVID que permitir\u00e1n la puesta en marcha del comedor con la m\u00e1xima seguridad para el curso 2020-2021, tanto en el CEIP Uni\u00f3n Mugardesa como en el Santiago Ap\u00f3stol [&hellip;]<\/p>\n","protected":false},"author":4,"featured_media":1630,"comment_status":"closed","ping_status":"closed","sticky":false,"template":"","format":"standard","meta":[],"categories":[47,49,52,12],"tags":[],"yoast_head":"<!-- This site is optimized with the Yoast SEO plugin v18.9 - https:\/\/yoast.com\/wordpress\/plugins\/seo\/ -->\n<title>EL COMEDOR ESCOLAR MUNICIPAL SE ADAPTA PARA EL CUMPLIMIENTO DE LAS MEDIDAS DE PREVENCI\u00d3N DE LA COVID-19 - Concello de Mugardos<\/title>\n<meta name=\"robots\" content=\"index, follow, max-snippet:-1, max-image-preview:large, max-video-preview:-1\" \/>\n<link rel=\"canonical\" href=\"https:\/\/mugardos.gal\/es\/el-comedor-escolar-municipal-se-adapta-para-el-cumplimiento-de-las-medidas-de-prevencion-de-la-covid-19\/\" \/>\n<meta property=\"og:locale\" content=\"es_ES\" \/>\n<meta property=\"og:type\" content=\"article\" \/>\n<meta property=\"og:title\" content=\"EL COMEDOR ESCOLAR MUNICIPAL SE ADAPTA PARA EL CUMPLIMIENTO DE LAS MEDIDAS DE PREVENCI\u00d3N DE LA COVID-19 - Concello de Mugardos\" \/>\n<meta property=\"og:description\" content=\"Las Concejal\u00edas de Educaci\u00f3n y Bienestar han publicado el listado provisional de admitidos y excluidos en el servicio de comedor escolar, despu\u00e9s de aprobar las medidas anti- COVID que permitir\u00e1n la puesta en marcha del comedor con la m\u00e1xima seguridad para el curso 2020-2021, tanto en el CEIP Uni\u00f3n Mugardesa como en el Santiago Ap\u00f3stol [&hellip;]\" \/>\n<meta property=\"og:url\" content=\"https:\/\/mugardos.gal\/es\/el-comedor-escolar-municipal-se-adapta-para-el-cumplimiento-de-las-medidas-de-prevencion-de-la-covid-19\/\" \/>\n<meta property=\"og:site_name\" content=\"Concello de Mugardos\" \/>\n<meta property=\"article:published_time\" content=\"2020-09-04T14:13:13+00:00\" \/>\n<meta property=\"article:modified_time\" content=\"2020-09-04T14:14:34+00:00\" \/>\n<meta property=\"og:image\" content=\"https:\/\/mugardos.gal\/wp-content\/uploads\/2020\/04\/comedor.jpg\" \/>\n\t<meta property=\"og:image:width\" content=\"1210\" \/>\n\t<meta property=\"og:image:height\" content=\"800\" \/>\n\t<meta property=\"og:image:type\" content=\"image\/jpeg\" \/>\n<meta name=\"twitter:card\" content=\"summary_large_image\" \/>\n<meta name=\"twitter:label1\" content=\"Escrito por\" \/>\n\t<meta name=\"twitter:data1\" content=\"soporte_MUGARDOS\" \/>\n\t<meta name=\"twitter:label2\" content=\"Tiempo de lectura\" \/>\n\t<meta name=\"twitter:data2\" content=\"3 minutos\" \/>\n<script type=\"application\/ld+json\" class=\"yoast-schema-graph\">{\"@context\":\"https:\/\/schema.org\",\"@graph\":[{\"@type\":\"WebSite\",\"@id\":\"https:\/\/mugardos.gal\/#website\",\"url\":\"https:\/\/mugardos.gal\/\",\"name\":\"Concello de Mugardos\",\"description\":\"\",\"potentialAction\":[{\"@type\":\"SearchAction\",\"target\":{\"@type\":\"EntryPoint\",\"urlTemplate\":\"https:\/\/mugardos.gal\/?s={search_term_string}\"},\"query-input\":\"required name=search_term_string\"}],\"inLanguage\":\"es\"},{\"@type\":\"ImageObject\",\"inLanguage\":\"es\",\"@id\":\"https:\/\/mugardos.gal\/es\/el-comedor-escolar-municipal-se-adapta-para-el-cumplimiento-de-las-medidas-de-prevencion-de-la-covid-19\/#primaryimage\",\"url\":\"https:\/\/mugardos.gal\/wp-content\/uploads\/2020\/04\/comedor.jpg\",\"contentUrl\":\"https:\/\/mugardos.gal\/wp-content\/uploads\/2020\/04\/comedor.jpg\",\"width\":1210,\"height\":800},{\"@type\":\"WebPage\",\"@id\":\"https:\/\/mugardos.gal\/es\/el-comedor-escolar-municipal-se-adapta-para-el-cumplimiento-de-las-medidas-de-prevencion-de-la-covid-19\/#webpage\",\"url\":\"https:\/\/mugardos.gal\/es\/el-comedor-escolar-municipal-se-adapta-para-el-cumplimiento-de-las-medidas-de-prevencion-de-la-covid-19\/\",\"name\":\"EL COMEDOR ESCOLAR MUNICIPAL SE ADAPTA PARA EL CUMPLIMIENTO DE LAS MEDIDAS DE PREVENCI\u00d3N DE LA COVID-19 - Concello de Mugardos\",\"isPartOf\":{\"@id\":\"https:\/\/mugardos.gal\/#website\"},\"primaryImageOfPage\":{\"@id\":\"https:\/\/mugardos.gal\/es\/el-comedor-escolar-municipal-se-adapta-para-el-cumplimiento-de-las-medidas-de-prevencion-de-la-covid-19\/#primaryimage\"},\"datePublished\":\"2020-09-04T14:13:13+00:00\",\"dateModified\":\"2020-09-04T14:14:34+00:00\",\"author\":{\"@id\":\"https:\/\/mugardos.gal\/#\/schema\/person\/719cd20866185308d16992f11a158154\"},\"breadcrumb\":{\"@id\":\"https:\/\/mugardos.gal\/es\/el-comedor-escolar-municipal-se-adapta-para-el-cumplimiento-de-las-medidas-de-prevencion-de-la-covid-19\/#breadcrumb\"},\"inLanguage\":\"es\",\"potentialAction\":[{\"@type\":\"ReadAction\",\"target\":[\"https:\/\/mugardos.gal\/es\/el-comedor-escolar-municipal-se-adapta-para-el-cumplimiento-de-las-medidas-de-prevencion-de-la-covid-19\/\"]}]},{\"@type\":\"BreadcrumbList\",\"@id\":\"https:\/\/mugardos.gal\/es\/el-comedor-escolar-municipal-se-adapta-para-el-cumplimiento-de-las-medidas-de-prevencion-de-la-covid-19\/#breadcrumb\",\"itemListElement\":[{\"@type\":\"ListItem\",\"position\":1,\"name\":\"Portada\",\"item\":\"https:\/\/mugardos.gal\/es\/\"},{\"@type\":\"ListItem\",\"position\":2,\"name\":\"EL COMEDOR ESCOLAR MUNICIPAL SE ADAPTA PARA EL CUMPLIMIENTO DE LAS MEDIDAS DE PREVENCI\u00d3N DE LA COVID-19\"}]},{\"@type\":\"Person\",\"@id\":\"https:\/\/mugardos.gal\/#\/schema\/person\/719cd20866185308d16992f11a158154\",\"name\":\"soporte_MUGARDOS\",\"url\":\"https:\/\/mugardos.gal\/es\/author\/soporte_mugardos\/\"}]}<\/script>\n<!-- \/ Yoast SEO plugin. -->","yoast_head_json":{"title":"EL COMEDOR ESCOLAR MUNICIPAL SE ADAPTA PARA EL CUMPLIMIENTO DE LAS MEDIDAS DE PREVENCI\u00d3N DE LA COVID-19 - Concello de Mugardos","robots":{"index":"index","follow":"follow","max-snippet":"max-snippet:-1","max-image-preview":"max-image-preview:large","max-video-preview":"max-video-preview:-1"},"canonical":"https:\/\/mugardos.gal\/es\/el-comedor-escolar-municipal-se-adapta-para-el-cumplimiento-de-las-medidas-de-prevencion-de-la-covid-19\/","og_locale":"es_ES","og_type":"article","og_title":"EL COMEDOR ESCOLAR MUNICIPAL SE ADAPTA PARA EL CUMPLIMIENTO DE LAS MEDIDAS DE PREVENCI\u00d3N DE LA COVID-19 - Concello de Mugardos","og_description":"Las Concejal\u00edas de Educaci\u00f3n y Bienestar han publicado el listado provisional de admitidos y excluidos en el servicio de comedor escolar, despu\u00e9s de aprobar las medidas anti- COVID que permitir\u00e1n la puesta en marcha del comedor con la m\u00e1xima seguridad para el curso 2020-2021, tanto en el CEIP Uni\u00f3n Mugardesa como en el Santiago Ap\u00f3stol [&hellip;]","og_url":"https:\/\/mugardos.gal\/es\/el-comedor-escolar-municipal-se-adapta-para-el-cumplimiento-de-las-medidas-de-prevencion-de-la-covid-19\/","og_site_name":"Concello de Mugardos","article_published_time":"2020-09-04T14:13:13+00:00","article_modified_time":"2020-09-04T14:14:34+00:00","og_image":[{"width":1210,"height":800,"url":"https:\/\/mugardos.gal\/wp-content\/uploads\/2020\/04\/comedor.jpg","type":"image\/jpeg"}],"twitter_card":"summary_large_image","twitter_misc":{"Escrito por":"soporte_MUGARDOS","Tiempo de lectura":"3 minutos"},"schema":{"@context":"https:\/\/schema.org","@graph":[{"@type":"WebSite","@id":"https:\/\/mugardos.gal\/#website","url":"https:\/\/mugardos.gal\/","name":"Concello de Mugardos","description":"","potentialAction":[{"@type":"SearchAction","target":{"@type":"EntryPoint","urlTemplate":"https:\/\/mugardos.gal\/?s={search_term_string}"},"query-input":"required name=search_term_string"}],"inLanguage":"es"},{"@type":"ImageObject","inLanguage":"es","@id":"https:\/\/mugardos.gal\/es\/el-comedor-escolar-municipal-se-adapta-para-el-cumplimiento-de-las-medidas-de-prevencion-de-la-covid-19\/#primaryimage","url":"https:\/\/mugardos.gal\/wp-content\/uploads\/2020\/04\/comedor.jpg","contentUrl":"https:\/\/mugardos.gal\/wp-content\/uploads\/2020\/04\/comedor.jpg","width":1210,"height":800},{"@type":"WebPage","@id":"https:\/\/mugardos.gal\/es\/el-comedor-escolar-municipal-se-adapta-para-el-cumplimiento-de-las-medidas-de-prevencion-de-la-covid-19\/#webpage","url":"https:\/\/mugardos.gal\/es\/el-comedor-escolar-municipal-se-adapta-para-el-cumplimiento-de-las-medidas-de-prevencion-de-la-covid-19\/","name":"EL COMEDOR ESCOLAR MUNICIPAL SE ADAPTA PARA EL CUMPLIMIENTO DE LAS MEDIDAS DE PREVENCI\u00d3N DE LA COVID-19 - Concello de Mugardos","isPartOf":{"@id":"https:\/\/mugardos.gal\/#website"},"primaryImageOfPage":{"@id":"https:\/\/mugardos.gal\/es\/el-comedor-escolar-municipal-se-adapta-para-el-cumplimiento-de-las-medidas-de-prevencion-de-la-covid-19\/#primaryimage"},"datePublished":"2020-09-04T14:13:13+00:00","dateModified":"2020-09-04T14:14:34+00:00","author":{"@id":"https:\/\/mugardos.gal\/#\/schema\/person\/719cd20866185308d16992f11a158154"},"breadcrumb":{"@id":"https:\/\/mugardos.gal\/es\/el-comedor-escolar-municipal-se-adapta-para-el-cumplimiento-de-las-medidas-de-prevencion-de-la-covid-19\/#breadcrumb"},"inLanguage":"es","potentialAction":[{"@type":"ReadAction","target":["https:\/\/mugardos.gal\/es\/el-comedor-escolar-municipal-se-adapta-para-el-cumplimiento-de-las-medidas-de-prevencion-de-la-covid-19\/"]}]},{"@type":"BreadcrumbList","@id":"https:\/\/mugardos.gal\/es\/el-comedor-escolar-municipal-se-adapta-para-el-cumplimiento-de-las-medidas-de-prevencion-de-la-covid-19\/#breadcrumb","itemListElement":[{"@type":"ListItem","position":1,"name":"Portada","item":"https:\/\/mugardos.gal\/es\/"},{"@type":"ListItem","position":2,"name":"EL COMEDOR ESCOLAR MUNICIPAL SE ADAPTA PARA EL CUMPLIMIENTO DE LAS MEDIDAS DE PREVENCI\u00d3N DE LA COVID-19"}]},{"@type":"Person","@id":"https:\/\/mugardos.gal\/#\/schema\/person\/719cd20866185308d16992f11a158154","name":"soporte_MUGARDOS","url":"https:\/\/mugardos.gal\/es\/author\/soporte_mugardos\/"}]}},"_links":{"self":[{"href":"https:\/\/mugardos.gal\/es\/wp-json\/wp\/v2\/posts\/9501"}],"collection":[{"href":"https:\/\/mugardos.gal\/es\/wp-json\/wp\/v2\/posts"}],"about":[{"href":"https:\/\/mugardos.gal\/es\/wp-json\/wp\/v2\/types\/post"}],"author":[{"embeddable":true,"href":"https:\/\/mugardos.gal\/es\/wp-json\/wp\/v2\/users\/4"}],"replies":[{"embeddable":true,"href":"https:\/\/mugardos.gal\/es\/wp-json\/wp\/v2\/comments?post=9501"}],"version-history":[{"count":0,"href":"https:\/\/mugardos.gal\/es\/wp-json\/wp\/v2\/posts\/9501\/revisions"}],"wp:featuredmedia":[{"embeddable":true,"href":"https:\/\/mugardos.gal\/es\/wp-json\/wp\/v2\/media\/1630"}],"wp:attachment":[{"href":"https:\/\/mugardos.gal\/es\/wp-json\/wp\/v2\/media?parent=9501"}],"wp:term":[{"taxonomy":"category","embeddable":true,"href":"https:\/\/mugardos.gal\/es\/wp-json\/wp\/v2\/categories?post=9501"},{"taxonomy":"post_tag","embeddable":true,"href":"https:\/\/mugardos.gal\/es\/wp-json\/wp\/v2\/tags?post=9501"}],"curies":[{"name":"wp","href":"https:\/\/api.w.org\/{rel}","templated":true}]}}