{"id":9455,"date":"2020-09-03T13:07:45","date_gmt":"2020-09-03T11:07:45","guid":{"rendered":"https:\/\/mugardos.gal\/?p=9455"},"modified":"2020-09-03T14:05:58","modified_gmt":"2020-09-03T12:05:58","slug":"la-xunta-da-luz-verde-al-plan-director-de-noville-que-permitira-poner-en-valor-los-restos-de-la-villa-romana","status":"publish","type":"post","link":"https:\/\/mugardos.gal\/es\/la-xunta-da-luz-verde-al-plan-director-de-noville-que-permitira-poner-en-valor-los-restos-de-la-villa-romana\/","title":{"rendered":"LA XUNTA DA LUZ VERDE AL PLAN DIRECTOR DE  NOVILLE, QUE PERMITIR\u00c1 PONER EN VALOR LOS RESTOS DE LA VILLA ROMANA"},"content":{"rendered":"<p>[vc_row][vc_column][vc_column_text]\n<p style=\"text-align: justify;\">A Conceller\u00eda de Cultura informa do acordo adoptado pola Direcci\u00f3n Xeral de Patrimonio da Xunta de Galicia para a elaboraci\u00f3n dun plan director para a vila romana de Noville.<\/p>\n<p style=\"text-align: justify;\">O plan director, que ser\u00e1 elaborado pola empresa Trivium e do que a Xunta de Galicia asumir\u00e1 o custe do mesmo, ten como obxectivo dotar de planificaci\u00f3n estrat\u00e9xica a xesti\u00f3n ordinaria do n\u00facleo arqueol\u00f3xico de Noville, cunha folla de ruta que propo\u00f1a uns plans estrat\u00e9xicos e acci\u00f3ns concretas, con orzamentos, prioridades e marcos temporais a curto, medio e longo prazo, para guiar aos responsables da xesti\u00f3n do espazo e establecer as pol\u00edticas futuras que mante\u00f1an un equilibrio entre a conservaci\u00f3n e o uso do espazo.<\/p>\n<p style=\"text-align: justify;\">O papel clave desempe\u00f1ado ao longo da historia xunto coa s\u00faa excepcional situaci\u00f3n xeogr\u00e1fica, fan do n\u00facleo de Noville un recurso de primeira orde que pode axudar a crear din\u00e1micas socio-tur\u00edsticas complementarias, e xerar oportunidades culturais e econ\u00f3micas para todo o concello.<\/p>\n<p style=\"text-align: justify;\">O primeiro paso, xa autorizado pola Direcci\u00f3n Xeral de Patrimonio, consistir\u00e1 no desbroce das parcelas nas que se atopan os restos para o que xa se conta coas autorizaci\u00f3ns de todos os propietarios.<\/p>\n<p style=\"text-align: justify;\">Desde a conceller\u00eda informan tam\u00e9n que xa se est\u00e1 a traballar nun plan para 2021 no que se logre localizar e negociar a adquisici\u00f3n das parcelas nas que se atopa o xacemento e anexas, o que permitir\u00eda seguir coas catas co obxectivo de atopar novos restos.<\/p>\n<p style=\"text-align: justify;\">A concelleira Bego\u00f1a Rold\u00f3s afirmou que o goberno municipal ten como eixe estrat\u00e9gico do seu goberno o posicionamento de Mugardos como un destino tur\u00edstico patrimonial \u201ctr\u00e1tase dun turismo non masificado, pero que encaixa cos nosos obxectivos e cos recursos \u00fanicos cos que conta Mugardos. Non ten sentido traballar no desenvolvemento de propostas de conservaci\u00f3n do patrimonio e non unilo \u00e1 s\u00faa posta en valor e ao turismo\u201d.<\/p>\n<p style=\"text-align: justify;\">A vila marina romana competa de Noville (Mugardos), habitada entre los s\u00e9culos III e IV d. C. \u00e9 un dos xacementos romanos de maior relevancia da provincia da Coru\u00f1a. A s\u00faa excavaci\u00f3n, dirixida por Ferm\u00edn P\u00e9rez Losada entre os anos 1988 e 1989, supuxo un fito no co\u00f1ecemento deste tipo de establecementos na Gallaecia romana. De feito os distintos m\u00e9todos de intervenci\u00f3n arqueol\u00f3xica empregados no seu estudo permitiron co\u00f1ecer de forma case integra a planta dun edificio que pertenceu \u00e1 \u00abpars urbana\u00bb da vila.<\/p>\n<p>[\/vc_column_text][\/vc_column][\/vc_row][vc_row][vc_column][vc_images_carousel images=\u00bb9457,9463,9461,9459&#8243; img_size=\u00bbfull\u00bb speed=\u00bb4000&#8243; autoplay=\u00bbyes\u00bb wrap=\u00bbyes\u00bb][\/vc_column][\/vc_row]\n","protected":false},"excerpt":{"rendered":"<p>[vc_row][vc_column][vc_column_text] A Conceller\u00eda de Cultura informa do acordo adoptado pola Direcci\u00f3n Xeral de Patrimonio da Xunta de Galicia para a elaboraci\u00f3n dun plan director para a vila romana de Noville. O plan director, que ser\u00e1 elaborado pola empresa Trivium e do que a Xunta de Galicia asumir\u00e1 o custe do mesmo, ten como obxectivo dotar [&hellip;]<\/p>\n","protected":false},"author":4,"featured_media":9459,"comment_status":"closed","ping_status":"closed","sticky":false,"template":"","format":"standard","meta":[],"categories":[50,12],"tags":[],"yoast_head":"<!-- This site is optimized with the Yoast SEO plugin v18.9 - https:\/\/yoast.com\/wordpress\/plugins\/seo\/ -->\n<title>LA XUNTA DA LUZ VERDE AL PLAN DIRECTOR DE NOVILLE, QUE PERMITIR\u00c1 PONER EN VALOR LOS RESTOS DE LA VILLA ROMANA - Concello de Mugardos<\/title>\n<meta name=\"robots\" content=\"index, follow, max-snippet:-1, max-image-preview:large, max-video-preview:-1\" \/>\n<link rel=\"canonical\" href=\"https:\/\/mugardos.gal\/es\/la-xunta-da-luz-verde-al-plan-director-de-noville-que-permitira-poner-en-valor-los-restos-de-la-villa-romana\/\" \/>\n<meta property=\"og:locale\" content=\"es_ES\" \/>\n<meta property=\"og:type\" content=\"article\" \/>\n<meta property=\"og:title\" content=\"LA XUNTA DA LUZ VERDE AL PLAN DIRECTOR DE NOVILLE, QUE PERMITIR\u00c1 PONER EN VALOR LOS RESTOS DE LA VILLA ROMANA - Concello de Mugardos\" \/>\n<meta property=\"og:description\" content=\"[vc_row][vc_column][vc_column_text] A Conceller\u00eda de Cultura informa do acordo adoptado pola Direcci\u00f3n Xeral de Patrimonio da Xunta de Galicia para a elaboraci\u00f3n dun plan director para a vila romana de Noville. O plan director, que ser\u00e1 elaborado pola empresa Trivium e do que a Xunta de Galicia asumir\u00e1 o custe do mesmo, ten como obxectivo dotar [&hellip;]\" \/>\n<meta property=\"og:url\" content=\"https:\/\/mugardos.gal\/es\/la-xunta-da-luz-verde-al-plan-director-de-noville-que-permitira-poner-en-valor-los-restos-de-la-villa-romana\/\" \/>\n<meta property=\"og:site_name\" content=\"Concello de Mugardos\" \/>\n<meta property=\"article:published_time\" content=\"2020-09-03T11:07:45+00:00\" \/>\n<meta property=\"article:modified_time\" content=\"2020-09-03T12:05:58+00:00\" \/>\n<meta property=\"og:image\" content=\"https:\/\/mugardos.gal\/wp-content\/uploads\/2020\/09\/Noville-2-1989.jpg\" \/>\n\t<meta property=\"og:image:width\" content=\"1220\" \/>\n\t<meta property=\"og:image:height\" content=\"796\" \/>\n\t<meta property=\"og:image:type\" content=\"image\/jpeg\" \/>\n<meta name=\"twitter:card\" content=\"summary_large_image\" \/>\n<meta name=\"twitter:label1\" content=\"Escrito por\" \/>\n\t<meta name=\"twitter:data1\" content=\"soporte_MUGARDOS\" \/>\n\t<meta name=\"twitter:label2\" content=\"Tiempo de lectura\" \/>\n\t<meta name=\"twitter:data2\" content=\"2 minutos\" \/>\n<script type=\"application\/ld+json\" class=\"yoast-schema-graph\">{\"@context\":\"https:\/\/schema.org\",\"@graph\":[{\"@type\":\"WebSite\",\"@id\":\"https:\/\/mugardos.gal\/#website\",\"url\":\"https:\/\/mugardos.gal\/\",\"name\":\"Concello de Mugardos\",\"description\":\"\",\"potentialAction\":[{\"@type\":\"SearchAction\",\"target\":{\"@type\":\"EntryPoint\",\"urlTemplate\":\"https:\/\/mugardos.gal\/?s={search_term_string}\"},\"query-input\":\"required name=search_term_string\"}],\"inLanguage\":\"es\"},{\"@type\":\"ImageObject\",\"inLanguage\":\"es\",\"@id\":\"https:\/\/mugardos.gal\/es\/la-xunta-da-luz-verde-al-plan-director-de-noville-que-permitira-poner-en-valor-los-restos-de-la-villa-romana\/#primaryimage\",\"url\":\"https:\/\/mugardos.gal\/wp-content\/uploads\/2020\/09\/Noville-2-1989.jpg\",\"contentUrl\":\"https:\/\/mugardos.gal\/wp-content\/uploads\/2020\/09\/Noville-2-1989.jpg\",\"width\":1220,\"height\":796},{\"@type\":\"WebPage\",\"@id\":\"https:\/\/mugardos.gal\/es\/la-xunta-da-luz-verde-al-plan-director-de-noville-que-permitira-poner-en-valor-los-restos-de-la-villa-romana\/#webpage\",\"url\":\"https:\/\/mugardos.gal\/es\/la-xunta-da-luz-verde-al-plan-director-de-noville-que-permitira-poner-en-valor-los-restos-de-la-villa-romana\/\",\"name\":\"LA XUNTA DA LUZ VERDE AL PLAN DIRECTOR DE NOVILLE, QUE PERMITIR\u00c1 PONER EN VALOR LOS RESTOS DE LA VILLA ROMANA - Concello de Mugardos\",\"isPartOf\":{\"@id\":\"https:\/\/mugardos.gal\/#website\"},\"primaryImageOfPage\":{\"@id\":\"https:\/\/mugardos.gal\/es\/la-xunta-da-luz-verde-al-plan-director-de-noville-que-permitira-poner-en-valor-los-restos-de-la-villa-romana\/#primaryimage\"},\"datePublished\":\"2020-09-03T11:07:45+00:00\",\"dateModified\":\"2020-09-03T12:05:58+00:00\",\"author\":{\"@id\":\"https:\/\/mugardos.gal\/#\/schema\/person\/719cd20866185308d16992f11a158154\"},\"breadcrumb\":{\"@id\":\"https:\/\/mugardos.gal\/es\/la-xunta-da-luz-verde-al-plan-director-de-noville-que-permitira-poner-en-valor-los-restos-de-la-villa-romana\/#breadcrumb\"},\"inLanguage\":\"es\",\"potentialAction\":[{\"@type\":\"ReadAction\",\"target\":[\"https:\/\/mugardos.gal\/es\/la-xunta-da-luz-verde-al-plan-director-de-noville-que-permitira-poner-en-valor-los-restos-de-la-villa-romana\/\"]}]},{\"@type\":\"BreadcrumbList\",\"@id\":\"https:\/\/mugardos.gal\/es\/la-xunta-da-luz-verde-al-plan-director-de-noville-que-permitira-poner-en-valor-los-restos-de-la-villa-romana\/#breadcrumb\",\"itemListElement\":[{\"@type\":\"ListItem\",\"position\":1,\"name\":\"Portada\",\"item\":\"https:\/\/mugardos.gal\/es\/\"},{\"@type\":\"ListItem\",\"position\":2,\"name\":\"LA XUNTA DA LUZ VERDE AL PLAN DIRECTOR DE NOVILLE, QUE PERMITIR\u00c1 PONER EN VALOR LOS RESTOS DE LA VILLA ROMANA\"}]},{\"@type\":\"Person\",\"@id\":\"https:\/\/mugardos.gal\/#\/schema\/person\/719cd20866185308d16992f11a158154\",\"name\":\"soporte_MUGARDOS\",\"url\":\"https:\/\/mugardos.gal\/es\/author\/soporte_mugardos\/\"}]}<\/script>\n<!-- \/ Yoast SEO plugin. -->","yoast_head_json":{"title":"LA XUNTA DA LUZ VERDE AL PLAN DIRECTOR DE NOVILLE, QUE PERMITIR\u00c1 PONER EN VALOR LOS RESTOS DE LA VILLA ROMANA - Concello de Mugardos","robots":{"index":"index","follow":"follow","max-snippet":"max-snippet:-1","max-image-preview":"max-image-preview:large","max-video-preview":"max-video-preview:-1"},"canonical":"https:\/\/mugardos.gal\/es\/la-xunta-da-luz-verde-al-plan-director-de-noville-que-permitira-poner-en-valor-los-restos-de-la-villa-romana\/","og_locale":"es_ES","og_type":"article","og_title":"LA XUNTA DA LUZ VERDE AL PLAN DIRECTOR DE NOVILLE, QUE PERMITIR\u00c1 PONER EN VALOR LOS RESTOS DE LA VILLA ROMANA - Concello de Mugardos","og_description":"[vc_row][vc_column][vc_column_text] A Conceller\u00eda de Cultura informa do acordo adoptado pola Direcci\u00f3n Xeral de Patrimonio da Xunta de Galicia para a elaboraci\u00f3n dun plan director para a vila romana de Noville. O plan director, que ser\u00e1 elaborado pola empresa Trivium e do que a Xunta de Galicia asumir\u00e1 o custe do mesmo, ten como obxectivo dotar [&hellip;]","og_url":"https:\/\/mugardos.gal\/es\/la-xunta-da-luz-verde-al-plan-director-de-noville-que-permitira-poner-en-valor-los-restos-de-la-villa-romana\/","og_site_name":"Concello de Mugardos","article_published_time":"2020-09-03T11:07:45+00:00","article_modified_time":"2020-09-03T12:05:58+00:00","og_image":[{"width":1220,"height":796,"url":"https:\/\/mugardos.gal\/wp-content\/uploads\/2020\/09\/Noville-2-1989.jpg","type":"image\/jpeg"}],"twitter_card":"summary_large_image","twitter_misc":{"Escrito por":"soporte_MUGARDOS","Tiempo de lectura":"2 minutos"},"schema":{"@context":"https:\/\/schema.org","@graph":[{"@type":"WebSite","@id":"https:\/\/mugardos.gal\/#website","url":"https:\/\/mugardos.gal\/","name":"Concello de Mugardos","description":"","potentialAction":[{"@type":"SearchAction","target":{"@type":"EntryPoint","urlTemplate":"https:\/\/mugardos.gal\/?s={search_term_string}"},"query-input":"required name=search_term_string"}],"inLanguage":"es"},{"@type":"ImageObject","inLanguage":"es","@id":"https:\/\/mugardos.gal\/es\/la-xunta-da-luz-verde-al-plan-director-de-noville-que-permitira-poner-en-valor-los-restos-de-la-villa-romana\/#primaryimage","url":"https:\/\/mugardos.gal\/wp-content\/uploads\/2020\/09\/Noville-2-1989.jpg","contentUrl":"https:\/\/mugardos.gal\/wp-content\/uploads\/2020\/09\/Noville-2-1989.jpg","width":1220,"height":796},{"@type":"WebPage","@id":"https:\/\/mugardos.gal\/es\/la-xunta-da-luz-verde-al-plan-director-de-noville-que-permitira-poner-en-valor-los-restos-de-la-villa-romana\/#webpage","url":"https:\/\/mugardos.gal\/es\/la-xunta-da-luz-verde-al-plan-director-de-noville-que-permitira-poner-en-valor-los-restos-de-la-villa-romana\/","name":"LA XUNTA DA LUZ VERDE AL PLAN DIRECTOR DE NOVILLE, QUE PERMITIR\u00c1 PONER EN VALOR LOS RESTOS DE LA VILLA ROMANA - Concello de Mugardos","isPartOf":{"@id":"https:\/\/mugardos.gal\/#website"},"primaryImageOfPage":{"@id":"https:\/\/mugardos.gal\/es\/la-xunta-da-luz-verde-al-plan-director-de-noville-que-permitira-poner-en-valor-los-restos-de-la-villa-romana\/#primaryimage"},"datePublished":"2020-09-03T11:07:45+00:00","dateModified":"2020-09-03T12:05:58+00:00","author":{"@id":"https:\/\/mugardos.gal\/#\/schema\/person\/719cd20866185308d16992f11a158154"},"breadcrumb":{"@id":"https:\/\/mugardos.gal\/es\/la-xunta-da-luz-verde-al-plan-director-de-noville-que-permitira-poner-en-valor-los-restos-de-la-villa-romana\/#breadcrumb"},"inLanguage":"es","potentialAction":[{"@type":"ReadAction","target":["https:\/\/mugardos.gal\/es\/la-xunta-da-luz-verde-al-plan-director-de-noville-que-permitira-poner-en-valor-los-restos-de-la-villa-romana\/"]}]},{"@type":"BreadcrumbList","@id":"https:\/\/mugardos.gal\/es\/la-xunta-da-luz-verde-al-plan-director-de-noville-que-permitira-poner-en-valor-los-restos-de-la-villa-romana\/#breadcrumb","itemListElement":[{"@type":"ListItem","position":1,"name":"Portada","item":"https:\/\/mugardos.gal\/es\/"},{"@type":"ListItem","position":2,"name":"LA XUNTA DA LUZ VERDE AL PLAN DIRECTOR DE NOVILLE, QUE PERMITIR\u00c1 PONER EN VALOR LOS RESTOS DE LA VILLA ROMANA"}]},{"@type":"Person","@id":"https:\/\/mugardos.gal\/#\/schema\/person\/719cd20866185308d16992f11a158154","name":"soporte_MUGARDOS","url":"https:\/\/mugardos.gal\/es\/author\/soporte_mugardos\/"}]}},"_links":{"self":[{"href":"https:\/\/mugardos.gal\/es\/wp-json\/wp\/v2\/posts\/9455"}],"collection":[{"href":"https:\/\/mugardos.gal\/es\/wp-json\/wp\/v2\/posts"}],"about":[{"href":"https:\/\/mugardos.gal\/es\/wp-json\/wp\/v2\/types\/post"}],"author":[{"embeddable":true,"href":"https:\/\/mugardos.gal\/es\/wp-json\/wp\/v2\/users\/4"}],"replies":[{"embeddable":true,"href":"https:\/\/mugardos.gal\/es\/wp-json\/wp\/v2\/comments?post=9455"}],"version-history":[{"count":0,"href":"https:\/\/mugardos.gal\/es\/wp-json\/wp\/v2\/posts\/9455\/revisions"}],"wp:featuredmedia":[{"embeddable":true,"href":"https:\/\/mugardos.gal\/es\/wp-json\/wp\/v2\/media\/9459"}],"wp:attachment":[{"href":"https:\/\/mugardos.gal\/es\/wp-json\/wp\/v2\/media?parent=9455"}],"wp:term":[{"taxonomy":"category","embeddable":true,"href":"https:\/\/mugardos.gal\/es\/wp-json\/wp\/v2\/categories?post=9455"},{"taxonomy":"post_tag","embeddable":true,"href":"https:\/\/mugardos.gal\/es\/wp-json\/wp\/v2\/tags?post=9455"}],"curies":[{"name":"wp","href":"https:\/\/api.w.org\/{rel}","templated":true}]}}