{"id":9449,"date":"2020-09-02T16:57:20","date_gmt":"2020-09-02T14:57:20","guid":{"rendered":"https:\/\/mugardos.gal\/?p=9449"},"modified":"2020-09-02T17:26:46","modified_gmt":"2020-09-02T15:26:46","slug":"la-concejalia-de-hacienda-inicia-la-reforma-fiscal-de-impuestos-y-tasas","status":"publish","type":"post","link":"https:\/\/mugardos.gal\/es\/la-concejalia-de-hacienda-inicia-la-reforma-fiscal-de-impuestos-y-tasas\/","title":{"rendered":"LA CONCEJAL\u00cdA DE HACIENDA INICIA LA REFORMA FISCAL DE IMPUESTOS Y TASAS"},"content":{"rendered":"<p style=\"text-align: justify;\">La Concejal\u00eda de Hacienda dirigida por Miguel Mah\u00eda inform\u00f3 hoy del inicio del plan de reforma fiscal previsto por el gobierno municipal, con el debate de las ordenanzas que regulan el impuesto de rodaje y la tasa de apertura y traspaso de negocios.<\/p>\n<p style=\"text-align: justify;\">Las propuestas presentadas por el gobierno, y debatidas en el d\u00eda de hoy por los miembros de la Comisi\u00f3n de Hacienda en lo relativo a la adopci\u00f3n de medidas para la reactivaci\u00f3n de la actividad econ\u00f3mica en el municipio, se centr\u00f3 en la bonificaci\u00f3n del 100% de la tasa por apertura o cambio de titularidad de negocios de menos de 750 metros cuadrados.\u00a0 En la actualidad, cuando un negocio abr\u00eda en el municipio, ten\u00eda que hacer frente de promedio a una tasa de 650 euros, lo que seg\u00fan los t\u00e9cnicos consultados, supon\u00eda una importante barrera para el emprendimiento en el ayuntamiento.<\/p>\n<p style=\"text-align: justify;\">La segunda de las propuestas presentadas por el gobierno supondr\u00e1 la eliminaci\u00f3n del pago del impuesto sobre veh\u00edculos de tracci\u00f3n mec\u00e1nica (m\u00e1s conocido como impuesto de circulaci\u00f3n o rodaje) para los veh\u00edculos hist\u00f3ricos o aquellos que tengan 25 a\u00f1os o m\u00e1s de antig\u00fcedad, as\u00ed como la rebaja de hasta el 75% del recibo en funci\u00f3n de la clase de carburante que consuma el veh\u00edculo, o veh\u00edculos de 0 emisiones, , los 5 primeros a\u00f1os tras su matriculaci\u00f3n.<\/p>\n<p style=\"text-align: justify;\">En este apartado, el representante del Partido Socialista municipal present\u00f3 una propuesta que seg\u00fan el concejal Mah\u00eda ser\u00e1 incorporada por el gobierno, y que consistir\u00e1 en que a partir del quinto a\u00f1o de vida de los veh\u00edculos el\u00e9ctricos, estos paguen solo el 50% del recibo.<\/p>\n<p style=\"text-align: justify;\">Miguel Mah\u00eda en la presentaci\u00f3n de estas medidas quiso trasladar la postura del gobierno con respeto a la modificaci\u00f3n de la pol\u00edtica fiscal municipal, incidiendo en que el ejecutivo local entiende que esta es una herramienta social y econ\u00f3mica m\u00e1s que puede marcar la diferencia entre poner palos en las ruedas a las familias o ayudarlas a salir de la crisis.<\/p>\n<p style=\"text-align: justify;\">\u00abQueremos apostar por el emprendimiento, queremos apostar por las segundas oportunidades y por las nuevas formas de negocio. Queremos ayudar a las familias que no pueden cambiar de coche, y a las que priorizan el cuidado del medio ambiente a la hora de elegir veh\u00edculo. Son muchos los frentes abiertos con la crisis, pero este gobierno va a trabajar duro por desarrollar una pol\u00edtica fiscal justa, equilibrada y que fomente la inversi\u00f3n y el emprendimiento\u201d expuso el concejal.<\/p>\n","protected":false},"excerpt":{"rendered":"<p>La Concejal\u00eda de Hacienda dirigida por Miguel Mah\u00eda inform\u00f3 hoy del inicio del plan de reforma fiscal previsto por el gobierno municipal, con el debate de las ordenanzas que regulan el impuesto de rodaje y la tasa de apertura y traspaso de negocios. Las propuestas presentadas por el gobierno, y debatidas en el d\u00eda de [&hellip;]<\/p>\n","protected":false},"author":4,"featured_media":244,"comment_status":"closed","ping_status":"closed","sticky":false,"template":"","format":"standard","meta":[],"categories":[12,37],"tags":[],"yoast_head":"<!-- This site is optimized with the Yoast SEO plugin v18.9 - https:\/\/yoast.com\/wordpress\/plugins\/seo\/ -->\n<title>LA CONCEJAL\u00cdA DE HACIENDA INICIA LA REFORMA FISCAL DE IMPUESTOS Y TASAS - Concello de Mugardos<\/title>\n<meta name=\"robots\" content=\"index, follow, max-snippet:-1, max-image-preview:large, max-video-preview:-1\" \/>\n<link rel=\"canonical\" href=\"https:\/\/mugardos.gal\/es\/la-concejalia-de-hacienda-inicia-la-reforma-fiscal-de-impuestos-y-tasas\/\" \/>\n<meta property=\"og:locale\" content=\"es_ES\" \/>\n<meta property=\"og:type\" content=\"article\" \/>\n<meta property=\"og:title\" content=\"LA CONCEJAL\u00cdA DE HACIENDA INICIA LA REFORMA FISCAL DE IMPUESTOS Y TASAS - Concello de Mugardos\" \/>\n<meta property=\"og:description\" content=\"La Concejal\u00eda de Hacienda dirigida por Miguel Mah\u00eda inform\u00f3 hoy del inicio del plan de reforma fiscal previsto por el gobierno municipal, con el debate de las ordenanzas que regulan el impuesto de rodaje y la tasa de apertura y traspaso de negocios. Las propuestas presentadas por el gobierno, y debatidas en el d\u00eda de [&hellip;]\" \/>\n<meta property=\"og:url\" content=\"https:\/\/mugardos.gal\/es\/la-concejalia-de-hacienda-inicia-la-reforma-fiscal-de-impuestos-y-tasas\/\" \/>\n<meta property=\"og:site_name\" content=\"Concello de Mugardos\" \/>\n<meta property=\"article:published_time\" content=\"2020-09-02T14:57:20+00:00\" \/>\n<meta property=\"article:modified_time\" content=\"2020-09-02T15:26:46+00:00\" \/>\n<meta property=\"og:image\" content=\"https:\/\/mugardos.gal\/wp-content\/uploads\/2020\/03\/Casa-do-Concello.jpg\" \/>\n\t<meta property=\"og:image:width\" content=\"466\" \/>\n\t<meta property=\"og:image:height\" content=\"426\" \/>\n\t<meta property=\"og:image:type\" content=\"image\/jpeg\" \/>\n<meta name=\"twitter:card\" content=\"summary_large_image\" \/>\n<meta name=\"twitter:label1\" content=\"Escrito por\" \/>\n\t<meta name=\"twitter:data1\" content=\"soporte_MUGARDOS\" \/>\n\t<meta name=\"twitter:label2\" content=\"Tiempo de lectura\" \/>\n\t<meta name=\"twitter:data2\" content=\"2 minutos\" \/>\n<script type=\"application\/ld+json\" class=\"yoast-schema-graph\">{\"@context\":\"https:\/\/schema.org\",\"@graph\":[{\"@type\":\"WebSite\",\"@id\":\"https:\/\/mugardos.gal\/#website\",\"url\":\"https:\/\/mugardos.gal\/\",\"name\":\"Concello de Mugardos\",\"description\":\"\",\"potentialAction\":[{\"@type\":\"SearchAction\",\"target\":{\"@type\":\"EntryPoint\",\"urlTemplate\":\"https:\/\/mugardos.gal\/?s={search_term_string}\"},\"query-input\":\"required name=search_term_string\"}],\"inLanguage\":\"es\"},{\"@type\":\"ImageObject\",\"inLanguage\":\"es\",\"@id\":\"https:\/\/mugardos.gal\/es\/la-concejalia-de-hacienda-inicia-la-reforma-fiscal-de-impuestos-y-tasas\/#primaryimage\",\"url\":\"https:\/\/mugardos.gal\/wp-content\/uploads\/2020\/03\/Casa-do-Concello.jpg\",\"contentUrl\":\"https:\/\/mugardos.gal\/wp-content\/uploads\/2020\/03\/Casa-do-Concello.jpg\",\"width\":466,\"height\":426},{\"@type\":\"WebPage\",\"@id\":\"https:\/\/mugardos.gal\/es\/la-concejalia-de-hacienda-inicia-la-reforma-fiscal-de-impuestos-y-tasas\/#webpage\",\"url\":\"https:\/\/mugardos.gal\/es\/la-concejalia-de-hacienda-inicia-la-reforma-fiscal-de-impuestos-y-tasas\/\",\"name\":\"LA CONCEJAL\u00cdA DE HACIENDA INICIA LA REFORMA FISCAL DE IMPUESTOS Y TASAS - Concello de Mugardos\",\"isPartOf\":{\"@id\":\"https:\/\/mugardos.gal\/#website\"},\"primaryImageOfPage\":{\"@id\":\"https:\/\/mugardos.gal\/es\/la-concejalia-de-hacienda-inicia-la-reforma-fiscal-de-impuestos-y-tasas\/#primaryimage\"},\"datePublished\":\"2020-09-02T14:57:20+00:00\",\"dateModified\":\"2020-09-02T15:26:46+00:00\",\"author\":{\"@id\":\"https:\/\/mugardos.gal\/#\/schema\/person\/719cd20866185308d16992f11a158154\"},\"breadcrumb\":{\"@id\":\"https:\/\/mugardos.gal\/es\/la-concejalia-de-hacienda-inicia-la-reforma-fiscal-de-impuestos-y-tasas\/#breadcrumb\"},\"inLanguage\":\"es\",\"potentialAction\":[{\"@type\":\"ReadAction\",\"target\":[\"https:\/\/mugardos.gal\/es\/la-concejalia-de-hacienda-inicia-la-reforma-fiscal-de-impuestos-y-tasas\/\"]}]},{\"@type\":\"BreadcrumbList\",\"@id\":\"https:\/\/mugardos.gal\/es\/la-concejalia-de-hacienda-inicia-la-reforma-fiscal-de-impuestos-y-tasas\/#breadcrumb\",\"itemListElement\":[{\"@type\":\"ListItem\",\"position\":1,\"name\":\"Portada\",\"item\":\"https:\/\/mugardos.gal\/es\/\"},{\"@type\":\"ListItem\",\"position\":2,\"name\":\"LA CONCEJAL\u00cdA DE HACIENDA INICIA LA REFORMA FISCAL DE IMPUESTOS Y TASAS\"}]},{\"@type\":\"Person\",\"@id\":\"https:\/\/mugardos.gal\/#\/schema\/person\/719cd20866185308d16992f11a158154\",\"name\":\"soporte_MUGARDOS\",\"url\":\"https:\/\/mugardos.gal\/es\/author\/soporte_mugardos\/\"}]}<\/script>\n<!-- \/ Yoast SEO plugin. -->","yoast_head_json":{"title":"LA CONCEJAL\u00cdA DE HACIENDA INICIA LA REFORMA FISCAL DE IMPUESTOS Y TASAS - Concello de Mugardos","robots":{"index":"index","follow":"follow","max-snippet":"max-snippet:-1","max-image-preview":"max-image-preview:large","max-video-preview":"max-video-preview:-1"},"canonical":"https:\/\/mugardos.gal\/es\/la-concejalia-de-hacienda-inicia-la-reforma-fiscal-de-impuestos-y-tasas\/","og_locale":"es_ES","og_type":"article","og_title":"LA CONCEJAL\u00cdA DE HACIENDA INICIA LA REFORMA FISCAL DE IMPUESTOS Y TASAS - Concello de Mugardos","og_description":"La Concejal\u00eda de Hacienda dirigida por Miguel Mah\u00eda inform\u00f3 hoy del inicio del plan de reforma fiscal previsto por el gobierno municipal, con el debate de las ordenanzas que regulan el impuesto de rodaje y la tasa de apertura y traspaso de negocios. Las propuestas presentadas por el gobierno, y debatidas en el d\u00eda de [&hellip;]","og_url":"https:\/\/mugardos.gal\/es\/la-concejalia-de-hacienda-inicia-la-reforma-fiscal-de-impuestos-y-tasas\/","og_site_name":"Concello de Mugardos","article_published_time":"2020-09-02T14:57:20+00:00","article_modified_time":"2020-09-02T15:26:46+00:00","og_image":[{"width":466,"height":426,"url":"https:\/\/mugardos.gal\/wp-content\/uploads\/2020\/03\/Casa-do-Concello.jpg","type":"image\/jpeg"}],"twitter_card":"summary_large_image","twitter_misc":{"Escrito por":"soporte_MUGARDOS","Tiempo de lectura":"2 minutos"},"schema":{"@context":"https:\/\/schema.org","@graph":[{"@type":"WebSite","@id":"https:\/\/mugardos.gal\/#website","url":"https:\/\/mugardos.gal\/","name":"Concello de Mugardos","description":"","potentialAction":[{"@type":"SearchAction","target":{"@type":"EntryPoint","urlTemplate":"https:\/\/mugardos.gal\/?s={search_term_string}"},"query-input":"required name=search_term_string"}],"inLanguage":"es"},{"@type":"ImageObject","inLanguage":"es","@id":"https:\/\/mugardos.gal\/es\/la-concejalia-de-hacienda-inicia-la-reforma-fiscal-de-impuestos-y-tasas\/#primaryimage","url":"https:\/\/mugardos.gal\/wp-content\/uploads\/2020\/03\/Casa-do-Concello.jpg","contentUrl":"https:\/\/mugardos.gal\/wp-content\/uploads\/2020\/03\/Casa-do-Concello.jpg","width":466,"height":426},{"@type":"WebPage","@id":"https:\/\/mugardos.gal\/es\/la-concejalia-de-hacienda-inicia-la-reforma-fiscal-de-impuestos-y-tasas\/#webpage","url":"https:\/\/mugardos.gal\/es\/la-concejalia-de-hacienda-inicia-la-reforma-fiscal-de-impuestos-y-tasas\/","name":"LA CONCEJAL\u00cdA DE HACIENDA INICIA LA REFORMA FISCAL DE IMPUESTOS Y TASAS - Concello de Mugardos","isPartOf":{"@id":"https:\/\/mugardos.gal\/#website"},"primaryImageOfPage":{"@id":"https:\/\/mugardos.gal\/es\/la-concejalia-de-hacienda-inicia-la-reforma-fiscal-de-impuestos-y-tasas\/#primaryimage"},"datePublished":"2020-09-02T14:57:20+00:00","dateModified":"2020-09-02T15:26:46+00:00","author":{"@id":"https:\/\/mugardos.gal\/#\/schema\/person\/719cd20866185308d16992f11a158154"},"breadcrumb":{"@id":"https:\/\/mugardos.gal\/es\/la-concejalia-de-hacienda-inicia-la-reforma-fiscal-de-impuestos-y-tasas\/#breadcrumb"},"inLanguage":"es","potentialAction":[{"@type":"ReadAction","target":["https:\/\/mugardos.gal\/es\/la-concejalia-de-hacienda-inicia-la-reforma-fiscal-de-impuestos-y-tasas\/"]}]},{"@type":"BreadcrumbList","@id":"https:\/\/mugardos.gal\/es\/la-concejalia-de-hacienda-inicia-la-reforma-fiscal-de-impuestos-y-tasas\/#breadcrumb","itemListElement":[{"@type":"ListItem","position":1,"name":"Portada","item":"https:\/\/mugardos.gal\/es\/"},{"@type":"ListItem","position":2,"name":"LA CONCEJAL\u00cdA DE HACIENDA INICIA LA REFORMA FISCAL DE IMPUESTOS Y TASAS"}]},{"@type":"Person","@id":"https:\/\/mugardos.gal\/#\/schema\/person\/719cd20866185308d16992f11a158154","name":"soporte_MUGARDOS","url":"https:\/\/mugardos.gal\/es\/author\/soporte_mugardos\/"}]}},"_links":{"self":[{"href":"https:\/\/mugardos.gal\/es\/wp-json\/wp\/v2\/posts\/9449"}],"collection":[{"href":"https:\/\/mugardos.gal\/es\/wp-json\/wp\/v2\/posts"}],"about":[{"href":"https:\/\/mugardos.gal\/es\/wp-json\/wp\/v2\/types\/post"}],"author":[{"embeddable":true,"href":"https:\/\/mugardos.gal\/es\/wp-json\/wp\/v2\/users\/4"}],"replies":[{"embeddable":true,"href":"https:\/\/mugardos.gal\/es\/wp-json\/wp\/v2\/comments?post=9449"}],"version-history":[{"count":0,"href":"https:\/\/mugardos.gal\/es\/wp-json\/wp\/v2\/posts\/9449\/revisions"}],"wp:featuredmedia":[{"embeddable":true,"href":"https:\/\/mugardos.gal\/es\/wp-json\/wp\/v2\/media\/244"}],"wp:attachment":[{"href":"https:\/\/mugardos.gal\/es\/wp-json\/wp\/v2\/media?parent=9449"}],"wp:term":[{"taxonomy":"category","embeddable":true,"href":"https:\/\/mugardos.gal\/es\/wp-json\/wp\/v2\/categories?post=9449"},{"taxonomy":"post_tag","embeddable":true,"href":"https:\/\/mugardos.gal\/es\/wp-json\/wp\/v2\/tags?post=9449"}],"curies":[{"name":"wp","href":"https:\/\/api.w.org\/{rel}","templated":true}]}}