{"id":9362,"date":"2020-08-17T12:26:49","date_gmt":"2020-08-17T10:26:49","guid":{"rendered":"https:\/\/mugardos.gal\/?p=9362"},"modified":"2020-08-17T16:09:17","modified_gmt":"2020-08-17T14:09:17","slug":"el-ayuntamiento-trabaja-para-acabar-con-las-averias-en-el-alumbrado-publico-en-el-muelle-y-en-las-casas-baratas","status":"publish","type":"post","link":"https:\/\/mugardos.gal\/es\/el-ayuntamiento-trabaja-para-acabar-con-las-averias-en-el-alumbrado-publico-en-el-muelle-y-en-las-casas-baratas\/","title":{"rendered":"EL AYUNTAMIENTO TRABAJA PARA ACABAR CON LAS AVER\u00cdAS EN EL ALUMBRADO P\u00daBLICO EN EL MUELLE Y EN LAS CASAS BARATAS"},"content":{"rendered":"<p style=\"text-align: justify;\">La Concejal\u00eda de Obras, Servicios y Medio Ambiente trabaja ya en el arreglo definitivo de las aver\u00edas que, de manera recurrente y desde hace a\u00f1os, afectan al alumbrado p\u00fablico del muelle mugard\u00e9s y de las Casas Baratas.<\/p>\n<p style=\"text-align: justify;\">El concejal Jorge Kuntz expuso hoy de manera pormenorizada el problema existente tanto en el muelle como en las Casas Baratas, que parece ser el mismo desde el punto de vista t\u00e9cnico. La existencia de una derivaci\u00f3n en alg\u00fan punto de la instalaci\u00f3n enterada que en contacto con niveles de humedad altos (c\u00f3mo puede ser la lluvia) hace caer el sistema dejando sin alumbrado la zona.<\/p>\n<p style=\"text-align: justify;\">En las \u00faltimas semanas el alumbrado p\u00fablico fue sustituido por equipos LED, m\u00e1s eficientes y seguros y con menor tasa de aver\u00edas, pero el problema de estas dos aver\u00edas no est\u00e1 relacionado con la luminaria o los cuadros el\u00e9ctricos, ya que el concejal confirm\u00f3 que la aver\u00eda tanto en las Casas Baratas como en el muelle est\u00e1 en el cableado el\u00e9ctrico enterrado, probablemente instalado con medios precarios, y a al que nunca se le hizo ning\u00fan mantenimiento. En el caso del muelle, el punto exacto ya fue localizado y de manera preventiva se opt\u00f3 por la desconexi\u00f3n de 3 farolas sitas a la altura del Club del Mar. En las Casas Baratas a\u00fan no fue localizado el punto exacto de la aver\u00eda.<\/p>\n<p style=\"text-align: justify;\">La Concejal\u00eda de Servicios encarg\u00f3 estos trabajos a una empresa especializada. Por el momento se realiz\u00f3 un arreglo temporal en el muelle hasta que pueda abordarse la sustituci\u00f3n de todo el cableado desde la rotonda hasta el Club del Mar, lugar donde se encuentra el problema.<\/p>\n<p style=\"text-align: justify;\">El concejal de Servicios quiso destacar que \u201cuna vez m\u00e1s, la falta de mantenimiento de las instalaciones, un cableado viejo y las chapuzas varias realizadas desde hace a\u00f1os dan lugar a problemas graves que tienen consecuencias para los ciudadanos y los comerciantes, adem\u00e1s de dar lugar a aver\u00edas de dif\u00edcil y car\u00edsima soluci\u00f3n\u201d.<\/p>\n<p style=\"text-align: justify;\">\u201cEs una l\u00e1stima que durante tantos a\u00f1os se hayan hecho las cosas a pasar, pero seguimos pensando que hay que trabajar por la prestaci\u00f3n de servicios de calidad e invertir en prevenci\u00f3n. En pocos meses, los vecinos y vecinas de las Casas Baratas y del muelle dejar\u00e1n de sufrir estas aver\u00edas, porque adem\u00e1s de solucionar el problema pondremos los medios para que no se repita. Son trabajos m\u00e1s caros y m\u00e1s complejos, pero esta es la forma de trabajar que merece Mugardos\u201d finaliz\u00f3 Kuntz, recordando que una vez finalizados los trabajos en el muelle, se abordar\u00e1 la aver\u00eda de las Casas Baratas y se trabajar\u00e1 a destajo para la localizaci\u00f3n del punto exacto en el que se encuentra la derivaci\u00f3n da\u00f1ada.<\/p>\n","protected":false},"excerpt":{"rendered":"<p>La Concejal\u00eda de Obras, Servicios y Medio Ambiente trabaja ya en el arreglo definitivo de las aver\u00edas que, de manera recurrente y desde hace a\u00f1os, afectan al alumbrado p\u00fablico del muelle mugard\u00e9s y de las Casas Baratas. El concejal Jorge Kuntz expuso hoy de manera pormenorizada el problema existente tanto en el muelle como en [&hellip;]<\/p>\n","protected":false},"author":4,"featured_media":9356,"comment_status":"closed","ping_status":"closed","sticky":false,"template":"","format":"standard","meta":[],"categories":[12,36],"tags":[],"yoast_head":"<!-- This site is optimized with the Yoast SEO plugin v18.9 - https:\/\/yoast.com\/wordpress\/plugins\/seo\/ -->\n<title>EL AYUNTAMIENTO TRABAJA PARA ACABAR CON LAS AVER\u00cdAS EN EL ALUMBRADO P\u00daBLICO EN EL MUELLE Y EN LAS CASAS BARATAS - Concello de Mugardos<\/title>\n<meta name=\"robots\" content=\"index, follow, max-snippet:-1, max-image-preview:large, max-video-preview:-1\" \/>\n<link rel=\"canonical\" href=\"https:\/\/mugardos.gal\/es\/el-ayuntamiento-trabaja-para-acabar-con-las-averias-en-el-alumbrado-publico-en-el-muelle-y-en-las-casas-baratas\/\" \/>\n<meta property=\"og:locale\" content=\"es_ES\" \/>\n<meta property=\"og:type\" content=\"article\" \/>\n<meta property=\"og:title\" content=\"EL AYUNTAMIENTO TRABAJA PARA ACABAR CON LAS AVER\u00cdAS EN EL ALUMBRADO P\u00daBLICO EN EL MUELLE Y EN LAS CASAS BARATAS - Concello de Mugardos\" \/>\n<meta property=\"og:description\" content=\"La Concejal\u00eda de Obras, Servicios y Medio Ambiente trabaja ya en el arreglo definitivo de las aver\u00edas que, de manera recurrente y desde hace a\u00f1os, afectan al alumbrado p\u00fablico del muelle mugard\u00e9s y de las Casas Baratas. El concejal Jorge Kuntz expuso hoy de manera pormenorizada el problema existente tanto en el muelle como en [&hellip;]\" \/>\n<meta property=\"og:url\" content=\"https:\/\/mugardos.gal\/es\/el-ayuntamiento-trabaja-para-acabar-con-las-averias-en-el-alumbrado-publico-en-el-muelle-y-en-las-casas-baratas\/\" \/>\n<meta property=\"og:site_name\" content=\"Concello de Mugardos\" \/>\n<meta property=\"article:published_time\" content=\"2020-08-17T10:26:49+00:00\" \/>\n<meta property=\"article:modified_time\" content=\"2020-08-17T14:09:17+00:00\" \/>\n<meta property=\"og:image\" content=\"https:\/\/mugardos.gal\/wp-content\/uploads\/2020\/08\/Arranxo-avar\u00eda-alumeado-peirao.jpeg\" \/>\n\t<meta property=\"og:image:width\" content=\"1600\" \/>\n\t<meta property=\"og:image:height\" content=\"1201\" \/>\n\t<meta property=\"og:image:type\" content=\"image\/jpeg\" \/>\n<meta name=\"twitter:card\" content=\"summary_large_image\" \/>\n<meta name=\"twitter:label1\" content=\"Escrito por\" \/>\n\t<meta name=\"twitter:data1\" content=\"soporte_MUGARDOS\" \/>\n\t<meta name=\"twitter:label2\" content=\"Tiempo de lectura\" \/>\n\t<meta name=\"twitter:data2\" content=\"2 minutos\" \/>\n<script type=\"application\/ld+json\" class=\"yoast-schema-graph\">{\"@context\":\"https:\/\/schema.org\",\"@graph\":[{\"@type\":\"WebSite\",\"@id\":\"https:\/\/mugardos.gal\/#website\",\"url\":\"https:\/\/mugardos.gal\/\",\"name\":\"Concello de Mugardos\",\"description\":\"\",\"potentialAction\":[{\"@type\":\"SearchAction\",\"target\":{\"@type\":\"EntryPoint\",\"urlTemplate\":\"https:\/\/mugardos.gal\/?s={search_term_string}\"},\"query-input\":\"required name=search_term_string\"}],\"inLanguage\":\"es\"},{\"@type\":\"ImageObject\",\"inLanguage\":\"es\",\"@id\":\"https:\/\/mugardos.gal\/es\/el-ayuntamiento-trabaja-para-acabar-con-las-averias-en-el-alumbrado-publico-en-el-muelle-y-en-las-casas-baratas\/#primaryimage\",\"url\":\"https:\/\/mugardos.gal\/wp-content\/uploads\/2020\/08\/Arranxo-avar\u00eda-alumeado-peirao.jpeg\",\"contentUrl\":\"https:\/\/mugardos.gal\/wp-content\/uploads\/2020\/08\/Arranxo-avar\u00eda-alumeado-peirao.jpeg\",\"width\":1600,\"height\":1201},{\"@type\":\"WebPage\",\"@id\":\"https:\/\/mugardos.gal\/es\/el-ayuntamiento-trabaja-para-acabar-con-las-averias-en-el-alumbrado-publico-en-el-muelle-y-en-las-casas-baratas\/#webpage\",\"url\":\"https:\/\/mugardos.gal\/es\/el-ayuntamiento-trabaja-para-acabar-con-las-averias-en-el-alumbrado-publico-en-el-muelle-y-en-las-casas-baratas\/\",\"name\":\"EL AYUNTAMIENTO TRABAJA PARA ACABAR CON LAS AVER\u00cdAS EN EL ALUMBRADO P\u00daBLICO EN EL MUELLE Y EN LAS CASAS BARATAS - Concello de Mugardos\",\"isPartOf\":{\"@id\":\"https:\/\/mugardos.gal\/#website\"},\"primaryImageOfPage\":{\"@id\":\"https:\/\/mugardos.gal\/es\/el-ayuntamiento-trabaja-para-acabar-con-las-averias-en-el-alumbrado-publico-en-el-muelle-y-en-las-casas-baratas\/#primaryimage\"},\"datePublished\":\"2020-08-17T10:26:49+00:00\",\"dateModified\":\"2020-08-17T14:09:17+00:00\",\"author\":{\"@id\":\"https:\/\/mugardos.gal\/#\/schema\/person\/719cd20866185308d16992f11a158154\"},\"breadcrumb\":{\"@id\":\"https:\/\/mugardos.gal\/es\/el-ayuntamiento-trabaja-para-acabar-con-las-averias-en-el-alumbrado-publico-en-el-muelle-y-en-las-casas-baratas\/#breadcrumb\"},\"inLanguage\":\"es\",\"potentialAction\":[{\"@type\":\"ReadAction\",\"target\":[\"https:\/\/mugardos.gal\/es\/el-ayuntamiento-trabaja-para-acabar-con-las-averias-en-el-alumbrado-publico-en-el-muelle-y-en-las-casas-baratas\/\"]}]},{\"@type\":\"BreadcrumbList\",\"@id\":\"https:\/\/mugardos.gal\/es\/el-ayuntamiento-trabaja-para-acabar-con-las-averias-en-el-alumbrado-publico-en-el-muelle-y-en-las-casas-baratas\/#breadcrumb\",\"itemListElement\":[{\"@type\":\"ListItem\",\"position\":1,\"name\":\"Portada\",\"item\":\"https:\/\/mugardos.gal\/es\/\"},{\"@type\":\"ListItem\",\"position\":2,\"name\":\"EL AYUNTAMIENTO TRABAJA PARA ACABAR CON LAS AVER\u00cdAS EN EL ALUMBRADO P\u00daBLICO EN EL MUELLE Y EN LAS CASAS BARATAS\"}]},{\"@type\":\"Person\",\"@id\":\"https:\/\/mugardos.gal\/#\/schema\/person\/719cd20866185308d16992f11a158154\",\"name\":\"soporte_MUGARDOS\",\"url\":\"https:\/\/mugardos.gal\/es\/author\/soporte_mugardos\/\"}]}<\/script>\n<!-- \/ Yoast SEO plugin. -->","yoast_head_json":{"title":"EL AYUNTAMIENTO TRABAJA PARA ACABAR CON LAS AVER\u00cdAS EN EL ALUMBRADO P\u00daBLICO EN EL MUELLE Y EN LAS CASAS BARATAS - Concello de Mugardos","robots":{"index":"index","follow":"follow","max-snippet":"max-snippet:-1","max-image-preview":"max-image-preview:large","max-video-preview":"max-video-preview:-1"},"canonical":"https:\/\/mugardos.gal\/es\/el-ayuntamiento-trabaja-para-acabar-con-las-averias-en-el-alumbrado-publico-en-el-muelle-y-en-las-casas-baratas\/","og_locale":"es_ES","og_type":"article","og_title":"EL AYUNTAMIENTO TRABAJA PARA ACABAR CON LAS AVER\u00cdAS EN EL ALUMBRADO P\u00daBLICO EN EL MUELLE Y EN LAS CASAS BARATAS - Concello de Mugardos","og_description":"La Concejal\u00eda de Obras, Servicios y Medio Ambiente trabaja ya en el arreglo definitivo de las aver\u00edas que, de manera recurrente y desde hace a\u00f1os, afectan al alumbrado p\u00fablico del muelle mugard\u00e9s y de las Casas Baratas. El concejal Jorge Kuntz expuso hoy de manera pormenorizada el problema existente tanto en el muelle como en [&hellip;]","og_url":"https:\/\/mugardos.gal\/es\/el-ayuntamiento-trabaja-para-acabar-con-las-averias-en-el-alumbrado-publico-en-el-muelle-y-en-las-casas-baratas\/","og_site_name":"Concello de Mugardos","article_published_time":"2020-08-17T10:26:49+00:00","article_modified_time":"2020-08-17T14:09:17+00:00","og_image":[{"width":1600,"height":1201,"url":"https:\/\/mugardos.gal\/wp-content\/uploads\/2020\/08\/Arranxo-avar\u00eda-alumeado-peirao.jpeg","type":"image\/jpeg"}],"twitter_card":"summary_large_image","twitter_misc":{"Escrito por":"soporte_MUGARDOS","Tiempo de lectura":"2 minutos"},"schema":{"@context":"https:\/\/schema.org","@graph":[{"@type":"WebSite","@id":"https:\/\/mugardos.gal\/#website","url":"https:\/\/mugardos.gal\/","name":"Concello de Mugardos","description":"","potentialAction":[{"@type":"SearchAction","target":{"@type":"EntryPoint","urlTemplate":"https:\/\/mugardos.gal\/?s={search_term_string}"},"query-input":"required name=search_term_string"}],"inLanguage":"es"},{"@type":"ImageObject","inLanguage":"es","@id":"https:\/\/mugardos.gal\/es\/el-ayuntamiento-trabaja-para-acabar-con-las-averias-en-el-alumbrado-publico-en-el-muelle-y-en-las-casas-baratas\/#primaryimage","url":"https:\/\/mugardos.gal\/wp-content\/uploads\/2020\/08\/Arranxo-avar\u00eda-alumeado-peirao.jpeg","contentUrl":"https:\/\/mugardos.gal\/wp-content\/uploads\/2020\/08\/Arranxo-avar\u00eda-alumeado-peirao.jpeg","width":1600,"height":1201},{"@type":"WebPage","@id":"https:\/\/mugardos.gal\/es\/el-ayuntamiento-trabaja-para-acabar-con-las-averias-en-el-alumbrado-publico-en-el-muelle-y-en-las-casas-baratas\/#webpage","url":"https:\/\/mugardos.gal\/es\/el-ayuntamiento-trabaja-para-acabar-con-las-averias-en-el-alumbrado-publico-en-el-muelle-y-en-las-casas-baratas\/","name":"EL AYUNTAMIENTO TRABAJA PARA ACABAR CON LAS AVER\u00cdAS EN EL ALUMBRADO P\u00daBLICO EN EL MUELLE Y EN LAS CASAS BARATAS - Concello de Mugardos","isPartOf":{"@id":"https:\/\/mugardos.gal\/#website"},"primaryImageOfPage":{"@id":"https:\/\/mugardos.gal\/es\/el-ayuntamiento-trabaja-para-acabar-con-las-averias-en-el-alumbrado-publico-en-el-muelle-y-en-las-casas-baratas\/#primaryimage"},"datePublished":"2020-08-17T10:26:49+00:00","dateModified":"2020-08-17T14:09:17+00:00","author":{"@id":"https:\/\/mugardos.gal\/#\/schema\/person\/719cd20866185308d16992f11a158154"},"breadcrumb":{"@id":"https:\/\/mugardos.gal\/es\/el-ayuntamiento-trabaja-para-acabar-con-las-averias-en-el-alumbrado-publico-en-el-muelle-y-en-las-casas-baratas\/#breadcrumb"},"inLanguage":"es","potentialAction":[{"@type":"ReadAction","target":["https:\/\/mugardos.gal\/es\/el-ayuntamiento-trabaja-para-acabar-con-las-averias-en-el-alumbrado-publico-en-el-muelle-y-en-las-casas-baratas\/"]}]},{"@type":"BreadcrumbList","@id":"https:\/\/mugardos.gal\/es\/el-ayuntamiento-trabaja-para-acabar-con-las-averias-en-el-alumbrado-publico-en-el-muelle-y-en-las-casas-baratas\/#breadcrumb","itemListElement":[{"@type":"ListItem","position":1,"name":"Portada","item":"https:\/\/mugardos.gal\/es\/"},{"@type":"ListItem","position":2,"name":"EL AYUNTAMIENTO TRABAJA PARA ACABAR CON LAS AVER\u00cdAS EN EL ALUMBRADO P\u00daBLICO EN EL MUELLE Y EN LAS CASAS BARATAS"}]},{"@type":"Person","@id":"https:\/\/mugardos.gal\/#\/schema\/person\/719cd20866185308d16992f11a158154","name":"soporte_MUGARDOS","url":"https:\/\/mugardos.gal\/es\/author\/soporte_mugardos\/"}]}},"_links":{"self":[{"href":"https:\/\/mugardos.gal\/es\/wp-json\/wp\/v2\/posts\/9362"}],"collection":[{"href":"https:\/\/mugardos.gal\/es\/wp-json\/wp\/v2\/posts"}],"about":[{"href":"https:\/\/mugardos.gal\/es\/wp-json\/wp\/v2\/types\/post"}],"author":[{"embeddable":true,"href":"https:\/\/mugardos.gal\/es\/wp-json\/wp\/v2\/users\/4"}],"replies":[{"embeddable":true,"href":"https:\/\/mugardos.gal\/es\/wp-json\/wp\/v2\/comments?post=9362"}],"version-history":[{"count":0,"href":"https:\/\/mugardos.gal\/es\/wp-json\/wp\/v2\/posts\/9362\/revisions"}],"wp:featuredmedia":[{"embeddable":true,"href":"https:\/\/mugardos.gal\/es\/wp-json\/wp\/v2\/media\/9356"}],"wp:attachment":[{"href":"https:\/\/mugardos.gal\/es\/wp-json\/wp\/v2\/media?parent=9362"}],"wp:term":[{"taxonomy":"category","embeddable":true,"href":"https:\/\/mugardos.gal\/es\/wp-json\/wp\/v2\/categories?post=9362"},{"taxonomy":"post_tag","embeddable":true,"href":"https:\/\/mugardos.gal\/es\/wp-json\/wp\/v2\/tags?post=9362"}],"curies":[{"name":"wp","href":"https:\/\/api.w.org\/{rel}","templated":true}]}}