{"id":9145,"date":"2020-07-30T11:16:42","date_gmt":"2020-07-30T09:16:42","guid":{"rendered":"https:\/\/mugardos.gal\/publicada-la-primera-convocatoria-de-las-ayudas-de-educacion-y-transporte-para-el-curso-2020-2021\/"},"modified":"2020-07-30T11:16:42","modified_gmt":"2020-07-30T09:16:42","slug":"publicada-la-primera-convocatoria-de-las-ayudas-de-educacion-y-transporte-para-el-curso-2020-2021","status":"publish","type":"post","link":"https:\/\/mugardos.gal\/es\/publicada-la-primera-convocatoria-de-las-ayudas-de-educacion-y-transporte-para-el-curso-2020-2021\/","title":{"rendered":"PUBLICADA LA PRIMERA CONVOCATORIA DE LAS AYUDAS DE EDUCACI\u00d3N Y TRANSPORTE PARA El CURSO 2020-2021"},"content":{"rendered":"<p style=\"text-align: justify;\">La Concejal\u00eda de Servicios Sociales informa del inicio del plazo de presentaci\u00f3n de solicitudes para la primera convocatoria de las ayudas de educaci\u00f3n y transporte el pr\u00f3ximo d\u00eda 1 de agosto.<\/p>\n<p style=\"text-align: justify;\">El objeto de estas ayudas es favorecer la escolarizaci\u00f3n p\u00fablica y formaci\u00f3n universitaria en las familias con menos recursos econ\u00f3micos del ayuntamiento.<\/p>\n<p style=\"text-align: justify;\">La ayuda para ense\u00f1anza, cuyo importe depende del nivel de renta de las familias solicitantes, va desde los 20 hasta los 250\u20ac, y la ayuda para transporte escolar para el curso 2020\/2021 es de 200 euros por alumno\/a que cumpla los requisitos y que el centro educativo en el que curse estudios est\u00e9 fuera del Ayuntamiento de Mugardos y no est\u00e9 ubicado en los ayuntamientos integrantes del \u00e1rea de transporte metropolitano de Ferrol.<\/p>\n<p style=\"text-align: justify;\">La solicitud se presentar\u00e1 en el registro general del ayuntamiento, de lunes a viernes en horario de 9.00 a 14.00 horas o a trav\u00e9s de la sede electr\u00f3nica \u00a0<a href=\"https:\/\/sede.concellodemugardos.gal\/opencms\/gl\/\">https:\/\/sede.concellodemugardos.gal\/opencms\/gl\/<\/a>.<\/p>\n<p style=\"text-align: justify;\">La concejala Ana Varela quiso destacar que las ayudas, gestionadas por su departamento, son desarrolladas en colaboraci\u00f3n con la Concejal\u00eda de Educaci\u00f3n, y anim\u00f3 a todas las familias mugardesas a solicitarlas \u201cen un momento en el que cobra especial relevancia la colaboraci\u00f3n de las administraciones con las familias para paliar los da\u00f1os de la crisis sanitaria y econ\u00f3mica, el Ayuntamiento de Mugardos est\u00e1 aqu\u00ed para ayudar a qui\u00e9n lo necesite. Debemos proteger el acceso de todos y todas en igualdad de condiciones a la educaci\u00f3n\u201d.<\/p>\n<div id=\"contenedor\" class=\"textarea unknown\" style=\"text-align: justify;\">En los siguientes enlaces puede accederse a las bases que regulan estas ayudas y a la solicitud de las mismas que deber\u00e1 ser registrada, debidamente cubierta, junto con la documentaci\u00f3n requerida:<\/div>\n<p style=\"text-align: justify;\"><img loading=\"lazy\" class=\"alignnone wp-image-581\" src=\"https:\/\/mugardos.gal\/wp-content\/uploads\/2020\/03\/pdf.png\" alt=\"\" width=\"40\" height=\"40\" \/><a href=\"https:\/\/mugardos.gal\/wp-content\/uploads\/2020\/07\/Convocatoria-das-axudas-de-ensino-e-transporte-2020.2021.doc_1040737007.pdf\">IR AL ENLACE\u00a0 Bases que regulan la convocatoria para la concesi\u00f3n de ayudas para\u00a0 educaci\u00f3n y transporte curso 2020-2021<\/a><\/p>\n<p style=\"text-align: justify;\"><img loading=\"lazy\" class=\"alignnone wp-image-581\" src=\"https:\/\/mugardos.gal\/wp-content\/uploads\/2020\/03\/pdf.png\" alt=\"\" width=\"40\" height=\"40\" \/><a href=\"https:\/\/mugardos.gal\/wp-content\/uploads\/2020\/07\/Solicitud-axudas-de-ensino-e-transporte-2020.2021.pdf\">IR AL ENLACE Solicitud de ayudas para educaci\u00f3n y transporte curso 2020-2021 (1\u00ba convocatoria)<\/a><\/p>\n","protected":false},"excerpt":{"rendered":"<p>La Concejal\u00eda de Servicios Sociales informa del inicio del plazo de presentaci\u00f3n de solicitudes para la primera convocatoria de las ayudas de educaci\u00f3n y transporte el pr\u00f3ximo d\u00eda 1 de agosto. El objeto de estas ayudas es favorecer la escolarizaci\u00f3n p\u00fablica y formaci\u00f3n universitaria en las familias con menos recursos econ\u00f3micos del ayuntamiento. La ayuda [&hellip;]<\/p>\n","protected":false},"author":4,"featured_media":244,"comment_status":"closed","ping_status":"closed","sticky":false,"template":"","format":"standard","meta":[],"categories":[47,52,53,12],"tags":[],"yoast_head":"<!-- This site is optimized with the Yoast SEO plugin v18.9 - https:\/\/yoast.com\/wordpress\/plugins\/seo\/ -->\n<title>PUBLICADA LA PRIMERA CONVOCATORIA DE LAS AYUDAS DE EDUCACI\u00d3N Y TRANSPORTE PARA El CURSO 2020-2021 - Concello de Mugardos<\/title>\n<meta name=\"robots\" content=\"index, follow, max-snippet:-1, max-image-preview:large, max-video-preview:-1\" \/>\n<link rel=\"canonical\" href=\"https:\/\/mugardos.gal\/es\/publicada-la-primera-convocatoria-de-las-ayudas-de-educacion-y-transporte-para-el-curso-2020-2021\/\" \/>\n<meta property=\"og:locale\" content=\"es_ES\" \/>\n<meta property=\"og:type\" content=\"article\" \/>\n<meta property=\"og:title\" content=\"PUBLICADA LA PRIMERA CONVOCATORIA DE LAS AYUDAS DE EDUCACI\u00d3N Y TRANSPORTE PARA El CURSO 2020-2021 - Concello de Mugardos\" \/>\n<meta property=\"og:description\" content=\"La Concejal\u00eda de Servicios Sociales informa del inicio del plazo de presentaci\u00f3n de solicitudes para la primera convocatoria de las ayudas de educaci\u00f3n y transporte el pr\u00f3ximo d\u00eda 1 de agosto. El objeto de estas ayudas es favorecer la escolarizaci\u00f3n p\u00fablica y formaci\u00f3n universitaria en las familias con menos recursos econ\u00f3micos del ayuntamiento. La ayuda [&hellip;]\" \/>\n<meta property=\"og:url\" content=\"https:\/\/mugardos.gal\/es\/publicada-la-primera-convocatoria-de-las-ayudas-de-educacion-y-transporte-para-el-curso-2020-2021\/\" \/>\n<meta property=\"og:site_name\" content=\"Concello de Mugardos\" \/>\n<meta property=\"article:published_time\" content=\"2020-07-30T09:16:42+00:00\" \/>\n<meta property=\"og:image\" content=\"https:\/\/mugardos.gal\/wp-content\/uploads\/2020\/03\/Casa-do-Concello.jpg\" \/>\n\t<meta property=\"og:image:width\" content=\"466\" \/>\n\t<meta property=\"og:image:height\" content=\"426\" \/>\n\t<meta property=\"og:image:type\" content=\"image\/jpeg\" \/>\n<meta name=\"twitter:card\" content=\"summary_large_image\" \/>\n<meta name=\"twitter:label1\" content=\"Escrito por\" \/>\n\t<meta name=\"twitter:data1\" content=\"soporte_MUGARDOS\" \/>\n\t<meta name=\"twitter:label2\" content=\"Tiempo de lectura\" \/>\n\t<meta name=\"twitter:data2\" content=\"2 minutos\" \/>\n<script type=\"application\/ld+json\" class=\"yoast-schema-graph\">{\"@context\":\"https:\/\/schema.org\",\"@graph\":[{\"@type\":\"WebSite\",\"@id\":\"https:\/\/mugardos.gal\/#website\",\"url\":\"https:\/\/mugardos.gal\/\",\"name\":\"Concello de Mugardos\",\"description\":\"\",\"potentialAction\":[{\"@type\":\"SearchAction\",\"target\":{\"@type\":\"EntryPoint\",\"urlTemplate\":\"https:\/\/mugardos.gal\/?s={search_term_string}\"},\"query-input\":\"required name=search_term_string\"}],\"inLanguage\":\"es\"},{\"@type\":\"ImageObject\",\"inLanguage\":\"es\",\"@id\":\"https:\/\/mugardos.gal\/es\/publicada-la-primera-convocatoria-de-las-ayudas-de-educacion-y-transporte-para-el-curso-2020-2021\/#primaryimage\",\"url\":\"https:\/\/mugardos.gal\/wp-content\/uploads\/2020\/03\/Casa-do-Concello.jpg\",\"contentUrl\":\"https:\/\/mugardos.gal\/wp-content\/uploads\/2020\/03\/Casa-do-Concello.jpg\",\"width\":466,\"height\":426},{\"@type\":\"WebPage\",\"@id\":\"https:\/\/mugardos.gal\/es\/publicada-la-primera-convocatoria-de-las-ayudas-de-educacion-y-transporte-para-el-curso-2020-2021\/#webpage\",\"url\":\"https:\/\/mugardos.gal\/es\/publicada-la-primera-convocatoria-de-las-ayudas-de-educacion-y-transporte-para-el-curso-2020-2021\/\",\"name\":\"PUBLICADA LA PRIMERA CONVOCATORIA DE LAS AYUDAS DE EDUCACI\u00d3N Y TRANSPORTE PARA El CURSO 2020-2021 - Concello de Mugardos\",\"isPartOf\":{\"@id\":\"https:\/\/mugardos.gal\/#website\"},\"primaryImageOfPage\":{\"@id\":\"https:\/\/mugardos.gal\/es\/publicada-la-primera-convocatoria-de-las-ayudas-de-educacion-y-transporte-para-el-curso-2020-2021\/#primaryimage\"},\"datePublished\":\"2020-07-30T09:16:42+00:00\",\"dateModified\":\"2020-07-30T09:16:42+00:00\",\"author\":{\"@id\":\"https:\/\/mugardos.gal\/#\/schema\/person\/719cd20866185308d16992f11a158154\"},\"breadcrumb\":{\"@id\":\"https:\/\/mugardos.gal\/es\/publicada-la-primera-convocatoria-de-las-ayudas-de-educacion-y-transporte-para-el-curso-2020-2021\/#breadcrumb\"},\"inLanguage\":\"es\",\"potentialAction\":[{\"@type\":\"ReadAction\",\"target\":[\"https:\/\/mugardos.gal\/es\/publicada-la-primera-convocatoria-de-las-ayudas-de-educacion-y-transporte-para-el-curso-2020-2021\/\"]}]},{\"@type\":\"BreadcrumbList\",\"@id\":\"https:\/\/mugardos.gal\/es\/publicada-la-primera-convocatoria-de-las-ayudas-de-educacion-y-transporte-para-el-curso-2020-2021\/#breadcrumb\",\"itemListElement\":[{\"@type\":\"ListItem\",\"position\":1,\"name\":\"Portada\",\"item\":\"https:\/\/mugardos.gal\/es\/\"},{\"@type\":\"ListItem\",\"position\":2,\"name\":\"PUBLICADA LA PRIMERA CONVOCATORIA DE LAS AYUDAS DE EDUCACI\u00d3N Y TRANSPORTE PARA El CURSO 2020-2021\"}]},{\"@type\":\"Person\",\"@id\":\"https:\/\/mugardos.gal\/#\/schema\/person\/719cd20866185308d16992f11a158154\",\"name\":\"soporte_MUGARDOS\",\"url\":\"https:\/\/mugardos.gal\/es\/author\/soporte_mugardos\/\"}]}<\/script>\n<!-- \/ Yoast SEO plugin. -->","yoast_head_json":{"title":"PUBLICADA LA PRIMERA CONVOCATORIA DE LAS AYUDAS DE EDUCACI\u00d3N Y TRANSPORTE PARA El CURSO 2020-2021 - Concello de Mugardos","robots":{"index":"index","follow":"follow","max-snippet":"max-snippet:-1","max-image-preview":"max-image-preview:large","max-video-preview":"max-video-preview:-1"},"canonical":"https:\/\/mugardos.gal\/es\/publicada-la-primera-convocatoria-de-las-ayudas-de-educacion-y-transporte-para-el-curso-2020-2021\/","og_locale":"es_ES","og_type":"article","og_title":"PUBLICADA LA PRIMERA CONVOCATORIA DE LAS AYUDAS DE EDUCACI\u00d3N Y TRANSPORTE PARA El CURSO 2020-2021 - Concello de Mugardos","og_description":"La Concejal\u00eda de Servicios Sociales informa del inicio del plazo de presentaci\u00f3n de solicitudes para la primera convocatoria de las ayudas de educaci\u00f3n y transporte el pr\u00f3ximo d\u00eda 1 de agosto. El objeto de estas ayudas es favorecer la escolarizaci\u00f3n p\u00fablica y formaci\u00f3n universitaria en las familias con menos recursos econ\u00f3micos del ayuntamiento. La ayuda [&hellip;]","og_url":"https:\/\/mugardos.gal\/es\/publicada-la-primera-convocatoria-de-las-ayudas-de-educacion-y-transporte-para-el-curso-2020-2021\/","og_site_name":"Concello de Mugardos","article_published_time":"2020-07-30T09:16:42+00:00","og_image":[{"width":466,"height":426,"url":"https:\/\/mugardos.gal\/wp-content\/uploads\/2020\/03\/Casa-do-Concello.jpg","type":"image\/jpeg"}],"twitter_card":"summary_large_image","twitter_misc":{"Escrito por":"soporte_MUGARDOS","Tiempo de lectura":"2 minutos"},"schema":{"@context":"https:\/\/schema.org","@graph":[{"@type":"WebSite","@id":"https:\/\/mugardos.gal\/#website","url":"https:\/\/mugardos.gal\/","name":"Concello de Mugardos","description":"","potentialAction":[{"@type":"SearchAction","target":{"@type":"EntryPoint","urlTemplate":"https:\/\/mugardos.gal\/?s={search_term_string}"},"query-input":"required name=search_term_string"}],"inLanguage":"es"},{"@type":"ImageObject","inLanguage":"es","@id":"https:\/\/mugardos.gal\/es\/publicada-la-primera-convocatoria-de-las-ayudas-de-educacion-y-transporte-para-el-curso-2020-2021\/#primaryimage","url":"https:\/\/mugardos.gal\/wp-content\/uploads\/2020\/03\/Casa-do-Concello.jpg","contentUrl":"https:\/\/mugardos.gal\/wp-content\/uploads\/2020\/03\/Casa-do-Concello.jpg","width":466,"height":426},{"@type":"WebPage","@id":"https:\/\/mugardos.gal\/es\/publicada-la-primera-convocatoria-de-las-ayudas-de-educacion-y-transporte-para-el-curso-2020-2021\/#webpage","url":"https:\/\/mugardos.gal\/es\/publicada-la-primera-convocatoria-de-las-ayudas-de-educacion-y-transporte-para-el-curso-2020-2021\/","name":"PUBLICADA LA PRIMERA CONVOCATORIA DE LAS AYUDAS DE EDUCACI\u00d3N Y TRANSPORTE PARA El CURSO 2020-2021 - Concello de Mugardos","isPartOf":{"@id":"https:\/\/mugardos.gal\/#website"},"primaryImageOfPage":{"@id":"https:\/\/mugardos.gal\/es\/publicada-la-primera-convocatoria-de-las-ayudas-de-educacion-y-transporte-para-el-curso-2020-2021\/#primaryimage"},"datePublished":"2020-07-30T09:16:42+00:00","dateModified":"2020-07-30T09:16:42+00:00","author":{"@id":"https:\/\/mugardos.gal\/#\/schema\/person\/719cd20866185308d16992f11a158154"},"breadcrumb":{"@id":"https:\/\/mugardos.gal\/es\/publicada-la-primera-convocatoria-de-las-ayudas-de-educacion-y-transporte-para-el-curso-2020-2021\/#breadcrumb"},"inLanguage":"es","potentialAction":[{"@type":"ReadAction","target":["https:\/\/mugardos.gal\/es\/publicada-la-primera-convocatoria-de-las-ayudas-de-educacion-y-transporte-para-el-curso-2020-2021\/"]}]},{"@type":"BreadcrumbList","@id":"https:\/\/mugardos.gal\/es\/publicada-la-primera-convocatoria-de-las-ayudas-de-educacion-y-transporte-para-el-curso-2020-2021\/#breadcrumb","itemListElement":[{"@type":"ListItem","position":1,"name":"Portada","item":"https:\/\/mugardos.gal\/es\/"},{"@type":"ListItem","position":2,"name":"PUBLICADA LA PRIMERA CONVOCATORIA DE LAS AYUDAS DE EDUCACI\u00d3N Y TRANSPORTE PARA El CURSO 2020-2021"}]},{"@type":"Person","@id":"https:\/\/mugardos.gal\/#\/schema\/person\/719cd20866185308d16992f11a158154","name":"soporte_MUGARDOS","url":"https:\/\/mugardos.gal\/es\/author\/soporte_mugardos\/"}]}},"_links":{"self":[{"href":"https:\/\/mugardos.gal\/es\/wp-json\/wp\/v2\/posts\/9145"}],"collection":[{"href":"https:\/\/mugardos.gal\/es\/wp-json\/wp\/v2\/posts"}],"about":[{"href":"https:\/\/mugardos.gal\/es\/wp-json\/wp\/v2\/types\/post"}],"author":[{"embeddable":true,"href":"https:\/\/mugardos.gal\/es\/wp-json\/wp\/v2\/users\/4"}],"replies":[{"embeddable":true,"href":"https:\/\/mugardos.gal\/es\/wp-json\/wp\/v2\/comments?post=9145"}],"version-history":[{"count":0,"href":"https:\/\/mugardos.gal\/es\/wp-json\/wp\/v2\/posts\/9145\/revisions"}],"wp:featuredmedia":[{"embeddable":true,"href":"https:\/\/mugardos.gal\/es\/wp-json\/wp\/v2\/media\/244"}],"wp:attachment":[{"href":"https:\/\/mugardos.gal\/es\/wp-json\/wp\/v2\/media?parent=9145"}],"wp:term":[{"taxonomy":"category","embeddable":true,"href":"https:\/\/mugardos.gal\/es\/wp-json\/wp\/v2\/categories?post=9145"},{"taxonomy":"post_tag","embeddable":true,"href":"https:\/\/mugardos.gal\/es\/wp-json\/wp\/v2\/tags?post=9145"}],"curies":[{"name":"wp","href":"https:\/\/api.w.org\/{rel}","templated":true}]}}