{"id":9123,"date":"2020-07-29T11:31:19","date_gmt":"2020-07-29T09:31:19","guid":{"rendered":"https:\/\/mugardos.gal\/?p=9123"},"modified":"2020-08-03T12:13:09","modified_gmt":"2020-08-03T10:13:09","slug":"los-fines-de-semana-de-agosto-se-llenan-de-magia-circo-estrellas-y-musica-en-mugardos","status":"publish","type":"post","link":"https:\/\/mugardos.gal\/es\/los-fines-de-semana-de-agosto-se-llenan-de-magia-circo-estrellas-y-musica-en-mugardos\/","title":{"rendered":"LOS FINES DE SEMANA DE AGOSTO SE LLENAN DE MAGIA, CIRCO, ESTRELLAS Y M\u00daSICA EN MUGARDOS"},"content":{"rendered":"<p>[vc_row][vc_column][vc_column_text]\n<p style=\"text-align: justify;\">La Concejal\u00eda de Cultura ha presentado la programaci\u00f3n de actividades para el mes de agosto, en la que la m\u00fasica y la diversi\u00f3n para toda la familia est\u00e1n asegurados.<\/p>\n<p style=\"text-align: justify;\">Las actividades arrancan el fin de semana del 8 y el 9 de agosto en la Plaza del Ayuntamiento. El s\u00e1bado y el domingo a las 20.30 horas se podr\u00e1 disfrutar de \u201cRogelio un payaso en recuperaci\u00f3n\u201d y \u201cCirco Chosco-Forzu2\u201d respectivamente. El primero es un espect\u00e1culo de circo y clown para todos los p\u00fablicos en el que el p\u00fablico es un elemento m\u00e1s del espect\u00e1culo, y el segundo \u201cCirco Chosco-Forzu2\u201d, tambi\u00e9n es para todos los p\u00fablicos y llenar\u00e1 la plaza de humor y risas con un espect\u00e1culo con espectaculares acrobacias y malabares.<\/p>\n<p style=\"text-align: justify;\">Las actividades del siguiente fin de semana dar\u00e1n comienzo el s\u00e1bado 15 con el grupo de m\u00fasica \u201cFanfarria Taquikardia\u201d que recorrer\u00e1 las calles de Mugardos desde las 22.00 horas con su espect\u00e1culo de m\u00fasica festiva y un repertorio \u201ctaquik\u00e1rdico\u201d. A La misma hora, en el Centro de Interpretaci\u00f3n de Caldoval, se celebrar\u00e1 una nueva edici\u00f3n de la actividad para todos los p\u00fablicos de la \u201cIII Noche de Estrellas en Caldoval\u201d, que consiste en la observaci\u00f3n astron\u00f3mica realizada en el exterior del Centro de Interpretaci\u00f3n de la mano de Ant\u00f3n Bouzas, bi\u00f3logo, paisajista y experto en astronom\u00eda cultural. Se trata de una actividad con aforo limitado y que requiere de inscripci\u00f3n previa.<\/p>\n<p style=\"text-align: justify;\">El domingo 16 de agosto ser\u00e1 el turno de Dani Garc\u00eda con el espect\u00e1culo \u201cDon Gelati\u201d. Magia y teatro gestual pensado para un p\u00fablico infantil que dar\u00e1 comienzo a las 20.30 horas en la Plaza del Ayuntamiento.<\/p>\n<p style=\"text-align: justify;\">La programaci\u00f3n municipal finaliza el 22 de agosto, en la que los amantes de la caligraf\u00eda tendr\u00e1n ocasi\u00f3n de disfrutar del taller especial de escritura romana \u201cArs\u00a0 Scribendi\u201d, dirigido tanto a peque\u00f1os como a p\u00fablico adulto que quiera indagar en las t\u00e9cnicas empleadas en la antigua Roma para escribir. Podr\u00e1n usar materiales como los c\u00e1llamelos o los papiros, para imitar las tipograf\u00edas de la \u00e9poca, en horario de ma\u00f1ana y de tarde, a las 11.30 y a las 17.30 horas. Cuenta con plazas limitadas y ser\u00e1 necesario inscribirse previamente.<\/p>\n<p style=\"text-align: justify;\">A la misma hora, en el Casino Mugard\u00e9s a partir de las 22.00 horas y durante dos horas ininterrumpidas, Gallaecia Big Band interpretar\u00e1 sobre el escenario m\u00fasica de calidad, mezclada con una historia de mucho humor, en un viaje a los tiempos de las grandes Big Bands de forma amena y con escenas de humor.<\/p>\n<p style=\"text-align: justify;\">Desde la concejal\u00eda se recuerda que a lo largo de todo el mes de agosto, en el Caldoval contin\u00faan las actividades habituales durante toda la temporada estival. Las visitas guiadas vienen realiz\u00e1ndose de jueves a domingo a las 10.30, 12.30, 16.30 y 18.30 horas. Por otra parte, el juego de pistas de \u201cLas 12 pruebas de Caldoval\u201d, que introduce al p\u00fablico infantil los contenidos del centro de una forma m\u00e1s l\u00fadica, es posible realizarlo en cualquier momento en el horario de apertura del centro (de martes a domingo, de 10.30 a 14.30 y de 16.30 a 20.00 horas).<\/p>\n<p style=\"text-align: justify;\">Asimismo, la oferta de 5 talleres diferentes orientados al p\u00fablico infantil se realiza de jueves a domingo, a las 11.30 y a las 17.30 horas bajo reserva previa, por el aforo limitado a 8 participantes por taller. La novedad de este verano, el taller \u201cPeque\u00f1os investigadores\u201d est\u00e1 teniendo una grande acogida. Los m\u00e1s peques se sumergen en los mitos de los principales dioses de Grecia y Roma para resolver un enigma, a trav\u00e9s de una investigaci\u00f3n en las antiguas bibliotecas de P\u00e9rgamo y Ulpia.<\/p>\n<p style=\"text-align: justify;\">La inscripci\u00f3n en las diferentes actividades del Centro de interpretaci\u00f3n de Caldoval podr\u00e1 realizarse a trav\u00e9s del correo electr\u00f3nico info@museocaldoval.gal o en el tel\u00e9fono 687 072 116 (en horario de apertura del centro). Este a\u00f1o es imprescindible la reserva previa para todas las actividades, excepto para \u201cLas 12 pruebas de Caldoval\u201d y las visitas guiadas, aunque para las visitas es recomendable.<\/p>\n<p style=\"text-align: justify;\">Bego\u00f1a\u00a0 Rold\u00f3s subray\u00f3 que las actividades programadas para este verano tienen como destinatarios principales los m\u00e1s peque\u00f1os de la casa, ya que son ellos\u00a0 quienes menos posibilidades est\u00e1n teniendo este a\u00f1o de asistir a eventos y lugares de ocio \u201cEste a\u00f1o, y debido a las circunstancias especiales, en las que el propio ayuntamiento tuvo que suspender programas de ocio infantil, decidimos centrar nuestra programaci\u00f3n cultural en los ni\u00f1os y ni\u00f1as, pero como ya pas\u00f3 con los espect\u00e1culos programados en julio, tenemos constancia de que tambi\u00e9n los mayores est\u00e1n disfrutando de este tipo de espect\u00e1culos para toda la familia\u201d.<\/p>\n<p style=\"text-align: justify;\">La concejala agradeci\u00f3 tambi\u00e9n la colaboraci\u00f3n de otras administraciones en la organizaci\u00f3n de las actividades programadas en la Plaza del Ayuntamiento, pertenecientes al programa Cultura en el Camino promovido por Gadis, Marca Galicia, Xacobeo 2021 y Xunta de Galicia.\u00a0 Gallaecia Big Band por su parte, es un espect\u00e1culo perteneciente a la Red Cultural de la Diputaci\u00f3n de A Coru\u00f1a.<\/p>\n<p>[\/vc_column_text][\/vc_column][\/vc_row][vc_row][vc_column][vc_images_carousel images=\u00bb9109,9111,9113,9115,9117,9121,9107&#8243; img_size=\u00bbfull\u00bb][\/vc_column][\/vc_row][vc_row][vc_column width=\u00bb1\/4&#8243;][vc_single_image image=\u00bb9162&#8243; img_size=\u00bbfull\u00bb][\/vc_column][vc_column width=\u00bb1\/4&#8243;][vc_single_image image=\u00bb9160&#8243; img_size=\u00bbfull\u00bb][\/vc_column][vc_column width=\u00bb1\/4&#8243;][vc_single_image image=\u00bb9158&#8243; img_size=\u00bbfull\u00bb][\/vc_column][vc_column width=\u00bb1\/4&#8243;][vc_single_image image=\u00bb9164&#8243; img_size=\u00bbfull\u00bb][\/vc_column][\/vc_row]\n","protected":false},"excerpt":{"rendered":"<p>[vc_row][vc_column][vc_column_text] La Concejal\u00eda de Cultura ha presentado la programaci\u00f3n de actividades para el mes de agosto, en la que la m\u00fasica y la diversi\u00f3n para toda la familia est\u00e1n asegurados. Las actividades arrancan el fin de semana del 8 y el 9 de agosto en la Plaza del Ayuntamiento. El s\u00e1bado y el domingo a [&hellip;]<\/p>\n","protected":false},"author":4,"featured_media":9107,"comment_status":"closed","ping_status":"closed","sticky":false,"template":"","format":"standard","meta":[],"categories":[50,52,12],"tags":[],"yoast_head":"<!-- This site is optimized with the Yoast SEO plugin v18.9 - https:\/\/yoast.com\/wordpress\/plugins\/seo\/ -->\n<title>LOS FINES DE SEMANA DE AGOSTO SE LLENAN DE MAGIA, CIRCO, ESTRELLAS Y M\u00daSICA EN MUGARDOS - Concello de Mugardos<\/title>\n<meta name=\"robots\" content=\"index, follow, max-snippet:-1, max-image-preview:large, max-video-preview:-1\" \/>\n<link rel=\"canonical\" href=\"https:\/\/mugardos.gal\/es\/los-fines-de-semana-de-agosto-se-llenan-de-magia-circo-estrellas-y-musica-en-mugardos\/\" \/>\n<meta property=\"og:locale\" content=\"es_ES\" \/>\n<meta property=\"og:type\" content=\"article\" \/>\n<meta property=\"og:title\" content=\"LOS FINES DE SEMANA DE AGOSTO SE LLENAN DE MAGIA, CIRCO, ESTRELLAS Y M\u00daSICA EN MUGARDOS - Concello de Mugardos\" \/>\n<meta property=\"og:description\" content=\"[vc_row][vc_column][vc_column_text] La Concejal\u00eda de Cultura ha presentado la programaci\u00f3n de actividades para el mes de agosto, en la que la m\u00fasica y la diversi\u00f3n para toda la familia est\u00e1n asegurados. Las actividades arrancan el fin de semana del 8 y el 9 de agosto en la Plaza del Ayuntamiento. El s\u00e1bado y el domingo a [&hellip;]\" \/>\n<meta property=\"og:url\" content=\"https:\/\/mugardos.gal\/es\/los-fines-de-semana-de-agosto-se-llenan-de-magia-circo-estrellas-y-musica-en-mugardos\/\" \/>\n<meta property=\"og:site_name\" content=\"Concello de Mugardos\" \/>\n<meta property=\"article:published_time\" content=\"2020-07-29T09:31:19+00:00\" \/>\n<meta property=\"article:modified_time\" content=\"2020-08-03T10:13:09+00:00\" \/>\n<meta property=\"og:image\" content=\"https:\/\/mugardos.gal\/wp-content\/uploads\/2020\/07\/Programaci\u00f3n-Agosto-cartel-scaled.jpg\" \/>\n\t<meta property=\"og:image:width\" content=\"1810\" \/>\n\t<meta property=\"og:image:height\" content=\"2560\" \/>\n\t<meta property=\"og:image:type\" content=\"image\/jpeg\" \/>\n<meta name=\"twitter:card\" content=\"summary_large_image\" \/>\n<meta name=\"twitter:label1\" content=\"Escrito por\" \/>\n\t<meta name=\"twitter:data1\" content=\"soporte_MUGARDOS\" \/>\n\t<meta name=\"twitter:label2\" content=\"Tiempo de lectura\" \/>\n\t<meta name=\"twitter:data2\" content=\"5 minutos\" \/>\n<script type=\"application\/ld+json\" class=\"yoast-schema-graph\">{\"@context\":\"https:\/\/schema.org\",\"@graph\":[{\"@type\":\"WebSite\",\"@id\":\"https:\/\/mugardos.gal\/#website\",\"url\":\"https:\/\/mugardos.gal\/\",\"name\":\"Concello de Mugardos\",\"description\":\"\",\"potentialAction\":[{\"@type\":\"SearchAction\",\"target\":{\"@type\":\"EntryPoint\",\"urlTemplate\":\"https:\/\/mugardos.gal\/?s={search_term_string}\"},\"query-input\":\"required name=search_term_string\"}],\"inLanguage\":\"es\"},{\"@type\":\"ImageObject\",\"inLanguage\":\"es\",\"@id\":\"https:\/\/mugardos.gal\/es\/los-fines-de-semana-de-agosto-se-llenan-de-magia-circo-estrellas-y-musica-en-mugardos\/#primaryimage\",\"url\":\"https:\/\/mugardos.gal\/wp-content\/uploads\/2020\/07\/Programaci\u00f3n-Agosto-cartel-scaled.jpg\",\"contentUrl\":\"https:\/\/mugardos.gal\/wp-content\/uploads\/2020\/07\/Programaci\u00f3n-Agosto-cartel-scaled.jpg\",\"width\":1810,\"height\":2560},{\"@type\":\"WebPage\",\"@id\":\"https:\/\/mugardos.gal\/es\/los-fines-de-semana-de-agosto-se-llenan-de-magia-circo-estrellas-y-musica-en-mugardos\/#webpage\",\"url\":\"https:\/\/mugardos.gal\/es\/los-fines-de-semana-de-agosto-se-llenan-de-magia-circo-estrellas-y-musica-en-mugardos\/\",\"name\":\"LOS FINES DE SEMANA DE AGOSTO SE LLENAN DE MAGIA, CIRCO, ESTRELLAS Y M\u00daSICA EN MUGARDOS - Concello de Mugardos\",\"isPartOf\":{\"@id\":\"https:\/\/mugardos.gal\/#website\"},\"primaryImageOfPage\":{\"@id\":\"https:\/\/mugardos.gal\/es\/los-fines-de-semana-de-agosto-se-llenan-de-magia-circo-estrellas-y-musica-en-mugardos\/#primaryimage\"},\"datePublished\":\"2020-07-29T09:31:19+00:00\",\"dateModified\":\"2020-08-03T10:13:09+00:00\",\"author\":{\"@id\":\"https:\/\/mugardos.gal\/#\/schema\/person\/719cd20866185308d16992f11a158154\"},\"breadcrumb\":{\"@id\":\"https:\/\/mugardos.gal\/es\/los-fines-de-semana-de-agosto-se-llenan-de-magia-circo-estrellas-y-musica-en-mugardos\/#breadcrumb\"},\"inLanguage\":\"es\",\"potentialAction\":[{\"@type\":\"ReadAction\",\"target\":[\"https:\/\/mugardos.gal\/es\/los-fines-de-semana-de-agosto-se-llenan-de-magia-circo-estrellas-y-musica-en-mugardos\/\"]}]},{\"@type\":\"BreadcrumbList\",\"@id\":\"https:\/\/mugardos.gal\/es\/los-fines-de-semana-de-agosto-se-llenan-de-magia-circo-estrellas-y-musica-en-mugardos\/#breadcrumb\",\"itemListElement\":[{\"@type\":\"ListItem\",\"position\":1,\"name\":\"Portada\",\"item\":\"https:\/\/mugardos.gal\/es\/\"},{\"@type\":\"ListItem\",\"position\":2,\"name\":\"LOS FINES DE SEMANA DE AGOSTO SE LLENAN DE MAGIA, CIRCO, ESTRELLAS Y M\u00daSICA EN MUGARDOS\"}]},{\"@type\":\"Person\",\"@id\":\"https:\/\/mugardos.gal\/#\/schema\/person\/719cd20866185308d16992f11a158154\",\"name\":\"soporte_MUGARDOS\",\"url\":\"https:\/\/mugardos.gal\/es\/author\/soporte_mugardos\/\"}]}<\/script>\n<!-- \/ Yoast SEO plugin. -->","yoast_head_json":{"title":"LOS FINES DE SEMANA DE AGOSTO SE LLENAN DE MAGIA, CIRCO, ESTRELLAS Y M\u00daSICA EN MUGARDOS - Concello de Mugardos","robots":{"index":"index","follow":"follow","max-snippet":"max-snippet:-1","max-image-preview":"max-image-preview:large","max-video-preview":"max-video-preview:-1"},"canonical":"https:\/\/mugardos.gal\/es\/los-fines-de-semana-de-agosto-se-llenan-de-magia-circo-estrellas-y-musica-en-mugardos\/","og_locale":"es_ES","og_type":"article","og_title":"LOS FINES DE SEMANA DE AGOSTO SE LLENAN DE MAGIA, CIRCO, ESTRELLAS Y M\u00daSICA EN MUGARDOS - Concello de Mugardos","og_description":"[vc_row][vc_column][vc_column_text] La Concejal\u00eda de Cultura ha presentado la programaci\u00f3n de actividades para el mes de agosto, en la que la m\u00fasica y la diversi\u00f3n para toda la familia est\u00e1n asegurados. Las actividades arrancan el fin de semana del 8 y el 9 de agosto en la Plaza del Ayuntamiento. El s\u00e1bado y el domingo a [&hellip;]","og_url":"https:\/\/mugardos.gal\/es\/los-fines-de-semana-de-agosto-se-llenan-de-magia-circo-estrellas-y-musica-en-mugardos\/","og_site_name":"Concello de Mugardos","article_published_time":"2020-07-29T09:31:19+00:00","article_modified_time":"2020-08-03T10:13:09+00:00","og_image":[{"width":1810,"height":2560,"url":"https:\/\/mugardos.gal\/wp-content\/uploads\/2020\/07\/Programaci\u00f3n-Agosto-cartel-scaled.jpg","type":"image\/jpeg"}],"twitter_card":"summary_large_image","twitter_misc":{"Escrito por":"soporte_MUGARDOS","Tiempo de lectura":"5 minutos"},"schema":{"@context":"https:\/\/schema.org","@graph":[{"@type":"WebSite","@id":"https:\/\/mugardos.gal\/#website","url":"https:\/\/mugardos.gal\/","name":"Concello de Mugardos","description":"","potentialAction":[{"@type":"SearchAction","target":{"@type":"EntryPoint","urlTemplate":"https:\/\/mugardos.gal\/?s={search_term_string}"},"query-input":"required name=search_term_string"}],"inLanguage":"es"},{"@type":"ImageObject","inLanguage":"es","@id":"https:\/\/mugardos.gal\/es\/los-fines-de-semana-de-agosto-se-llenan-de-magia-circo-estrellas-y-musica-en-mugardos\/#primaryimage","url":"https:\/\/mugardos.gal\/wp-content\/uploads\/2020\/07\/Programaci\u00f3n-Agosto-cartel-scaled.jpg","contentUrl":"https:\/\/mugardos.gal\/wp-content\/uploads\/2020\/07\/Programaci\u00f3n-Agosto-cartel-scaled.jpg","width":1810,"height":2560},{"@type":"WebPage","@id":"https:\/\/mugardos.gal\/es\/los-fines-de-semana-de-agosto-se-llenan-de-magia-circo-estrellas-y-musica-en-mugardos\/#webpage","url":"https:\/\/mugardos.gal\/es\/los-fines-de-semana-de-agosto-se-llenan-de-magia-circo-estrellas-y-musica-en-mugardos\/","name":"LOS FINES DE SEMANA DE AGOSTO SE LLENAN DE MAGIA, CIRCO, ESTRELLAS Y M\u00daSICA EN MUGARDOS - Concello de Mugardos","isPartOf":{"@id":"https:\/\/mugardos.gal\/#website"},"primaryImageOfPage":{"@id":"https:\/\/mugardos.gal\/es\/los-fines-de-semana-de-agosto-se-llenan-de-magia-circo-estrellas-y-musica-en-mugardos\/#primaryimage"},"datePublished":"2020-07-29T09:31:19+00:00","dateModified":"2020-08-03T10:13:09+00:00","author":{"@id":"https:\/\/mugardos.gal\/#\/schema\/person\/719cd20866185308d16992f11a158154"},"breadcrumb":{"@id":"https:\/\/mugardos.gal\/es\/los-fines-de-semana-de-agosto-se-llenan-de-magia-circo-estrellas-y-musica-en-mugardos\/#breadcrumb"},"inLanguage":"es","potentialAction":[{"@type":"ReadAction","target":["https:\/\/mugardos.gal\/es\/los-fines-de-semana-de-agosto-se-llenan-de-magia-circo-estrellas-y-musica-en-mugardos\/"]}]},{"@type":"BreadcrumbList","@id":"https:\/\/mugardos.gal\/es\/los-fines-de-semana-de-agosto-se-llenan-de-magia-circo-estrellas-y-musica-en-mugardos\/#breadcrumb","itemListElement":[{"@type":"ListItem","position":1,"name":"Portada","item":"https:\/\/mugardos.gal\/es\/"},{"@type":"ListItem","position":2,"name":"LOS FINES DE SEMANA DE AGOSTO SE LLENAN DE MAGIA, CIRCO, ESTRELLAS Y M\u00daSICA EN MUGARDOS"}]},{"@type":"Person","@id":"https:\/\/mugardos.gal\/#\/schema\/person\/719cd20866185308d16992f11a158154","name":"soporte_MUGARDOS","url":"https:\/\/mugardos.gal\/es\/author\/soporte_mugardos\/"}]}},"_links":{"self":[{"href":"https:\/\/mugardos.gal\/es\/wp-json\/wp\/v2\/posts\/9123"}],"collection":[{"href":"https:\/\/mugardos.gal\/es\/wp-json\/wp\/v2\/posts"}],"about":[{"href":"https:\/\/mugardos.gal\/es\/wp-json\/wp\/v2\/types\/post"}],"author":[{"embeddable":true,"href":"https:\/\/mugardos.gal\/es\/wp-json\/wp\/v2\/users\/4"}],"replies":[{"embeddable":true,"href":"https:\/\/mugardos.gal\/es\/wp-json\/wp\/v2\/comments?post=9123"}],"version-history":[{"count":0,"href":"https:\/\/mugardos.gal\/es\/wp-json\/wp\/v2\/posts\/9123\/revisions"}],"wp:featuredmedia":[{"embeddable":true,"href":"https:\/\/mugardos.gal\/es\/wp-json\/wp\/v2\/media\/9107"}],"wp:attachment":[{"href":"https:\/\/mugardos.gal\/es\/wp-json\/wp\/v2\/media?parent=9123"}],"wp:term":[{"taxonomy":"category","embeddable":true,"href":"https:\/\/mugardos.gal\/es\/wp-json\/wp\/v2\/categories?post=9123"},{"taxonomy":"post_tag","embeddable":true,"href":"https:\/\/mugardos.gal\/es\/wp-json\/wp\/v2\/tags?post=9123"}],"curies":[{"name":"wp","href":"https:\/\/api.w.org\/{rel}","templated":true}]}}