{"id":9059,"date":"2020-07-28T11:37:04","date_gmt":"2020-07-28T09:37:04","guid":{"rendered":"https:\/\/mugardos.gal\/la-concejalia-de-bienestar-celebra-el-cumpleanos-con-los-mugardeses-y-mugardesas-centenarios-y-sus-familias\/"},"modified":"2020-07-30T08:44:38","modified_gmt":"2020-07-30T06:44:38","slug":"la-concejalia-de-bienestar-celebra-el-cumpleanos-con-los-mugardeses-y-mugardesas-centenarios-y-sus-familias","status":"publish","type":"post","link":"https:\/\/mugardos.gal\/es\/la-concejalia-de-bienestar-celebra-el-cumpleanos-con-los-mugardeses-y-mugardesas-centenarios-y-sus-familias\/","title":{"rendered":"LA CONCEJAL\u00cdA DE BIENESTAR CELEBRA EL CUMPLEA\u00d1OS CON LOS MUGARDESES Y MUGARDESAS CENTENARIOS Y SUS FAMILIAS"},"content":{"rendered":"<p>[vc_row][vc_column][vc_column_text]\n<p style=\"text-align: justify;\">La concejala de Bienestar Ana Varela informa de la iniciativa del gobierno municipal de realizar un homenaje a los vecinos y vecinas que llegan a los 100 a\u00f1os, con la entrega de una placa y una peque\u00f1a celebraci\u00f3n.<\/p>\n<p style=\"text-align: justify;\">La iniciativa se decidi\u00f3 consolidar tras el \u00e9xito del homenaje la pasada semana del centenario de la vecina Esperanza Rabina Y\u00e1\u00f1ez, a la que el alcalde y la concejala de Bienestar visitaron para trasladarle las felicitaciones de toda la corporaci\u00f3n municipal y hacerle entrega de una placa conmemorativa del aniversario y de un ramo de flores. En el mes de marzo ya se hab\u00eda hecho un homenaje similar a Juana Dopico Gandoy, vecina de O Seixo que cumpl\u00eda 106 a\u00f1os, la mugardesa m\u00e1s longeva.<\/p>\n<p style=\"text-align: justify;\">Por este motivo, el gobierno municipal acord\u00f3 que las familias que deseen que desde la concejal\u00eda se organice esta peque\u00f1a visita-homenaje a los vecinos y vecinas centenarios, pueden ponerse en contacto con el departamento de Servicios Sociales llamando por tel\u00e9fono al 981 470 290 (extensi\u00f3n #2017) o a trav\u00e9s del correo electr\u00f3nico de la concejala ana.varela@mugardos.gal<\/p>\n<p style=\"text-align: justify;\">La concejala subray\u00f3 lo emotivo de estos actos sencillos y entra\u00f1ables tanto para los mayores c\u00f3mo para sus familias, y por supuesto para los propios miembros del gobierno \u201cNo podemos dejar pasar la oportunidad de poner en valor a las personas que con su trabajo y su lucha nos trajeron hasta aqu\u00ed. Hombres y mujeres que sacaron adelante sus familias y que hoy merecen celebrar por todo o alto que tienen un siglo de experiencia, pero sobre todo tienen nuestro cari\u00f1o y respeto\u201d.<\/p>\n<p>[\/vc_column_text][\/vc_column][\/vc_row][vc_row][vc_column][vc_images_carousel images=\u00bb9057,9055&#8243; img_size=\u00bbfull\u00bb speed=\u00bb4000&#8243; autoplay=\u00bbyes\u00bb wrap=\u00bbyes\u00bb][\/vc_column][\/vc_row]\n","protected":false},"excerpt":{"rendered":"<p>[vc_row][vc_column][vc_column_text] La concejala de Bienestar Ana Varela informa de la iniciativa del gobierno municipal de realizar un homenaje a los vecinos y vecinas que llegan a los 100 a\u00f1os, con la entrega de una placa y una peque\u00f1a celebraci\u00f3n. La iniciativa se decidi\u00f3 consolidar tras el \u00e9xito del homenaje la pasada semana del centenario de [&hellip;]<\/p>\n","protected":false},"author":4,"featured_media":9055,"comment_status":"closed","ping_status":"closed","sticky":false,"template":"","format":"standard","meta":[],"categories":[47,12],"tags":[],"yoast_head":"<!-- This site is optimized with the Yoast SEO plugin v18.9 - https:\/\/yoast.com\/wordpress\/plugins\/seo\/ -->\n<title>LA CONCEJAL\u00cdA DE BIENESTAR CELEBRA EL CUMPLEA\u00d1OS CON LOS MUGARDESES Y MUGARDESAS CENTENARIOS Y SUS FAMILIAS - Concello de Mugardos<\/title>\n<meta name=\"robots\" content=\"index, follow, max-snippet:-1, max-image-preview:large, max-video-preview:-1\" \/>\n<link rel=\"canonical\" href=\"https:\/\/mugardos.gal\/es\/la-concejalia-de-bienestar-celebra-el-cumpleanos-con-los-mugardeses-y-mugardesas-centenarios-y-sus-familias\/\" \/>\n<meta property=\"og:locale\" content=\"es_ES\" \/>\n<meta property=\"og:type\" content=\"article\" \/>\n<meta property=\"og:title\" content=\"LA CONCEJAL\u00cdA DE BIENESTAR CELEBRA EL CUMPLEA\u00d1OS CON LOS MUGARDESES Y MUGARDESAS CENTENARIOS Y SUS FAMILIAS - Concello de Mugardos\" \/>\n<meta property=\"og:description\" content=\"[vc_row][vc_column][vc_column_text] La concejala de Bienestar Ana Varela informa de la iniciativa del gobierno municipal de realizar un homenaje a los vecinos y vecinas que llegan a los 100 a\u00f1os, con la entrega de una placa y una peque\u00f1a celebraci\u00f3n. La iniciativa se decidi\u00f3 consolidar tras el \u00e9xito del homenaje la pasada semana del centenario de [&hellip;]\" \/>\n<meta property=\"og:url\" content=\"https:\/\/mugardos.gal\/es\/la-concejalia-de-bienestar-celebra-el-cumpleanos-con-los-mugardeses-y-mugardesas-centenarios-y-sus-familias\/\" \/>\n<meta property=\"og:site_name\" content=\"Concello de Mugardos\" \/>\n<meta property=\"article:published_time\" content=\"2020-07-28T09:37:04+00:00\" \/>\n<meta property=\"article:modified_time\" content=\"2020-07-30T06:44:38+00:00\" \/>\n<meta property=\"og:image\" content=\"https:\/\/mugardos.gal\/wp-content\/uploads\/2020\/07\/aniversario-Esperanza-Rabina-Y\u00e1\u00f1ez.jpg\" \/>\n\t<meta property=\"og:image:width\" content=\"693\" \/>\n\t<meta property=\"og:image:height\" content=\"960\" \/>\n\t<meta property=\"og:image:type\" content=\"image\/jpeg\" \/>\n<meta name=\"twitter:card\" content=\"summary_large_image\" \/>\n<meta name=\"twitter:label1\" content=\"Escrito por\" \/>\n\t<meta name=\"twitter:data1\" content=\"soporte_MUGARDOS\" \/>\n\t<meta name=\"twitter:label2\" content=\"Tiempo de lectura\" \/>\n\t<meta name=\"twitter:data2\" content=\"2 minutos\" \/>\n<script type=\"application\/ld+json\" class=\"yoast-schema-graph\">{\"@context\":\"https:\/\/schema.org\",\"@graph\":[{\"@type\":\"WebSite\",\"@id\":\"https:\/\/mugardos.gal\/#website\",\"url\":\"https:\/\/mugardos.gal\/\",\"name\":\"Concello de Mugardos\",\"description\":\"\",\"potentialAction\":[{\"@type\":\"SearchAction\",\"target\":{\"@type\":\"EntryPoint\",\"urlTemplate\":\"https:\/\/mugardos.gal\/?s={search_term_string}\"},\"query-input\":\"required name=search_term_string\"}],\"inLanguage\":\"es\"},{\"@type\":\"ImageObject\",\"inLanguage\":\"es\",\"@id\":\"https:\/\/mugardos.gal\/es\/la-concejalia-de-bienestar-celebra-el-cumpleanos-con-los-mugardeses-y-mugardesas-centenarios-y-sus-familias\/#primaryimage\",\"url\":\"https:\/\/mugardos.gal\/wp-content\/uploads\/2020\/07\/aniversario-Esperanza-Rabina-Y\u00e1\u00f1ez.jpg\",\"contentUrl\":\"https:\/\/mugardos.gal\/wp-content\/uploads\/2020\/07\/aniversario-Esperanza-Rabina-Y\u00e1\u00f1ez.jpg\",\"width\":693,\"height\":960},{\"@type\":\"WebPage\",\"@id\":\"https:\/\/mugardos.gal\/es\/la-concejalia-de-bienestar-celebra-el-cumpleanos-con-los-mugardeses-y-mugardesas-centenarios-y-sus-familias\/#webpage\",\"url\":\"https:\/\/mugardos.gal\/es\/la-concejalia-de-bienestar-celebra-el-cumpleanos-con-los-mugardeses-y-mugardesas-centenarios-y-sus-familias\/\",\"name\":\"LA CONCEJAL\u00cdA DE BIENESTAR CELEBRA EL CUMPLEA\u00d1OS CON LOS MUGARDESES Y MUGARDESAS CENTENARIOS Y SUS FAMILIAS - Concello de Mugardos\",\"isPartOf\":{\"@id\":\"https:\/\/mugardos.gal\/#website\"},\"primaryImageOfPage\":{\"@id\":\"https:\/\/mugardos.gal\/es\/la-concejalia-de-bienestar-celebra-el-cumpleanos-con-los-mugardeses-y-mugardesas-centenarios-y-sus-familias\/#primaryimage\"},\"datePublished\":\"2020-07-28T09:37:04+00:00\",\"dateModified\":\"2020-07-30T06:44:38+00:00\",\"author\":{\"@id\":\"https:\/\/mugardos.gal\/#\/schema\/person\/719cd20866185308d16992f11a158154\"},\"breadcrumb\":{\"@id\":\"https:\/\/mugardos.gal\/es\/la-concejalia-de-bienestar-celebra-el-cumpleanos-con-los-mugardeses-y-mugardesas-centenarios-y-sus-familias\/#breadcrumb\"},\"inLanguage\":\"es\",\"potentialAction\":[{\"@type\":\"ReadAction\",\"target\":[\"https:\/\/mugardos.gal\/es\/la-concejalia-de-bienestar-celebra-el-cumpleanos-con-los-mugardeses-y-mugardesas-centenarios-y-sus-familias\/\"]}]},{\"@type\":\"BreadcrumbList\",\"@id\":\"https:\/\/mugardos.gal\/es\/la-concejalia-de-bienestar-celebra-el-cumpleanos-con-los-mugardeses-y-mugardesas-centenarios-y-sus-familias\/#breadcrumb\",\"itemListElement\":[{\"@type\":\"ListItem\",\"position\":1,\"name\":\"Portada\",\"item\":\"https:\/\/mugardos.gal\/es\/\"},{\"@type\":\"ListItem\",\"position\":2,\"name\":\"LA CONCEJAL\u00cdA DE BIENESTAR CELEBRA EL CUMPLEA\u00d1OS CON LOS MUGARDESES Y MUGARDESAS CENTENARIOS Y SUS FAMILIAS\"}]},{\"@type\":\"Person\",\"@id\":\"https:\/\/mugardos.gal\/#\/schema\/person\/719cd20866185308d16992f11a158154\",\"name\":\"soporte_MUGARDOS\",\"url\":\"https:\/\/mugardos.gal\/es\/author\/soporte_mugardos\/\"}]}<\/script>\n<!-- \/ Yoast SEO plugin. -->","yoast_head_json":{"title":"LA CONCEJAL\u00cdA DE BIENESTAR CELEBRA EL CUMPLEA\u00d1OS CON LOS MUGARDESES Y MUGARDESAS CENTENARIOS Y SUS FAMILIAS - Concello de Mugardos","robots":{"index":"index","follow":"follow","max-snippet":"max-snippet:-1","max-image-preview":"max-image-preview:large","max-video-preview":"max-video-preview:-1"},"canonical":"https:\/\/mugardos.gal\/es\/la-concejalia-de-bienestar-celebra-el-cumpleanos-con-los-mugardeses-y-mugardesas-centenarios-y-sus-familias\/","og_locale":"es_ES","og_type":"article","og_title":"LA CONCEJAL\u00cdA DE BIENESTAR CELEBRA EL CUMPLEA\u00d1OS CON LOS MUGARDESES Y MUGARDESAS CENTENARIOS Y SUS FAMILIAS - Concello de Mugardos","og_description":"[vc_row][vc_column][vc_column_text] La concejala de Bienestar Ana Varela informa de la iniciativa del gobierno municipal de realizar un homenaje a los vecinos y vecinas que llegan a los 100 a\u00f1os, con la entrega de una placa y una peque\u00f1a celebraci\u00f3n. La iniciativa se decidi\u00f3 consolidar tras el \u00e9xito del homenaje la pasada semana del centenario de [&hellip;]","og_url":"https:\/\/mugardos.gal\/es\/la-concejalia-de-bienestar-celebra-el-cumpleanos-con-los-mugardeses-y-mugardesas-centenarios-y-sus-familias\/","og_site_name":"Concello de Mugardos","article_published_time":"2020-07-28T09:37:04+00:00","article_modified_time":"2020-07-30T06:44:38+00:00","og_image":[{"width":693,"height":960,"url":"https:\/\/mugardos.gal\/wp-content\/uploads\/2020\/07\/aniversario-Esperanza-Rabina-Y\u00e1\u00f1ez.jpg","type":"image\/jpeg"}],"twitter_card":"summary_large_image","twitter_misc":{"Escrito por":"soporte_MUGARDOS","Tiempo de lectura":"2 minutos"},"schema":{"@context":"https:\/\/schema.org","@graph":[{"@type":"WebSite","@id":"https:\/\/mugardos.gal\/#website","url":"https:\/\/mugardos.gal\/","name":"Concello de Mugardos","description":"","potentialAction":[{"@type":"SearchAction","target":{"@type":"EntryPoint","urlTemplate":"https:\/\/mugardos.gal\/?s={search_term_string}"},"query-input":"required name=search_term_string"}],"inLanguage":"es"},{"@type":"ImageObject","inLanguage":"es","@id":"https:\/\/mugardos.gal\/es\/la-concejalia-de-bienestar-celebra-el-cumpleanos-con-los-mugardeses-y-mugardesas-centenarios-y-sus-familias\/#primaryimage","url":"https:\/\/mugardos.gal\/wp-content\/uploads\/2020\/07\/aniversario-Esperanza-Rabina-Y\u00e1\u00f1ez.jpg","contentUrl":"https:\/\/mugardos.gal\/wp-content\/uploads\/2020\/07\/aniversario-Esperanza-Rabina-Y\u00e1\u00f1ez.jpg","width":693,"height":960},{"@type":"WebPage","@id":"https:\/\/mugardos.gal\/es\/la-concejalia-de-bienestar-celebra-el-cumpleanos-con-los-mugardeses-y-mugardesas-centenarios-y-sus-familias\/#webpage","url":"https:\/\/mugardos.gal\/es\/la-concejalia-de-bienestar-celebra-el-cumpleanos-con-los-mugardeses-y-mugardesas-centenarios-y-sus-familias\/","name":"LA CONCEJAL\u00cdA DE BIENESTAR CELEBRA EL CUMPLEA\u00d1OS CON LOS MUGARDESES Y MUGARDESAS CENTENARIOS Y SUS FAMILIAS - Concello de Mugardos","isPartOf":{"@id":"https:\/\/mugardos.gal\/#website"},"primaryImageOfPage":{"@id":"https:\/\/mugardos.gal\/es\/la-concejalia-de-bienestar-celebra-el-cumpleanos-con-los-mugardeses-y-mugardesas-centenarios-y-sus-familias\/#primaryimage"},"datePublished":"2020-07-28T09:37:04+00:00","dateModified":"2020-07-30T06:44:38+00:00","author":{"@id":"https:\/\/mugardos.gal\/#\/schema\/person\/719cd20866185308d16992f11a158154"},"breadcrumb":{"@id":"https:\/\/mugardos.gal\/es\/la-concejalia-de-bienestar-celebra-el-cumpleanos-con-los-mugardeses-y-mugardesas-centenarios-y-sus-familias\/#breadcrumb"},"inLanguage":"es","potentialAction":[{"@type":"ReadAction","target":["https:\/\/mugardos.gal\/es\/la-concejalia-de-bienestar-celebra-el-cumpleanos-con-los-mugardeses-y-mugardesas-centenarios-y-sus-familias\/"]}]},{"@type":"BreadcrumbList","@id":"https:\/\/mugardos.gal\/es\/la-concejalia-de-bienestar-celebra-el-cumpleanos-con-los-mugardeses-y-mugardesas-centenarios-y-sus-familias\/#breadcrumb","itemListElement":[{"@type":"ListItem","position":1,"name":"Portada","item":"https:\/\/mugardos.gal\/es\/"},{"@type":"ListItem","position":2,"name":"LA CONCEJAL\u00cdA DE BIENESTAR CELEBRA EL CUMPLEA\u00d1OS CON LOS MUGARDESES Y MUGARDESAS CENTENARIOS Y SUS FAMILIAS"}]},{"@type":"Person","@id":"https:\/\/mugardos.gal\/#\/schema\/person\/719cd20866185308d16992f11a158154","name":"soporte_MUGARDOS","url":"https:\/\/mugardos.gal\/es\/author\/soporte_mugardos\/"}]}},"_links":{"self":[{"href":"https:\/\/mugardos.gal\/es\/wp-json\/wp\/v2\/posts\/9059"}],"collection":[{"href":"https:\/\/mugardos.gal\/es\/wp-json\/wp\/v2\/posts"}],"about":[{"href":"https:\/\/mugardos.gal\/es\/wp-json\/wp\/v2\/types\/post"}],"author":[{"embeddable":true,"href":"https:\/\/mugardos.gal\/es\/wp-json\/wp\/v2\/users\/4"}],"replies":[{"embeddable":true,"href":"https:\/\/mugardos.gal\/es\/wp-json\/wp\/v2\/comments?post=9059"}],"version-history":[{"count":0,"href":"https:\/\/mugardos.gal\/es\/wp-json\/wp\/v2\/posts\/9059\/revisions"}],"wp:featuredmedia":[{"embeddable":true,"href":"https:\/\/mugardos.gal\/es\/wp-json\/wp\/v2\/media\/9055"}],"wp:attachment":[{"href":"https:\/\/mugardos.gal\/es\/wp-json\/wp\/v2\/media?parent=9059"}],"wp:term":[{"taxonomy":"category","embeddable":true,"href":"https:\/\/mugardos.gal\/es\/wp-json\/wp\/v2\/categories?post=9059"},{"taxonomy":"post_tag","embeddable":true,"href":"https:\/\/mugardos.gal\/es\/wp-json\/wp\/v2\/tags?post=9059"}],"curies":[{"name":"wp","href":"https:\/\/api.w.org\/{rel}","templated":true}]}}