{"id":8981,"date":"2020-07-20T19:54:44","date_gmt":"2020-07-20T17:54:44","guid":{"rendered":"https:\/\/mugardos.gal\/?p=8981"},"modified":"2020-07-20T19:55:38","modified_gmt":"2020-07-20T17:55:38","slug":"abierto-el-plazo-para-la-solicitud-de-admision-en-la-educacion-para-adultos-en-el-ies-de-mugardos","status":"publish","type":"post","link":"https:\/\/mugardos.gal\/es\/abierto-el-plazo-para-la-solicitud-de-admision-en-la-educacion-para-adultos-en-el-ies-de-mugardos\/","title":{"rendered":"ABIERTO EL PLAZO PARA LA SOLICITUD DE ADMISI\u00d3N EN LA EDUCACI\u00d3N PARA ADULTOS EN EL IES DE MUGARDOS"},"content":{"rendered":"<p style=\"text-align: justify;\">La concejala de educaci\u00f3n Bego\u00f1a Rold\u00f3s informa de que el IES de Mugardos mantiene abierto el plazo de admisi\u00f3n en el programa de educaci\u00f3n para adultos (ESA) que permite la obtenci\u00f3n del t\u00edtulo de graduado de Educaci\u00f3n Secundaria.<\/p>\n<p style=\"text-align: justify;\">La modalidad del programa en el IES de Mugardos es presencial por lo que requiere la asistencia regular a las actividades lectivas. Estas se desarrollan en 20 sesiones semanales, por las tardes, de lunes a jueves, de 16.00 a 20.00 horas. Cuando se acrediten estudios realizados se podr\u00e1n validar seg\u00fan las equivalencias recogidas en la legislaci\u00f3n que regula la ense\u00f1anza de adultos.<\/p>\n<p style=\"text-align: justify;\">Esta formaci\u00f3n va dirigida a personas que deseen obtener el t\u00edtulo de graduado en educaci\u00f3n secundaria obligatoria que sean mayores de 18 a\u00f1os, o cumplidos antes de 31 de diciembre (excepcionalmente pueden acceder personas menores de esa edad que cumplan determinados requerimientos).<\/p>\n<p style=\"text-align: justify;\">La concejala quiso mostrar el apoyo del Ayuntamiento de Mugardos a este programa formativo, ya que \u201cpermite la mejora formativa de los mayores de edad que por el motivo que sea, no pudieron conseguir el t\u00edtulo de graduado de Educaci\u00f3n Secundaria en su momento, ya que la obtenci\u00f3n de esta titulaci\u00f3n puede facilitar la incorporaci\u00f3n al mercado laboral o mejorar en el puesto de trabajo\u201d.<\/p>\n","protected":false},"excerpt":{"rendered":"<p>La concejala de educaci\u00f3n Bego\u00f1a Rold\u00f3s informa de que el IES de Mugardos mantiene abierto el plazo de admisi\u00f3n en el programa de educaci\u00f3n para adultos (ESA) que permite la obtenci\u00f3n del t\u00edtulo de graduado de Educaci\u00f3n Secundaria. La modalidad del programa en el IES de Mugardos es presencial por lo que requiere la asistencia [&hellip;]<\/p>\n","protected":false},"author":4,"featured_media":8977,"comment_status":"closed","ping_status":"closed","sticky":false,"template":"","format":"standard","meta":[],"categories":[52,53,12],"tags":[],"yoast_head":"<!-- This site is optimized with the Yoast SEO plugin v18.9 - https:\/\/yoast.com\/wordpress\/plugins\/seo\/ -->\n<title>ABIERTO EL PLAZO PARA LA SOLICITUD DE ADMISI\u00d3N EN LA EDUCACI\u00d3N PARA ADULTOS EN EL IES DE MUGARDOS - Concello de Mugardos<\/title>\n<meta name=\"robots\" content=\"index, follow, max-snippet:-1, max-image-preview:large, max-video-preview:-1\" \/>\n<link rel=\"canonical\" href=\"https:\/\/mugardos.gal\/es\/abierto-el-plazo-para-la-solicitud-de-admision-en-la-educacion-para-adultos-en-el-ies-de-mugardos\/\" \/>\n<meta property=\"og:locale\" content=\"es_ES\" \/>\n<meta property=\"og:type\" content=\"article\" \/>\n<meta property=\"og:title\" content=\"ABIERTO EL PLAZO PARA LA SOLICITUD DE ADMISI\u00d3N EN LA EDUCACI\u00d3N PARA ADULTOS EN EL IES DE MUGARDOS - Concello de Mugardos\" \/>\n<meta property=\"og:description\" content=\"La concejala de educaci\u00f3n Bego\u00f1a Rold\u00f3s informa de que el IES de Mugardos mantiene abierto el plazo de admisi\u00f3n en el programa de educaci\u00f3n para adultos (ESA) que permite la obtenci\u00f3n del t\u00edtulo de graduado de Educaci\u00f3n Secundaria. La modalidad del programa en el IES de Mugardos es presencial por lo que requiere la asistencia [&hellip;]\" \/>\n<meta property=\"og:url\" content=\"https:\/\/mugardos.gal\/es\/abierto-el-plazo-para-la-solicitud-de-admision-en-la-educacion-para-adultos-en-el-ies-de-mugardos\/\" \/>\n<meta property=\"og:site_name\" content=\"Concello de Mugardos\" \/>\n<meta property=\"article:published_time\" content=\"2020-07-20T17:54:44+00:00\" \/>\n<meta property=\"article:modified_time\" content=\"2020-07-20T17:55:38+00:00\" \/>\n<meta property=\"og:image\" content=\"https:\/\/mugardos.gal\/wp-content\/uploads\/2020\/07\/ESA-IES-2020.png\" \/>\n\t<meta property=\"og:image:width\" content=\"1049\" \/>\n\t<meta property=\"og:image:height\" content=\"780\" \/>\n\t<meta property=\"og:image:type\" content=\"image\/png\" \/>\n<meta name=\"twitter:card\" content=\"summary_large_image\" \/>\n<meta name=\"twitter:label1\" content=\"Escrito por\" \/>\n\t<meta name=\"twitter:data1\" content=\"soporte_MUGARDOS\" \/>\n\t<meta name=\"twitter:label2\" content=\"Tiempo de lectura\" \/>\n\t<meta name=\"twitter:data2\" content=\"1 minuto\" \/>\n<script type=\"application\/ld+json\" class=\"yoast-schema-graph\">{\"@context\":\"https:\/\/schema.org\",\"@graph\":[{\"@type\":\"WebSite\",\"@id\":\"https:\/\/mugardos.gal\/#website\",\"url\":\"https:\/\/mugardos.gal\/\",\"name\":\"Concello de Mugardos\",\"description\":\"\",\"potentialAction\":[{\"@type\":\"SearchAction\",\"target\":{\"@type\":\"EntryPoint\",\"urlTemplate\":\"https:\/\/mugardos.gal\/?s={search_term_string}\"},\"query-input\":\"required name=search_term_string\"}],\"inLanguage\":\"es\"},{\"@type\":\"ImageObject\",\"inLanguage\":\"es\",\"@id\":\"https:\/\/mugardos.gal\/es\/abierto-el-plazo-para-la-solicitud-de-admision-en-la-educacion-para-adultos-en-el-ies-de-mugardos\/#primaryimage\",\"url\":\"https:\/\/mugardos.gal\/wp-content\/uploads\/2020\/07\/ESA-IES-2020.png\",\"contentUrl\":\"https:\/\/mugardos.gal\/wp-content\/uploads\/2020\/07\/ESA-IES-2020.png\",\"width\":1049,\"height\":780},{\"@type\":\"WebPage\",\"@id\":\"https:\/\/mugardos.gal\/es\/abierto-el-plazo-para-la-solicitud-de-admision-en-la-educacion-para-adultos-en-el-ies-de-mugardos\/#webpage\",\"url\":\"https:\/\/mugardos.gal\/es\/abierto-el-plazo-para-la-solicitud-de-admision-en-la-educacion-para-adultos-en-el-ies-de-mugardos\/\",\"name\":\"ABIERTO EL PLAZO PARA LA SOLICITUD DE ADMISI\u00d3N EN LA EDUCACI\u00d3N PARA ADULTOS EN EL IES DE MUGARDOS - Concello de Mugardos\",\"isPartOf\":{\"@id\":\"https:\/\/mugardos.gal\/#website\"},\"primaryImageOfPage\":{\"@id\":\"https:\/\/mugardos.gal\/es\/abierto-el-plazo-para-la-solicitud-de-admision-en-la-educacion-para-adultos-en-el-ies-de-mugardos\/#primaryimage\"},\"datePublished\":\"2020-07-20T17:54:44+00:00\",\"dateModified\":\"2020-07-20T17:55:38+00:00\",\"author\":{\"@id\":\"https:\/\/mugardos.gal\/#\/schema\/person\/719cd20866185308d16992f11a158154\"},\"breadcrumb\":{\"@id\":\"https:\/\/mugardos.gal\/es\/abierto-el-plazo-para-la-solicitud-de-admision-en-la-educacion-para-adultos-en-el-ies-de-mugardos\/#breadcrumb\"},\"inLanguage\":\"es\",\"potentialAction\":[{\"@type\":\"ReadAction\",\"target\":[\"https:\/\/mugardos.gal\/es\/abierto-el-plazo-para-la-solicitud-de-admision-en-la-educacion-para-adultos-en-el-ies-de-mugardos\/\"]}]},{\"@type\":\"BreadcrumbList\",\"@id\":\"https:\/\/mugardos.gal\/es\/abierto-el-plazo-para-la-solicitud-de-admision-en-la-educacion-para-adultos-en-el-ies-de-mugardos\/#breadcrumb\",\"itemListElement\":[{\"@type\":\"ListItem\",\"position\":1,\"name\":\"Portada\",\"item\":\"https:\/\/mugardos.gal\/es\/\"},{\"@type\":\"ListItem\",\"position\":2,\"name\":\"ABIERTO EL PLAZO PARA LA SOLICITUD DE ADMISI\u00d3N EN LA EDUCACI\u00d3N PARA ADULTOS EN EL IES DE MUGARDOS\"}]},{\"@type\":\"Person\",\"@id\":\"https:\/\/mugardos.gal\/#\/schema\/person\/719cd20866185308d16992f11a158154\",\"name\":\"soporte_MUGARDOS\",\"url\":\"https:\/\/mugardos.gal\/es\/author\/soporte_mugardos\/\"}]}<\/script>\n<!-- \/ Yoast SEO plugin. -->","yoast_head_json":{"title":"ABIERTO EL PLAZO PARA LA SOLICITUD DE ADMISI\u00d3N EN LA EDUCACI\u00d3N PARA ADULTOS EN EL IES DE MUGARDOS - Concello de Mugardos","robots":{"index":"index","follow":"follow","max-snippet":"max-snippet:-1","max-image-preview":"max-image-preview:large","max-video-preview":"max-video-preview:-1"},"canonical":"https:\/\/mugardos.gal\/es\/abierto-el-plazo-para-la-solicitud-de-admision-en-la-educacion-para-adultos-en-el-ies-de-mugardos\/","og_locale":"es_ES","og_type":"article","og_title":"ABIERTO EL PLAZO PARA LA SOLICITUD DE ADMISI\u00d3N EN LA EDUCACI\u00d3N PARA ADULTOS EN EL IES DE MUGARDOS - Concello de Mugardos","og_description":"La concejala de educaci\u00f3n Bego\u00f1a Rold\u00f3s informa de que el IES de Mugardos mantiene abierto el plazo de admisi\u00f3n en el programa de educaci\u00f3n para adultos (ESA) que permite la obtenci\u00f3n del t\u00edtulo de graduado de Educaci\u00f3n Secundaria. La modalidad del programa en el IES de Mugardos es presencial por lo que requiere la asistencia [&hellip;]","og_url":"https:\/\/mugardos.gal\/es\/abierto-el-plazo-para-la-solicitud-de-admision-en-la-educacion-para-adultos-en-el-ies-de-mugardos\/","og_site_name":"Concello de Mugardos","article_published_time":"2020-07-20T17:54:44+00:00","article_modified_time":"2020-07-20T17:55:38+00:00","og_image":[{"width":1049,"height":780,"url":"https:\/\/mugardos.gal\/wp-content\/uploads\/2020\/07\/ESA-IES-2020.png","type":"image\/png"}],"twitter_card":"summary_large_image","twitter_misc":{"Escrito por":"soporte_MUGARDOS","Tiempo de lectura":"1 minuto"},"schema":{"@context":"https:\/\/schema.org","@graph":[{"@type":"WebSite","@id":"https:\/\/mugardos.gal\/#website","url":"https:\/\/mugardos.gal\/","name":"Concello de Mugardos","description":"","potentialAction":[{"@type":"SearchAction","target":{"@type":"EntryPoint","urlTemplate":"https:\/\/mugardos.gal\/?s={search_term_string}"},"query-input":"required name=search_term_string"}],"inLanguage":"es"},{"@type":"ImageObject","inLanguage":"es","@id":"https:\/\/mugardos.gal\/es\/abierto-el-plazo-para-la-solicitud-de-admision-en-la-educacion-para-adultos-en-el-ies-de-mugardos\/#primaryimage","url":"https:\/\/mugardos.gal\/wp-content\/uploads\/2020\/07\/ESA-IES-2020.png","contentUrl":"https:\/\/mugardos.gal\/wp-content\/uploads\/2020\/07\/ESA-IES-2020.png","width":1049,"height":780},{"@type":"WebPage","@id":"https:\/\/mugardos.gal\/es\/abierto-el-plazo-para-la-solicitud-de-admision-en-la-educacion-para-adultos-en-el-ies-de-mugardos\/#webpage","url":"https:\/\/mugardos.gal\/es\/abierto-el-plazo-para-la-solicitud-de-admision-en-la-educacion-para-adultos-en-el-ies-de-mugardos\/","name":"ABIERTO EL PLAZO PARA LA SOLICITUD DE ADMISI\u00d3N EN LA EDUCACI\u00d3N PARA ADULTOS EN EL IES DE MUGARDOS - Concello de Mugardos","isPartOf":{"@id":"https:\/\/mugardos.gal\/#website"},"primaryImageOfPage":{"@id":"https:\/\/mugardos.gal\/es\/abierto-el-plazo-para-la-solicitud-de-admision-en-la-educacion-para-adultos-en-el-ies-de-mugardos\/#primaryimage"},"datePublished":"2020-07-20T17:54:44+00:00","dateModified":"2020-07-20T17:55:38+00:00","author":{"@id":"https:\/\/mugardos.gal\/#\/schema\/person\/719cd20866185308d16992f11a158154"},"breadcrumb":{"@id":"https:\/\/mugardos.gal\/es\/abierto-el-plazo-para-la-solicitud-de-admision-en-la-educacion-para-adultos-en-el-ies-de-mugardos\/#breadcrumb"},"inLanguage":"es","potentialAction":[{"@type":"ReadAction","target":["https:\/\/mugardos.gal\/es\/abierto-el-plazo-para-la-solicitud-de-admision-en-la-educacion-para-adultos-en-el-ies-de-mugardos\/"]}]},{"@type":"BreadcrumbList","@id":"https:\/\/mugardos.gal\/es\/abierto-el-plazo-para-la-solicitud-de-admision-en-la-educacion-para-adultos-en-el-ies-de-mugardos\/#breadcrumb","itemListElement":[{"@type":"ListItem","position":1,"name":"Portada","item":"https:\/\/mugardos.gal\/es\/"},{"@type":"ListItem","position":2,"name":"ABIERTO EL PLAZO PARA LA SOLICITUD DE ADMISI\u00d3N EN LA EDUCACI\u00d3N PARA ADULTOS EN EL IES DE MUGARDOS"}]},{"@type":"Person","@id":"https:\/\/mugardos.gal\/#\/schema\/person\/719cd20866185308d16992f11a158154","name":"soporte_MUGARDOS","url":"https:\/\/mugardos.gal\/es\/author\/soporte_mugardos\/"}]}},"_links":{"self":[{"href":"https:\/\/mugardos.gal\/es\/wp-json\/wp\/v2\/posts\/8981"}],"collection":[{"href":"https:\/\/mugardos.gal\/es\/wp-json\/wp\/v2\/posts"}],"about":[{"href":"https:\/\/mugardos.gal\/es\/wp-json\/wp\/v2\/types\/post"}],"author":[{"embeddable":true,"href":"https:\/\/mugardos.gal\/es\/wp-json\/wp\/v2\/users\/4"}],"replies":[{"embeddable":true,"href":"https:\/\/mugardos.gal\/es\/wp-json\/wp\/v2\/comments?post=8981"}],"version-history":[{"count":0,"href":"https:\/\/mugardos.gal\/es\/wp-json\/wp\/v2\/posts\/8981\/revisions"}],"wp:featuredmedia":[{"embeddable":true,"href":"https:\/\/mugardos.gal\/es\/wp-json\/wp\/v2\/media\/8977"}],"wp:attachment":[{"href":"https:\/\/mugardos.gal\/es\/wp-json\/wp\/v2\/media?parent=8981"}],"wp:term":[{"taxonomy":"category","embeddable":true,"href":"https:\/\/mugardos.gal\/es\/wp-json\/wp\/v2\/categories?post=8981"},{"taxonomy":"post_tag","embeddable":true,"href":"https:\/\/mugardos.gal\/es\/wp-json\/wp\/v2\/tags?post=8981"}],"curies":[{"name":"wp","href":"https:\/\/api.w.org\/{rel}","templated":true}]}}