{"id":8075,"date":"2020-06-05T11:59:55","date_gmt":"2020-06-05T09:59:55","guid":{"rendered":"https:\/\/mugardos.gal\/la-playa-de-la-bestarruza-se-prepara-de-cara-al-verano\/"},"modified":"2020-06-05T20:39:49","modified_gmt":"2020-06-05T18:39:49","slug":"la-playa-de-la-bestarruza-se-prepara-de-cara-al-verano","status":"publish","type":"post","link":"https:\/\/mugardos.gal\/es\/la-playa-de-la-bestarruza-se-prepara-de-cara-al-verano\/","title":{"rendered":"LA PLAYA DE LA BESTARRUZA SE PREPARA DE CARA AL VERANO"},"content":{"rendered":"<p>[vc_row][vc_column][vc_column_text]\n<p style=\"text-align: justify;\">La Concejal\u00eda de Obras, Servicios y Medio Ambiente informa de las tareas de acondicionamiento desarrolladas en el arenal de la Bestarruza de cara a la campa\u00f1a de verano.<\/p>\n<p style=\"text-align: justify;\">Los trabajos de puesta a punto consisten principalmente en la reubicaci\u00f3n de la arena, el desbroce de los taludes y la limpieza del espacio.<\/p>\n<p style=\"text-align: justify;\">La actuaci\u00f3n, que cuenta con la autorizaci\u00f3n de la demarcaci\u00f3n de Costas del Estado, es sufragada \u00edntegramente por las arcas municipales.<\/p>\n<p style=\"text-align: justify;\">\u201cLa playa de la Bestarruza tras estos trabajos presentar\u00e1 las mejores condiciones con el objetivo de que los vecinos y vecinas puedan disfrutar plenamente de ella, tanto por el acondicionamiento de las instalaciones como por la calidad del agua, que seg\u00fan las anal\u00edticas que realiza el Sergas peri\u00f3dicamente es excelente\u201d afirm\u00f3 Jorge Kuntz responsable del departamento encargado de las actuaciones.<\/p>\n<p style=\"text-align: justify;\">Para concluir, el concejal quiso destacar que \u201cno podemos olvidar que este a\u00f1o m\u00e1s que nunca hay que actuar con responsabilidad por el bien de todos y todas\u201d.<\/p>\n<p>En el siguiente enlace puede accederse a la clasificaci\u00f3n de la calidad del agua de las playas de Galicia:<\/p>\n<p><img loading=\"lazy\" class=\"alignnone wp-image-602\" src=\"https:\/\/mugardos.gal\/wp-content\/uploads\/2020\/03\/web.png\" alt=\"\" width=\"30\" height=\"30\" \/>\u00a0<a href=\"https:\/\/extranet.sergas.es\/zonabaweb\/ZONABA_GIS_WEB\/Mapa.aspx?Idioma=ga&amp;IdPaxina=62539\">IR AL ENLACE Mapa de las zonas de ba\u00f1o de Galicia<\/a>[\/vc_column_text][vc_gallery interval=\u00bb3&#8243; images=\u00bb8065,8067,8069,8071,8073&#8243; img_size=\u00bbfull\u00bb title=\u00bbTrabajos en la playa de la Bestarruza\u00bb][\/vc_column][\/vc_row]\n","protected":false},"excerpt":{"rendered":"<p>[vc_row][vc_column][vc_column_text] La Concejal\u00eda de Obras, Servicios y Medio Ambiente informa de las tareas de acondicionamiento desarrolladas en el arenal de la Bestarruza de cara a la campa\u00f1a de verano. Los trabajos de puesta a punto consisten principalmente en la reubicaci\u00f3n de la arena, el desbroce de los taludes y la limpieza del espacio. La actuaci\u00f3n, [&hellip;]<\/p>\n","protected":false},"author":4,"featured_media":8071,"comment_status":"closed","ping_status":"closed","sticky":false,"template":"","format":"standard","meta":[],"categories":[50,12,36],"tags":[],"yoast_head":"<!-- This site is optimized with the Yoast SEO plugin v18.9 - https:\/\/yoast.com\/wordpress\/plugins\/seo\/ -->\n<title>LA PLAYA DE LA BESTARRUZA SE PREPARA DE CARA AL VERANO - Concello de Mugardos<\/title>\n<meta name=\"robots\" content=\"index, follow, max-snippet:-1, max-image-preview:large, max-video-preview:-1\" \/>\n<link rel=\"canonical\" href=\"https:\/\/mugardos.gal\/es\/la-playa-de-la-bestarruza-se-prepara-de-cara-al-verano\/\" \/>\n<meta property=\"og:locale\" content=\"es_ES\" \/>\n<meta property=\"og:type\" content=\"article\" \/>\n<meta property=\"og:title\" content=\"LA PLAYA DE LA BESTARRUZA SE PREPARA DE CARA AL VERANO - Concello de Mugardos\" \/>\n<meta property=\"og:description\" content=\"[vc_row][vc_column][vc_column_text] La Concejal\u00eda de Obras, Servicios y Medio Ambiente informa de las tareas de acondicionamiento desarrolladas en el arenal de la Bestarruza de cara a la campa\u00f1a de verano. Los trabajos de puesta a punto consisten principalmente en la reubicaci\u00f3n de la arena, el desbroce de los taludes y la limpieza del espacio. La actuaci\u00f3n, [&hellip;]\" \/>\n<meta property=\"og:url\" content=\"https:\/\/mugardos.gal\/es\/la-playa-de-la-bestarruza-se-prepara-de-cara-al-verano\/\" \/>\n<meta property=\"og:site_name\" content=\"Concello de Mugardos\" \/>\n<meta property=\"article:published_time\" content=\"2020-06-05T09:59:55+00:00\" \/>\n<meta property=\"article:modified_time\" content=\"2020-06-05T18:39:49+00:00\" \/>\n<meta property=\"og:image\" content=\"https:\/\/mugardos.gal\/wp-content\/uploads\/2020\/06\/Traballos-Bestarruza-4.jpg\" \/>\n\t<meta property=\"og:image:width\" content=\"1599\" \/>\n\t<meta property=\"og:image:height\" content=\"899\" \/>\n\t<meta property=\"og:image:type\" content=\"image\/jpeg\" \/>\n<meta name=\"twitter:card\" content=\"summary_large_image\" \/>\n<meta name=\"twitter:label1\" content=\"Escrito por\" \/>\n\t<meta name=\"twitter:data1\" content=\"soporte_MUGARDOS\" \/>\n\t<meta name=\"twitter:label2\" content=\"Tiempo de lectura\" \/>\n\t<meta name=\"twitter:data2\" content=\"1 minuto\" \/>\n<script type=\"application\/ld+json\" class=\"yoast-schema-graph\">{\"@context\":\"https:\/\/schema.org\",\"@graph\":[{\"@type\":\"WebSite\",\"@id\":\"https:\/\/mugardos.gal\/#website\",\"url\":\"https:\/\/mugardos.gal\/\",\"name\":\"Concello de Mugardos\",\"description\":\"\",\"potentialAction\":[{\"@type\":\"SearchAction\",\"target\":{\"@type\":\"EntryPoint\",\"urlTemplate\":\"https:\/\/mugardos.gal\/?s={search_term_string}\"},\"query-input\":\"required name=search_term_string\"}],\"inLanguage\":\"es\"},{\"@type\":\"ImageObject\",\"inLanguage\":\"es\",\"@id\":\"https:\/\/mugardos.gal\/es\/la-playa-de-la-bestarruza-se-prepara-de-cara-al-verano\/#primaryimage\",\"url\":\"https:\/\/mugardos.gal\/wp-content\/uploads\/2020\/06\/Traballos-Bestarruza-4.jpg\",\"contentUrl\":\"https:\/\/mugardos.gal\/wp-content\/uploads\/2020\/06\/Traballos-Bestarruza-4.jpg\",\"width\":1599,\"height\":899},{\"@type\":\"WebPage\",\"@id\":\"https:\/\/mugardos.gal\/es\/la-playa-de-la-bestarruza-se-prepara-de-cara-al-verano\/#webpage\",\"url\":\"https:\/\/mugardos.gal\/es\/la-playa-de-la-bestarruza-se-prepara-de-cara-al-verano\/\",\"name\":\"LA PLAYA DE LA BESTARRUZA SE PREPARA DE CARA AL VERANO - Concello de Mugardos\",\"isPartOf\":{\"@id\":\"https:\/\/mugardos.gal\/#website\"},\"primaryImageOfPage\":{\"@id\":\"https:\/\/mugardos.gal\/es\/la-playa-de-la-bestarruza-se-prepara-de-cara-al-verano\/#primaryimage\"},\"datePublished\":\"2020-06-05T09:59:55+00:00\",\"dateModified\":\"2020-06-05T18:39:49+00:00\",\"author\":{\"@id\":\"https:\/\/mugardos.gal\/#\/schema\/person\/719cd20866185308d16992f11a158154\"},\"breadcrumb\":{\"@id\":\"https:\/\/mugardos.gal\/es\/la-playa-de-la-bestarruza-se-prepara-de-cara-al-verano\/#breadcrumb\"},\"inLanguage\":\"es\",\"potentialAction\":[{\"@type\":\"ReadAction\",\"target\":[\"https:\/\/mugardos.gal\/es\/la-playa-de-la-bestarruza-se-prepara-de-cara-al-verano\/\"]}]},{\"@type\":\"BreadcrumbList\",\"@id\":\"https:\/\/mugardos.gal\/es\/la-playa-de-la-bestarruza-se-prepara-de-cara-al-verano\/#breadcrumb\",\"itemListElement\":[{\"@type\":\"ListItem\",\"position\":1,\"name\":\"Portada\",\"item\":\"https:\/\/mugardos.gal\/es\/\"},{\"@type\":\"ListItem\",\"position\":2,\"name\":\"LA PLAYA DE LA BESTARRUZA SE PREPARA DE CARA AL VERANO\"}]},{\"@type\":\"Person\",\"@id\":\"https:\/\/mugardos.gal\/#\/schema\/person\/719cd20866185308d16992f11a158154\",\"name\":\"soporte_MUGARDOS\",\"url\":\"https:\/\/mugardos.gal\/es\/author\/soporte_mugardos\/\"}]}<\/script>\n<!-- \/ Yoast SEO plugin. -->","yoast_head_json":{"title":"LA PLAYA DE LA BESTARRUZA SE PREPARA DE CARA AL VERANO - Concello de Mugardos","robots":{"index":"index","follow":"follow","max-snippet":"max-snippet:-1","max-image-preview":"max-image-preview:large","max-video-preview":"max-video-preview:-1"},"canonical":"https:\/\/mugardos.gal\/es\/la-playa-de-la-bestarruza-se-prepara-de-cara-al-verano\/","og_locale":"es_ES","og_type":"article","og_title":"LA PLAYA DE LA BESTARRUZA SE PREPARA DE CARA AL VERANO - Concello de Mugardos","og_description":"[vc_row][vc_column][vc_column_text] La Concejal\u00eda de Obras, Servicios y Medio Ambiente informa de las tareas de acondicionamiento desarrolladas en el arenal de la Bestarruza de cara a la campa\u00f1a de verano. Los trabajos de puesta a punto consisten principalmente en la reubicaci\u00f3n de la arena, el desbroce de los taludes y la limpieza del espacio. La actuaci\u00f3n, [&hellip;]","og_url":"https:\/\/mugardos.gal\/es\/la-playa-de-la-bestarruza-se-prepara-de-cara-al-verano\/","og_site_name":"Concello de Mugardos","article_published_time":"2020-06-05T09:59:55+00:00","article_modified_time":"2020-06-05T18:39:49+00:00","og_image":[{"width":1599,"height":899,"url":"https:\/\/mugardos.gal\/wp-content\/uploads\/2020\/06\/Traballos-Bestarruza-4.jpg","type":"image\/jpeg"}],"twitter_card":"summary_large_image","twitter_misc":{"Escrito por":"soporte_MUGARDOS","Tiempo de lectura":"1 minuto"},"schema":{"@context":"https:\/\/schema.org","@graph":[{"@type":"WebSite","@id":"https:\/\/mugardos.gal\/#website","url":"https:\/\/mugardos.gal\/","name":"Concello de Mugardos","description":"","potentialAction":[{"@type":"SearchAction","target":{"@type":"EntryPoint","urlTemplate":"https:\/\/mugardos.gal\/?s={search_term_string}"},"query-input":"required name=search_term_string"}],"inLanguage":"es"},{"@type":"ImageObject","inLanguage":"es","@id":"https:\/\/mugardos.gal\/es\/la-playa-de-la-bestarruza-se-prepara-de-cara-al-verano\/#primaryimage","url":"https:\/\/mugardos.gal\/wp-content\/uploads\/2020\/06\/Traballos-Bestarruza-4.jpg","contentUrl":"https:\/\/mugardos.gal\/wp-content\/uploads\/2020\/06\/Traballos-Bestarruza-4.jpg","width":1599,"height":899},{"@type":"WebPage","@id":"https:\/\/mugardos.gal\/es\/la-playa-de-la-bestarruza-se-prepara-de-cara-al-verano\/#webpage","url":"https:\/\/mugardos.gal\/es\/la-playa-de-la-bestarruza-se-prepara-de-cara-al-verano\/","name":"LA PLAYA DE LA BESTARRUZA SE PREPARA DE CARA AL VERANO - Concello de Mugardos","isPartOf":{"@id":"https:\/\/mugardos.gal\/#website"},"primaryImageOfPage":{"@id":"https:\/\/mugardos.gal\/es\/la-playa-de-la-bestarruza-se-prepara-de-cara-al-verano\/#primaryimage"},"datePublished":"2020-06-05T09:59:55+00:00","dateModified":"2020-06-05T18:39:49+00:00","author":{"@id":"https:\/\/mugardos.gal\/#\/schema\/person\/719cd20866185308d16992f11a158154"},"breadcrumb":{"@id":"https:\/\/mugardos.gal\/es\/la-playa-de-la-bestarruza-se-prepara-de-cara-al-verano\/#breadcrumb"},"inLanguage":"es","potentialAction":[{"@type":"ReadAction","target":["https:\/\/mugardos.gal\/es\/la-playa-de-la-bestarruza-se-prepara-de-cara-al-verano\/"]}]},{"@type":"BreadcrumbList","@id":"https:\/\/mugardos.gal\/es\/la-playa-de-la-bestarruza-se-prepara-de-cara-al-verano\/#breadcrumb","itemListElement":[{"@type":"ListItem","position":1,"name":"Portada","item":"https:\/\/mugardos.gal\/es\/"},{"@type":"ListItem","position":2,"name":"LA PLAYA DE LA BESTARRUZA SE PREPARA DE CARA AL VERANO"}]},{"@type":"Person","@id":"https:\/\/mugardos.gal\/#\/schema\/person\/719cd20866185308d16992f11a158154","name":"soporte_MUGARDOS","url":"https:\/\/mugardos.gal\/es\/author\/soporte_mugardos\/"}]}},"_links":{"self":[{"href":"https:\/\/mugardos.gal\/es\/wp-json\/wp\/v2\/posts\/8075"}],"collection":[{"href":"https:\/\/mugardos.gal\/es\/wp-json\/wp\/v2\/posts"}],"about":[{"href":"https:\/\/mugardos.gal\/es\/wp-json\/wp\/v2\/types\/post"}],"author":[{"embeddable":true,"href":"https:\/\/mugardos.gal\/es\/wp-json\/wp\/v2\/users\/4"}],"replies":[{"embeddable":true,"href":"https:\/\/mugardos.gal\/es\/wp-json\/wp\/v2\/comments?post=8075"}],"version-history":[{"count":0,"href":"https:\/\/mugardos.gal\/es\/wp-json\/wp\/v2\/posts\/8075\/revisions"}],"wp:featuredmedia":[{"embeddable":true,"href":"https:\/\/mugardos.gal\/es\/wp-json\/wp\/v2\/media\/8071"}],"wp:attachment":[{"href":"https:\/\/mugardos.gal\/es\/wp-json\/wp\/v2\/media?parent=8075"}],"wp:term":[{"taxonomy":"category","embeddable":true,"href":"https:\/\/mugardos.gal\/es\/wp-json\/wp\/v2\/categories?post=8075"},{"taxonomy":"post_tag","embeddable":true,"href":"https:\/\/mugardos.gal\/es\/wp-json\/wp\/v2\/tags?post=8075"}],"curies":[{"name":"wp","href":"https:\/\/api.w.org\/{rel}","templated":true}]}}