{"id":7936,"date":"2020-06-01T15:14:13","date_gmt":"2020-06-01T13:14:13","guid":{"rendered":"https:\/\/mugardos.gal\/el-miercoles-3-de-junio-reabre-el-centro-de-interpretacion-de-caldoval\/"},"modified":"2020-06-01T15:14:13","modified_gmt":"2020-06-01T13:14:13","slug":"el-miercoles-3-de-junio-reabre-el-centro-de-interpretacion-de-caldoval","status":"publish","type":"post","link":"https:\/\/mugardos.gal\/es\/el-miercoles-3-de-junio-reabre-el-centro-de-interpretacion-de-caldoval\/","title":{"rendered":"EL MI\u00c9RCOLES 3 DE JUNIO REABRE EL CENTRO DE INTERPRETACI\u00d3N DE CALDOVAL"},"content":{"rendered":"<p id=\"contenedor\" class=\"textarea unknown\" style=\"text-align: justify;\">La concejal de Cultura y Turismo Bego\u00f1a Rold\u00f3s informa de que el pr\u00f3ximo mi\u00e9rcoles 3 de junio de 2020 est\u00e1 programada la vuelta a la actividad del Centro de Interpretaci\u00f3n Caldoval, abriendo de martes a domingo, de 10.30 h a 14.00 h por las ma\u00f1\u00e1ns y de 16.30 h a 20.00 h por las tardes.<\/p>\n<p class=\"textarea unknown\" style=\"text-align: justify;\">Los visitantes del Caldoval deber\u00e1n seguir las directrices y recomendaciones de las Administraciones P\u00fablicas para museos y sitios patrimoniales. Entre las normas de obligado cumplimiento estar\u00e1n las siguientes:<\/p>\n<ul style=\"text-align: justify;\">\n<li class=\"textarea unknown\" style=\"text-align: justify;\">Limpieza de manos gel hidroalcoh\u00f3lico en la entrada a Caldoval.<\/li>\n<li class=\"textarea unknown\" style=\"text-align: justify;\">Uso de m\u00e1scaras en los mayores de 6 a\u00f1os. Mantenimiento de la distancia interpersonal de seguridad.<\/li>\n<li class=\"textarea unknown\" style=\"text-align: justify;\">El aforo del centro durante la Fase 2 del estado de alarma estar\u00e1 fijado en 10 personas y se suspender\u00e1n temporalmente los talleres did\u00e1cticos.<\/li>\n<\/ul>\n<p style=\"text-align: justify;\">Las visitas guiadas se mantendr\u00e1n nos horarios habituales, de viernes a domingos a las 10.30 y 12.30 h por las ma\u00f1\u00e1ns y a las 16.30 h y 18.30 h por las tardes. Del mismo modo, se podr\u00e1 seguir participando en el juego de pistas \u201cLas XII pruebas de Caldoval\u201d, disponible en cualquier momento durante lo horario de apertura. M\u00e1s informaci\u00f3n en la web oficial del Caldoval en el siguiente enlace:<\/p>\n<p style=\"text-align: justify;\"><img loading=\"lazy\" class=\"alignnone wp-image-602\" src=\"https:\/\/mugardos.gal\/wp-content\/uploads\/2020\/03\/web.png\" alt=\"\" width=\"30\" height=\"30\" \/> <a href=\"https:\/\/www.museocaldoval.gal\/gl\/\">IR AL ENLACE Web del Centro de Interpretaci\u00f3n de Caldoval<\/a><\/p>\n","protected":false},"excerpt":{"rendered":"<p>La concejal de Cultura y Turismo Bego\u00f1a Rold\u00f3s informa de que el pr\u00f3ximo mi\u00e9rcoles 3 de junio de 2020 est\u00e1 programada la vuelta a la actividad del Centro de Interpretaci\u00f3n Caldoval, abriendo de martes a domingo, de 10.30 h a 14.00 h por las ma\u00f1\u00e1ns y de 16.30 h a 20.00 h por las tardes. [&hellip;]<\/p>\n","protected":false},"author":4,"featured_media":4570,"comment_status":"closed","ping_status":"closed","sticky":false,"template":"","format":"standard","meta":[],"categories":[50,52,12],"tags":[],"yoast_head":"<!-- This site is optimized with the Yoast SEO plugin v18.9 - https:\/\/yoast.com\/wordpress\/plugins\/seo\/ -->\n<title>EL MI\u00c9RCOLES 3 DE JUNIO REABRE EL CENTRO DE INTERPRETACI\u00d3N DE CALDOVAL - Concello de Mugardos<\/title>\n<meta name=\"robots\" content=\"index, follow, max-snippet:-1, max-image-preview:large, max-video-preview:-1\" \/>\n<link rel=\"canonical\" href=\"https:\/\/mugardos.gal\/es\/el-miercoles-3-de-junio-reabre-el-centro-de-interpretacion-de-caldoval\/\" \/>\n<meta property=\"og:locale\" content=\"es_ES\" \/>\n<meta property=\"og:type\" content=\"article\" \/>\n<meta property=\"og:title\" content=\"EL MI\u00c9RCOLES 3 DE JUNIO REABRE EL CENTRO DE INTERPRETACI\u00d3N DE CALDOVAL - Concello de Mugardos\" \/>\n<meta property=\"og:description\" content=\"La concejal de Cultura y Turismo Bego\u00f1a Rold\u00f3s informa de que el pr\u00f3ximo mi\u00e9rcoles 3 de junio de 2020 est\u00e1 programada la vuelta a la actividad del Centro de Interpretaci\u00f3n Caldoval, abriendo de martes a domingo, de 10.30 h a 14.00 h por las ma\u00f1\u00e1ns y de 16.30 h a 20.00 h por las tardes. [&hellip;]\" \/>\n<meta property=\"og:url\" content=\"https:\/\/mugardos.gal\/es\/el-miercoles-3-de-junio-reabre-el-centro-de-interpretacion-de-caldoval\/\" \/>\n<meta property=\"og:site_name\" content=\"Concello de Mugardos\" \/>\n<meta property=\"article:published_time\" content=\"2020-06-01T13:14:13+00:00\" \/>\n<meta property=\"og:image\" content=\"https:\/\/mugardos.gal\/wp-content\/uploads\/2020\/05\/Caldoval-xacemento.jpg\" \/>\n\t<meta property=\"og:image:width\" content=\"1280\" \/>\n\t<meta property=\"og:image:height\" content=\"752\" \/>\n\t<meta property=\"og:image:type\" content=\"image\/jpeg\" \/>\n<meta name=\"twitter:card\" content=\"summary_large_image\" \/>\n<meta name=\"twitter:label1\" content=\"Escrito por\" \/>\n\t<meta name=\"twitter:data1\" content=\"soporte_MUGARDOS\" \/>\n\t<meta name=\"twitter:label2\" content=\"Tiempo de lectura\" \/>\n\t<meta name=\"twitter:data2\" content=\"1 minuto\" \/>\n<script type=\"application\/ld+json\" class=\"yoast-schema-graph\">{\"@context\":\"https:\/\/schema.org\",\"@graph\":[{\"@type\":\"WebSite\",\"@id\":\"https:\/\/mugardos.gal\/#website\",\"url\":\"https:\/\/mugardos.gal\/\",\"name\":\"Concello de Mugardos\",\"description\":\"\",\"potentialAction\":[{\"@type\":\"SearchAction\",\"target\":{\"@type\":\"EntryPoint\",\"urlTemplate\":\"https:\/\/mugardos.gal\/?s={search_term_string}\"},\"query-input\":\"required name=search_term_string\"}],\"inLanguage\":\"es\"},{\"@type\":\"ImageObject\",\"inLanguage\":\"es\",\"@id\":\"https:\/\/mugardos.gal\/es\/el-miercoles-3-de-junio-reabre-el-centro-de-interpretacion-de-caldoval\/#primaryimage\",\"url\":\"https:\/\/mugardos.gal\/wp-content\/uploads\/2020\/05\/Caldoval-xacemento.jpg\",\"contentUrl\":\"https:\/\/mugardos.gal\/wp-content\/uploads\/2020\/05\/Caldoval-xacemento.jpg\",\"width\":1280,\"height\":752},{\"@type\":\"WebPage\",\"@id\":\"https:\/\/mugardos.gal\/es\/el-miercoles-3-de-junio-reabre-el-centro-de-interpretacion-de-caldoval\/#webpage\",\"url\":\"https:\/\/mugardos.gal\/es\/el-miercoles-3-de-junio-reabre-el-centro-de-interpretacion-de-caldoval\/\",\"name\":\"EL MI\u00c9RCOLES 3 DE JUNIO REABRE EL CENTRO DE INTERPRETACI\u00d3N DE CALDOVAL - Concello de Mugardos\",\"isPartOf\":{\"@id\":\"https:\/\/mugardos.gal\/#website\"},\"primaryImageOfPage\":{\"@id\":\"https:\/\/mugardos.gal\/es\/el-miercoles-3-de-junio-reabre-el-centro-de-interpretacion-de-caldoval\/#primaryimage\"},\"datePublished\":\"2020-06-01T13:14:13+00:00\",\"dateModified\":\"2020-06-01T13:14:13+00:00\",\"author\":{\"@id\":\"https:\/\/mugardos.gal\/#\/schema\/person\/719cd20866185308d16992f11a158154\"},\"breadcrumb\":{\"@id\":\"https:\/\/mugardos.gal\/es\/el-miercoles-3-de-junio-reabre-el-centro-de-interpretacion-de-caldoval\/#breadcrumb\"},\"inLanguage\":\"es\",\"potentialAction\":[{\"@type\":\"ReadAction\",\"target\":[\"https:\/\/mugardos.gal\/es\/el-miercoles-3-de-junio-reabre-el-centro-de-interpretacion-de-caldoval\/\"]}]},{\"@type\":\"BreadcrumbList\",\"@id\":\"https:\/\/mugardos.gal\/es\/el-miercoles-3-de-junio-reabre-el-centro-de-interpretacion-de-caldoval\/#breadcrumb\",\"itemListElement\":[{\"@type\":\"ListItem\",\"position\":1,\"name\":\"Portada\",\"item\":\"https:\/\/mugardos.gal\/es\/\"},{\"@type\":\"ListItem\",\"position\":2,\"name\":\"EL MI\u00c9RCOLES 3 DE JUNIO REABRE EL CENTRO DE INTERPRETACI\u00d3N DE CALDOVAL\"}]},{\"@type\":\"Person\",\"@id\":\"https:\/\/mugardos.gal\/#\/schema\/person\/719cd20866185308d16992f11a158154\",\"name\":\"soporte_MUGARDOS\",\"url\":\"https:\/\/mugardos.gal\/es\/author\/soporte_mugardos\/\"}]}<\/script>\n<!-- \/ Yoast SEO plugin. -->","yoast_head_json":{"title":"EL MI\u00c9RCOLES 3 DE JUNIO REABRE EL CENTRO DE INTERPRETACI\u00d3N DE CALDOVAL - Concello de Mugardos","robots":{"index":"index","follow":"follow","max-snippet":"max-snippet:-1","max-image-preview":"max-image-preview:large","max-video-preview":"max-video-preview:-1"},"canonical":"https:\/\/mugardos.gal\/es\/el-miercoles-3-de-junio-reabre-el-centro-de-interpretacion-de-caldoval\/","og_locale":"es_ES","og_type":"article","og_title":"EL MI\u00c9RCOLES 3 DE JUNIO REABRE EL CENTRO DE INTERPRETACI\u00d3N DE CALDOVAL - Concello de Mugardos","og_description":"La concejal de Cultura y Turismo Bego\u00f1a Rold\u00f3s informa de que el pr\u00f3ximo mi\u00e9rcoles 3 de junio de 2020 est\u00e1 programada la vuelta a la actividad del Centro de Interpretaci\u00f3n Caldoval, abriendo de martes a domingo, de 10.30 h a 14.00 h por las ma\u00f1\u00e1ns y de 16.30 h a 20.00 h por las tardes. [&hellip;]","og_url":"https:\/\/mugardos.gal\/es\/el-miercoles-3-de-junio-reabre-el-centro-de-interpretacion-de-caldoval\/","og_site_name":"Concello de Mugardos","article_published_time":"2020-06-01T13:14:13+00:00","og_image":[{"width":1280,"height":752,"url":"https:\/\/mugardos.gal\/wp-content\/uploads\/2020\/05\/Caldoval-xacemento.jpg","type":"image\/jpeg"}],"twitter_card":"summary_large_image","twitter_misc":{"Escrito por":"soporte_MUGARDOS","Tiempo de lectura":"1 minuto"},"schema":{"@context":"https:\/\/schema.org","@graph":[{"@type":"WebSite","@id":"https:\/\/mugardos.gal\/#website","url":"https:\/\/mugardos.gal\/","name":"Concello de Mugardos","description":"","potentialAction":[{"@type":"SearchAction","target":{"@type":"EntryPoint","urlTemplate":"https:\/\/mugardos.gal\/?s={search_term_string}"},"query-input":"required name=search_term_string"}],"inLanguage":"es"},{"@type":"ImageObject","inLanguage":"es","@id":"https:\/\/mugardos.gal\/es\/el-miercoles-3-de-junio-reabre-el-centro-de-interpretacion-de-caldoval\/#primaryimage","url":"https:\/\/mugardos.gal\/wp-content\/uploads\/2020\/05\/Caldoval-xacemento.jpg","contentUrl":"https:\/\/mugardos.gal\/wp-content\/uploads\/2020\/05\/Caldoval-xacemento.jpg","width":1280,"height":752},{"@type":"WebPage","@id":"https:\/\/mugardos.gal\/es\/el-miercoles-3-de-junio-reabre-el-centro-de-interpretacion-de-caldoval\/#webpage","url":"https:\/\/mugardos.gal\/es\/el-miercoles-3-de-junio-reabre-el-centro-de-interpretacion-de-caldoval\/","name":"EL MI\u00c9RCOLES 3 DE JUNIO REABRE EL CENTRO DE INTERPRETACI\u00d3N DE CALDOVAL - Concello de Mugardos","isPartOf":{"@id":"https:\/\/mugardos.gal\/#website"},"primaryImageOfPage":{"@id":"https:\/\/mugardos.gal\/es\/el-miercoles-3-de-junio-reabre-el-centro-de-interpretacion-de-caldoval\/#primaryimage"},"datePublished":"2020-06-01T13:14:13+00:00","dateModified":"2020-06-01T13:14:13+00:00","author":{"@id":"https:\/\/mugardos.gal\/#\/schema\/person\/719cd20866185308d16992f11a158154"},"breadcrumb":{"@id":"https:\/\/mugardos.gal\/es\/el-miercoles-3-de-junio-reabre-el-centro-de-interpretacion-de-caldoval\/#breadcrumb"},"inLanguage":"es","potentialAction":[{"@type":"ReadAction","target":["https:\/\/mugardos.gal\/es\/el-miercoles-3-de-junio-reabre-el-centro-de-interpretacion-de-caldoval\/"]}]},{"@type":"BreadcrumbList","@id":"https:\/\/mugardos.gal\/es\/el-miercoles-3-de-junio-reabre-el-centro-de-interpretacion-de-caldoval\/#breadcrumb","itemListElement":[{"@type":"ListItem","position":1,"name":"Portada","item":"https:\/\/mugardos.gal\/es\/"},{"@type":"ListItem","position":2,"name":"EL MI\u00c9RCOLES 3 DE JUNIO REABRE EL CENTRO DE INTERPRETACI\u00d3N DE CALDOVAL"}]},{"@type":"Person","@id":"https:\/\/mugardos.gal\/#\/schema\/person\/719cd20866185308d16992f11a158154","name":"soporte_MUGARDOS","url":"https:\/\/mugardos.gal\/es\/author\/soporte_mugardos\/"}]}},"_links":{"self":[{"href":"https:\/\/mugardos.gal\/es\/wp-json\/wp\/v2\/posts\/7936"}],"collection":[{"href":"https:\/\/mugardos.gal\/es\/wp-json\/wp\/v2\/posts"}],"about":[{"href":"https:\/\/mugardos.gal\/es\/wp-json\/wp\/v2\/types\/post"}],"author":[{"embeddable":true,"href":"https:\/\/mugardos.gal\/es\/wp-json\/wp\/v2\/users\/4"}],"replies":[{"embeddable":true,"href":"https:\/\/mugardos.gal\/es\/wp-json\/wp\/v2\/comments?post=7936"}],"version-history":[{"count":0,"href":"https:\/\/mugardos.gal\/es\/wp-json\/wp\/v2\/posts\/7936\/revisions"}],"wp:featuredmedia":[{"embeddable":true,"href":"https:\/\/mugardos.gal\/es\/wp-json\/wp\/v2\/media\/4570"}],"wp:attachment":[{"href":"https:\/\/mugardos.gal\/es\/wp-json\/wp\/v2\/media?parent=7936"}],"wp:term":[{"taxonomy":"category","embeddable":true,"href":"https:\/\/mugardos.gal\/es\/wp-json\/wp\/v2\/categories?post=7936"},{"taxonomy":"post_tag","embeddable":true,"href":"https:\/\/mugardos.gal\/es\/wp-json\/wp\/v2\/tags?post=7936"}],"curies":[{"name":"wp","href":"https:\/\/api.w.org\/{rel}","templated":true}]}}