{"id":25839,"date":"2026-04-29T12:54:37","date_gmt":"2026-04-29T10:54:37","guid":{"rendered":"https:\/\/mugardos.gal\/festival-cultural-mugardearte-los-dias-2-y-3-de-mayo-en-el-canton-de-cora\/"},"modified":"2026-04-29T12:54:38","modified_gmt":"2026-04-29T10:54:38","slug":"festival-cultural-mugardearte-los-dias-2-y-3-de-mayo-en-el-canton-de-cora","status":"publish","type":"post","link":"https:\/\/mugardos.gal\/es\/festival-cultural-mugardearte-los-dias-2-y-3-de-mayo-en-el-canton-de-cora\/","title":{"rendered":"FESTIVAL CULTURAL &#8216;MUGARDEARTE&#8217; LOS D\u00cdAS 2 Y 3 DE MAYO EN EL CANT\u00d3N DE CORA"},"content":{"rendered":"\n<p>El Cant\u00f3n de Cora acoger\u00e1 este fin de semana, el s\u00e1bado 2 y domingo 3 de mayo, el Festival Cultural &#8216;MugardeArte&#8217; en ele que habr\u00e1 charlas, cuentacuentos, firma de libros, m\u00fasica, tertulias y por supuesto, mucha literatura.<\/p>\n\n<figure class=\"wp-block-image size-large\"><img loading=\"lazy\" width=\"768\" height=\"1024\" src=\"https:\/\/mugardos.gal\/wp-content\/uploads\/2026\/04\/PHOTO-2026-04-29-08-59-45-768x1024.jpg\" alt=\"\" class=\"wp-image-25837\" srcset=\"https:\/\/mugardos.gal\/wp-content\/uploads\/2026\/04\/PHOTO-2026-04-29-08-59-45-768x1024.jpg 768w, https:\/\/mugardos.gal\/wp-content\/uploads\/2026\/04\/PHOTO-2026-04-29-08-59-45-225x300.jpg 225w, https:\/\/mugardos.gal\/wp-content\/uploads\/2026\/04\/PHOTO-2026-04-29-08-59-45-1152x1536.jpg 1152w, https:\/\/mugardos.gal\/wp-content\/uploads\/2026\/04\/PHOTO-2026-04-29-08-59-45.jpg 1200w\" sizes=\"(max-width: 768px) 100vw, 768px\" \/><\/figure>\n\n<p><\/p>\n","protected":false},"excerpt":{"rendered":"<p>El Cant\u00f3n de Cora acoger\u00e1 este fin de semana, el s\u00e1bado 2 y domingo 3 de mayo, el Festival Cultural &#8216;MugardeArte&#8217; en ele que habr\u00e1 charlas, cuentacuentos, firma de libros, m\u00fasica, tertulias y por supuesto, mucha literatura.<\/p>\n","protected":false},"author":5,"featured_media":25835,"comment_status":"closed","ping_status":"closed","sticky":false,"template":"","format":"standard","meta":[],"categories":[50,12],"tags":[],"yoast_head":"<!-- This site is optimized with the Yoast SEO plugin v18.9 - https:\/\/yoast.com\/wordpress\/plugins\/seo\/ -->\n<title>FESTIVAL CULTURAL &#039;MUGARDEARTE&#039; LOS D\u00cdAS 2 Y 3 DE MAYO EN EL CANT\u00d3N DE CORA - Concello de Mugardos<\/title>\n<meta name=\"robots\" content=\"index, follow, max-snippet:-1, max-image-preview:large, max-video-preview:-1\" \/>\n<link rel=\"canonical\" href=\"https:\/\/mugardos.gal\/es\/festival-cultural-mugardearte-los-dias-2-y-3-de-mayo-en-el-canton-de-cora\/\" \/>\n<meta property=\"og:locale\" content=\"es_ES\" \/>\n<meta property=\"og:type\" content=\"article\" \/>\n<meta property=\"og:title\" content=\"FESTIVAL CULTURAL &#039;MUGARDEARTE&#039; LOS D\u00cdAS 2 Y 3 DE MAYO EN EL CANT\u00d3N DE CORA - Concello de Mugardos\" \/>\n<meta property=\"og:description\" content=\"El Cant\u00f3n de Cora acoger\u00e1 este fin de semana, el s\u00e1bado 2 y domingo 3 de mayo, el Festival Cultural &#8216;MugardeArte&#8217; en ele que habr\u00e1 charlas, cuentacuentos, firma de libros, m\u00fasica, tertulias y por supuesto, mucha literatura.\" \/>\n<meta property=\"og:url\" content=\"https:\/\/mugardos.gal\/es\/festival-cultural-mugardearte-los-dias-2-y-3-de-mayo-en-el-canton-de-cora\/\" \/>\n<meta property=\"og:site_name\" content=\"Concello de Mugardos\" \/>\n<meta property=\"article:published_time\" content=\"2026-04-29T10:54:37+00:00\" \/>\n<meta property=\"article:modified_time\" content=\"2026-04-29T10:54:38+00:00\" \/>\n<meta property=\"og:image\" content=\"https:\/\/mugardos.gal\/wp-content\/uploads\/2026\/04\/PHOTO-2026-04-29-08-59-44.jpg\" \/>\n\t<meta property=\"og:image:width\" content=\"1200\" \/>\n\t<meta property=\"og:image:height\" content=\"1600\" \/>\n\t<meta property=\"og:image:type\" content=\"image\/jpeg\" \/>\n<meta name=\"twitter:card\" content=\"summary_large_image\" \/>\n<meta name=\"twitter:label1\" content=\"Escrito por\" \/>\n\t<meta name=\"twitter:data1\" content=\"maria_OCCIDENTE\" \/>\n<script type=\"application\/ld+json\" class=\"yoast-schema-graph\">{\"@context\":\"https:\/\/schema.org\",\"@graph\":[{\"@type\":\"WebSite\",\"@id\":\"https:\/\/mugardos.gal\/#website\",\"url\":\"https:\/\/mugardos.gal\/\",\"name\":\"Concello de Mugardos\",\"description\":\"\",\"potentialAction\":[{\"@type\":\"SearchAction\",\"target\":{\"@type\":\"EntryPoint\",\"urlTemplate\":\"https:\/\/mugardos.gal\/?s={search_term_string}\"},\"query-input\":\"required name=search_term_string\"}],\"inLanguage\":\"es\"},{\"@type\":\"ImageObject\",\"inLanguage\":\"es\",\"@id\":\"https:\/\/mugardos.gal\/es\/festival-cultural-mugardearte-los-dias-2-y-3-de-mayo-en-el-canton-de-cora\/#primaryimage\",\"url\":\"https:\/\/mugardos.gal\/wp-content\/uploads\/2026\/04\/PHOTO-2026-04-29-08-59-44.jpg\",\"contentUrl\":\"https:\/\/mugardos.gal\/wp-content\/uploads\/2026\/04\/PHOTO-2026-04-29-08-59-44.jpg\",\"width\":1200,\"height\":1600},{\"@type\":\"WebPage\",\"@id\":\"https:\/\/mugardos.gal\/es\/festival-cultural-mugardearte-los-dias-2-y-3-de-mayo-en-el-canton-de-cora\/#webpage\",\"url\":\"https:\/\/mugardos.gal\/es\/festival-cultural-mugardearte-los-dias-2-y-3-de-mayo-en-el-canton-de-cora\/\",\"name\":\"FESTIVAL CULTURAL 'MUGARDEARTE' LOS D\u00cdAS 2 Y 3 DE MAYO EN EL CANT\u00d3N DE CORA - Concello de Mugardos\",\"isPartOf\":{\"@id\":\"https:\/\/mugardos.gal\/#website\"},\"primaryImageOfPage\":{\"@id\":\"https:\/\/mugardos.gal\/es\/festival-cultural-mugardearte-los-dias-2-y-3-de-mayo-en-el-canton-de-cora\/#primaryimage\"},\"datePublished\":\"2026-04-29T10:54:37+00:00\",\"dateModified\":\"2026-04-29T10:54:38+00:00\",\"author\":{\"@id\":\"https:\/\/mugardos.gal\/#\/schema\/person\/5003de8d638a334108335f5dc158539f\"},\"breadcrumb\":{\"@id\":\"https:\/\/mugardos.gal\/es\/festival-cultural-mugardearte-los-dias-2-y-3-de-mayo-en-el-canton-de-cora\/#breadcrumb\"},\"inLanguage\":\"es\",\"potentialAction\":[{\"@type\":\"ReadAction\",\"target\":[\"https:\/\/mugardos.gal\/es\/festival-cultural-mugardearte-los-dias-2-y-3-de-mayo-en-el-canton-de-cora\/\"]}]},{\"@type\":\"BreadcrumbList\",\"@id\":\"https:\/\/mugardos.gal\/es\/festival-cultural-mugardearte-los-dias-2-y-3-de-mayo-en-el-canton-de-cora\/#breadcrumb\",\"itemListElement\":[{\"@type\":\"ListItem\",\"position\":1,\"name\":\"Portada\",\"item\":\"https:\/\/mugardos.gal\/es\/\"},{\"@type\":\"ListItem\",\"position\":2,\"name\":\"FESTIVAL CULTURAL &#8216;MUGARDEARTE&#8217; LOS D\u00cdAS 2 Y 3 DE MAYO EN EL CANT\u00d3N DE CORA\"}]},{\"@type\":\"Person\",\"@id\":\"https:\/\/mugardos.gal\/#\/schema\/person\/5003de8d638a334108335f5dc158539f\",\"name\":\"maria_OCCIDENTE\",\"url\":\"https:\/\/mugardos.gal\/es\/author\/maria_occidente\/\"}]}<\/script>\n<!-- \/ Yoast SEO plugin. -->","yoast_head_json":{"title":"FESTIVAL CULTURAL 'MUGARDEARTE' LOS D\u00cdAS 2 Y 3 DE MAYO EN EL CANT\u00d3N DE CORA - Concello de Mugardos","robots":{"index":"index","follow":"follow","max-snippet":"max-snippet:-1","max-image-preview":"max-image-preview:large","max-video-preview":"max-video-preview:-1"},"canonical":"https:\/\/mugardos.gal\/es\/festival-cultural-mugardearte-los-dias-2-y-3-de-mayo-en-el-canton-de-cora\/","og_locale":"es_ES","og_type":"article","og_title":"FESTIVAL CULTURAL 'MUGARDEARTE' LOS D\u00cdAS 2 Y 3 DE MAYO EN EL CANT\u00d3N DE CORA - Concello de Mugardos","og_description":"El Cant\u00f3n de Cora acoger\u00e1 este fin de semana, el s\u00e1bado 2 y domingo 3 de mayo, el Festival Cultural &#8216;MugardeArte&#8217; en ele que habr\u00e1 charlas, cuentacuentos, firma de libros, m\u00fasica, tertulias y por supuesto, mucha literatura.","og_url":"https:\/\/mugardos.gal\/es\/festival-cultural-mugardearte-los-dias-2-y-3-de-mayo-en-el-canton-de-cora\/","og_site_name":"Concello de Mugardos","article_published_time":"2026-04-29T10:54:37+00:00","article_modified_time":"2026-04-29T10:54:38+00:00","og_image":[{"width":1200,"height":1600,"url":"https:\/\/mugardos.gal\/wp-content\/uploads\/2026\/04\/PHOTO-2026-04-29-08-59-44.jpg","type":"image\/jpeg"}],"twitter_card":"summary_large_image","twitter_misc":{"Escrito por":"maria_OCCIDENTE"},"schema":{"@context":"https:\/\/schema.org","@graph":[{"@type":"WebSite","@id":"https:\/\/mugardos.gal\/#website","url":"https:\/\/mugardos.gal\/","name":"Concello de Mugardos","description":"","potentialAction":[{"@type":"SearchAction","target":{"@type":"EntryPoint","urlTemplate":"https:\/\/mugardos.gal\/?s={search_term_string}"},"query-input":"required name=search_term_string"}],"inLanguage":"es"},{"@type":"ImageObject","inLanguage":"es","@id":"https:\/\/mugardos.gal\/es\/festival-cultural-mugardearte-los-dias-2-y-3-de-mayo-en-el-canton-de-cora\/#primaryimage","url":"https:\/\/mugardos.gal\/wp-content\/uploads\/2026\/04\/PHOTO-2026-04-29-08-59-44.jpg","contentUrl":"https:\/\/mugardos.gal\/wp-content\/uploads\/2026\/04\/PHOTO-2026-04-29-08-59-44.jpg","width":1200,"height":1600},{"@type":"WebPage","@id":"https:\/\/mugardos.gal\/es\/festival-cultural-mugardearte-los-dias-2-y-3-de-mayo-en-el-canton-de-cora\/#webpage","url":"https:\/\/mugardos.gal\/es\/festival-cultural-mugardearte-los-dias-2-y-3-de-mayo-en-el-canton-de-cora\/","name":"FESTIVAL CULTURAL 'MUGARDEARTE' LOS D\u00cdAS 2 Y 3 DE MAYO EN EL CANT\u00d3N DE CORA - Concello de Mugardos","isPartOf":{"@id":"https:\/\/mugardos.gal\/#website"},"primaryImageOfPage":{"@id":"https:\/\/mugardos.gal\/es\/festival-cultural-mugardearte-los-dias-2-y-3-de-mayo-en-el-canton-de-cora\/#primaryimage"},"datePublished":"2026-04-29T10:54:37+00:00","dateModified":"2026-04-29T10:54:38+00:00","author":{"@id":"https:\/\/mugardos.gal\/#\/schema\/person\/5003de8d638a334108335f5dc158539f"},"breadcrumb":{"@id":"https:\/\/mugardos.gal\/es\/festival-cultural-mugardearte-los-dias-2-y-3-de-mayo-en-el-canton-de-cora\/#breadcrumb"},"inLanguage":"es","potentialAction":[{"@type":"ReadAction","target":["https:\/\/mugardos.gal\/es\/festival-cultural-mugardearte-los-dias-2-y-3-de-mayo-en-el-canton-de-cora\/"]}]},{"@type":"BreadcrumbList","@id":"https:\/\/mugardos.gal\/es\/festival-cultural-mugardearte-los-dias-2-y-3-de-mayo-en-el-canton-de-cora\/#breadcrumb","itemListElement":[{"@type":"ListItem","position":1,"name":"Portada","item":"https:\/\/mugardos.gal\/es\/"},{"@type":"ListItem","position":2,"name":"FESTIVAL CULTURAL &#8216;MUGARDEARTE&#8217; LOS D\u00cdAS 2 Y 3 DE MAYO EN EL CANT\u00d3N DE CORA"}]},{"@type":"Person","@id":"https:\/\/mugardos.gal\/#\/schema\/person\/5003de8d638a334108335f5dc158539f","name":"maria_OCCIDENTE","url":"https:\/\/mugardos.gal\/es\/author\/maria_occidente\/"}]}},"_links":{"self":[{"href":"https:\/\/mugardos.gal\/es\/wp-json\/wp\/v2\/posts\/25839"}],"collection":[{"href":"https:\/\/mugardos.gal\/es\/wp-json\/wp\/v2\/posts"}],"about":[{"href":"https:\/\/mugardos.gal\/es\/wp-json\/wp\/v2\/types\/post"}],"author":[{"embeddable":true,"href":"https:\/\/mugardos.gal\/es\/wp-json\/wp\/v2\/users\/5"}],"replies":[{"embeddable":true,"href":"https:\/\/mugardos.gal\/es\/wp-json\/wp\/v2\/comments?post=25839"}],"version-history":[{"count":1,"href":"https:\/\/mugardos.gal\/es\/wp-json\/wp\/v2\/posts\/25839\/revisions"}],"predecessor-version":[{"id":25840,"href":"https:\/\/mugardos.gal\/es\/wp-json\/wp\/v2\/posts\/25839\/revisions\/25840"}],"wp:featuredmedia":[{"embeddable":true,"href":"https:\/\/mugardos.gal\/es\/wp-json\/wp\/v2\/media\/25835"}],"wp:attachment":[{"href":"https:\/\/mugardos.gal\/es\/wp-json\/wp\/v2\/media?parent=25839"}],"wp:term":[{"taxonomy":"category","embeddable":true,"href":"https:\/\/mugardos.gal\/es\/wp-json\/wp\/v2\/categories?post=25839"},{"taxonomy":"post_tag","embeddable":true,"href":"https:\/\/mugardos.gal\/es\/wp-json\/wp\/v2\/tags?post=25839"}],"curies":[{"name":"wp","href":"https:\/\/api.w.org\/{rel}","templated":true}]}}