{"id":25813,"date":"2026-04-28T13:16:19","date_gmt":"2026-04-28T11:16:19","guid":{"rendered":"https:\/\/mugardos.gal\/apertura-del-plazo-de-solicitudes-para-el-espacio-infantil-de-juego-verano-2026\/"},"modified":"2026-04-28T14:16:22","modified_gmt":"2026-04-28T12:16:22","slug":"apertura-del-plazo-de-solicitudes-para-el-espacio-infantil-de-juego-verano-2026","status":"publish","type":"post","link":"https:\/\/mugardos.gal\/es\/apertura-del-plazo-de-solicitudes-para-el-espacio-infantil-de-juego-verano-2026\/","title":{"rendered":"APERTURA DEL PLAZO DE SOLICITUDES PARA EL ESPACIO INFANTIL DE JUEGO &#8216;VERANO 2026&#8217;"},"content":{"rendered":"\n<p>El plazo para la formalizaci\u00f3n de solicitudes para el Espacio Infantil de Juego Verano 2026 se establece del 4 al 15 de mayo de 2026 (ambos incluidos).<\/p>\n\n<p>El Espacio Infantil de Juego de verano se desarrolla por quincenas, en los meses de julio y agosto (del 1 al 15 de julio, del 16 al 31 de julio, del 1 al 15 de agosto, y del 16 al 31 de agosto). En el CEIP Santiago Ap\u00f3stol hay 30 plazas por quincena, y en el CEIP Uni\u00f3n Mugardesa hay 45 plazas por quincena.<\/p>\n\n<p>Las solicitudes se tramitar\u00e1n en el registro del Concello o en la sede electr\u00f3nica. Para m\u00e1s informaci\u00f3n, se puede dirigir al departamento de Servicios Sociales Comunitarios del Concello.<\/p>\n\n<div class=\"wp-block-file\"><object class=\"wp-block-file__embed\" data=\"https:\/\/mugardos.gal\/wp-content\/uploads\/2026\/04\/CARTEL-EIX-VERA&#x301;N-2026_Convocatoria-apertura-prazo..pdf\" type=\"application\/pdf\" style=\"width:100%;height:600px\" aria-label=\"Incrustado de CARTEL-EIX-VERA&#x301;N-2026_Convocatoria-apertura-prazo..\"><\/object><a id=\"wp-block-file--media-dfd1236f-5988-486f-8399-e7ecf88a07ed\" href=\"https:\/\/mugardos.gal\/wp-content\/uploads\/2026\/04\/CARTEL-EIX-VERA&#x301;N-2026_Convocatoria-apertura-prazo..pdf\">CARTEL-EIX-VERANO-2026_Convocatoria-apertura-plazo.<\/a><a href=\"https:\/\/mugardos.gal\/wp-content\/uploads\/2026\/04\/CARTEL-EIX-VERA&#x301;N-2026_Convocatoria-apertura-prazo..pdf\" class=\"wp-block-file__button\" download=\"\" aria-describedby=\"wp-block-file--media-dfd1236f-5988-486f-8399-e7ecf88a07ed\">Descarga\t <\/a><\/div>\n\n<div class=\"wp-block-file\"><object class=\"wp-block-file__embed\" data=\"https:\/\/mugardos.gal\/wp-content\/uploads\/2026\/04\/Solicitude-EIX-Veran-2026-_Plan-corresponsables.pdf\" type=\"application\/pdf\" style=\"width:100%;height:600px\" aria-label=\"Incrustado de Solicitude-EIX-Veran-2026-_Plan-corresponsables.\"><\/object><a id=\"wp-block-file--media-5ce376a0-ad6b-4217-9200-517ce5fbc810\" href=\"https:\/\/mugardos.gal\/wp-content\/uploads\/2026\/04\/Solicitude-EIX-Veran-2026-_Plan-corresponsables.pdf\">Solicitude-EIX-Veran-2026-_Plan-corresponsables<\/a><a href=\"https:\/\/mugardos.gal\/wp-content\/uploads\/2026\/04\/Solicitude-EIX-Veran-2026-_Plan-corresponsables.pdf\" class=\"wp-block-file__button\" download=\"\" aria-describedby=\"wp-block-file--media-5ce376a0-ad6b-4217-9200-517ce5fbc810\">Descarga\t <\/a><\/div>\n\n<p><\/p>\n\n<div class=\"wp-block-file\"><object class=\"wp-block-file__embed\" data=\"https:\/\/mugardos.gal\/wp-content\/uploads\/2026\/04\/Convocatoria-BOP-nu&#x301;m.-78-do-28.04.2026.pdf\" type=\"application\/pdf\" style=\"width:100%;height:600px\" aria-label=\"Incrustado de Convocatoria-BOP-nu&#x301;m.-78-do-28.04.2026.\"><\/object><a id=\"wp-block-file--media-9379ca5c-8cbe-430b-bf0d-cd7c687456d8\" href=\"https:\/\/mugardos.gal\/wp-content\/uploads\/2026\/04\/Convocatoria-BOP-nu&#x301;m.-78-do-28.04.2026.pdf\">Convocatoria-BOP-nu\u0301m.-78-do-28.04.2026<\/a><a href=\"https:\/\/mugardos.gal\/wp-content\/uploads\/2026\/04\/Convocatoria-BOP-nu&#x301;m.-78-do-28.04.2026.pdf\" class=\"wp-block-file__button\" download=\"\" aria-describedby=\"wp-block-file--media-9379ca5c-8cbe-430b-bf0d-cd7c687456d8\">Descarga\t <\/a><\/div>\n\n<div class=\"wp-block-file\"><object class=\"wp-block-file__embed\" data=\"https:\/\/mugardos.gal\/wp-content\/uploads\/2026\/04\/BASES-XERAIS-ESPAZO-INFANTIL-XOGO.pdf\" type=\"application\/pdf\" style=\"width:100%;height:600px\" aria-label=\"Incrustado de BASES-XERAIS-ESPAZO-INFANTIL-XOGO.\"><\/object><a id=\"wp-block-file--media-c0fc72d5-47cb-472c-b329-85464f8d7df6\" href=\"https:\/\/mugardos.gal\/wp-content\/uploads\/2026\/04\/BASES-XERAIS-ESPAZO-INFANTIL-XOGO.pdf\">BASES-GENERALES-ESPACIO-INFANTIL-JUEGO<\/a><a href=\"https:\/\/mugardos.gal\/wp-content\/uploads\/2026\/04\/BASES-XERAIS-ESPAZO-INFANTIL-XOGO.pdf\" class=\"wp-block-file__button\" download=\"\" aria-describedby=\"wp-block-file--media-c0fc72d5-47cb-472c-b329-85464f8d7df6\">Descarga\t <\/a><\/div>\n\n<p><\/p>\n\n<div class=\"wp-block-file\"><object class=\"wp-block-file__embed\" data=\"https:\/\/mugardos.gal\/wp-content\/uploads\/2026\/04\/ORDENANZA-NUMERO-28.pdf\" type=\"application\/pdf\" style=\"width:100%;height:600px\" aria-label=\"Incrustado de ORDENANZA-NUMERO-28.\"><\/object><a id=\"wp-block-file--media-1cfdbe28-1412-4fc9-9080-18cd5c0353cb\" href=\"https:\/\/mugardos.gal\/wp-content\/uploads\/2026\/04\/ORDENANZA-NUMERO-28.pdf\">ORDENANZA-NUMERO-28<\/a><a href=\"https:\/\/mugardos.gal\/wp-content\/uploads\/2026\/04\/ORDENANZA-NUMERO-28.pdf\" class=\"wp-block-file__button\" download=\"\" aria-describedby=\"wp-block-file--media-1cfdbe28-1412-4fc9-9080-18cd5c0353cb\">Descarga\t <\/a><\/div>\n\n<figure class=\"wp-block-image size-full\"><img loading=\"lazy\" width=\"887\" height=\"601\" src=\"https:\/\/mugardos.gal\/wp-content\/uploads\/2026\/04\/Logos.png\" alt=\"\" class=\"wp-image-25803\" srcset=\"https:\/\/mugardos.gal\/wp-content\/uploads\/2026\/04\/Logos.png 887w, https:\/\/mugardos.gal\/wp-content\/uploads\/2026\/04\/Logos-300x203.png 300w, https:\/\/mugardos.gal\/wp-content\/uploads\/2026\/04\/Logos-768x520.png 768w\" sizes=\"(max-width: 887px) 100vw, 887px\" \/><\/figure>\n\n<p><\/p>\n","protected":false},"excerpt":{"rendered":"<p>El plazo para la formalizaci\u00f3n de solicitudes para el Espacio Infantil de Juego Verano 2026 se establece del 4 al 15 de mayo de 2026 (ambos incluidos). El Espacio Infantil de Juego de verano se desarrolla por quincenas, en los meses de julio y agosto (del 1 al 15 de julio, del 16 al 31 [&hellip;]<\/p>\n","protected":false},"author":5,"featured_media":18581,"comment_status":"closed","ping_status":"closed","sticky":false,"template":"","format":"standard","meta":[],"categories":[47,12],"tags":[],"yoast_head":"<!-- This site is optimized with the Yoast SEO plugin v18.9 - https:\/\/yoast.com\/wordpress\/plugins\/seo\/ -->\n<title>APERTURA DEL PLAZO DE SOLICITUDES PARA EL ESPACIO INFANTIL DE JUEGO &#039;VERANO 2026&#039; - Concello de Mugardos<\/title>\n<meta name=\"robots\" content=\"index, follow, max-snippet:-1, max-image-preview:large, max-video-preview:-1\" \/>\n<link rel=\"canonical\" href=\"https:\/\/mugardos.gal\/es\/apertura-del-plazo-de-solicitudes-para-el-espacio-infantil-de-juego-verano-2026\/\" \/>\n<meta property=\"og:locale\" content=\"es_ES\" \/>\n<meta property=\"og:type\" content=\"article\" \/>\n<meta property=\"og:title\" content=\"APERTURA DEL PLAZO DE SOLICITUDES PARA EL ESPACIO INFANTIL DE JUEGO &#039;VERANO 2026&#039; - Concello de Mugardos\" \/>\n<meta property=\"og:description\" content=\"El plazo para la formalizaci\u00f3n de solicitudes para el Espacio Infantil de Juego Verano 2026 se establece del 4 al 15 de mayo de 2026 (ambos incluidos). El Espacio Infantil de Juego de verano se desarrolla por quincenas, en los meses de julio y agosto (del 1 al 15 de julio, del 16 al 31 [&hellip;]\" \/>\n<meta property=\"og:url\" content=\"https:\/\/mugardos.gal\/es\/apertura-del-plazo-de-solicitudes-para-el-espacio-infantil-de-juego-verano-2026\/\" \/>\n<meta property=\"og:site_name\" content=\"Concello de Mugardos\" \/>\n<meta property=\"article:published_time\" content=\"2026-04-28T11:16:19+00:00\" \/>\n<meta property=\"article:modified_time\" content=\"2026-04-28T12:16:22+00:00\" \/>\n<meta property=\"og:image\" content=\"https:\/\/mugardos.gal\/wp-content\/uploads\/2023\/02\/parques-mugardos.jpg\" \/>\n\t<meta property=\"og:image:width\" content=\"827\" \/>\n\t<meta property=\"og:image:height\" content=\"827\" \/>\n\t<meta property=\"og:image:type\" content=\"image\/jpeg\" \/>\n<meta name=\"twitter:card\" content=\"summary_large_image\" \/>\n<meta name=\"twitter:label1\" content=\"Escrito por\" \/>\n\t<meta name=\"twitter:data1\" content=\"maria_OCCIDENTE\" \/>\n\t<meta name=\"twitter:label2\" content=\"Tiempo de lectura\" \/>\n\t<meta name=\"twitter:data2\" content=\"1 minuto\" \/>\n<script type=\"application\/ld+json\" class=\"yoast-schema-graph\">{\"@context\":\"https:\/\/schema.org\",\"@graph\":[{\"@type\":\"WebSite\",\"@id\":\"https:\/\/mugardos.gal\/#website\",\"url\":\"https:\/\/mugardos.gal\/\",\"name\":\"Concello de Mugardos\",\"description\":\"\",\"potentialAction\":[{\"@type\":\"SearchAction\",\"target\":{\"@type\":\"EntryPoint\",\"urlTemplate\":\"https:\/\/mugardos.gal\/?s={search_term_string}\"},\"query-input\":\"required name=search_term_string\"}],\"inLanguage\":\"es\"},{\"@type\":\"ImageObject\",\"inLanguage\":\"es\",\"@id\":\"https:\/\/mugardos.gal\/es\/apertura-del-plazo-de-solicitudes-para-el-espacio-infantil-de-juego-verano-2026\/#primaryimage\",\"url\":\"https:\/\/mugardos.gal\/wp-content\/uploads\/2023\/02\/parques-mugardos.jpg\",\"contentUrl\":\"https:\/\/mugardos.gal\/wp-content\/uploads\/2023\/02\/parques-mugardos.jpg\",\"width\":827,\"height\":827},{\"@type\":\"WebPage\",\"@id\":\"https:\/\/mugardos.gal\/es\/apertura-del-plazo-de-solicitudes-para-el-espacio-infantil-de-juego-verano-2026\/#webpage\",\"url\":\"https:\/\/mugardos.gal\/es\/apertura-del-plazo-de-solicitudes-para-el-espacio-infantil-de-juego-verano-2026\/\",\"name\":\"APERTURA DEL PLAZO DE SOLICITUDES PARA EL ESPACIO INFANTIL DE JUEGO 'VERANO 2026' - Concello de Mugardos\",\"isPartOf\":{\"@id\":\"https:\/\/mugardos.gal\/#website\"},\"primaryImageOfPage\":{\"@id\":\"https:\/\/mugardos.gal\/es\/apertura-del-plazo-de-solicitudes-para-el-espacio-infantil-de-juego-verano-2026\/#primaryimage\"},\"datePublished\":\"2026-04-28T11:16:19+00:00\",\"dateModified\":\"2026-04-28T12:16:22+00:00\",\"author\":{\"@id\":\"https:\/\/mugardos.gal\/#\/schema\/person\/5003de8d638a334108335f5dc158539f\"},\"breadcrumb\":{\"@id\":\"https:\/\/mugardos.gal\/es\/apertura-del-plazo-de-solicitudes-para-el-espacio-infantil-de-juego-verano-2026\/#breadcrumb\"},\"inLanguage\":\"es\",\"potentialAction\":[{\"@type\":\"ReadAction\",\"target\":[\"https:\/\/mugardos.gal\/es\/apertura-del-plazo-de-solicitudes-para-el-espacio-infantil-de-juego-verano-2026\/\"]}]},{\"@type\":\"BreadcrumbList\",\"@id\":\"https:\/\/mugardos.gal\/es\/apertura-del-plazo-de-solicitudes-para-el-espacio-infantil-de-juego-verano-2026\/#breadcrumb\",\"itemListElement\":[{\"@type\":\"ListItem\",\"position\":1,\"name\":\"Portada\",\"item\":\"https:\/\/mugardos.gal\/es\/\"},{\"@type\":\"ListItem\",\"position\":2,\"name\":\"APERTURA DEL PLAZO DE SOLICITUDES PARA EL ESPACIO INFANTIL DE JUEGO &#8216;VERANO 2026&#8217;\"}]},{\"@type\":\"Person\",\"@id\":\"https:\/\/mugardos.gal\/#\/schema\/person\/5003de8d638a334108335f5dc158539f\",\"name\":\"maria_OCCIDENTE\",\"url\":\"https:\/\/mugardos.gal\/es\/author\/maria_occidente\/\"}]}<\/script>\n<!-- \/ Yoast SEO plugin. -->","yoast_head_json":{"title":"APERTURA DEL PLAZO DE SOLICITUDES PARA EL ESPACIO INFANTIL DE JUEGO 'VERANO 2026' - Concello de Mugardos","robots":{"index":"index","follow":"follow","max-snippet":"max-snippet:-1","max-image-preview":"max-image-preview:large","max-video-preview":"max-video-preview:-1"},"canonical":"https:\/\/mugardos.gal\/es\/apertura-del-plazo-de-solicitudes-para-el-espacio-infantil-de-juego-verano-2026\/","og_locale":"es_ES","og_type":"article","og_title":"APERTURA DEL PLAZO DE SOLICITUDES PARA EL ESPACIO INFANTIL DE JUEGO 'VERANO 2026' - Concello de Mugardos","og_description":"El plazo para la formalizaci\u00f3n de solicitudes para el Espacio Infantil de Juego Verano 2026 se establece del 4 al 15 de mayo de 2026 (ambos incluidos). El Espacio Infantil de Juego de verano se desarrolla por quincenas, en los meses de julio y agosto (del 1 al 15 de julio, del 16 al 31 [&hellip;]","og_url":"https:\/\/mugardos.gal\/es\/apertura-del-plazo-de-solicitudes-para-el-espacio-infantil-de-juego-verano-2026\/","og_site_name":"Concello de Mugardos","article_published_time":"2026-04-28T11:16:19+00:00","article_modified_time":"2026-04-28T12:16:22+00:00","og_image":[{"width":827,"height":827,"url":"https:\/\/mugardos.gal\/wp-content\/uploads\/2023\/02\/parques-mugardos.jpg","type":"image\/jpeg"}],"twitter_card":"summary_large_image","twitter_misc":{"Escrito por":"maria_OCCIDENTE","Tiempo de lectura":"1 minuto"},"schema":{"@context":"https:\/\/schema.org","@graph":[{"@type":"WebSite","@id":"https:\/\/mugardos.gal\/#website","url":"https:\/\/mugardos.gal\/","name":"Concello de Mugardos","description":"","potentialAction":[{"@type":"SearchAction","target":{"@type":"EntryPoint","urlTemplate":"https:\/\/mugardos.gal\/?s={search_term_string}"},"query-input":"required name=search_term_string"}],"inLanguage":"es"},{"@type":"ImageObject","inLanguage":"es","@id":"https:\/\/mugardos.gal\/es\/apertura-del-plazo-de-solicitudes-para-el-espacio-infantil-de-juego-verano-2026\/#primaryimage","url":"https:\/\/mugardos.gal\/wp-content\/uploads\/2023\/02\/parques-mugardos.jpg","contentUrl":"https:\/\/mugardos.gal\/wp-content\/uploads\/2023\/02\/parques-mugardos.jpg","width":827,"height":827},{"@type":"WebPage","@id":"https:\/\/mugardos.gal\/es\/apertura-del-plazo-de-solicitudes-para-el-espacio-infantil-de-juego-verano-2026\/#webpage","url":"https:\/\/mugardos.gal\/es\/apertura-del-plazo-de-solicitudes-para-el-espacio-infantil-de-juego-verano-2026\/","name":"APERTURA DEL PLAZO DE SOLICITUDES PARA EL ESPACIO INFANTIL DE JUEGO 'VERANO 2026' - Concello de Mugardos","isPartOf":{"@id":"https:\/\/mugardos.gal\/#website"},"primaryImageOfPage":{"@id":"https:\/\/mugardos.gal\/es\/apertura-del-plazo-de-solicitudes-para-el-espacio-infantil-de-juego-verano-2026\/#primaryimage"},"datePublished":"2026-04-28T11:16:19+00:00","dateModified":"2026-04-28T12:16:22+00:00","author":{"@id":"https:\/\/mugardos.gal\/#\/schema\/person\/5003de8d638a334108335f5dc158539f"},"breadcrumb":{"@id":"https:\/\/mugardos.gal\/es\/apertura-del-plazo-de-solicitudes-para-el-espacio-infantil-de-juego-verano-2026\/#breadcrumb"},"inLanguage":"es","potentialAction":[{"@type":"ReadAction","target":["https:\/\/mugardos.gal\/es\/apertura-del-plazo-de-solicitudes-para-el-espacio-infantil-de-juego-verano-2026\/"]}]},{"@type":"BreadcrumbList","@id":"https:\/\/mugardos.gal\/es\/apertura-del-plazo-de-solicitudes-para-el-espacio-infantil-de-juego-verano-2026\/#breadcrumb","itemListElement":[{"@type":"ListItem","position":1,"name":"Portada","item":"https:\/\/mugardos.gal\/es\/"},{"@type":"ListItem","position":2,"name":"APERTURA DEL PLAZO DE SOLICITUDES PARA EL ESPACIO INFANTIL DE JUEGO &#8216;VERANO 2026&#8217;"}]},{"@type":"Person","@id":"https:\/\/mugardos.gal\/#\/schema\/person\/5003de8d638a334108335f5dc158539f","name":"maria_OCCIDENTE","url":"https:\/\/mugardos.gal\/es\/author\/maria_occidente\/"}]}},"_links":{"self":[{"href":"https:\/\/mugardos.gal\/es\/wp-json\/wp\/v2\/posts\/25813"}],"collection":[{"href":"https:\/\/mugardos.gal\/es\/wp-json\/wp\/v2\/posts"}],"about":[{"href":"https:\/\/mugardos.gal\/es\/wp-json\/wp\/v2\/types\/post"}],"author":[{"embeddable":true,"href":"https:\/\/mugardos.gal\/es\/wp-json\/wp\/v2\/users\/5"}],"replies":[{"embeddable":true,"href":"https:\/\/mugardos.gal\/es\/wp-json\/wp\/v2\/comments?post=25813"}],"version-history":[{"count":3,"href":"https:\/\/mugardos.gal\/es\/wp-json\/wp\/v2\/posts\/25813\/revisions"}],"predecessor-version":[{"id":25819,"href":"https:\/\/mugardos.gal\/es\/wp-json\/wp\/v2\/posts\/25813\/revisions\/25819"}],"wp:featuredmedia":[{"embeddable":true,"href":"https:\/\/mugardos.gal\/es\/wp-json\/wp\/v2\/media\/18581"}],"wp:attachment":[{"href":"https:\/\/mugardos.gal\/es\/wp-json\/wp\/v2\/media?parent=25813"}],"wp:term":[{"taxonomy":"category","embeddable":true,"href":"https:\/\/mugardos.gal\/es\/wp-json\/wp\/v2\/categories?post=25813"},{"taxonomy":"post_tag","embeddable":true,"href":"https:\/\/mugardos.gal\/es\/wp-json\/wp\/v2\/tags?post=25813"}],"curies":[{"name":"wp","href":"https:\/\/api.w.org\/{rel}","templated":true}]}}