{"id":25582,"date":"2026-03-05T12:32:16","date_gmt":"2026-03-05T10:32:16","guid":{"rendered":"https:\/\/mugardos.gal\/mugardos-conmemora-el-8-m-con-una-concentracion-institucional-el-viernes-dia-6-delante-del-concello\/"},"modified":"2026-03-05T12:32:16","modified_gmt":"2026-03-05T10:32:16","slug":"mugardos-conmemora-el-8-m-con-una-concentracion-institucional-el-viernes-dia-6-delante-del-concello","status":"publish","type":"post","link":"https:\/\/mugardos.gal\/es\/mugardos-conmemora-el-8-m-con-una-concentracion-institucional-el-viernes-dia-6-delante-del-concello\/","title":{"rendered":"MUGARDOS CONMEMORA EL 8-M CON UNA CONCENTRACI\u00d3N INSTITUCIONAL EL VIERNES D\u00cdA 6 DELANTE DEL CONCELLO"},"content":{"rendered":"\n<p>El Concello de Mugardos conmemorar\u00e1 el pr\u00f3ximo 8 de marzo, D\u00eda Internacional de la Mujer, con un programa de actividades y obradoiros dirigidos a promover la igualdad real y efectiva en el municipio.<\/p>\n\n<p>Como acto central, el d\u00eda 6 se celebrar\u00e1 una concentraci\u00f3n institucional con lectura de manifiesto, abierta a la participaci\u00f3n de toda la ciudadan\u00eda. Con este acto, el Concello reafirma su compromiso con la defensa de los derechos de las mujeres y la construcci\u00f3n de una sociedad m\u00e1s justa e igualitaria.<\/p>\n\n<p>La concejala de Bienestar, Patricia Ruiz de Azc\u00e1rate, responsable del \u00e1rea, subray\u00f3 que \u201cel 8 de Marzo es una fecha clave para visibilizar la importancia de seguir avanzando en igualdad, pero tambi\u00e9n para poner en valor el trabajo que se realiza durante todo el a\u00f1o desde las administraciones p\u00fablicas\u201d.<\/p>\n\n<p>La edil destac\u00f3 que el programa dise\u00f1ado incluye diversas actividades y talleres que se desarrollar\u00e1n a lo largo de estos d\u00edas, con propuestas adaptadas a distintos p\u00fablicos y con el objetivo de fomentar la sensibilizaci\u00f3n, la formaci\u00f3n y la participaci\u00f3n activa de la vecindad.<\/p>\n\n<p>\u201cDesde el Concello seguimos impulsando iniciativas que promuevan la igualdad de oportunidades y la eliminaci\u00f3n de cualquier forma de discriminaci\u00f3n, entendiendo que la igualdad es un eje transversal de la acci\u00f3n municipal\u201d, a\u00f1adi\u00f3 la concejala.<\/p>\n\n<p>El Concello invita a la ciudadan\u00eda a participar activamente en las actividades dise\u00f1adas para esta conmemoraci\u00f3n, que se ir\u00e1n anunciando puntualmente.<\/p>\n\n<p>Con esta programaci\u00f3n, el gobierno municipal reafirma su compromiso con la igualdad y con el impulso de pol\u00edticas p\u00fablicas que contribuyan a avanzar hacia una sociedad m\u00e1s inclusiva y respetuosa.<\/p>\n\n<p>La campa\u00f1a municipal del 8M contempla material propio financiado por el Ministerio de Igualdad a trav\u00e9s de fondos del Pacto de Estado, que se entregar\u00e1 en la concentraci\u00f3n prevista para ma\u00f1ana 6 de marzo.<\/p>\n\n<p>Durante el mes de marzo y abril habr\u00e1 actividades y talleres dirigidos a la promoci\u00f3n y sensibilizaci\u00f3n de la igualdad. La campa\u00f1a municipal del 8M contempla material propio financiado por el Ministerio de Igualdad a trav\u00e9s de fondos del Pacto de Estado.<\/p>\n","protected":false},"excerpt":{"rendered":"<p>El Concello de Mugardos conmemorar\u00e1 el pr\u00f3ximo 8 de marzo, D\u00eda Internacional de la Mujer, con un programa de actividades y obradoiros dirigidos a promover la igualdad real y efectiva en el municipio. Como acto central, el d\u00eda 6 se celebrar\u00e1 una concentraci\u00f3n institucional con lectura de manifiesto, abierta a la participaci\u00f3n de toda la [&hellip;]<\/p>\n","protected":false},"author":5,"featured_media":25577,"comment_status":"closed","ping_status":"closed","sticky":false,"template":"","format":"standard","meta":[],"categories":[47,12],"tags":[],"yoast_head":"<!-- This site is optimized with the Yoast SEO plugin v18.9 - https:\/\/yoast.com\/wordpress\/plugins\/seo\/ -->\n<title>MUGARDOS CONMEMORA EL 8-M CON UNA CONCENTRACI\u00d3N INSTITUCIONAL EL VIERNES D\u00cdA 6 DELANTE DEL CONCELLO - Concello de Mugardos<\/title>\n<meta name=\"robots\" content=\"index, follow, max-snippet:-1, max-image-preview:large, max-video-preview:-1\" \/>\n<link rel=\"canonical\" href=\"https:\/\/mugardos.gal\/es\/mugardos-conmemora-el-8-m-con-una-concentracion-institucional-el-viernes-dia-6-delante-del-concello\/\" \/>\n<meta property=\"og:locale\" content=\"es_ES\" \/>\n<meta property=\"og:type\" content=\"article\" \/>\n<meta property=\"og:title\" content=\"MUGARDOS CONMEMORA EL 8-M CON UNA CONCENTRACI\u00d3N INSTITUCIONAL EL VIERNES D\u00cdA 6 DELANTE DEL CONCELLO - Concello de Mugardos\" \/>\n<meta property=\"og:description\" content=\"El Concello de Mugardos conmemorar\u00e1 el pr\u00f3ximo 8 de marzo, D\u00eda Internacional de la Mujer, con un programa de actividades y obradoiros dirigidos a promover la igualdad real y efectiva en el municipio. Como acto central, el d\u00eda 6 se celebrar\u00e1 una concentraci\u00f3n institucional con lectura de manifiesto, abierta a la participaci\u00f3n de toda la [&hellip;]\" \/>\n<meta property=\"og:url\" content=\"https:\/\/mugardos.gal\/es\/mugardos-conmemora-el-8-m-con-una-concentracion-institucional-el-viernes-dia-6-delante-del-concello\/\" \/>\n<meta property=\"og:site_name\" content=\"Concello de Mugardos\" \/>\n<meta property=\"article:published_time\" content=\"2026-03-05T10:32:16+00:00\" \/>\n<meta property=\"og:image\" content=\"https:\/\/mugardos.gal\/wp-content\/uploads\/2026\/03\/Captura-de-pantalla-2026-03-05-a-las-11.21.14.png\" \/>\n\t<meta property=\"og:image:width\" content=\"597\" \/>\n\t<meta property=\"og:image:height\" content=\"850\" \/>\n\t<meta property=\"og:image:type\" content=\"image\/png\" \/>\n<meta name=\"twitter:card\" content=\"summary_large_image\" \/>\n<meta name=\"twitter:label1\" content=\"Escrito por\" \/>\n\t<meta name=\"twitter:data1\" content=\"maria_OCCIDENTE\" \/>\n\t<meta name=\"twitter:label2\" content=\"Tiempo de lectura\" \/>\n\t<meta name=\"twitter:data2\" content=\"2 minutos\" \/>\n<script type=\"application\/ld+json\" class=\"yoast-schema-graph\">{\"@context\":\"https:\/\/schema.org\",\"@graph\":[{\"@type\":\"WebSite\",\"@id\":\"https:\/\/mugardos.gal\/#website\",\"url\":\"https:\/\/mugardos.gal\/\",\"name\":\"Concello de Mugardos\",\"description\":\"\",\"potentialAction\":[{\"@type\":\"SearchAction\",\"target\":{\"@type\":\"EntryPoint\",\"urlTemplate\":\"https:\/\/mugardos.gal\/?s={search_term_string}\"},\"query-input\":\"required name=search_term_string\"}],\"inLanguage\":\"es\"},{\"@type\":\"ImageObject\",\"inLanguage\":\"es\",\"@id\":\"https:\/\/mugardos.gal\/es\/mugardos-conmemora-el-8-m-con-una-concentracion-institucional-el-viernes-dia-6-delante-del-concello\/#primaryimage\",\"url\":\"https:\/\/mugardos.gal\/wp-content\/uploads\/2026\/03\/Captura-de-pantalla-2026-03-05-a-las-11.21.14.png\",\"contentUrl\":\"https:\/\/mugardos.gal\/wp-content\/uploads\/2026\/03\/Captura-de-pantalla-2026-03-05-a-las-11.21.14.png\",\"width\":597,\"height\":850},{\"@type\":\"WebPage\",\"@id\":\"https:\/\/mugardos.gal\/es\/mugardos-conmemora-el-8-m-con-una-concentracion-institucional-el-viernes-dia-6-delante-del-concello\/#webpage\",\"url\":\"https:\/\/mugardos.gal\/es\/mugardos-conmemora-el-8-m-con-una-concentracion-institucional-el-viernes-dia-6-delante-del-concello\/\",\"name\":\"MUGARDOS CONMEMORA EL 8-M CON UNA CONCENTRACI\u00d3N INSTITUCIONAL EL VIERNES D\u00cdA 6 DELANTE DEL CONCELLO - Concello de Mugardos\",\"isPartOf\":{\"@id\":\"https:\/\/mugardos.gal\/#website\"},\"primaryImageOfPage\":{\"@id\":\"https:\/\/mugardos.gal\/es\/mugardos-conmemora-el-8-m-con-una-concentracion-institucional-el-viernes-dia-6-delante-del-concello\/#primaryimage\"},\"datePublished\":\"2026-03-05T10:32:16+00:00\",\"dateModified\":\"2026-03-05T10:32:16+00:00\",\"author\":{\"@id\":\"https:\/\/mugardos.gal\/#\/schema\/person\/5003de8d638a334108335f5dc158539f\"},\"breadcrumb\":{\"@id\":\"https:\/\/mugardos.gal\/es\/mugardos-conmemora-el-8-m-con-una-concentracion-institucional-el-viernes-dia-6-delante-del-concello\/#breadcrumb\"},\"inLanguage\":\"es\",\"potentialAction\":[{\"@type\":\"ReadAction\",\"target\":[\"https:\/\/mugardos.gal\/es\/mugardos-conmemora-el-8-m-con-una-concentracion-institucional-el-viernes-dia-6-delante-del-concello\/\"]}]},{\"@type\":\"BreadcrumbList\",\"@id\":\"https:\/\/mugardos.gal\/es\/mugardos-conmemora-el-8-m-con-una-concentracion-institucional-el-viernes-dia-6-delante-del-concello\/#breadcrumb\",\"itemListElement\":[{\"@type\":\"ListItem\",\"position\":1,\"name\":\"Portada\",\"item\":\"https:\/\/mugardos.gal\/es\/\"},{\"@type\":\"ListItem\",\"position\":2,\"name\":\"MUGARDOS CONMEMORA EL 8-M CON UNA CONCENTRACI\u00d3N INSTITUCIONAL EL VIERNES D\u00cdA 6 DELANTE DEL CONCELLO\"}]},{\"@type\":\"Person\",\"@id\":\"https:\/\/mugardos.gal\/#\/schema\/person\/5003de8d638a334108335f5dc158539f\",\"name\":\"maria_OCCIDENTE\",\"url\":\"https:\/\/mugardos.gal\/es\/author\/maria_occidente\/\"}]}<\/script>\n<!-- \/ Yoast SEO plugin. -->","yoast_head_json":{"title":"MUGARDOS CONMEMORA EL 8-M CON UNA CONCENTRACI\u00d3N INSTITUCIONAL EL VIERNES D\u00cdA 6 DELANTE DEL CONCELLO - Concello de Mugardos","robots":{"index":"index","follow":"follow","max-snippet":"max-snippet:-1","max-image-preview":"max-image-preview:large","max-video-preview":"max-video-preview:-1"},"canonical":"https:\/\/mugardos.gal\/es\/mugardos-conmemora-el-8-m-con-una-concentracion-institucional-el-viernes-dia-6-delante-del-concello\/","og_locale":"es_ES","og_type":"article","og_title":"MUGARDOS CONMEMORA EL 8-M CON UNA CONCENTRACI\u00d3N INSTITUCIONAL EL VIERNES D\u00cdA 6 DELANTE DEL CONCELLO - Concello de Mugardos","og_description":"El Concello de Mugardos conmemorar\u00e1 el pr\u00f3ximo 8 de marzo, D\u00eda Internacional de la Mujer, con un programa de actividades y obradoiros dirigidos a promover la igualdad real y efectiva en el municipio. Como acto central, el d\u00eda 6 se celebrar\u00e1 una concentraci\u00f3n institucional con lectura de manifiesto, abierta a la participaci\u00f3n de toda la [&hellip;]","og_url":"https:\/\/mugardos.gal\/es\/mugardos-conmemora-el-8-m-con-una-concentracion-institucional-el-viernes-dia-6-delante-del-concello\/","og_site_name":"Concello de Mugardos","article_published_time":"2026-03-05T10:32:16+00:00","og_image":[{"width":597,"height":850,"url":"https:\/\/mugardos.gal\/wp-content\/uploads\/2026\/03\/Captura-de-pantalla-2026-03-05-a-las-11.21.14.png","type":"image\/png"}],"twitter_card":"summary_large_image","twitter_misc":{"Escrito por":"maria_OCCIDENTE","Tiempo de lectura":"2 minutos"},"schema":{"@context":"https:\/\/schema.org","@graph":[{"@type":"WebSite","@id":"https:\/\/mugardos.gal\/#website","url":"https:\/\/mugardos.gal\/","name":"Concello de Mugardos","description":"","potentialAction":[{"@type":"SearchAction","target":{"@type":"EntryPoint","urlTemplate":"https:\/\/mugardos.gal\/?s={search_term_string}"},"query-input":"required name=search_term_string"}],"inLanguage":"es"},{"@type":"ImageObject","inLanguage":"es","@id":"https:\/\/mugardos.gal\/es\/mugardos-conmemora-el-8-m-con-una-concentracion-institucional-el-viernes-dia-6-delante-del-concello\/#primaryimage","url":"https:\/\/mugardos.gal\/wp-content\/uploads\/2026\/03\/Captura-de-pantalla-2026-03-05-a-las-11.21.14.png","contentUrl":"https:\/\/mugardos.gal\/wp-content\/uploads\/2026\/03\/Captura-de-pantalla-2026-03-05-a-las-11.21.14.png","width":597,"height":850},{"@type":"WebPage","@id":"https:\/\/mugardos.gal\/es\/mugardos-conmemora-el-8-m-con-una-concentracion-institucional-el-viernes-dia-6-delante-del-concello\/#webpage","url":"https:\/\/mugardos.gal\/es\/mugardos-conmemora-el-8-m-con-una-concentracion-institucional-el-viernes-dia-6-delante-del-concello\/","name":"MUGARDOS CONMEMORA EL 8-M CON UNA CONCENTRACI\u00d3N INSTITUCIONAL EL VIERNES D\u00cdA 6 DELANTE DEL CONCELLO - Concello de Mugardos","isPartOf":{"@id":"https:\/\/mugardos.gal\/#website"},"primaryImageOfPage":{"@id":"https:\/\/mugardos.gal\/es\/mugardos-conmemora-el-8-m-con-una-concentracion-institucional-el-viernes-dia-6-delante-del-concello\/#primaryimage"},"datePublished":"2026-03-05T10:32:16+00:00","dateModified":"2026-03-05T10:32:16+00:00","author":{"@id":"https:\/\/mugardos.gal\/#\/schema\/person\/5003de8d638a334108335f5dc158539f"},"breadcrumb":{"@id":"https:\/\/mugardos.gal\/es\/mugardos-conmemora-el-8-m-con-una-concentracion-institucional-el-viernes-dia-6-delante-del-concello\/#breadcrumb"},"inLanguage":"es","potentialAction":[{"@type":"ReadAction","target":["https:\/\/mugardos.gal\/es\/mugardos-conmemora-el-8-m-con-una-concentracion-institucional-el-viernes-dia-6-delante-del-concello\/"]}]},{"@type":"BreadcrumbList","@id":"https:\/\/mugardos.gal\/es\/mugardos-conmemora-el-8-m-con-una-concentracion-institucional-el-viernes-dia-6-delante-del-concello\/#breadcrumb","itemListElement":[{"@type":"ListItem","position":1,"name":"Portada","item":"https:\/\/mugardos.gal\/es\/"},{"@type":"ListItem","position":2,"name":"MUGARDOS CONMEMORA EL 8-M CON UNA CONCENTRACI\u00d3N INSTITUCIONAL EL VIERNES D\u00cdA 6 DELANTE DEL CONCELLO"}]},{"@type":"Person","@id":"https:\/\/mugardos.gal\/#\/schema\/person\/5003de8d638a334108335f5dc158539f","name":"maria_OCCIDENTE","url":"https:\/\/mugardos.gal\/es\/author\/maria_occidente\/"}]}},"_links":{"self":[{"href":"https:\/\/mugardos.gal\/es\/wp-json\/wp\/v2\/posts\/25582"}],"collection":[{"href":"https:\/\/mugardos.gal\/es\/wp-json\/wp\/v2\/posts"}],"about":[{"href":"https:\/\/mugardos.gal\/es\/wp-json\/wp\/v2\/types\/post"}],"author":[{"embeddable":true,"href":"https:\/\/mugardos.gal\/es\/wp-json\/wp\/v2\/users\/5"}],"replies":[{"embeddable":true,"href":"https:\/\/mugardos.gal\/es\/wp-json\/wp\/v2\/comments?post=25582"}],"version-history":[{"count":1,"href":"https:\/\/mugardos.gal\/es\/wp-json\/wp\/v2\/posts\/25582\/revisions"}],"predecessor-version":[{"id":25583,"href":"https:\/\/mugardos.gal\/es\/wp-json\/wp\/v2\/posts\/25582\/revisions\/25583"}],"wp:featuredmedia":[{"embeddable":true,"href":"https:\/\/mugardos.gal\/es\/wp-json\/wp\/v2\/media\/25577"}],"wp:attachment":[{"href":"https:\/\/mugardos.gal\/es\/wp-json\/wp\/v2\/media?parent=25582"}],"wp:term":[{"taxonomy":"category","embeddable":true,"href":"https:\/\/mugardos.gal\/es\/wp-json\/wp\/v2\/categories?post=25582"},{"taxonomy":"post_tag","embeddable":true,"href":"https:\/\/mugardos.gal\/es\/wp-json\/wp\/v2\/tags?post=25582"}],"curies":[{"name":"wp","href":"https:\/\/api.w.org\/{rel}","templated":true}]}}