{"id":25074,"date":"2025-11-19T14:22:14","date_gmt":"2025-11-19T12:22:14","guid":{"rendered":"https:\/\/mugardos.gal\/el-concello-presenta-la-programacion-cultural-de-navidad-con-actividades-para-todas-las-edades\/"},"modified":"2025-11-19T14:22:15","modified_gmt":"2025-11-19T12:22:15","slug":"el-concello-presenta-la-programacion-cultural-de-navidad-con-actividades-para-todas-las-edades","status":"publish","type":"post","link":"https:\/\/mugardos.gal\/es\/el-concello-presenta-la-programacion-cultural-de-navidad-con-actividades-para-todas-las-edades\/","title":{"rendered":"EL CONCELLO PRESENTA LA PROGRAMACI\u00d3N CULTURAL DE NAVIDAD CON ACTIVIDADES PARA TODAS LAS EDADES"},"content":{"rendered":"\n<p>El Concello de Mugardos ya tiene en marcha la programaci\u00f3n cultural de Navidad, un calendario que combina m\u00fasica, tradici\u00f3n, actividades infantiles y propuestas de car\u00e1cter social, con el objetivo de ofrecer alternativas de ocio para todas las edades y reforzar el ambiente festivo en el municipio durante las pr\u00f3ximas semanas.<\/p>\n\n<p>La programaci\u00f3n arranc\u00f3 el 15 de noviembre con la actuaci\u00f3n de la Rondalla Mugardesa y la Rondalla de Cedeira en O Seixo, y 16 de noviembre con la Coral Estelas do Mar y la rondalla S\u00f3 Elas en San Xo\u00e1n. Durante todo el mes de noviembre e inicios de diciembre habr\u00e1 actuaciones musicales en distintos espacios municipales, entre ellas la intervenci\u00f3n de varias rondallas en el Local de Maiores, el Casino Mugard\u00e9s y San Xo\u00e1n, as\u00ed como la presentaci\u00f3n del calendario solidario contra el c\u00e1ncer el 29 de noviembre en el Casino.<\/p>\n\n<p>Las actividades destinadas al p\u00fablico infantil tendr\u00e1n un peso destacado. El 16 de diciembre se celebrar\u00e1 un contacontos para ni\u00f1as y ni\u00f1os de 3 a 6 a\u00f1os en la Biblioteca Municipal, mientras que el 18 de diciembre se organizar\u00e1 un obradoiro creativo para menores de 7 a 12 a\u00f1os. A estas propuestas se suman la audici\u00f3n de la Escuela de M\u00fasica prevista para el 19 de diciembre y el concierto conjunto de la Rondalla Mugardesa y la Coral Estelas do Mar el 20 de diciembre en la iglesia de San Xuli\u00e1n.<\/p>\n\n<p>Uno de los momentos m\u00e1s esperados de la programaci\u00f3n ser\u00e1 el desfile y la recepci\u00f3n de Pap\u00e1 Noel, que tendr\u00e1 lugar el 21 de diciembre en colaboraci\u00f3n con la Asociaci\u00f3n Caramuxo, con final en el Casino Mugard\u00e9s. Ya en enero, el d\u00eda 5, se celebrar\u00e1 la tradicional Recepci\u00f3n Real y la fiesta de Reyes, que est\u00e1 previsto que incluya tambi\u00e9n actos en San Xo\u00e1n y Franza.<\/p>\n\n<p>La concejala de Cultura, Bego\u00f1a G\u00f3mez, destac\u00f3 la importancia de esta programaci\u00f3n para dinamizar el municipio en una \u00e9poca especialmente significativa:&#13;\n\u201cQueremos que Mugardos viva una Navidad llena de cultura, m\u00fasica y actividades pensadas para todas las edades. Esta programaci\u00f3n combina tradici\u00f3n y creatividad, y es fruto del trabajo conjunto de muchas entidades culturales y sociales del municipio\u201d. La edil subray\u00f3 adem\u00e1s el compromiso del Ayuntamiento con una oferta cultural accesible y diversa. \u201cNuestro objetivo es que cada vecina y vecino encuentre en esta agenda una actividad para disfrutar: desde los m\u00e1s peque\u00f1os, que podr\u00e1n participar en talleres y cuentos, hasta quienes disfrutan de la m\u00fasica tradicional o de los conciertos corales que son ya una se\u00f1a de identidad de estas fechas\u00bb se\u00f1al\u00f3.<\/p>\n\n<p>El Ayuntamiento de Mugardos anima a la ciudadan\u00eda a participar en las distintas actividades y recuerda que la programaci\u00f3n completa se ir\u00e1 anunciando a trav\u00e9s de las redes sociales del Concello a medida que se acerquen los d\u00edas de celebraci\u00f3n.<\/p>\n","protected":false},"excerpt":{"rendered":"<p>El Concello de Mugardos ya tiene en marcha la programaci\u00f3n cultural de Navidad, un calendario que combina m\u00fasica, tradici\u00f3n, actividades infantiles y propuestas de car\u00e1cter social, con el objetivo de ofrecer alternativas de ocio para todas las edades y reforzar el ambiente festivo en el municipio durante las pr\u00f3ximas semanas. La programaci\u00f3n arranc\u00f3 el 15 [&hellip;]<\/p>\n","protected":false},"author":5,"featured_media":17621,"comment_status":"closed","ping_status":"closed","sticky":false,"template":"","format":"standard","meta":[],"categories":[50,12],"tags":[],"yoast_head":"<!-- This site is optimized with the Yoast SEO plugin v18.9 - https:\/\/yoast.com\/wordpress\/plugins\/seo\/ -->\n<title>EL CONCELLO PRESENTA LA PROGRAMACI\u00d3N CULTURAL DE NAVIDAD CON ACTIVIDADES PARA TODAS LAS EDADES - Concello de Mugardos<\/title>\n<meta name=\"robots\" content=\"index, follow, max-snippet:-1, max-image-preview:large, max-video-preview:-1\" \/>\n<link rel=\"canonical\" href=\"https:\/\/mugardos.gal\/es\/el-concello-presenta-la-programacion-cultural-de-navidad-con-actividades-para-todas-las-edades\/\" \/>\n<meta property=\"og:locale\" content=\"es_ES\" \/>\n<meta property=\"og:type\" content=\"article\" \/>\n<meta property=\"og:title\" content=\"EL CONCELLO PRESENTA LA PROGRAMACI\u00d3N CULTURAL DE NAVIDAD CON ACTIVIDADES PARA TODAS LAS EDADES - Concello de Mugardos\" \/>\n<meta property=\"og:description\" content=\"El Concello de Mugardos ya tiene en marcha la programaci\u00f3n cultural de Navidad, un calendario que combina m\u00fasica, tradici\u00f3n, actividades infantiles y propuestas de car\u00e1cter social, con el objetivo de ofrecer alternativas de ocio para todas las edades y reforzar el ambiente festivo en el municipio durante las pr\u00f3ximas semanas. La programaci\u00f3n arranc\u00f3 el 15 [&hellip;]\" \/>\n<meta property=\"og:url\" content=\"https:\/\/mugardos.gal\/es\/el-concello-presenta-la-programacion-cultural-de-navidad-con-actividades-para-todas-las-edades\/\" \/>\n<meta property=\"og:site_name\" content=\"Concello de Mugardos\" \/>\n<meta property=\"article:published_time\" content=\"2025-11-19T12:22:14+00:00\" \/>\n<meta property=\"article:modified_time\" content=\"2025-11-19T12:22:15+00:00\" \/>\n<meta property=\"og:image\" content=\"https:\/\/mugardos.gal\/wp-content\/uploads\/2022\/11\/regalos-nadal.jpg\" \/>\n\t<meta property=\"og:image:width\" content=\"1205\" \/>\n\t<meta property=\"og:image:height\" content=\"1205\" \/>\n\t<meta property=\"og:image:type\" content=\"image\/jpeg\" \/>\n<meta name=\"twitter:card\" content=\"summary_large_image\" \/>\n<meta name=\"twitter:label1\" content=\"Escrito por\" \/>\n\t<meta name=\"twitter:data1\" content=\"maria_OCCIDENTE\" \/>\n\t<meta name=\"twitter:label2\" content=\"Tiempo de lectura\" \/>\n\t<meta name=\"twitter:data2\" content=\"2 minutos\" \/>\n<script type=\"application\/ld+json\" class=\"yoast-schema-graph\">{\"@context\":\"https:\/\/schema.org\",\"@graph\":[{\"@type\":\"WebSite\",\"@id\":\"https:\/\/mugardos.gal\/#website\",\"url\":\"https:\/\/mugardos.gal\/\",\"name\":\"Concello de Mugardos\",\"description\":\"\",\"potentialAction\":[{\"@type\":\"SearchAction\",\"target\":{\"@type\":\"EntryPoint\",\"urlTemplate\":\"https:\/\/mugardos.gal\/?s={search_term_string}\"},\"query-input\":\"required name=search_term_string\"}],\"inLanguage\":\"es\"},{\"@type\":\"ImageObject\",\"inLanguage\":\"es\",\"@id\":\"https:\/\/mugardos.gal\/es\/el-concello-presenta-la-programacion-cultural-de-navidad-con-actividades-para-todas-las-edades\/#primaryimage\",\"url\":\"https:\/\/mugardos.gal\/wp-content\/uploads\/2022\/11\/regalos-nadal.jpg\",\"contentUrl\":\"https:\/\/mugardos.gal\/wp-content\/uploads\/2022\/11\/regalos-nadal.jpg\",\"width\":1205,\"height\":1205},{\"@type\":\"WebPage\",\"@id\":\"https:\/\/mugardos.gal\/es\/el-concello-presenta-la-programacion-cultural-de-navidad-con-actividades-para-todas-las-edades\/#webpage\",\"url\":\"https:\/\/mugardos.gal\/es\/el-concello-presenta-la-programacion-cultural-de-navidad-con-actividades-para-todas-las-edades\/\",\"name\":\"EL CONCELLO PRESENTA LA PROGRAMACI\u00d3N CULTURAL DE NAVIDAD CON ACTIVIDADES PARA TODAS LAS EDADES - Concello de Mugardos\",\"isPartOf\":{\"@id\":\"https:\/\/mugardos.gal\/#website\"},\"primaryImageOfPage\":{\"@id\":\"https:\/\/mugardos.gal\/es\/el-concello-presenta-la-programacion-cultural-de-navidad-con-actividades-para-todas-las-edades\/#primaryimage\"},\"datePublished\":\"2025-11-19T12:22:14+00:00\",\"dateModified\":\"2025-11-19T12:22:15+00:00\",\"author\":{\"@id\":\"https:\/\/mugardos.gal\/#\/schema\/person\/5003de8d638a334108335f5dc158539f\"},\"breadcrumb\":{\"@id\":\"https:\/\/mugardos.gal\/es\/el-concello-presenta-la-programacion-cultural-de-navidad-con-actividades-para-todas-las-edades\/#breadcrumb\"},\"inLanguage\":\"es\",\"potentialAction\":[{\"@type\":\"ReadAction\",\"target\":[\"https:\/\/mugardos.gal\/es\/el-concello-presenta-la-programacion-cultural-de-navidad-con-actividades-para-todas-las-edades\/\"]}]},{\"@type\":\"BreadcrumbList\",\"@id\":\"https:\/\/mugardos.gal\/es\/el-concello-presenta-la-programacion-cultural-de-navidad-con-actividades-para-todas-las-edades\/#breadcrumb\",\"itemListElement\":[{\"@type\":\"ListItem\",\"position\":1,\"name\":\"Portada\",\"item\":\"https:\/\/mugardos.gal\/es\/\"},{\"@type\":\"ListItem\",\"position\":2,\"name\":\"EL CONCELLO PRESENTA LA PROGRAMACI\u00d3N CULTURAL DE NAVIDAD CON ACTIVIDADES PARA TODAS LAS EDADES\"}]},{\"@type\":\"Person\",\"@id\":\"https:\/\/mugardos.gal\/#\/schema\/person\/5003de8d638a334108335f5dc158539f\",\"name\":\"maria_OCCIDENTE\",\"url\":\"https:\/\/mugardos.gal\/es\/author\/maria_occidente\/\"}]}<\/script>\n<!-- \/ Yoast SEO plugin. -->","yoast_head_json":{"title":"EL CONCELLO PRESENTA LA PROGRAMACI\u00d3N CULTURAL DE NAVIDAD CON ACTIVIDADES PARA TODAS LAS EDADES - Concello de Mugardos","robots":{"index":"index","follow":"follow","max-snippet":"max-snippet:-1","max-image-preview":"max-image-preview:large","max-video-preview":"max-video-preview:-1"},"canonical":"https:\/\/mugardos.gal\/es\/el-concello-presenta-la-programacion-cultural-de-navidad-con-actividades-para-todas-las-edades\/","og_locale":"es_ES","og_type":"article","og_title":"EL CONCELLO PRESENTA LA PROGRAMACI\u00d3N CULTURAL DE NAVIDAD CON ACTIVIDADES PARA TODAS LAS EDADES - Concello de Mugardos","og_description":"El Concello de Mugardos ya tiene en marcha la programaci\u00f3n cultural de Navidad, un calendario que combina m\u00fasica, tradici\u00f3n, actividades infantiles y propuestas de car\u00e1cter social, con el objetivo de ofrecer alternativas de ocio para todas las edades y reforzar el ambiente festivo en el municipio durante las pr\u00f3ximas semanas. La programaci\u00f3n arranc\u00f3 el 15 [&hellip;]","og_url":"https:\/\/mugardos.gal\/es\/el-concello-presenta-la-programacion-cultural-de-navidad-con-actividades-para-todas-las-edades\/","og_site_name":"Concello de Mugardos","article_published_time":"2025-11-19T12:22:14+00:00","article_modified_time":"2025-11-19T12:22:15+00:00","og_image":[{"width":1205,"height":1205,"url":"https:\/\/mugardos.gal\/wp-content\/uploads\/2022\/11\/regalos-nadal.jpg","type":"image\/jpeg"}],"twitter_card":"summary_large_image","twitter_misc":{"Escrito por":"maria_OCCIDENTE","Tiempo de lectura":"2 minutos"},"schema":{"@context":"https:\/\/schema.org","@graph":[{"@type":"WebSite","@id":"https:\/\/mugardos.gal\/#website","url":"https:\/\/mugardos.gal\/","name":"Concello de Mugardos","description":"","potentialAction":[{"@type":"SearchAction","target":{"@type":"EntryPoint","urlTemplate":"https:\/\/mugardos.gal\/?s={search_term_string}"},"query-input":"required name=search_term_string"}],"inLanguage":"es"},{"@type":"ImageObject","inLanguage":"es","@id":"https:\/\/mugardos.gal\/es\/el-concello-presenta-la-programacion-cultural-de-navidad-con-actividades-para-todas-las-edades\/#primaryimage","url":"https:\/\/mugardos.gal\/wp-content\/uploads\/2022\/11\/regalos-nadal.jpg","contentUrl":"https:\/\/mugardos.gal\/wp-content\/uploads\/2022\/11\/regalos-nadal.jpg","width":1205,"height":1205},{"@type":"WebPage","@id":"https:\/\/mugardos.gal\/es\/el-concello-presenta-la-programacion-cultural-de-navidad-con-actividades-para-todas-las-edades\/#webpage","url":"https:\/\/mugardos.gal\/es\/el-concello-presenta-la-programacion-cultural-de-navidad-con-actividades-para-todas-las-edades\/","name":"EL CONCELLO PRESENTA LA PROGRAMACI\u00d3N CULTURAL DE NAVIDAD CON ACTIVIDADES PARA TODAS LAS EDADES - Concello de Mugardos","isPartOf":{"@id":"https:\/\/mugardos.gal\/#website"},"primaryImageOfPage":{"@id":"https:\/\/mugardos.gal\/es\/el-concello-presenta-la-programacion-cultural-de-navidad-con-actividades-para-todas-las-edades\/#primaryimage"},"datePublished":"2025-11-19T12:22:14+00:00","dateModified":"2025-11-19T12:22:15+00:00","author":{"@id":"https:\/\/mugardos.gal\/#\/schema\/person\/5003de8d638a334108335f5dc158539f"},"breadcrumb":{"@id":"https:\/\/mugardos.gal\/es\/el-concello-presenta-la-programacion-cultural-de-navidad-con-actividades-para-todas-las-edades\/#breadcrumb"},"inLanguage":"es","potentialAction":[{"@type":"ReadAction","target":["https:\/\/mugardos.gal\/es\/el-concello-presenta-la-programacion-cultural-de-navidad-con-actividades-para-todas-las-edades\/"]}]},{"@type":"BreadcrumbList","@id":"https:\/\/mugardos.gal\/es\/el-concello-presenta-la-programacion-cultural-de-navidad-con-actividades-para-todas-las-edades\/#breadcrumb","itemListElement":[{"@type":"ListItem","position":1,"name":"Portada","item":"https:\/\/mugardos.gal\/es\/"},{"@type":"ListItem","position":2,"name":"EL CONCELLO PRESENTA LA PROGRAMACI\u00d3N CULTURAL DE NAVIDAD CON ACTIVIDADES PARA TODAS LAS EDADES"}]},{"@type":"Person","@id":"https:\/\/mugardos.gal\/#\/schema\/person\/5003de8d638a334108335f5dc158539f","name":"maria_OCCIDENTE","url":"https:\/\/mugardos.gal\/es\/author\/maria_occidente\/"}]}},"_links":{"self":[{"href":"https:\/\/mugardos.gal\/es\/wp-json\/wp\/v2\/posts\/25074"}],"collection":[{"href":"https:\/\/mugardos.gal\/es\/wp-json\/wp\/v2\/posts"}],"about":[{"href":"https:\/\/mugardos.gal\/es\/wp-json\/wp\/v2\/types\/post"}],"author":[{"embeddable":true,"href":"https:\/\/mugardos.gal\/es\/wp-json\/wp\/v2\/users\/5"}],"replies":[{"embeddable":true,"href":"https:\/\/mugardos.gal\/es\/wp-json\/wp\/v2\/comments?post=25074"}],"version-history":[{"count":1,"href":"https:\/\/mugardos.gal\/es\/wp-json\/wp\/v2\/posts\/25074\/revisions"}],"predecessor-version":[{"id":25075,"href":"https:\/\/mugardos.gal\/es\/wp-json\/wp\/v2\/posts\/25074\/revisions\/25075"}],"wp:featuredmedia":[{"embeddable":true,"href":"https:\/\/mugardos.gal\/es\/wp-json\/wp\/v2\/media\/17621"}],"wp:attachment":[{"href":"https:\/\/mugardos.gal\/es\/wp-json\/wp\/v2\/media?parent=25074"}],"wp:term":[{"taxonomy":"category","embeddable":true,"href":"https:\/\/mugardos.gal\/es\/wp-json\/wp\/v2\/categories?post=25074"},{"taxonomy":"post_tag","embeddable":true,"href":"https:\/\/mugardos.gal\/es\/wp-json\/wp\/v2\/tags?post=25074"}],"curies":[{"name":"wp","href":"https:\/\/api.w.org\/{rel}","templated":true}]}}