{"id":23680,"date":"2025-04-25T13:27:19","date_gmt":"2025-04-25T11:27:19","guid":{"rendered":"https:\/\/mugardos.gal\/listado-definitivo-de-admitidos-para-el-concurso-de-plazas-de-auxiliar-de-ayuda-en-el-hogar\/"},"modified":"2025-04-25T13:27:20","modified_gmt":"2025-04-25T11:27:20","slug":"listado-definitivo-de-admitidos-para-el-concurso-de-plazas-de-auxiliar-de-ayuda-en-el-hogar","status":"publish","type":"post","link":"https:\/\/mugardos.gal\/es\/listado-definitivo-de-admitidos-para-el-concurso-de-plazas-de-auxiliar-de-ayuda-en-el-hogar\/","title":{"rendered":"LISTADO DEFINITIVO DE ADMITIDOS PARA EL CONCURSO DE PLAZAS DE AUXILIAR DE AYUDA EN EL HOGAR"},"content":{"rendered":"\n<p><strong>APROBACI\u00d3N LISTADO DEFINITIVO DE PERSONAS ADMITIDAS Y EXCLU\u00cdDAS, DESIGNACI\u00d3N DE TRIBUNAL Y FIJACI\u00d3N DE LA FECHA Y HORA DE REALIZACI\u00d3N DE LA SESI\u00d3N CONSTITUTIVA Y DE VALORACI\u00d3N DE M\u00c9RITOS DEL PROCESO DE ESTABILIZACI\u00d3N POR EL SISTEMA EXCEPCIONAL DE CONCURSO, EN EJECUCI\u00d3N DE LA OFERTA DE EMPLEO P\u00daBLICO DEL A\u00d1O 2022, PLAZAS AUXILIAR DE AYUDA EN EL HOGAR.<\/strong><\/p>\n\n<div class=\"wp-block-file\"><object class=\"wp-block-file__embed\" data=\"https:\/\/mugardos.gal\/wp-content\/uploads\/2025\/04\/ANUNCIO-lista-definitiva-tribunal-e-data-de-realizacio&#x301;n-da-valoracio&#x301;n-de-me&#x301;ritos.pdf\" type=\"application\/pdf\" style=\"width:100%;height:600px\" aria-label=\"Incrustado de ANUNCIO-lista-definitiva-tribunal-e-data-de-realizacio&#x301;n-da-valoracio&#x301;n-de-me&#x301;ritos.\"><\/object><a id=\"wp-block-file--media-73d87cef-ce79-49c5-a4e8-243a5d8746a1\" href=\"https:\/\/mugardos.gal\/wp-content\/uploads\/2025\/04\/ANUNCIO-lista-definitiva-tribunal-e-data-de-realizacio&#x301;n-da-valoracio&#x301;n-de-me&#x301;ritos.pdf\">ANUNCIO-lista-definitiva-tribunal-y-fecha-de-realizacio\u0301n-da-valoracio\u0301n-de-me\u0301ritos<\/a><a href=\"https:\/\/mugardos.gal\/wp-content\/uploads\/2025\/04\/ANUNCIO-lista-definitiva-tribunal-e-data-de-realizacio&#x301;n-da-valoracio&#x301;n-de-me&#x301;ritos.pdf\" class=\"wp-block-file__button\" download=\"\" aria-describedby=\"wp-block-file--media-73d87cef-ce79-49c5-a4e8-243a5d8746a1\">Descarga\t <\/a><\/div>\n\n<p><\/p>\n","protected":false},"excerpt":{"rendered":"<p>APROBACI\u00d3N LISTADO DEFINITIVO DE PERSONAS ADMITIDAS Y EXCLU\u00cdDAS, DESIGNACI\u00d3N DE TRIBUNAL Y FIJACI\u00d3N DE LA FECHA Y HORA DE REALIZACI\u00d3N DE LA SESI\u00d3N CONSTITUTIVA Y DE VALORACI\u00d3N DE M\u00c9RITOS DEL PROCESO DE ESTABILIZACI\u00d3N POR EL SISTEMA EXCEPCIONAL DE CONCURSO, EN EJECUCI\u00d3N DE LA OFERTA DE EMPLEO P\u00daBLICO DEL A\u00d1O 2022, PLAZAS AUXILIAR DE AYUDA EN [&hellip;]<\/p>\n","protected":false},"author":5,"featured_media":1830,"comment_status":"closed","ping_status":"closed","sticky":false,"template":"","format":"standard","meta":[],"categories":[12,37],"tags":[],"yoast_head":"<!-- This site is optimized with the Yoast SEO plugin v18.9 - https:\/\/yoast.com\/wordpress\/plugins\/seo\/ -->\n<title>LISTADO DEFINITIVO DE ADMITIDOS PARA EL CONCURSO DE PLAZAS DE AUXILIAR DE AYUDA EN EL HOGAR - Concello de Mugardos<\/title>\n<meta name=\"robots\" content=\"index, follow, max-snippet:-1, max-image-preview:large, max-video-preview:-1\" \/>\n<link rel=\"canonical\" href=\"https:\/\/mugardos.gal\/es\/listado-definitivo-de-admitidos-para-el-concurso-de-plazas-de-auxiliar-de-ayuda-en-el-hogar\/\" \/>\n<meta property=\"og:locale\" content=\"es_ES\" \/>\n<meta property=\"og:type\" content=\"article\" \/>\n<meta property=\"og:title\" content=\"LISTADO DEFINITIVO DE ADMITIDOS PARA EL CONCURSO DE PLAZAS DE AUXILIAR DE AYUDA EN EL HOGAR - Concello de Mugardos\" \/>\n<meta property=\"og:description\" content=\"APROBACI\u00d3N LISTADO DEFINITIVO DE PERSONAS ADMITIDAS Y EXCLU\u00cdDAS, DESIGNACI\u00d3N DE TRIBUNAL Y FIJACI\u00d3N DE LA FECHA Y HORA DE REALIZACI\u00d3N DE LA SESI\u00d3N CONSTITUTIVA Y DE VALORACI\u00d3N DE M\u00c9RITOS DEL PROCESO DE ESTABILIZACI\u00d3N POR EL SISTEMA EXCEPCIONAL DE CONCURSO, EN EJECUCI\u00d3N DE LA OFERTA DE EMPLEO P\u00daBLICO DEL A\u00d1O 2022, PLAZAS AUXILIAR DE AYUDA EN [&hellip;]\" \/>\n<meta property=\"og:url\" content=\"https:\/\/mugardos.gal\/es\/listado-definitivo-de-admitidos-para-el-concurso-de-plazas-de-auxiliar-de-ayuda-en-el-hogar\/\" \/>\n<meta property=\"og:site_name\" content=\"Concello de Mugardos\" \/>\n<meta property=\"article:published_time\" content=\"2025-04-25T11:27:19+00:00\" \/>\n<meta property=\"article:modified_time\" content=\"2025-04-25T11:27:20+00:00\" \/>\n<meta property=\"og:image\" content=\"https:\/\/mugardos.gal\/wp-content\/uploads\/2020\/04\/Concello-2.jpeg\" \/>\n\t<meta property=\"og:image:width\" content=\"1600\" \/>\n\t<meta property=\"og:image:height\" content=\"1200\" \/>\n\t<meta property=\"og:image:type\" content=\"image\/jpeg\" \/>\n<meta name=\"twitter:card\" content=\"summary_large_image\" \/>\n<meta name=\"twitter:label1\" content=\"Escrito por\" \/>\n\t<meta name=\"twitter:data1\" content=\"maria_OCCIDENTE\" \/>\n<script type=\"application\/ld+json\" class=\"yoast-schema-graph\">{\"@context\":\"https:\/\/schema.org\",\"@graph\":[{\"@type\":\"WebSite\",\"@id\":\"https:\/\/mugardos.gal\/#website\",\"url\":\"https:\/\/mugardos.gal\/\",\"name\":\"Concello de Mugardos\",\"description\":\"\",\"potentialAction\":[{\"@type\":\"SearchAction\",\"target\":{\"@type\":\"EntryPoint\",\"urlTemplate\":\"https:\/\/mugardos.gal\/?s={search_term_string}\"},\"query-input\":\"required name=search_term_string\"}],\"inLanguage\":\"es\"},{\"@type\":\"ImageObject\",\"inLanguage\":\"es\",\"@id\":\"https:\/\/mugardos.gal\/es\/listado-definitivo-de-admitidos-para-el-concurso-de-plazas-de-auxiliar-de-ayuda-en-el-hogar\/#primaryimage\",\"url\":\"https:\/\/mugardos.gal\/wp-content\/uploads\/2020\/04\/Concello-2.jpeg\",\"contentUrl\":\"https:\/\/mugardos.gal\/wp-content\/uploads\/2020\/04\/Concello-2.jpeg\",\"width\":1600,\"height\":1200},{\"@type\":\"WebPage\",\"@id\":\"https:\/\/mugardos.gal\/es\/listado-definitivo-de-admitidos-para-el-concurso-de-plazas-de-auxiliar-de-ayuda-en-el-hogar\/#webpage\",\"url\":\"https:\/\/mugardos.gal\/es\/listado-definitivo-de-admitidos-para-el-concurso-de-plazas-de-auxiliar-de-ayuda-en-el-hogar\/\",\"name\":\"LISTADO DEFINITIVO DE ADMITIDOS PARA EL CONCURSO DE PLAZAS DE AUXILIAR DE AYUDA EN EL HOGAR - Concello de Mugardos\",\"isPartOf\":{\"@id\":\"https:\/\/mugardos.gal\/#website\"},\"primaryImageOfPage\":{\"@id\":\"https:\/\/mugardos.gal\/es\/listado-definitivo-de-admitidos-para-el-concurso-de-plazas-de-auxiliar-de-ayuda-en-el-hogar\/#primaryimage\"},\"datePublished\":\"2025-04-25T11:27:19+00:00\",\"dateModified\":\"2025-04-25T11:27:20+00:00\",\"author\":{\"@id\":\"https:\/\/mugardos.gal\/#\/schema\/person\/5003de8d638a334108335f5dc158539f\"},\"breadcrumb\":{\"@id\":\"https:\/\/mugardos.gal\/es\/listado-definitivo-de-admitidos-para-el-concurso-de-plazas-de-auxiliar-de-ayuda-en-el-hogar\/#breadcrumb\"},\"inLanguage\":\"es\",\"potentialAction\":[{\"@type\":\"ReadAction\",\"target\":[\"https:\/\/mugardos.gal\/es\/listado-definitivo-de-admitidos-para-el-concurso-de-plazas-de-auxiliar-de-ayuda-en-el-hogar\/\"]}]},{\"@type\":\"BreadcrumbList\",\"@id\":\"https:\/\/mugardos.gal\/es\/listado-definitivo-de-admitidos-para-el-concurso-de-plazas-de-auxiliar-de-ayuda-en-el-hogar\/#breadcrumb\",\"itemListElement\":[{\"@type\":\"ListItem\",\"position\":1,\"name\":\"Portada\",\"item\":\"https:\/\/mugardos.gal\/es\/\"},{\"@type\":\"ListItem\",\"position\":2,\"name\":\"LISTADO DEFINITIVO DE ADMITIDOS PARA EL CONCURSO DE PLAZAS DE AUXILIAR DE AYUDA EN EL HOGAR\"}]},{\"@type\":\"Person\",\"@id\":\"https:\/\/mugardos.gal\/#\/schema\/person\/5003de8d638a334108335f5dc158539f\",\"name\":\"maria_OCCIDENTE\",\"url\":\"https:\/\/mugardos.gal\/es\/author\/maria_occidente\/\"}]}<\/script>\n<!-- \/ Yoast SEO plugin. -->","yoast_head_json":{"title":"LISTADO DEFINITIVO DE ADMITIDOS PARA EL CONCURSO DE PLAZAS DE AUXILIAR DE AYUDA EN EL HOGAR - Concello de Mugardos","robots":{"index":"index","follow":"follow","max-snippet":"max-snippet:-1","max-image-preview":"max-image-preview:large","max-video-preview":"max-video-preview:-1"},"canonical":"https:\/\/mugardos.gal\/es\/listado-definitivo-de-admitidos-para-el-concurso-de-plazas-de-auxiliar-de-ayuda-en-el-hogar\/","og_locale":"es_ES","og_type":"article","og_title":"LISTADO DEFINITIVO DE ADMITIDOS PARA EL CONCURSO DE PLAZAS DE AUXILIAR DE AYUDA EN EL HOGAR - Concello de Mugardos","og_description":"APROBACI\u00d3N LISTADO DEFINITIVO DE PERSONAS ADMITIDAS Y EXCLU\u00cdDAS, DESIGNACI\u00d3N DE TRIBUNAL Y FIJACI\u00d3N DE LA FECHA Y HORA DE REALIZACI\u00d3N DE LA SESI\u00d3N CONSTITUTIVA Y DE VALORACI\u00d3N DE M\u00c9RITOS DEL PROCESO DE ESTABILIZACI\u00d3N POR EL SISTEMA EXCEPCIONAL DE CONCURSO, EN EJECUCI\u00d3N DE LA OFERTA DE EMPLEO P\u00daBLICO DEL A\u00d1O 2022, PLAZAS AUXILIAR DE AYUDA EN [&hellip;]","og_url":"https:\/\/mugardos.gal\/es\/listado-definitivo-de-admitidos-para-el-concurso-de-plazas-de-auxiliar-de-ayuda-en-el-hogar\/","og_site_name":"Concello de Mugardos","article_published_time":"2025-04-25T11:27:19+00:00","article_modified_time":"2025-04-25T11:27:20+00:00","og_image":[{"width":1600,"height":1200,"url":"https:\/\/mugardos.gal\/wp-content\/uploads\/2020\/04\/Concello-2.jpeg","type":"image\/jpeg"}],"twitter_card":"summary_large_image","twitter_misc":{"Escrito por":"maria_OCCIDENTE"},"schema":{"@context":"https:\/\/schema.org","@graph":[{"@type":"WebSite","@id":"https:\/\/mugardos.gal\/#website","url":"https:\/\/mugardos.gal\/","name":"Concello de Mugardos","description":"","potentialAction":[{"@type":"SearchAction","target":{"@type":"EntryPoint","urlTemplate":"https:\/\/mugardos.gal\/?s={search_term_string}"},"query-input":"required name=search_term_string"}],"inLanguage":"es"},{"@type":"ImageObject","inLanguage":"es","@id":"https:\/\/mugardos.gal\/es\/listado-definitivo-de-admitidos-para-el-concurso-de-plazas-de-auxiliar-de-ayuda-en-el-hogar\/#primaryimage","url":"https:\/\/mugardos.gal\/wp-content\/uploads\/2020\/04\/Concello-2.jpeg","contentUrl":"https:\/\/mugardos.gal\/wp-content\/uploads\/2020\/04\/Concello-2.jpeg","width":1600,"height":1200},{"@type":"WebPage","@id":"https:\/\/mugardos.gal\/es\/listado-definitivo-de-admitidos-para-el-concurso-de-plazas-de-auxiliar-de-ayuda-en-el-hogar\/#webpage","url":"https:\/\/mugardos.gal\/es\/listado-definitivo-de-admitidos-para-el-concurso-de-plazas-de-auxiliar-de-ayuda-en-el-hogar\/","name":"LISTADO DEFINITIVO DE ADMITIDOS PARA EL CONCURSO DE PLAZAS DE AUXILIAR DE AYUDA EN EL HOGAR - Concello de Mugardos","isPartOf":{"@id":"https:\/\/mugardos.gal\/#website"},"primaryImageOfPage":{"@id":"https:\/\/mugardos.gal\/es\/listado-definitivo-de-admitidos-para-el-concurso-de-plazas-de-auxiliar-de-ayuda-en-el-hogar\/#primaryimage"},"datePublished":"2025-04-25T11:27:19+00:00","dateModified":"2025-04-25T11:27:20+00:00","author":{"@id":"https:\/\/mugardos.gal\/#\/schema\/person\/5003de8d638a334108335f5dc158539f"},"breadcrumb":{"@id":"https:\/\/mugardos.gal\/es\/listado-definitivo-de-admitidos-para-el-concurso-de-plazas-de-auxiliar-de-ayuda-en-el-hogar\/#breadcrumb"},"inLanguage":"es","potentialAction":[{"@type":"ReadAction","target":["https:\/\/mugardos.gal\/es\/listado-definitivo-de-admitidos-para-el-concurso-de-plazas-de-auxiliar-de-ayuda-en-el-hogar\/"]}]},{"@type":"BreadcrumbList","@id":"https:\/\/mugardos.gal\/es\/listado-definitivo-de-admitidos-para-el-concurso-de-plazas-de-auxiliar-de-ayuda-en-el-hogar\/#breadcrumb","itemListElement":[{"@type":"ListItem","position":1,"name":"Portada","item":"https:\/\/mugardos.gal\/es\/"},{"@type":"ListItem","position":2,"name":"LISTADO DEFINITIVO DE ADMITIDOS PARA EL CONCURSO DE PLAZAS DE AUXILIAR DE AYUDA EN EL HOGAR"}]},{"@type":"Person","@id":"https:\/\/mugardos.gal\/#\/schema\/person\/5003de8d638a334108335f5dc158539f","name":"maria_OCCIDENTE","url":"https:\/\/mugardos.gal\/es\/author\/maria_occidente\/"}]}},"_links":{"self":[{"href":"https:\/\/mugardos.gal\/es\/wp-json\/wp\/v2\/posts\/23680"}],"collection":[{"href":"https:\/\/mugardos.gal\/es\/wp-json\/wp\/v2\/posts"}],"about":[{"href":"https:\/\/mugardos.gal\/es\/wp-json\/wp\/v2\/types\/post"}],"author":[{"embeddable":true,"href":"https:\/\/mugardos.gal\/es\/wp-json\/wp\/v2\/users\/5"}],"replies":[{"embeddable":true,"href":"https:\/\/mugardos.gal\/es\/wp-json\/wp\/v2\/comments?post=23680"}],"version-history":[{"count":1,"href":"https:\/\/mugardos.gal\/es\/wp-json\/wp\/v2\/posts\/23680\/revisions"}],"predecessor-version":[{"id":23681,"href":"https:\/\/mugardos.gal\/es\/wp-json\/wp\/v2\/posts\/23680\/revisions\/23681"}],"wp:featuredmedia":[{"embeddable":true,"href":"https:\/\/mugardos.gal\/es\/wp-json\/wp\/v2\/media\/1830"}],"wp:attachment":[{"href":"https:\/\/mugardos.gal\/es\/wp-json\/wp\/v2\/media?parent=23680"}],"wp:term":[{"taxonomy":"category","embeddable":true,"href":"https:\/\/mugardos.gal\/es\/wp-json\/wp\/v2\/categories?post=23680"},{"taxonomy":"post_tag","embeddable":true,"href":"https:\/\/mugardos.gal\/es\/wp-json\/wp\/v2\/tags?post=23680"}],"curies":[{"name":"wp","href":"https:\/\/api.w.org\/{rel}","templated":true}]}}