{"id":21952,"date":"2024-09-05T15:40:39","date_gmt":"2024-09-05T13:40:39","guid":{"rendered":"https:\/\/mugardos.gal\/ciclo-de-teatro-aficionado-en-el-concello-de-mugardos\/"},"modified":"2024-09-05T15:40:40","modified_gmt":"2024-09-05T13:40:40","slug":"ciclo-de-teatro-aficionado-en-el-concello-de-mugardos","status":"publish","type":"post","link":"https:\/\/mugardos.gal\/es\/ciclo-de-teatro-aficionado-en-el-concello-de-mugardos\/","title":{"rendered":"CICLO DE TEATRO AFICIONADO EN EL CONCELLO DE MUGARDOS"},"content":{"rendered":"\n<p>El Casino Mugard\u00e9s acoger\u00e1 entre septiembre y noviembre una nueva edici\u00f3n del Ciclo de Teatro Aficionado &#8216;Fegateatro&#8217;, promovida por la Federaci\u00f3n Gallega de Teatro Aficionado en colaboraci\u00f3n con el Concello de Mugardos y la Xunta de Galiia, y con entrada gratuita.<\/p>\n\n<p>Las actuaci\u00f3ns tendr\u00e1n lugar en las siguientes fechas:<\/p>\n\n<p>-S\u00e1bado 14 de septiembre a las 19:00 horas: &#8216;Arte&#8217; de Hip\u00f3crita Teatro.<\/p>\n\n<p>-S\u00e1bado 21 de septiembre a las 19:00 horas: &#8216;Desaquelando&#8217; de Teatro Pesadelo.<\/p>\n\n<p>-S\u00e1bado 28 de septiembre a las 19:00 horas: &#8216;Croquetas&#8217; de la Agrupaci\u00f3n Teatral Mari\u00f1\u00e1n.<\/p>\n\n<p>-S\u00e1bado 5 de octubre a las 19:00 horas: &#8216;En venda&#8217; de O Trasno Teatro.<\/p>\n\n<p>-S\u00e1bado 23 de noviembre a las 19:00 horas: &#8216;Mal do miolo&#8217; de la Asociaci\u00f3n Dramat\u00farxica Pico de Foz.<\/p>\n\n<p><\/p>\n\n<p><\/p>\n","protected":false},"excerpt":{"rendered":"<p>El Casino Mugard\u00e9s acoger\u00e1 entre septiembre y noviembre una nueva edici\u00f3n del Ciclo de Teatro Aficionado &#8216;Fegateatro&#8217;, promovida por la Federaci\u00f3n Gallega de Teatro Aficionado en colaboraci\u00f3n con el Concello de Mugardos y la Xunta de Galiia, y con entrada gratuita. Las actuaci\u00f3ns tendr\u00e1n lugar en las siguientes fechas: -S\u00e1bado 14 de septiembre a las [&hellip;]<\/p>\n","protected":false},"author":5,"featured_media":21950,"comment_status":"closed","ping_status":"closed","sticky":false,"template":"","format":"standard","meta":[],"categories":[50,12],"tags":[],"yoast_head":"<!-- This site is optimized with the Yoast SEO plugin v18.9 - https:\/\/yoast.com\/wordpress\/plugins\/seo\/ -->\n<title>CICLO DE TEATRO AFICIONADO EN EL CONCELLO DE MUGARDOS - Concello de Mugardos<\/title>\n<meta name=\"robots\" content=\"index, follow, max-snippet:-1, max-image-preview:large, max-video-preview:-1\" \/>\n<link rel=\"canonical\" href=\"https:\/\/mugardos.gal\/es\/ciclo-de-teatro-aficionado-en-el-concello-de-mugardos\/\" \/>\n<meta property=\"og:locale\" content=\"es_ES\" \/>\n<meta property=\"og:type\" content=\"article\" \/>\n<meta property=\"og:title\" content=\"CICLO DE TEATRO AFICIONADO EN EL CONCELLO DE MUGARDOS - Concello de Mugardos\" \/>\n<meta property=\"og:description\" content=\"El Casino Mugard\u00e9s acoger\u00e1 entre septiembre y noviembre una nueva edici\u00f3n del Ciclo de Teatro Aficionado &#8216;Fegateatro&#8217;, promovida por la Federaci\u00f3n Gallega de Teatro Aficionado en colaboraci\u00f3n con el Concello de Mugardos y la Xunta de Galiia, y con entrada gratuita. Las actuaci\u00f3ns tendr\u00e1n lugar en las siguientes fechas: -S\u00e1bado 14 de septiembre a las [&hellip;]\" \/>\n<meta property=\"og:url\" content=\"https:\/\/mugardos.gal\/es\/ciclo-de-teatro-aficionado-en-el-concello-de-mugardos\/\" \/>\n<meta property=\"og:site_name\" content=\"Concello de Mugardos\" \/>\n<meta property=\"article:published_time\" content=\"2024-09-05T13:40:39+00:00\" \/>\n<meta property=\"article:modified_time\" content=\"2024-09-05T13:40:40+00:00\" \/>\n<meta property=\"og:image\" content=\"https:\/\/mugardos.gal\/wp-content\/uploads\/2024\/09\/Cartaz_FGT_Mugardos_20240824.jpg\" \/>\n\t<meta property=\"og:image:width\" content=\"1144\" \/>\n\t<meta property=\"og:image:height\" content=\"1600\" \/>\n\t<meta property=\"og:image:type\" content=\"image\/jpeg\" \/>\n<meta name=\"twitter:card\" content=\"summary_large_image\" \/>\n<meta name=\"twitter:label1\" content=\"Escrito por\" \/>\n\t<meta name=\"twitter:data1\" content=\"maria_OCCIDENTE\" \/>\n\t<meta name=\"twitter:label2\" content=\"Tiempo de lectura\" \/>\n\t<meta name=\"twitter:data2\" content=\"1 minuto\" \/>\n<script type=\"application\/ld+json\" class=\"yoast-schema-graph\">{\"@context\":\"https:\/\/schema.org\",\"@graph\":[{\"@type\":\"WebSite\",\"@id\":\"https:\/\/mugardos.gal\/#website\",\"url\":\"https:\/\/mugardos.gal\/\",\"name\":\"Concello de Mugardos\",\"description\":\"\",\"potentialAction\":[{\"@type\":\"SearchAction\",\"target\":{\"@type\":\"EntryPoint\",\"urlTemplate\":\"https:\/\/mugardos.gal\/?s={search_term_string}\"},\"query-input\":\"required name=search_term_string\"}],\"inLanguage\":\"es\"},{\"@type\":\"ImageObject\",\"inLanguage\":\"es\",\"@id\":\"https:\/\/mugardos.gal\/es\/ciclo-de-teatro-aficionado-en-el-concello-de-mugardos\/#primaryimage\",\"url\":\"https:\/\/mugardos.gal\/wp-content\/uploads\/2024\/09\/Cartaz_FGT_Mugardos_20240824.jpg\",\"contentUrl\":\"https:\/\/mugardos.gal\/wp-content\/uploads\/2024\/09\/Cartaz_FGT_Mugardos_20240824.jpg\",\"width\":1144,\"height\":1600},{\"@type\":\"WebPage\",\"@id\":\"https:\/\/mugardos.gal\/es\/ciclo-de-teatro-aficionado-en-el-concello-de-mugardos\/#webpage\",\"url\":\"https:\/\/mugardos.gal\/es\/ciclo-de-teatro-aficionado-en-el-concello-de-mugardos\/\",\"name\":\"CICLO DE TEATRO AFICIONADO EN EL CONCELLO DE MUGARDOS - Concello de Mugardos\",\"isPartOf\":{\"@id\":\"https:\/\/mugardos.gal\/#website\"},\"primaryImageOfPage\":{\"@id\":\"https:\/\/mugardos.gal\/es\/ciclo-de-teatro-aficionado-en-el-concello-de-mugardos\/#primaryimage\"},\"datePublished\":\"2024-09-05T13:40:39+00:00\",\"dateModified\":\"2024-09-05T13:40:40+00:00\",\"author\":{\"@id\":\"https:\/\/mugardos.gal\/#\/schema\/person\/5003de8d638a334108335f5dc158539f\"},\"breadcrumb\":{\"@id\":\"https:\/\/mugardos.gal\/es\/ciclo-de-teatro-aficionado-en-el-concello-de-mugardos\/#breadcrumb\"},\"inLanguage\":\"es\",\"potentialAction\":[{\"@type\":\"ReadAction\",\"target\":[\"https:\/\/mugardos.gal\/es\/ciclo-de-teatro-aficionado-en-el-concello-de-mugardos\/\"]}]},{\"@type\":\"BreadcrumbList\",\"@id\":\"https:\/\/mugardos.gal\/es\/ciclo-de-teatro-aficionado-en-el-concello-de-mugardos\/#breadcrumb\",\"itemListElement\":[{\"@type\":\"ListItem\",\"position\":1,\"name\":\"Portada\",\"item\":\"https:\/\/mugardos.gal\/es\/\"},{\"@type\":\"ListItem\",\"position\":2,\"name\":\"CICLO DE TEATRO AFICIONADO EN EL CONCELLO DE MUGARDOS\"}]},{\"@type\":\"Person\",\"@id\":\"https:\/\/mugardos.gal\/#\/schema\/person\/5003de8d638a334108335f5dc158539f\",\"name\":\"maria_OCCIDENTE\",\"url\":\"https:\/\/mugardos.gal\/es\/author\/maria_occidente\/\"}]}<\/script>\n<!-- \/ Yoast SEO plugin. -->","yoast_head_json":{"title":"CICLO DE TEATRO AFICIONADO EN EL CONCELLO DE MUGARDOS - Concello de Mugardos","robots":{"index":"index","follow":"follow","max-snippet":"max-snippet:-1","max-image-preview":"max-image-preview:large","max-video-preview":"max-video-preview:-1"},"canonical":"https:\/\/mugardos.gal\/es\/ciclo-de-teatro-aficionado-en-el-concello-de-mugardos\/","og_locale":"es_ES","og_type":"article","og_title":"CICLO DE TEATRO AFICIONADO EN EL CONCELLO DE MUGARDOS - Concello de Mugardos","og_description":"El Casino Mugard\u00e9s acoger\u00e1 entre septiembre y noviembre una nueva edici\u00f3n del Ciclo de Teatro Aficionado &#8216;Fegateatro&#8217;, promovida por la Federaci\u00f3n Gallega de Teatro Aficionado en colaboraci\u00f3n con el Concello de Mugardos y la Xunta de Galiia, y con entrada gratuita. Las actuaci\u00f3ns tendr\u00e1n lugar en las siguientes fechas: -S\u00e1bado 14 de septiembre a las [&hellip;]","og_url":"https:\/\/mugardos.gal\/es\/ciclo-de-teatro-aficionado-en-el-concello-de-mugardos\/","og_site_name":"Concello de Mugardos","article_published_time":"2024-09-05T13:40:39+00:00","article_modified_time":"2024-09-05T13:40:40+00:00","og_image":[{"width":1144,"height":1600,"url":"https:\/\/mugardos.gal\/wp-content\/uploads\/2024\/09\/Cartaz_FGT_Mugardos_20240824.jpg","type":"image\/jpeg"}],"twitter_card":"summary_large_image","twitter_misc":{"Escrito por":"maria_OCCIDENTE","Tiempo de lectura":"1 minuto"},"schema":{"@context":"https:\/\/schema.org","@graph":[{"@type":"WebSite","@id":"https:\/\/mugardos.gal\/#website","url":"https:\/\/mugardos.gal\/","name":"Concello de Mugardos","description":"","potentialAction":[{"@type":"SearchAction","target":{"@type":"EntryPoint","urlTemplate":"https:\/\/mugardos.gal\/?s={search_term_string}"},"query-input":"required name=search_term_string"}],"inLanguage":"es"},{"@type":"ImageObject","inLanguage":"es","@id":"https:\/\/mugardos.gal\/es\/ciclo-de-teatro-aficionado-en-el-concello-de-mugardos\/#primaryimage","url":"https:\/\/mugardos.gal\/wp-content\/uploads\/2024\/09\/Cartaz_FGT_Mugardos_20240824.jpg","contentUrl":"https:\/\/mugardos.gal\/wp-content\/uploads\/2024\/09\/Cartaz_FGT_Mugardos_20240824.jpg","width":1144,"height":1600},{"@type":"WebPage","@id":"https:\/\/mugardos.gal\/es\/ciclo-de-teatro-aficionado-en-el-concello-de-mugardos\/#webpage","url":"https:\/\/mugardos.gal\/es\/ciclo-de-teatro-aficionado-en-el-concello-de-mugardos\/","name":"CICLO DE TEATRO AFICIONADO EN EL CONCELLO DE MUGARDOS - Concello de Mugardos","isPartOf":{"@id":"https:\/\/mugardos.gal\/#website"},"primaryImageOfPage":{"@id":"https:\/\/mugardos.gal\/es\/ciclo-de-teatro-aficionado-en-el-concello-de-mugardos\/#primaryimage"},"datePublished":"2024-09-05T13:40:39+00:00","dateModified":"2024-09-05T13:40:40+00:00","author":{"@id":"https:\/\/mugardos.gal\/#\/schema\/person\/5003de8d638a334108335f5dc158539f"},"breadcrumb":{"@id":"https:\/\/mugardos.gal\/es\/ciclo-de-teatro-aficionado-en-el-concello-de-mugardos\/#breadcrumb"},"inLanguage":"es","potentialAction":[{"@type":"ReadAction","target":["https:\/\/mugardos.gal\/es\/ciclo-de-teatro-aficionado-en-el-concello-de-mugardos\/"]}]},{"@type":"BreadcrumbList","@id":"https:\/\/mugardos.gal\/es\/ciclo-de-teatro-aficionado-en-el-concello-de-mugardos\/#breadcrumb","itemListElement":[{"@type":"ListItem","position":1,"name":"Portada","item":"https:\/\/mugardos.gal\/es\/"},{"@type":"ListItem","position":2,"name":"CICLO DE TEATRO AFICIONADO EN EL CONCELLO DE MUGARDOS"}]},{"@type":"Person","@id":"https:\/\/mugardos.gal\/#\/schema\/person\/5003de8d638a334108335f5dc158539f","name":"maria_OCCIDENTE","url":"https:\/\/mugardos.gal\/es\/author\/maria_occidente\/"}]}},"_links":{"self":[{"href":"https:\/\/mugardos.gal\/es\/wp-json\/wp\/v2\/posts\/21952"}],"collection":[{"href":"https:\/\/mugardos.gal\/es\/wp-json\/wp\/v2\/posts"}],"about":[{"href":"https:\/\/mugardos.gal\/es\/wp-json\/wp\/v2\/types\/post"}],"author":[{"embeddable":true,"href":"https:\/\/mugardos.gal\/es\/wp-json\/wp\/v2\/users\/5"}],"replies":[{"embeddable":true,"href":"https:\/\/mugardos.gal\/es\/wp-json\/wp\/v2\/comments?post=21952"}],"version-history":[{"count":1,"href":"https:\/\/mugardos.gal\/es\/wp-json\/wp\/v2\/posts\/21952\/revisions"}],"predecessor-version":[{"id":21953,"href":"https:\/\/mugardos.gal\/es\/wp-json\/wp\/v2\/posts\/21952\/revisions\/21953"}],"wp:featuredmedia":[{"embeddable":true,"href":"https:\/\/mugardos.gal\/es\/wp-json\/wp\/v2\/media\/21950"}],"wp:attachment":[{"href":"https:\/\/mugardos.gal\/es\/wp-json\/wp\/v2\/media?parent=21952"}],"wp:term":[{"taxonomy":"category","embeddable":true,"href":"https:\/\/mugardos.gal\/es\/wp-json\/wp\/v2\/categories?post=21952"},{"taxonomy":"post_tag","embeddable":true,"href":"https:\/\/mugardos.gal\/es\/wp-json\/wp\/v2\/tags?post=21952"}],"curies":[{"name":"wp","href":"https:\/\/api.w.org\/{rel}","templated":true}]}}