{"id":20385,"date":"2023-12-05T15:21:18","date_gmt":"2023-12-05T13:21:18","guid":{"rendered":"https:\/\/mugardos.gal\/los-concellos-de-ares-y-mugardos-presentan-la-xviii-carrera-popular-de-fin-de-ano\/"},"modified":"2023-12-05T15:21:18","modified_gmt":"2023-12-05T13:21:18","slug":"los-concellos-de-ares-y-mugardos-presentan-la-xviii-carrera-popular-de-fin-de-ano","status":"publish","type":"post","link":"https:\/\/mugardos.gal\/es\/los-concellos-de-ares-y-mugardos-presentan-la-xviii-carrera-popular-de-fin-de-ano\/","title":{"rendered":"LOS CONCELLOS DE ARES Y MUGARDOS PRESENTAN LA XVIII CARRERA POPULAR DE FIN DE A\u00d1O"},"content":{"rendered":"\n<p>Ares, 5 de diciembre de 2023.- En una rueda de prensa celebrada hoy, Alma Barr\u00f3n, concejala de Deportes de Ares, junto a las concejalas de Mugardos Ana Varela y Bego\u00f1a Rold\u00f3s, el delegado de la Federaci\u00f3n Gallega de Atletismo, Paulino Cartelle, y la coordinadora de supermercados Familia, M\u00f3nica Freire, presentaron la XVIII edici\u00f3n de la Carrera Popular de Fin de A\u00f1o. Este evento deportivo, organizado conjuntamente por ambos municipios, mantiene su origen en la pen\u00ednsula de Bezoucos y se llevar\u00e1 a cabo el domingo 31 de diciembre, a las 11:00 horas, como una manera saludable y festiva de despedir el a\u00f1o 2023.<\/p>\n\n<p>Durante la ma\u00f1ana de hoy, las representantes municipales oficializaron los detalles m\u00e1s destacados de la carrera, con un enfoque en la participaci\u00f3n m\u00e1s que en la competici\u00f3n. Se anunci\u00f3 la apertura de las inscripciones, que estar\u00e1n disponibles hasta el 25 de diciembre. Aquellos interesados podr\u00e1n registrarse de forma telem\u00e1tica a trav\u00e9s de la p\u00e1gina web www.carreirasgalegas.com abonando una tarifa de 4 euros por corredor.<\/p>\n\n<p>La Carrera Popular de Fin de A\u00f1o, consolidada como un evento emblem\u00e1tico en la zona, tiene como objetivo fomentar la participaci\u00f3n de corredores y corredoras a partir de los 16 a\u00f1os de edad, sin importar su nivel de habilidad, destacndo su car\u00e1cter popular y l\u00fadico. En esta edici\u00f3n, la capacidad estar\u00e1 limitada a 500 plazas, por lo que se insta a los interesados a formalizar su inscripci\u00f3n cuanto antes para asegurar su participaci\u00f3n.<\/p>\n\n<p>El recorrido de este a\u00f1o ser\u00e1 nuevamente de 10 kil\u00f3metros, comenzando a las 11:00 horas en el Pabell\u00f3n Polideportivo Municipal de Ares y pasando por Mugardos antes de regresar a la meta en los alrededores de Ares. Como incentio adicional, la Organizaci\u00f3n llevar\u00e1 a cabo un sorteo de varias cestas con productos de Navidad en colaboraci\u00f3n con el supermercado Familia, sin tener en cuenta marcas personales o tiempos, pero premiando la finalizaci\u00f3n del recorrido.<\/p>\n\n<p>Previo al evento, la retirada de dorsales -que confirma la asistencia del participante- se realizar\u00e1 los d\u00edas 28 y 29 de diciembre, de 800 a 13:30 horas y de 16:00 a 22:00 horas, as\u00ed como el s\u00e1bado 30 de diciembre de 9:00 a 13:00 horas, en el Complejo Acu\u00e1tico del Castro. Adem\u00e1s, el mismo d\u00eda de la prueba habr\u00e1 la opci\u00f3n de recoger los dorsales en la pista exterior del Pabell\u00f3n Polideportivo de Ares de 9:00 a 10:30 horas.<\/p>\n\n<p><\/p>\n\n<p><\/p>\n","protected":false},"excerpt":{"rendered":"<p>Ares, 5 de diciembre de 2023.- En una rueda de prensa celebrada hoy, Alma Barr\u00f3n, concejala de Deportes de Ares, junto a las concejalas de Mugardos Ana Varela y Bego\u00f1a Rold\u00f3s, el delegado de la Federaci\u00f3n Gallega de Atletismo, Paulino Cartelle, y la coordinadora de supermercados Familia, M\u00f3nica Freire, presentaron la XVIII edici\u00f3n de la [&hellip;]<\/p>\n","protected":false},"author":5,"featured_media":20383,"comment_status":"closed","ping_status":"closed","sticky":false,"template":"","format":"standard","meta":[],"categories":[51,12],"tags":[],"yoast_head":"<!-- This site is optimized with the Yoast SEO plugin v18.9 - https:\/\/yoast.com\/wordpress\/plugins\/seo\/ -->\n<title>LOS CONCELLOS DE ARES Y MUGARDOS PRESENTAN LA XVIII CARRERA POPULAR DE FIN DE A\u00d1O - Concello de Mugardos<\/title>\n<meta name=\"robots\" content=\"index, follow, max-snippet:-1, max-image-preview:large, max-video-preview:-1\" \/>\n<link rel=\"canonical\" href=\"https:\/\/mugardos.gal\/es\/los-concellos-de-ares-y-mugardos-presentan-la-xviii-carrera-popular-de-fin-de-ano\/\" \/>\n<meta property=\"og:locale\" content=\"es_ES\" \/>\n<meta property=\"og:type\" content=\"article\" \/>\n<meta property=\"og:title\" content=\"LOS CONCELLOS DE ARES Y MUGARDOS PRESENTAN LA XVIII CARRERA POPULAR DE FIN DE A\u00d1O - Concello de Mugardos\" \/>\n<meta property=\"og:description\" content=\"Ares, 5 de diciembre de 2023.- En una rueda de prensa celebrada hoy, Alma Barr\u00f3n, concejala de Deportes de Ares, junto a las concejalas de Mugardos Ana Varela y Bego\u00f1a Rold\u00f3s, el delegado de la Federaci\u00f3n Gallega de Atletismo, Paulino Cartelle, y la coordinadora de supermercados Familia, M\u00f3nica Freire, presentaron la XVIII edici\u00f3n de la [&hellip;]\" \/>\n<meta property=\"og:url\" content=\"https:\/\/mugardos.gal\/es\/los-concellos-de-ares-y-mugardos-presentan-la-xviii-carrera-popular-de-fin-de-ano\/\" \/>\n<meta property=\"og:site_name\" content=\"Concello de Mugardos\" \/>\n<meta property=\"article:published_time\" content=\"2023-12-05T13:21:18+00:00\" \/>\n<meta property=\"og:image\" content=\"https:\/\/mugardos.gal\/wp-content\/uploads\/2023\/12\/presentacio\u0301n-carreira-fin-de-ano.jpg\" \/>\n\t<meta property=\"og:image:width\" content=\"894\" \/>\n\t<meta property=\"og:image:height\" content=\"719\" \/>\n\t<meta property=\"og:image:type\" content=\"image\/jpeg\" \/>\n<meta name=\"twitter:card\" content=\"summary_large_image\" \/>\n<meta name=\"twitter:label1\" content=\"Escrito por\" \/>\n\t<meta name=\"twitter:data1\" content=\"maria_OCCIDENTE\" \/>\n\t<meta name=\"twitter:label2\" content=\"Tiempo de lectura\" \/>\n\t<meta name=\"twitter:data2\" content=\"2 minutos\" \/>\n<script type=\"application\/ld+json\" class=\"yoast-schema-graph\">{\"@context\":\"https:\/\/schema.org\",\"@graph\":[{\"@type\":\"WebSite\",\"@id\":\"https:\/\/mugardos.gal\/#website\",\"url\":\"https:\/\/mugardos.gal\/\",\"name\":\"Concello de Mugardos\",\"description\":\"\",\"potentialAction\":[{\"@type\":\"SearchAction\",\"target\":{\"@type\":\"EntryPoint\",\"urlTemplate\":\"https:\/\/mugardos.gal\/?s={search_term_string}\"},\"query-input\":\"required name=search_term_string\"}],\"inLanguage\":\"es\"},{\"@type\":\"ImageObject\",\"inLanguage\":\"es\",\"@id\":\"https:\/\/mugardos.gal\/es\/los-concellos-de-ares-y-mugardos-presentan-la-xviii-carrera-popular-de-fin-de-ano\/#primaryimage\",\"url\":\"https:\/\/mugardos.gal\/wp-content\/uploads\/2023\/12\/presentacio\u0301n-carreira-fin-de-ano.jpg\",\"contentUrl\":\"https:\/\/mugardos.gal\/wp-content\/uploads\/2023\/12\/presentacio\u0301n-carreira-fin-de-ano.jpg\",\"width\":894,\"height\":719},{\"@type\":\"WebPage\",\"@id\":\"https:\/\/mugardos.gal\/es\/los-concellos-de-ares-y-mugardos-presentan-la-xviii-carrera-popular-de-fin-de-ano\/#webpage\",\"url\":\"https:\/\/mugardos.gal\/es\/los-concellos-de-ares-y-mugardos-presentan-la-xviii-carrera-popular-de-fin-de-ano\/\",\"name\":\"LOS CONCELLOS DE ARES Y MUGARDOS PRESENTAN LA XVIII CARRERA POPULAR DE FIN DE A\u00d1O - Concello de Mugardos\",\"isPartOf\":{\"@id\":\"https:\/\/mugardos.gal\/#website\"},\"primaryImageOfPage\":{\"@id\":\"https:\/\/mugardos.gal\/es\/los-concellos-de-ares-y-mugardos-presentan-la-xviii-carrera-popular-de-fin-de-ano\/#primaryimage\"},\"datePublished\":\"2023-12-05T13:21:18+00:00\",\"dateModified\":\"2023-12-05T13:21:18+00:00\",\"author\":{\"@id\":\"https:\/\/mugardos.gal\/#\/schema\/person\/5003de8d638a334108335f5dc158539f\"},\"breadcrumb\":{\"@id\":\"https:\/\/mugardos.gal\/es\/los-concellos-de-ares-y-mugardos-presentan-la-xviii-carrera-popular-de-fin-de-ano\/#breadcrumb\"},\"inLanguage\":\"es\",\"potentialAction\":[{\"@type\":\"ReadAction\",\"target\":[\"https:\/\/mugardos.gal\/es\/los-concellos-de-ares-y-mugardos-presentan-la-xviii-carrera-popular-de-fin-de-ano\/\"]}]},{\"@type\":\"BreadcrumbList\",\"@id\":\"https:\/\/mugardos.gal\/es\/los-concellos-de-ares-y-mugardos-presentan-la-xviii-carrera-popular-de-fin-de-ano\/#breadcrumb\",\"itemListElement\":[{\"@type\":\"ListItem\",\"position\":1,\"name\":\"Portada\",\"item\":\"https:\/\/mugardos.gal\/es\/\"},{\"@type\":\"ListItem\",\"position\":2,\"name\":\"LOS CONCELLOS DE ARES Y MUGARDOS PRESENTAN LA XVIII CARRERA POPULAR DE FIN DE A\u00d1O\"}]},{\"@type\":\"Person\",\"@id\":\"https:\/\/mugardos.gal\/#\/schema\/person\/5003de8d638a334108335f5dc158539f\",\"name\":\"maria_OCCIDENTE\",\"url\":\"https:\/\/mugardos.gal\/es\/author\/maria_occidente\/\"}]}<\/script>\n<!-- \/ Yoast SEO plugin. -->","yoast_head_json":{"title":"LOS CONCELLOS DE ARES Y MUGARDOS PRESENTAN LA XVIII CARRERA POPULAR DE FIN DE A\u00d1O - Concello de Mugardos","robots":{"index":"index","follow":"follow","max-snippet":"max-snippet:-1","max-image-preview":"max-image-preview:large","max-video-preview":"max-video-preview:-1"},"canonical":"https:\/\/mugardos.gal\/es\/los-concellos-de-ares-y-mugardos-presentan-la-xviii-carrera-popular-de-fin-de-ano\/","og_locale":"es_ES","og_type":"article","og_title":"LOS CONCELLOS DE ARES Y MUGARDOS PRESENTAN LA XVIII CARRERA POPULAR DE FIN DE A\u00d1O - Concello de Mugardos","og_description":"Ares, 5 de diciembre de 2023.- En una rueda de prensa celebrada hoy, Alma Barr\u00f3n, concejala de Deportes de Ares, junto a las concejalas de Mugardos Ana Varela y Bego\u00f1a Rold\u00f3s, el delegado de la Federaci\u00f3n Gallega de Atletismo, Paulino Cartelle, y la coordinadora de supermercados Familia, M\u00f3nica Freire, presentaron la XVIII edici\u00f3n de la [&hellip;]","og_url":"https:\/\/mugardos.gal\/es\/los-concellos-de-ares-y-mugardos-presentan-la-xviii-carrera-popular-de-fin-de-ano\/","og_site_name":"Concello de Mugardos","article_published_time":"2023-12-05T13:21:18+00:00","og_image":[{"width":894,"height":719,"url":"https:\/\/mugardos.gal\/wp-content\/uploads\/2023\/12\/presentacio\u0301n-carreira-fin-de-ano.jpg","type":"image\/jpeg"}],"twitter_card":"summary_large_image","twitter_misc":{"Escrito por":"maria_OCCIDENTE","Tiempo de lectura":"2 minutos"},"schema":{"@context":"https:\/\/schema.org","@graph":[{"@type":"WebSite","@id":"https:\/\/mugardos.gal\/#website","url":"https:\/\/mugardos.gal\/","name":"Concello de Mugardos","description":"","potentialAction":[{"@type":"SearchAction","target":{"@type":"EntryPoint","urlTemplate":"https:\/\/mugardos.gal\/?s={search_term_string}"},"query-input":"required name=search_term_string"}],"inLanguage":"es"},{"@type":"ImageObject","inLanguage":"es","@id":"https:\/\/mugardos.gal\/es\/los-concellos-de-ares-y-mugardos-presentan-la-xviii-carrera-popular-de-fin-de-ano\/#primaryimage","url":"https:\/\/mugardos.gal\/wp-content\/uploads\/2023\/12\/presentacio\u0301n-carreira-fin-de-ano.jpg","contentUrl":"https:\/\/mugardos.gal\/wp-content\/uploads\/2023\/12\/presentacio\u0301n-carreira-fin-de-ano.jpg","width":894,"height":719},{"@type":"WebPage","@id":"https:\/\/mugardos.gal\/es\/los-concellos-de-ares-y-mugardos-presentan-la-xviii-carrera-popular-de-fin-de-ano\/#webpage","url":"https:\/\/mugardos.gal\/es\/los-concellos-de-ares-y-mugardos-presentan-la-xviii-carrera-popular-de-fin-de-ano\/","name":"LOS CONCELLOS DE ARES Y MUGARDOS PRESENTAN LA XVIII CARRERA POPULAR DE FIN DE A\u00d1O - Concello de Mugardos","isPartOf":{"@id":"https:\/\/mugardos.gal\/#website"},"primaryImageOfPage":{"@id":"https:\/\/mugardos.gal\/es\/los-concellos-de-ares-y-mugardos-presentan-la-xviii-carrera-popular-de-fin-de-ano\/#primaryimage"},"datePublished":"2023-12-05T13:21:18+00:00","dateModified":"2023-12-05T13:21:18+00:00","author":{"@id":"https:\/\/mugardos.gal\/#\/schema\/person\/5003de8d638a334108335f5dc158539f"},"breadcrumb":{"@id":"https:\/\/mugardos.gal\/es\/los-concellos-de-ares-y-mugardos-presentan-la-xviii-carrera-popular-de-fin-de-ano\/#breadcrumb"},"inLanguage":"es","potentialAction":[{"@type":"ReadAction","target":["https:\/\/mugardos.gal\/es\/los-concellos-de-ares-y-mugardos-presentan-la-xviii-carrera-popular-de-fin-de-ano\/"]}]},{"@type":"BreadcrumbList","@id":"https:\/\/mugardos.gal\/es\/los-concellos-de-ares-y-mugardos-presentan-la-xviii-carrera-popular-de-fin-de-ano\/#breadcrumb","itemListElement":[{"@type":"ListItem","position":1,"name":"Portada","item":"https:\/\/mugardos.gal\/es\/"},{"@type":"ListItem","position":2,"name":"LOS CONCELLOS DE ARES Y MUGARDOS PRESENTAN LA XVIII CARRERA POPULAR DE FIN DE A\u00d1O"}]},{"@type":"Person","@id":"https:\/\/mugardos.gal\/#\/schema\/person\/5003de8d638a334108335f5dc158539f","name":"maria_OCCIDENTE","url":"https:\/\/mugardos.gal\/es\/author\/maria_occidente\/"}]}},"_links":{"self":[{"href":"https:\/\/mugardos.gal\/es\/wp-json\/wp\/v2\/posts\/20385"}],"collection":[{"href":"https:\/\/mugardos.gal\/es\/wp-json\/wp\/v2\/posts"}],"about":[{"href":"https:\/\/mugardos.gal\/es\/wp-json\/wp\/v2\/types\/post"}],"author":[{"embeddable":true,"href":"https:\/\/mugardos.gal\/es\/wp-json\/wp\/v2\/users\/5"}],"replies":[{"embeddable":true,"href":"https:\/\/mugardos.gal\/es\/wp-json\/wp\/v2\/comments?post=20385"}],"version-history":[{"count":1,"href":"https:\/\/mugardos.gal\/es\/wp-json\/wp\/v2\/posts\/20385\/revisions"}],"predecessor-version":[{"id":20386,"href":"https:\/\/mugardos.gal\/es\/wp-json\/wp\/v2\/posts\/20385\/revisions\/20386"}],"wp:featuredmedia":[{"embeddable":true,"href":"https:\/\/mugardos.gal\/es\/wp-json\/wp\/v2\/media\/20383"}],"wp:attachment":[{"href":"https:\/\/mugardos.gal\/es\/wp-json\/wp\/v2\/media?parent=20385"}],"wp:term":[{"taxonomy":"category","embeddable":true,"href":"https:\/\/mugardos.gal\/es\/wp-json\/wp\/v2\/categories?post=20385"},{"taxonomy":"post_tag","embeddable":true,"href":"https:\/\/mugardos.gal\/es\/wp-json\/wp\/v2\/tags?post=20385"}],"curies":[{"name":"wp","href":"https:\/\/api.w.org\/{rel}","templated":true}]}}