{"id":18694,"date":"2023-03-03T13:26:40","date_gmt":"2023-03-03T11:26:40","guid":{"rendered":"https:\/\/mugardos.gal\/el-concello-intensifica-la-limpieza-de-las-aceras\/"},"modified":"2023-03-03T13:26:40","modified_gmt":"2023-03-03T11:26:40","slug":"el-concello-intensifica-la-limpieza-de-las-aceras","status":"publish","type":"post","link":"https:\/\/mugardos.gal\/es\/el-concello-intensifica-la-limpieza-de-las-aceras\/","title":{"rendered":"EL CONCELLO INTENSIFICA LA LIMPIEZA DE LAS ACERAS"},"content":{"rendered":"\n<h4><em>En las \u00faltimas fechas se procedi\u00f3 tambi\u00e9n a la\u00a0 limpieza del entorno del Pazo das Condesas<\/em><\/h4>\n\n<p>El concejal de Servicios, Jorge Kuntz, inform\u00f3 de las tareas de limpieza de aceras que se est\u00e1 desarrollando desde su departamento, con trabajos repartidos por todas las parroquias y con el objetivo de dejar las zonas a p unto de cara al buen tiempo.<\/p>\n\n<p>Las tareas encomendadas, que refuerzan las taras de limpieza viaria habituales, van desde la eliminaci\u00f3n de maleza y malas hierbas hasta el lavado de las losas.<\/p>\n\n<p>Esta actuaci\u00f3n, que ya estaba programada para el pasado a\u00f1o, se vio afectada por diversos problemas administrativos que impidieron su puesta en marcha. \u00abEl objetivo es ir mejorando poco a poco las aceras que m\u00e1s sucias estaban, y algunos puntos donde ya se iniciaron las actuaciones el cambio es sustancial\u00bb se\u00f1al\u00f3 Kuntz.<\/p>\n\n<figure class=\"wp-block-image size-large\"><img loading=\"lazy\" width=\"1024\" height=\"768\" src=\"https:\/\/mugardos.gal\/wp-content\/uploads\/2023\/03\/Limpieza-pazo-1024x768.jpg\" alt=\"\" class=\"wp-image-18692\" srcset=\"https:\/\/mugardos.gal\/wp-content\/uploads\/2023\/03\/Limpieza-pazo-1024x768.jpg 1024w, https:\/\/mugardos.gal\/wp-content\/uploads\/2023\/03\/Limpieza-pazo-300x225.jpg 300w, https:\/\/mugardos.gal\/wp-content\/uploads\/2023\/03\/Limpieza-pazo-768x576.jpg 768w, https:\/\/mugardos.gal\/wp-content\/uploads\/2023\/03\/Limpieza-pazo-1536x1152.jpg 1536w, https:\/\/mugardos.gal\/wp-content\/uploads\/2023\/03\/Limpieza-pazo.jpg 1600w\" sizes=\"(max-width: 1024px) 100vw, 1024px\" \/><\/figure>\n\n<p>El responsable del departamento de Servicios inform\u00f3 tambi\u00e9n de la limpieza del entorno del Pazo de las Condesas, que es responsabilidad del Concello por la titularidad municipal de las fincas. \u00bb Son trabajo complejos por la extensi\u00f3n de los terrenos y la dificultad de los distintos elementos preexistentes, pero se trata de una actuaci\u00f3n imprescindible desde el punto de vista de la salubridad y el mantenimiento del patrimonio inmueble\u00bb.<\/p>\n","protected":false},"excerpt":{"rendered":"<p>En las \u00faltimas fechas se procedi\u00f3 tambi\u00e9n a la\u00a0 limpieza del entorno del Pazo das Condesas El concejal de Servicios, Jorge Kuntz, inform\u00f3 de las tareas de limpieza de aceras que se est\u00e1 desarrollando desde su departamento, con trabajos repartidos por todas las parroquias y con el objetivo de dejar las zonas a p unto [&hellip;]<\/p>\n","protected":false},"author":5,"featured_media":18690,"comment_status":"closed","ping_status":"closed","sticky":false,"template":"","format":"standard","meta":[],"categories":[12,36],"tags":[],"yoast_head":"<!-- This site is optimized with the Yoast SEO plugin v18.9 - https:\/\/yoast.com\/wordpress\/plugins\/seo\/ -->\n<title>EL CONCELLO INTENSIFICA LA LIMPIEZA DE LAS ACERAS - Concello de Mugardos<\/title>\n<meta name=\"robots\" content=\"index, follow, max-snippet:-1, max-image-preview:large, max-video-preview:-1\" \/>\n<link rel=\"canonical\" href=\"https:\/\/mugardos.gal\/es\/el-concello-intensifica-la-limpieza-de-las-aceras\/\" \/>\n<meta property=\"og:locale\" content=\"es_ES\" \/>\n<meta property=\"og:type\" content=\"article\" \/>\n<meta property=\"og:title\" content=\"EL CONCELLO INTENSIFICA LA LIMPIEZA DE LAS ACERAS - Concello de Mugardos\" \/>\n<meta property=\"og:description\" content=\"En las \u00faltimas fechas se procedi\u00f3 tambi\u00e9n a la\u00a0 limpieza del entorno del Pazo das Condesas El concejal de Servicios, Jorge Kuntz, inform\u00f3 de las tareas de limpieza de aceras que se est\u00e1 desarrollando desde su departamento, con trabajos repartidos por todas las parroquias y con el objetivo de dejar las zonas a p unto [&hellip;]\" \/>\n<meta property=\"og:url\" content=\"https:\/\/mugardos.gal\/es\/el-concello-intensifica-la-limpieza-de-las-aceras\/\" \/>\n<meta property=\"og:site_name\" content=\"Concello de Mugardos\" \/>\n<meta property=\"article:published_time\" content=\"2023-03-03T11:26:40+00:00\" \/>\n<meta property=\"og:image\" content=\"https:\/\/mugardos.gal\/wp-content\/uploads\/2023\/03\/Limpieza-ru\u0301as-1.jpg\" \/>\n\t<meta property=\"og:image:width\" content=\"1477\" \/>\n\t<meta property=\"og:image:height\" content=\"1126\" \/>\n\t<meta property=\"og:image:type\" content=\"image\/jpeg\" \/>\n<meta name=\"twitter:card\" content=\"summary_large_image\" \/>\n<meta name=\"twitter:label1\" content=\"Escrito por\" \/>\n\t<meta name=\"twitter:data1\" content=\"maria_OCCIDENTE\" \/>\n\t<meta name=\"twitter:label2\" content=\"Tiempo de lectura\" \/>\n\t<meta name=\"twitter:data2\" content=\"1 minuto\" \/>\n<script type=\"application\/ld+json\" class=\"yoast-schema-graph\">{\"@context\":\"https:\/\/schema.org\",\"@graph\":[{\"@type\":\"WebSite\",\"@id\":\"https:\/\/mugardos.gal\/#website\",\"url\":\"https:\/\/mugardos.gal\/\",\"name\":\"Concello de Mugardos\",\"description\":\"\",\"potentialAction\":[{\"@type\":\"SearchAction\",\"target\":{\"@type\":\"EntryPoint\",\"urlTemplate\":\"https:\/\/mugardos.gal\/?s={search_term_string}\"},\"query-input\":\"required name=search_term_string\"}],\"inLanguage\":\"es\"},{\"@type\":\"ImageObject\",\"inLanguage\":\"es\",\"@id\":\"https:\/\/mugardos.gal\/es\/el-concello-intensifica-la-limpieza-de-las-aceras\/#primaryimage\",\"url\":\"https:\/\/mugardos.gal\/wp-content\/uploads\/2023\/03\/Limpieza-ru\u0301as-1.jpg\",\"contentUrl\":\"https:\/\/mugardos.gal\/wp-content\/uploads\/2023\/03\/Limpieza-ru\u0301as-1.jpg\",\"width\":1477,\"height\":1126},{\"@type\":\"WebPage\",\"@id\":\"https:\/\/mugardos.gal\/es\/el-concello-intensifica-la-limpieza-de-las-aceras\/#webpage\",\"url\":\"https:\/\/mugardos.gal\/es\/el-concello-intensifica-la-limpieza-de-las-aceras\/\",\"name\":\"EL CONCELLO INTENSIFICA LA LIMPIEZA DE LAS ACERAS - Concello de Mugardos\",\"isPartOf\":{\"@id\":\"https:\/\/mugardos.gal\/#website\"},\"primaryImageOfPage\":{\"@id\":\"https:\/\/mugardos.gal\/es\/el-concello-intensifica-la-limpieza-de-las-aceras\/#primaryimage\"},\"datePublished\":\"2023-03-03T11:26:40+00:00\",\"dateModified\":\"2023-03-03T11:26:40+00:00\",\"author\":{\"@id\":\"https:\/\/mugardos.gal\/#\/schema\/person\/5003de8d638a334108335f5dc158539f\"},\"breadcrumb\":{\"@id\":\"https:\/\/mugardos.gal\/es\/el-concello-intensifica-la-limpieza-de-las-aceras\/#breadcrumb\"},\"inLanguage\":\"es\",\"potentialAction\":[{\"@type\":\"ReadAction\",\"target\":[\"https:\/\/mugardos.gal\/es\/el-concello-intensifica-la-limpieza-de-las-aceras\/\"]}]},{\"@type\":\"BreadcrumbList\",\"@id\":\"https:\/\/mugardos.gal\/es\/el-concello-intensifica-la-limpieza-de-las-aceras\/#breadcrumb\",\"itemListElement\":[{\"@type\":\"ListItem\",\"position\":1,\"name\":\"Portada\",\"item\":\"https:\/\/mugardos.gal\/es\/\"},{\"@type\":\"ListItem\",\"position\":2,\"name\":\"EL CONCELLO INTENSIFICA LA LIMPIEZA DE LAS ACERAS\"}]},{\"@type\":\"Person\",\"@id\":\"https:\/\/mugardos.gal\/#\/schema\/person\/5003de8d638a334108335f5dc158539f\",\"name\":\"maria_OCCIDENTE\",\"url\":\"https:\/\/mugardos.gal\/es\/author\/maria_occidente\/\"}]}<\/script>\n<!-- \/ Yoast SEO plugin. -->","yoast_head_json":{"title":"EL CONCELLO INTENSIFICA LA LIMPIEZA DE LAS ACERAS - Concello de Mugardos","robots":{"index":"index","follow":"follow","max-snippet":"max-snippet:-1","max-image-preview":"max-image-preview:large","max-video-preview":"max-video-preview:-1"},"canonical":"https:\/\/mugardos.gal\/es\/el-concello-intensifica-la-limpieza-de-las-aceras\/","og_locale":"es_ES","og_type":"article","og_title":"EL CONCELLO INTENSIFICA LA LIMPIEZA DE LAS ACERAS - Concello de Mugardos","og_description":"En las \u00faltimas fechas se procedi\u00f3 tambi\u00e9n a la\u00a0 limpieza del entorno del Pazo das Condesas El concejal de Servicios, Jorge Kuntz, inform\u00f3 de las tareas de limpieza de aceras que se est\u00e1 desarrollando desde su departamento, con trabajos repartidos por todas las parroquias y con el objetivo de dejar las zonas a p unto [&hellip;]","og_url":"https:\/\/mugardos.gal\/es\/el-concello-intensifica-la-limpieza-de-las-aceras\/","og_site_name":"Concello de Mugardos","article_published_time":"2023-03-03T11:26:40+00:00","og_image":[{"width":1477,"height":1126,"url":"https:\/\/mugardos.gal\/wp-content\/uploads\/2023\/03\/Limpieza-ru\u0301as-1.jpg","type":"image\/jpeg"}],"twitter_card":"summary_large_image","twitter_misc":{"Escrito por":"maria_OCCIDENTE","Tiempo de lectura":"1 minuto"},"schema":{"@context":"https:\/\/schema.org","@graph":[{"@type":"WebSite","@id":"https:\/\/mugardos.gal\/#website","url":"https:\/\/mugardos.gal\/","name":"Concello de Mugardos","description":"","potentialAction":[{"@type":"SearchAction","target":{"@type":"EntryPoint","urlTemplate":"https:\/\/mugardos.gal\/?s={search_term_string}"},"query-input":"required name=search_term_string"}],"inLanguage":"es"},{"@type":"ImageObject","inLanguage":"es","@id":"https:\/\/mugardos.gal\/es\/el-concello-intensifica-la-limpieza-de-las-aceras\/#primaryimage","url":"https:\/\/mugardos.gal\/wp-content\/uploads\/2023\/03\/Limpieza-ru\u0301as-1.jpg","contentUrl":"https:\/\/mugardos.gal\/wp-content\/uploads\/2023\/03\/Limpieza-ru\u0301as-1.jpg","width":1477,"height":1126},{"@type":"WebPage","@id":"https:\/\/mugardos.gal\/es\/el-concello-intensifica-la-limpieza-de-las-aceras\/#webpage","url":"https:\/\/mugardos.gal\/es\/el-concello-intensifica-la-limpieza-de-las-aceras\/","name":"EL CONCELLO INTENSIFICA LA LIMPIEZA DE LAS ACERAS - Concello de Mugardos","isPartOf":{"@id":"https:\/\/mugardos.gal\/#website"},"primaryImageOfPage":{"@id":"https:\/\/mugardos.gal\/es\/el-concello-intensifica-la-limpieza-de-las-aceras\/#primaryimage"},"datePublished":"2023-03-03T11:26:40+00:00","dateModified":"2023-03-03T11:26:40+00:00","author":{"@id":"https:\/\/mugardos.gal\/#\/schema\/person\/5003de8d638a334108335f5dc158539f"},"breadcrumb":{"@id":"https:\/\/mugardos.gal\/es\/el-concello-intensifica-la-limpieza-de-las-aceras\/#breadcrumb"},"inLanguage":"es","potentialAction":[{"@type":"ReadAction","target":["https:\/\/mugardos.gal\/es\/el-concello-intensifica-la-limpieza-de-las-aceras\/"]}]},{"@type":"BreadcrumbList","@id":"https:\/\/mugardos.gal\/es\/el-concello-intensifica-la-limpieza-de-las-aceras\/#breadcrumb","itemListElement":[{"@type":"ListItem","position":1,"name":"Portada","item":"https:\/\/mugardos.gal\/es\/"},{"@type":"ListItem","position":2,"name":"EL CONCELLO INTENSIFICA LA LIMPIEZA DE LAS ACERAS"}]},{"@type":"Person","@id":"https:\/\/mugardos.gal\/#\/schema\/person\/5003de8d638a334108335f5dc158539f","name":"maria_OCCIDENTE","url":"https:\/\/mugardos.gal\/es\/author\/maria_occidente\/"}]}},"_links":{"self":[{"href":"https:\/\/mugardos.gal\/es\/wp-json\/wp\/v2\/posts\/18694"}],"collection":[{"href":"https:\/\/mugardos.gal\/es\/wp-json\/wp\/v2\/posts"}],"about":[{"href":"https:\/\/mugardos.gal\/es\/wp-json\/wp\/v2\/types\/post"}],"author":[{"embeddable":true,"href":"https:\/\/mugardos.gal\/es\/wp-json\/wp\/v2\/users\/5"}],"replies":[{"embeddable":true,"href":"https:\/\/mugardos.gal\/es\/wp-json\/wp\/v2\/comments?post=18694"}],"version-history":[{"count":1,"href":"https:\/\/mugardos.gal\/es\/wp-json\/wp\/v2\/posts\/18694\/revisions"}],"predecessor-version":[{"id":18695,"href":"https:\/\/mugardos.gal\/es\/wp-json\/wp\/v2\/posts\/18694\/revisions\/18695"}],"wp:featuredmedia":[{"embeddable":true,"href":"https:\/\/mugardos.gal\/es\/wp-json\/wp\/v2\/media\/18690"}],"wp:attachment":[{"href":"https:\/\/mugardos.gal\/es\/wp-json\/wp\/v2\/media?parent=18694"}],"wp:term":[{"taxonomy":"category","embeddable":true,"href":"https:\/\/mugardos.gal\/es\/wp-json\/wp\/v2\/categories?post=18694"},{"taxonomy":"post_tag","embeddable":true,"href":"https:\/\/mugardos.gal\/es\/wp-json\/wp\/v2\/tags?post=18694"}],"curies":[{"name":"wp","href":"https:\/\/api.w.org\/{rel}","templated":true}]}}