{"id":18256,"date":"2023-01-12T14:19:57","date_gmt":"2023-01-12T12:19:57","guid":{"rendered":"https:\/\/mugardos.gal\/estreno-oficial-del-circuito-de-pumptrack-en-mugardos-el-proximo-sabado\/"},"modified":"2023-01-12T14:19:57","modified_gmt":"2023-01-12T12:19:57","slug":"estreno-oficial-del-circuito-de-pumptrack-en-mugardos-el-proximo-sabado","status":"publish","type":"post","link":"https:\/\/mugardos.gal\/es\/estreno-oficial-del-circuito-de-pumptrack-en-mugardos-el-proximo-sabado\/","title":{"rendered":"ESTRENO OFICIAL DEL CIRCUITO DE PUMPTRACK EN MUGARDOS EL PR\u00d3XIMO S\u00c1BADO"},"content":{"rendered":"\n<h4><em>La jornada, organizada por la Concejal\u00eda de Deportes, cuenta con la colaboraci\u00f3n del Club Ciclista Pulpeiros Mugardos.<\/em><\/h4>\n\n<p>La concejala de Deportes, Bego\u00f1a Rold\u00f3s, y los representantes del Club Ciclista Pulpeiros Mugardos, Ram\u00f3n Romero y Ferm\u00edn Roibal, presentaron el acto oficial de inaguraci\u00f3n de la pista de Pumptrack del Ba\u00f1o, que tendr\u00e1 lugar el pr\u00f3ximo s\u00e1bado a las 11:00 horas y al que est\u00e1n invitados todos los vecinos.<\/p>\n\n<figure class=\"wp-block-image size-large\"><img loading=\"lazy\" width=\"1024\" height=\"768\" src=\"https:\/\/mugardos.gal\/wp-content\/uploads\/2023\/01\/Pumptrack-2-1024x768.jpg\" alt=\"\" class=\"wp-image-18254\" srcset=\"https:\/\/mugardos.gal\/wp-content\/uploads\/2023\/01\/Pumptrack-2-1024x768.jpg 1024w, https:\/\/mugardos.gal\/wp-content\/uploads\/2023\/01\/Pumptrack-2-300x225.jpg 300w, https:\/\/mugardos.gal\/wp-content\/uploads\/2023\/01\/Pumptrack-2-768x576.jpg 768w, https:\/\/mugardos.gal\/wp-content\/uploads\/2023\/01\/Pumptrack-2.jpg 1440w\" sizes=\"(max-width: 1024px) 100vw, 1024px\" \/><\/figure>\n\n<p>El evento contar\u00e1 con una exhibici\u00f3n en la propia pista, preparada por los Pulpeiros de todas las edades y permitir\u00e1 disfrutar a los presentes de los espectaculares desplazamientos a trav\u00e9s de las curvas y ondulaciones del trazado casi sin pedalear, impulsados por la inercia de la propia pista.<\/p>\n\n<p>El circuito cuenta con una superficie pavimentada de casi 650 metros cuadrados y un dise\u00f1o final de saltos, curvas, rampas y peraltes fruto de la colaboraci\u00f3n entre los t\u00e9cnicos municipales, la empresa adjudicataria y Pulperos, pensado como un espacio abierto para los vecinos que deseen disfrutar del deporte con bicicletas, patines, patinetes y monopatines.<\/p>\n\n<p>\u201cEl dise\u00f1o polivalente de la pista est\u00e1 pensado para la pr\u00e1ctica del deporte por adultos y ni\u00f1os con diferentes niveles de dificultad seg\u00fan el trazado elegido, que los usuarios pueden adaptar seg\u00fan su destreza en el ciclismo y el skate\u00bb se\u00f1al\u00f3 la concejala.<\/p>\n\n<p>Rold\u00f3s aprovech\u00f3 la ocasi\u00f3n para anunciar que desde su concejal\u00eda trabajan ya para lograr la designaci\u00f3n de Mugardos como sede del Campeonato de Galicia de Pumptrack, as\u00ed como de la incorporaci\u00f3n en el entorno del circuito de un peque\u00f1o espacio para la reparaci\u00f3n de bicicletas, patines y dem\u00e1s elementos.<\/p>\n\n<p>Esta obra fue cofinanciada por el Concello de Mugardos y la Diputaci\u00f3n de A Coru\u00f1a, y adjudicada por un importe de 74.500 euros a la empresa Francisco G\u00f3mez y C\u00eda, S.L.<\/p>\n","protected":false},"excerpt":{"rendered":"<p>La jornada, organizada por la Concejal\u00eda de Deportes, cuenta con la colaboraci\u00f3n del Club Ciclista Pulpeiros Mugardos. La concejala de Deportes, Bego\u00f1a Rold\u00f3s, y los representantes del Club Ciclista Pulpeiros Mugardos, Ram\u00f3n Romero y Ferm\u00edn Roibal, presentaron el acto oficial de inaguraci\u00f3n de la pista de Pumptrack del Ba\u00f1o, que tendr\u00e1 lugar el pr\u00f3ximo s\u00e1bado [&hellip;]<\/p>\n","protected":false},"author":5,"featured_media":18252,"comment_status":"closed","ping_status":"closed","sticky":false,"template":"","format":"standard","meta":[],"categories":[51,12],"tags":[],"yoast_head":"<!-- This site is optimized with the Yoast SEO plugin v18.9 - https:\/\/yoast.com\/wordpress\/plugins\/seo\/ -->\n<title>ESTRENO OFICIAL DEL CIRCUITO DE PUMPTRACK EN MUGARDOS EL PR\u00d3XIMO S\u00c1BADO - Concello de Mugardos<\/title>\n<meta name=\"robots\" content=\"index, follow, max-snippet:-1, max-image-preview:large, max-video-preview:-1\" \/>\n<link rel=\"canonical\" href=\"https:\/\/mugardos.gal\/es\/estreno-oficial-del-circuito-de-pumptrack-en-mugardos-el-proximo-sabado\/\" \/>\n<meta property=\"og:locale\" content=\"es_ES\" \/>\n<meta property=\"og:type\" content=\"article\" \/>\n<meta property=\"og:title\" content=\"ESTRENO OFICIAL DEL CIRCUITO DE PUMPTRACK EN MUGARDOS EL PR\u00d3XIMO S\u00c1BADO - Concello de Mugardos\" \/>\n<meta property=\"og:description\" content=\"La jornada, organizada por la Concejal\u00eda de Deportes, cuenta con la colaboraci\u00f3n del Club Ciclista Pulpeiros Mugardos. La concejala de Deportes, Bego\u00f1a Rold\u00f3s, y los representantes del Club Ciclista Pulpeiros Mugardos, Ram\u00f3n Romero y Ferm\u00edn Roibal, presentaron el acto oficial de inaguraci\u00f3n de la pista de Pumptrack del Ba\u00f1o, que tendr\u00e1 lugar el pr\u00f3ximo s\u00e1bado [&hellip;]\" \/>\n<meta property=\"og:url\" content=\"https:\/\/mugardos.gal\/es\/estreno-oficial-del-circuito-de-pumptrack-en-mugardos-el-proximo-sabado\/\" \/>\n<meta property=\"og:site_name\" content=\"Concello de Mugardos\" \/>\n<meta property=\"article:published_time\" content=\"2023-01-12T12:19:57+00:00\" \/>\n<meta property=\"og:image\" content=\"https:\/\/mugardos.gal\/wp-content\/uploads\/2023\/01\/Pumptrack-1.jpg\" \/>\n\t<meta property=\"og:image:width\" content=\"1440\" \/>\n\t<meta property=\"og:image:height\" content=\"1080\" \/>\n\t<meta property=\"og:image:type\" content=\"image\/jpeg\" \/>\n<meta name=\"twitter:card\" content=\"summary_large_image\" \/>\n<meta name=\"twitter:label1\" content=\"Escrito por\" \/>\n\t<meta name=\"twitter:data1\" content=\"maria_OCCIDENTE\" \/>\n\t<meta name=\"twitter:label2\" content=\"Tiempo de lectura\" \/>\n\t<meta name=\"twitter:data2\" content=\"2 minutos\" \/>\n<script type=\"application\/ld+json\" class=\"yoast-schema-graph\">{\"@context\":\"https:\/\/schema.org\",\"@graph\":[{\"@type\":\"WebSite\",\"@id\":\"https:\/\/mugardos.gal\/#website\",\"url\":\"https:\/\/mugardos.gal\/\",\"name\":\"Concello de Mugardos\",\"description\":\"\",\"potentialAction\":[{\"@type\":\"SearchAction\",\"target\":{\"@type\":\"EntryPoint\",\"urlTemplate\":\"https:\/\/mugardos.gal\/?s={search_term_string}\"},\"query-input\":\"required name=search_term_string\"}],\"inLanguage\":\"es\"},{\"@type\":\"ImageObject\",\"inLanguage\":\"es\",\"@id\":\"https:\/\/mugardos.gal\/es\/estreno-oficial-del-circuito-de-pumptrack-en-mugardos-el-proximo-sabado\/#primaryimage\",\"url\":\"https:\/\/mugardos.gal\/wp-content\/uploads\/2023\/01\/Pumptrack-1.jpg\",\"contentUrl\":\"https:\/\/mugardos.gal\/wp-content\/uploads\/2023\/01\/Pumptrack-1.jpg\",\"width\":1440,\"height\":1080},{\"@type\":\"WebPage\",\"@id\":\"https:\/\/mugardos.gal\/es\/estreno-oficial-del-circuito-de-pumptrack-en-mugardos-el-proximo-sabado\/#webpage\",\"url\":\"https:\/\/mugardos.gal\/es\/estreno-oficial-del-circuito-de-pumptrack-en-mugardos-el-proximo-sabado\/\",\"name\":\"ESTRENO OFICIAL DEL CIRCUITO DE PUMPTRACK EN MUGARDOS EL PR\u00d3XIMO S\u00c1BADO - Concello de Mugardos\",\"isPartOf\":{\"@id\":\"https:\/\/mugardos.gal\/#website\"},\"primaryImageOfPage\":{\"@id\":\"https:\/\/mugardos.gal\/es\/estreno-oficial-del-circuito-de-pumptrack-en-mugardos-el-proximo-sabado\/#primaryimage\"},\"datePublished\":\"2023-01-12T12:19:57+00:00\",\"dateModified\":\"2023-01-12T12:19:57+00:00\",\"author\":{\"@id\":\"https:\/\/mugardos.gal\/#\/schema\/person\/5003de8d638a334108335f5dc158539f\"},\"breadcrumb\":{\"@id\":\"https:\/\/mugardos.gal\/es\/estreno-oficial-del-circuito-de-pumptrack-en-mugardos-el-proximo-sabado\/#breadcrumb\"},\"inLanguage\":\"es\",\"potentialAction\":[{\"@type\":\"ReadAction\",\"target\":[\"https:\/\/mugardos.gal\/es\/estreno-oficial-del-circuito-de-pumptrack-en-mugardos-el-proximo-sabado\/\"]}]},{\"@type\":\"BreadcrumbList\",\"@id\":\"https:\/\/mugardos.gal\/es\/estreno-oficial-del-circuito-de-pumptrack-en-mugardos-el-proximo-sabado\/#breadcrumb\",\"itemListElement\":[{\"@type\":\"ListItem\",\"position\":1,\"name\":\"Portada\",\"item\":\"https:\/\/mugardos.gal\/es\/\"},{\"@type\":\"ListItem\",\"position\":2,\"name\":\"ESTRENO OFICIAL DEL CIRCUITO DE PUMPTRACK EN MUGARDOS EL PR\u00d3XIMO S\u00c1BADO\"}]},{\"@type\":\"Person\",\"@id\":\"https:\/\/mugardos.gal\/#\/schema\/person\/5003de8d638a334108335f5dc158539f\",\"name\":\"maria_OCCIDENTE\",\"url\":\"https:\/\/mugardos.gal\/es\/author\/maria_occidente\/\"}]}<\/script>\n<!-- \/ Yoast SEO plugin. -->","yoast_head_json":{"title":"ESTRENO OFICIAL DEL CIRCUITO DE PUMPTRACK EN MUGARDOS EL PR\u00d3XIMO S\u00c1BADO - Concello de Mugardos","robots":{"index":"index","follow":"follow","max-snippet":"max-snippet:-1","max-image-preview":"max-image-preview:large","max-video-preview":"max-video-preview:-1"},"canonical":"https:\/\/mugardos.gal\/es\/estreno-oficial-del-circuito-de-pumptrack-en-mugardos-el-proximo-sabado\/","og_locale":"es_ES","og_type":"article","og_title":"ESTRENO OFICIAL DEL CIRCUITO DE PUMPTRACK EN MUGARDOS EL PR\u00d3XIMO S\u00c1BADO - Concello de Mugardos","og_description":"La jornada, organizada por la Concejal\u00eda de Deportes, cuenta con la colaboraci\u00f3n del Club Ciclista Pulpeiros Mugardos. La concejala de Deportes, Bego\u00f1a Rold\u00f3s, y los representantes del Club Ciclista Pulpeiros Mugardos, Ram\u00f3n Romero y Ferm\u00edn Roibal, presentaron el acto oficial de inaguraci\u00f3n de la pista de Pumptrack del Ba\u00f1o, que tendr\u00e1 lugar el pr\u00f3ximo s\u00e1bado [&hellip;]","og_url":"https:\/\/mugardos.gal\/es\/estreno-oficial-del-circuito-de-pumptrack-en-mugardos-el-proximo-sabado\/","og_site_name":"Concello de Mugardos","article_published_time":"2023-01-12T12:19:57+00:00","og_image":[{"width":1440,"height":1080,"url":"https:\/\/mugardos.gal\/wp-content\/uploads\/2023\/01\/Pumptrack-1.jpg","type":"image\/jpeg"}],"twitter_card":"summary_large_image","twitter_misc":{"Escrito por":"maria_OCCIDENTE","Tiempo de lectura":"2 minutos"},"schema":{"@context":"https:\/\/schema.org","@graph":[{"@type":"WebSite","@id":"https:\/\/mugardos.gal\/#website","url":"https:\/\/mugardos.gal\/","name":"Concello de Mugardos","description":"","potentialAction":[{"@type":"SearchAction","target":{"@type":"EntryPoint","urlTemplate":"https:\/\/mugardos.gal\/?s={search_term_string}"},"query-input":"required name=search_term_string"}],"inLanguage":"es"},{"@type":"ImageObject","inLanguage":"es","@id":"https:\/\/mugardos.gal\/es\/estreno-oficial-del-circuito-de-pumptrack-en-mugardos-el-proximo-sabado\/#primaryimage","url":"https:\/\/mugardos.gal\/wp-content\/uploads\/2023\/01\/Pumptrack-1.jpg","contentUrl":"https:\/\/mugardos.gal\/wp-content\/uploads\/2023\/01\/Pumptrack-1.jpg","width":1440,"height":1080},{"@type":"WebPage","@id":"https:\/\/mugardos.gal\/es\/estreno-oficial-del-circuito-de-pumptrack-en-mugardos-el-proximo-sabado\/#webpage","url":"https:\/\/mugardos.gal\/es\/estreno-oficial-del-circuito-de-pumptrack-en-mugardos-el-proximo-sabado\/","name":"ESTRENO OFICIAL DEL CIRCUITO DE PUMPTRACK EN MUGARDOS EL PR\u00d3XIMO S\u00c1BADO - Concello de Mugardos","isPartOf":{"@id":"https:\/\/mugardos.gal\/#website"},"primaryImageOfPage":{"@id":"https:\/\/mugardos.gal\/es\/estreno-oficial-del-circuito-de-pumptrack-en-mugardos-el-proximo-sabado\/#primaryimage"},"datePublished":"2023-01-12T12:19:57+00:00","dateModified":"2023-01-12T12:19:57+00:00","author":{"@id":"https:\/\/mugardos.gal\/#\/schema\/person\/5003de8d638a334108335f5dc158539f"},"breadcrumb":{"@id":"https:\/\/mugardos.gal\/es\/estreno-oficial-del-circuito-de-pumptrack-en-mugardos-el-proximo-sabado\/#breadcrumb"},"inLanguage":"es","potentialAction":[{"@type":"ReadAction","target":["https:\/\/mugardos.gal\/es\/estreno-oficial-del-circuito-de-pumptrack-en-mugardos-el-proximo-sabado\/"]}]},{"@type":"BreadcrumbList","@id":"https:\/\/mugardos.gal\/es\/estreno-oficial-del-circuito-de-pumptrack-en-mugardos-el-proximo-sabado\/#breadcrumb","itemListElement":[{"@type":"ListItem","position":1,"name":"Portada","item":"https:\/\/mugardos.gal\/es\/"},{"@type":"ListItem","position":2,"name":"ESTRENO OFICIAL DEL CIRCUITO DE PUMPTRACK EN MUGARDOS EL PR\u00d3XIMO S\u00c1BADO"}]},{"@type":"Person","@id":"https:\/\/mugardos.gal\/#\/schema\/person\/5003de8d638a334108335f5dc158539f","name":"maria_OCCIDENTE","url":"https:\/\/mugardos.gal\/es\/author\/maria_occidente\/"}]}},"_links":{"self":[{"href":"https:\/\/mugardos.gal\/es\/wp-json\/wp\/v2\/posts\/18256"}],"collection":[{"href":"https:\/\/mugardos.gal\/es\/wp-json\/wp\/v2\/posts"}],"about":[{"href":"https:\/\/mugardos.gal\/es\/wp-json\/wp\/v2\/types\/post"}],"author":[{"embeddable":true,"href":"https:\/\/mugardos.gal\/es\/wp-json\/wp\/v2\/users\/5"}],"replies":[{"embeddable":true,"href":"https:\/\/mugardos.gal\/es\/wp-json\/wp\/v2\/comments?post=18256"}],"version-history":[{"count":1,"href":"https:\/\/mugardos.gal\/es\/wp-json\/wp\/v2\/posts\/18256\/revisions"}],"predecessor-version":[{"id":18257,"href":"https:\/\/mugardos.gal\/es\/wp-json\/wp\/v2\/posts\/18256\/revisions\/18257"}],"wp:featuredmedia":[{"embeddable":true,"href":"https:\/\/mugardos.gal\/es\/wp-json\/wp\/v2\/media\/18252"}],"wp:attachment":[{"href":"https:\/\/mugardos.gal\/es\/wp-json\/wp\/v2\/media?parent=18256"}],"wp:term":[{"taxonomy":"category","embeddable":true,"href":"https:\/\/mugardos.gal\/es\/wp-json\/wp\/v2\/categories?post=18256"},{"taxonomy":"post_tag","embeddable":true,"href":"https:\/\/mugardos.gal\/es\/wp-json\/wp\/v2\/tags?post=18256"}],"curies":[{"name":"wp","href":"https:\/\/api.w.org\/{rel}","templated":true}]}}