{"id":18224,"date":"2023-01-02T15:49:45","date_gmt":"2023-01-02T13:49:45","guid":{"rendered":"https:\/\/mugardos.gal\/mugardos-vuelve-a-ganar-poblacion-en-2022\/"},"modified":"2023-01-02T15:49:45","modified_gmt":"2023-01-02T13:49:45","slug":"mugardos-vuelve-a-ganar-poblacion-en-2022","status":"publish","type":"post","link":"https:\/\/mugardos.gal\/es\/mugardos-vuelve-a-ganar-poblacion-en-2022\/","title":{"rendered":"MUGARDOS VUELVE A GANAR POBLACI\u00d3N EN 2022"},"content":{"rendered":"\n<h4><em>Es el segundo a\u00f1o consecutivo en el que crece el n\u00famero de personas censadas en el municipio<\/em><\/h4>\n\n<p>El alcalde, Juan Domingo de Deus, present\u00f3 hoy los datos censales de 2022, en el que Mugardos lleg\u00f3 a los 5.246 habitantes y logr\u00f3 aumentar su poblaci\u00f3n por segundo a\u00f1o consecutivo, lo que no ocurr\u00eda desde hace casi 20 a\u00f1os.<\/p>\n\n<p>\u201cDesde inicio de los a\u00f1os 2000, concretamente desde 2005 no se daba la circunstancia de que Mugardos ganase poblaci\u00f3n durante por lo menos dos a\u00f1os consecutivos, siempre disminuy\u00f3 el censo o se gan\u00f3 poblaci\u00f3n un a\u00f1o aislado para seguir cayendo al siguiente. Ahora parece que cambi\u00f3 la tendencia y si en 2020 ten\u00edamos 5.215 habitantes, en 2021 llegamos a los 5.226 y en 2022 cerramos el a\u00f1o con 5.246 vecinos y vecinas en el censo\u00bb analiz\u00f3 el regidor.<\/p>\n\n<p>De hecho, de la serie historia con la que cuenta el gobierno municipal, que tiene como inicio de los datos el a\u00f1o 1986, solo en estos dos momentos en 2005 y en 2022 se di\u00f3 la circunstancia de que la poblaci\u00f3n aumentase dos a\u00f1os consecutivos.<\/p>\n\n<p>De Deus valor\u00f3 tambien las posibles causas de este aumento de poblaci\u00f3n, y despu\u00e9s de hacer un repaso de los hechos ocurridos durante estos a\u00f1os, el alcalde se\u00f1al\u00f3 los dos motivos principales que desde el gobierno municipal piensan que pueden ser la causa de este repunte poblacional. \u00abLa gesti\u00f3n de la crisis sanitaria del COVID en nuestro concello creemos que estuvo muy enfocada en los vecinos, nos volcamos en la atenci\u00f3n de la gente y en cubrir sus necesidades, y eso anim\u00f3 a las personas que vinieron a pasar la pandemia a Mugardos para quedarse, porque por ejemplo un dato que es revelador del esfuerzo realizado y de las prioridades que tenemos es que el n\u00famero de personas que atendemos en el servicio de ayuda en el hogar desde 2019 a hoy aument\u00f3 m\u00e1s de un 40%  pasando de 49 usuarios en diciembre de 2019 a 70 en noviembre del pasado 2022\u00bb se\u00f1al\u00f3.<\/p>\n\n<p>\u201cY el otro motivo que vemos que puede estar directamente relacionado con el aumento de la poblaci\u00f3n es el cambio de modelo en la gesti\u00f3n. Estamos priorizando proyectos que hagan m\u00e1s f\u00e1cil la vida de los vecinos y que Mugardos sea m\u00e1s accesible, en resumen, que pueda disfrutarse de una mayor calidad de vida. Cuando la gente viene en el verano a Mugardos ya nos dice que cada vez tienen m\u00e1s ganas de quedarse, que cada vez es m\u00e1s f\u00e1cil y agradable vivir aqu\u00ed\u00bb.<\/p>\n\n<p>Como retos, el alcalde se\u00f1al\u00f3 que por supuesto su intenci\u00f3n es seguir mejorando los servicios a los vecinos. \u00abNuestro reto ahora es mantener ese crecimiento de la poblaci\u00f3n en 2023 y lograr por primera vez en 40 a\u00f1os aumentar la poblaci\u00f3n de Mugardos durante 3 a\u00f1os seguidos, lo que podr\u00eda marcar un cambio de tendencia definitivo, en un momento en el que en el rural se est\u00e1 viviendo una importante crisis demogr\u00e1fica. Adem\u00e1s, vamos a intentar que la poblaci\u00f3n que llegue a vivir a Mugardos sea joven y emprendedora y que consigan encontrar en nuestro concello un lugar para formar sus familias y generar riqueza para nuestro municipio\u00bb finaliz\u00f3 Juan Domingo de Deus.<\/p>\n","protected":false},"excerpt":{"rendered":"<p>Es el segundo a\u00f1o consecutivo en el que crece el n\u00famero de personas censadas en el municipio El alcalde, Juan Domingo de Deus, present\u00f3 hoy los datos censales de 2022, en el que Mugardos lleg\u00f3 a los 5.246 habitantes y logr\u00f3 aumentar su poblaci\u00f3n por segundo a\u00f1o consecutivo, lo que no ocurr\u00eda desde hace casi [&hellip;]<\/p>\n","protected":false},"author":5,"featured_media":12337,"comment_status":"closed","ping_status":"closed","sticky":false,"template":"","format":"standard","meta":[],"categories":[12],"tags":[],"yoast_head":"<!-- This site is optimized with the Yoast SEO plugin v18.9 - https:\/\/yoast.com\/wordpress\/plugins\/seo\/ -->\n<title>MUGARDOS VUELVE A GANAR POBLACI\u00d3N EN 2022 - Concello de Mugardos<\/title>\n<meta name=\"robots\" content=\"index, follow, max-snippet:-1, max-image-preview:large, max-video-preview:-1\" \/>\n<link rel=\"canonical\" href=\"https:\/\/mugardos.gal\/es\/mugardos-vuelve-a-ganar-poblacion-en-2022\/\" \/>\n<meta property=\"og:locale\" content=\"es_ES\" \/>\n<meta property=\"og:type\" content=\"article\" \/>\n<meta property=\"og:title\" content=\"MUGARDOS VUELVE A GANAR POBLACI\u00d3N EN 2022 - Concello de Mugardos\" \/>\n<meta property=\"og:description\" content=\"Es el segundo a\u00f1o consecutivo en el que crece el n\u00famero de personas censadas en el municipio El alcalde, Juan Domingo de Deus, present\u00f3 hoy los datos censales de 2022, en el que Mugardos lleg\u00f3 a los 5.246 habitantes y logr\u00f3 aumentar su poblaci\u00f3n por segundo a\u00f1o consecutivo, lo que no ocurr\u00eda desde hace casi [&hellip;]\" \/>\n<meta property=\"og:url\" content=\"https:\/\/mugardos.gal\/es\/mugardos-vuelve-a-ganar-poblacion-en-2022\/\" \/>\n<meta property=\"og:site_name\" content=\"Concello de Mugardos\" \/>\n<meta property=\"article:published_time\" content=\"2023-01-02T13:49:45+00:00\" \/>\n<meta property=\"og:image\" content=\"https:\/\/mugardos.gal\/wp-content\/uploads\/2021\/05\/mugardos6.jpg\" \/>\n\t<meta property=\"og:image:width\" content=\"1024\" \/>\n\t<meta property=\"og:image:height\" content=\"1024\" \/>\n\t<meta property=\"og:image:type\" content=\"image\/jpeg\" \/>\n<meta name=\"twitter:card\" content=\"summary_large_image\" \/>\n<meta name=\"twitter:label1\" content=\"Escrito por\" \/>\n\t<meta name=\"twitter:data1\" content=\"maria_OCCIDENTE\" \/>\n\t<meta name=\"twitter:label2\" content=\"Tiempo de lectura\" \/>\n\t<meta name=\"twitter:data2\" content=\"3 minutos\" \/>\n<script type=\"application\/ld+json\" class=\"yoast-schema-graph\">{\"@context\":\"https:\/\/schema.org\",\"@graph\":[{\"@type\":\"WebSite\",\"@id\":\"https:\/\/mugardos.gal\/#website\",\"url\":\"https:\/\/mugardos.gal\/\",\"name\":\"Concello de Mugardos\",\"description\":\"\",\"potentialAction\":[{\"@type\":\"SearchAction\",\"target\":{\"@type\":\"EntryPoint\",\"urlTemplate\":\"https:\/\/mugardos.gal\/?s={search_term_string}\"},\"query-input\":\"required name=search_term_string\"}],\"inLanguage\":\"es\"},{\"@type\":\"ImageObject\",\"inLanguage\":\"es\",\"@id\":\"https:\/\/mugardos.gal\/es\/mugardos-vuelve-a-ganar-poblacion-en-2022\/#primaryimage\",\"url\":\"https:\/\/mugardos.gal\/wp-content\/uploads\/2021\/05\/mugardos6.jpg\",\"contentUrl\":\"https:\/\/mugardos.gal\/wp-content\/uploads\/2021\/05\/mugardos6.jpg\",\"width\":1024,\"height\":1024},{\"@type\":\"WebPage\",\"@id\":\"https:\/\/mugardos.gal\/es\/mugardos-vuelve-a-ganar-poblacion-en-2022\/#webpage\",\"url\":\"https:\/\/mugardos.gal\/es\/mugardos-vuelve-a-ganar-poblacion-en-2022\/\",\"name\":\"MUGARDOS VUELVE A GANAR POBLACI\u00d3N EN 2022 - Concello de Mugardos\",\"isPartOf\":{\"@id\":\"https:\/\/mugardos.gal\/#website\"},\"primaryImageOfPage\":{\"@id\":\"https:\/\/mugardos.gal\/es\/mugardos-vuelve-a-ganar-poblacion-en-2022\/#primaryimage\"},\"datePublished\":\"2023-01-02T13:49:45+00:00\",\"dateModified\":\"2023-01-02T13:49:45+00:00\",\"author\":{\"@id\":\"https:\/\/mugardos.gal\/#\/schema\/person\/5003de8d638a334108335f5dc158539f\"},\"breadcrumb\":{\"@id\":\"https:\/\/mugardos.gal\/es\/mugardos-vuelve-a-ganar-poblacion-en-2022\/#breadcrumb\"},\"inLanguage\":\"es\",\"potentialAction\":[{\"@type\":\"ReadAction\",\"target\":[\"https:\/\/mugardos.gal\/es\/mugardos-vuelve-a-ganar-poblacion-en-2022\/\"]}]},{\"@type\":\"BreadcrumbList\",\"@id\":\"https:\/\/mugardos.gal\/es\/mugardos-vuelve-a-ganar-poblacion-en-2022\/#breadcrumb\",\"itemListElement\":[{\"@type\":\"ListItem\",\"position\":1,\"name\":\"Portada\",\"item\":\"https:\/\/mugardos.gal\/es\/\"},{\"@type\":\"ListItem\",\"position\":2,\"name\":\"MUGARDOS VUELVE A GANAR POBLACI\u00d3N EN 2022\"}]},{\"@type\":\"Person\",\"@id\":\"https:\/\/mugardos.gal\/#\/schema\/person\/5003de8d638a334108335f5dc158539f\",\"name\":\"maria_OCCIDENTE\",\"url\":\"https:\/\/mugardos.gal\/es\/author\/maria_occidente\/\"}]}<\/script>\n<!-- \/ Yoast SEO plugin. -->","yoast_head_json":{"title":"MUGARDOS VUELVE A GANAR POBLACI\u00d3N EN 2022 - Concello de Mugardos","robots":{"index":"index","follow":"follow","max-snippet":"max-snippet:-1","max-image-preview":"max-image-preview:large","max-video-preview":"max-video-preview:-1"},"canonical":"https:\/\/mugardos.gal\/es\/mugardos-vuelve-a-ganar-poblacion-en-2022\/","og_locale":"es_ES","og_type":"article","og_title":"MUGARDOS VUELVE A GANAR POBLACI\u00d3N EN 2022 - Concello de Mugardos","og_description":"Es el segundo a\u00f1o consecutivo en el que crece el n\u00famero de personas censadas en el municipio El alcalde, Juan Domingo de Deus, present\u00f3 hoy los datos censales de 2022, en el que Mugardos lleg\u00f3 a los 5.246 habitantes y logr\u00f3 aumentar su poblaci\u00f3n por segundo a\u00f1o consecutivo, lo que no ocurr\u00eda desde hace casi [&hellip;]","og_url":"https:\/\/mugardos.gal\/es\/mugardos-vuelve-a-ganar-poblacion-en-2022\/","og_site_name":"Concello de Mugardos","article_published_time":"2023-01-02T13:49:45+00:00","og_image":[{"width":1024,"height":1024,"url":"https:\/\/mugardos.gal\/wp-content\/uploads\/2021\/05\/mugardos6.jpg","type":"image\/jpeg"}],"twitter_card":"summary_large_image","twitter_misc":{"Escrito por":"maria_OCCIDENTE","Tiempo de lectura":"3 minutos"},"schema":{"@context":"https:\/\/schema.org","@graph":[{"@type":"WebSite","@id":"https:\/\/mugardos.gal\/#website","url":"https:\/\/mugardos.gal\/","name":"Concello de Mugardos","description":"","potentialAction":[{"@type":"SearchAction","target":{"@type":"EntryPoint","urlTemplate":"https:\/\/mugardos.gal\/?s={search_term_string}"},"query-input":"required name=search_term_string"}],"inLanguage":"es"},{"@type":"ImageObject","inLanguage":"es","@id":"https:\/\/mugardos.gal\/es\/mugardos-vuelve-a-ganar-poblacion-en-2022\/#primaryimage","url":"https:\/\/mugardos.gal\/wp-content\/uploads\/2021\/05\/mugardos6.jpg","contentUrl":"https:\/\/mugardos.gal\/wp-content\/uploads\/2021\/05\/mugardos6.jpg","width":1024,"height":1024},{"@type":"WebPage","@id":"https:\/\/mugardos.gal\/es\/mugardos-vuelve-a-ganar-poblacion-en-2022\/#webpage","url":"https:\/\/mugardos.gal\/es\/mugardos-vuelve-a-ganar-poblacion-en-2022\/","name":"MUGARDOS VUELVE A GANAR POBLACI\u00d3N EN 2022 - Concello de Mugardos","isPartOf":{"@id":"https:\/\/mugardos.gal\/#website"},"primaryImageOfPage":{"@id":"https:\/\/mugardos.gal\/es\/mugardos-vuelve-a-ganar-poblacion-en-2022\/#primaryimage"},"datePublished":"2023-01-02T13:49:45+00:00","dateModified":"2023-01-02T13:49:45+00:00","author":{"@id":"https:\/\/mugardos.gal\/#\/schema\/person\/5003de8d638a334108335f5dc158539f"},"breadcrumb":{"@id":"https:\/\/mugardos.gal\/es\/mugardos-vuelve-a-ganar-poblacion-en-2022\/#breadcrumb"},"inLanguage":"es","potentialAction":[{"@type":"ReadAction","target":["https:\/\/mugardos.gal\/es\/mugardos-vuelve-a-ganar-poblacion-en-2022\/"]}]},{"@type":"BreadcrumbList","@id":"https:\/\/mugardos.gal\/es\/mugardos-vuelve-a-ganar-poblacion-en-2022\/#breadcrumb","itemListElement":[{"@type":"ListItem","position":1,"name":"Portada","item":"https:\/\/mugardos.gal\/es\/"},{"@type":"ListItem","position":2,"name":"MUGARDOS VUELVE A GANAR POBLACI\u00d3N EN 2022"}]},{"@type":"Person","@id":"https:\/\/mugardos.gal\/#\/schema\/person\/5003de8d638a334108335f5dc158539f","name":"maria_OCCIDENTE","url":"https:\/\/mugardos.gal\/es\/author\/maria_occidente\/"}]}},"_links":{"self":[{"href":"https:\/\/mugardos.gal\/es\/wp-json\/wp\/v2\/posts\/18224"}],"collection":[{"href":"https:\/\/mugardos.gal\/es\/wp-json\/wp\/v2\/posts"}],"about":[{"href":"https:\/\/mugardos.gal\/es\/wp-json\/wp\/v2\/types\/post"}],"author":[{"embeddable":true,"href":"https:\/\/mugardos.gal\/es\/wp-json\/wp\/v2\/users\/5"}],"replies":[{"embeddable":true,"href":"https:\/\/mugardos.gal\/es\/wp-json\/wp\/v2\/comments?post=18224"}],"version-history":[{"count":1,"href":"https:\/\/mugardos.gal\/es\/wp-json\/wp\/v2\/posts\/18224\/revisions"}],"predecessor-version":[{"id":18225,"href":"https:\/\/mugardos.gal\/es\/wp-json\/wp\/v2\/posts\/18224\/revisions\/18225"}],"wp:featuredmedia":[{"embeddable":true,"href":"https:\/\/mugardos.gal\/es\/wp-json\/wp\/v2\/media\/12337"}],"wp:attachment":[{"href":"https:\/\/mugardos.gal\/es\/wp-json\/wp\/v2\/media?parent=18224"}],"wp:term":[{"taxonomy":"category","embeddable":true,"href":"https:\/\/mugardos.gal\/es\/wp-json\/wp\/v2\/categories?post=18224"},{"taxonomy":"post_tag","embeddable":true,"href":"https:\/\/mugardos.gal\/es\/wp-json\/wp\/v2\/tags?post=18224"}],"curies":[{"name":"wp","href":"https:\/\/api.w.org\/{rel}","templated":true}]}}