{"id":18028,"date":"2022-12-14T16:50:22","date_gmt":"2022-12-14T14:50:22","guid":{"rendered":"https:\/\/mugardos.gal\/el-goberno-municipal-pone-en-marcha-en-navidad-el-programa-mugardos-concilia\/"},"modified":"2022-12-20T22:10:49","modified_gmt":"2022-12-20T20:10:49","slug":"el-goberno-municipal-pone-en-marcha-en-navidad-el-programa-mugardos-concilia","status":"publish","type":"post","link":"https:\/\/mugardos.gal\/es\/el-goberno-municipal-pone-en-marcha-en-navidad-el-programa-mugardos-concilia\/","title":{"rendered":"EL GOBERNO MUNICIPAL PONE EN MARCHA EN NAVIDAD EL PROGRAMA MUGARDOS CONCILIA"},"content":{"rendered":"\n<h2><em>Esta actividad se une al completo programa organizado para los peque\u00f1os durante las vacaciones de navidad.<\/em><\/h2>\n\n\n\n<p>Las Concejal\u00edas de Bienestar Social y Cultura presentaron hoy el programa \u00abMugardos Concilia en Navidad\u00bb que pondr\u00e1 en marcha el Concello del 23 de diciembre al 4 de enero en el CEIP Uni\u00f3n Mugardesa. Se trata de una actividad totalmente gratuita destinada a los ni\u00f1os y ni\u00f1as entre 4 y 12 a\u00f1os.<\/p>\n\n\n\n<p>Las actividades de este programa de conciliaci\u00f3n se desarrollar\u00e1n los d\u00edas 23, 26, 27, 28, y 29 de diciembre y los d\u00edas 2, 3 y 4 de enero en horario de ma\u00f1ana, con dos turnos posibles en horario completo de 8.30 a 14.00 horas, o en horario reducido de 10.30 a 14.00 horas.<\/p>\n\n\n\n<p>Las inscripciones podr\u00e1n hacerse en el departamento de Cultura desde ma\u00f1ana jueves 15 de diciembre. Para m\u00e1s informaci\u00f3n sobre estas actividades o para inscribirse en ellas, los interesados deben ponerse en contacto con el departamento de Cultura presencialmente en el primer piso del Concello o por tel\u00e9fono llamando al 981 470 338 (extensi\u00f3n 1). El horario de atenci\u00f3n presencial y telef\u00f3nica es de lunes a viernes de 9.00 a 14.00 horas.\r\n\r\n\r\n\r\nde 9.00 a 14.00 horas.<\/p>\n\n\n\n<p>La concejala de Bienestar, Ana Varela, quiso destacar que \u00abesta propuesta l\u00fadico educativa tiene como objetivo ayudar a las familias mugardesas en estas fechas, llenando las ma\u00f1anas de los ni\u00f1os\/as de actividades que desarrollen su creatividad, sociabilidad, compromiso y por supuesto, mucha diversi\u00f3n\u00bb. <\/p>\n\n\n\n<p>La concejala de Cultura, Bego\u00f1a Rold\u00f3s, record\u00f3 que \u00abel Mugardos Concilia viene ampliar la oferta de actividades municipales para los ni\u00f1os y ni\u00f1as mugardeses, ya que podr\u00e1n disfrutar tambi\u00e9n durante sus vacaciones de los talleres de Navidad, la recepci\u00f3n de Pap\u00e1 Noel, el Mago Cayetano Lled\u00f3 o el Festival de Reyes\u00bb.<\/p>\n","protected":false},"excerpt":{"rendered":"<p>Esta actividad se une al completo programa organizado para los peque\u00f1os durante las vacaciones de navidad. Las Concejal\u00edas de Bienestar Social y Cultura presentaron hoy el programa \u00abMugardos Concilia en Navidad\u00bb que pondr\u00e1 en marcha el Concello del 23 de diciembre al 4 de enero en el CEIP Uni\u00f3n Mugardesa. Se trata de una actividad [&hellip;]<\/p>\n","protected":false},"author":5,"featured_media":18063,"comment_status":"closed","ping_status":"closed","sticky":false,"template":"","format":"standard","meta":[],"categories":[47,50,12],"tags":[],"yoast_head":"<!-- This site is optimized with the Yoast SEO plugin v18.9 - https:\/\/yoast.com\/wordpress\/plugins\/seo\/ -->\n<title>EL GOBERNO MUNICIPAL PONE EN MARCHA EN NAVIDAD EL PROGRAMA MUGARDOS CONCILIA - Concello de Mugardos<\/title>\n<meta name=\"robots\" content=\"index, follow, max-snippet:-1, max-image-preview:large, max-video-preview:-1\" \/>\n<link rel=\"canonical\" href=\"https:\/\/mugardos.gal\/es\/el-goberno-municipal-pone-en-marcha-en-navidad-el-programa-mugardos-concilia\/\" \/>\n<meta property=\"og:locale\" content=\"es_ES\" \/>\n<meta property=\"og:type\" content=\"article\" \/>\n<meta property=\"og:title\" content=\"EL GOBERNO MUNICIPAL PONE EN MARCHA EN NAVIDAD EL PROGRAMA MUGARDOS CONCILIA - Concello de Mugardos\" \/>\n<meta property=\"og:description\" content=\"Esta actividad se une al completo programa organizado para los peque\u00f1os durante las vacaciones de navidad. Las Concejal\u00edas de Bienestar Social y Cultura presentaron hoy el programa \u00abMugardos Concilia en Navidad\u00bb que pondr\u00e1 en marcha el Concello del 23 de diciembre al 4 de enero en el CEIP Uni\u00f3n Mugardesa. Se trata de una actividad [&hellip;]\" \/>\n<meta property=\"og:url\" content=\"https:\/\/mugardos.gal\/es\/el-goberno-municipal-pone-en-marcha-en-navidad-el-programa-mugardos-concilia\/\" \/>\n<meta property=\"og:site_name\" content=\"Concello de Mugardos\" \/>\n<meta property=\"article:published_time\" content=\"2022-12-14T14:50:22+00:00\" \/>\n<meta property=\"article:modified_time\" content=\"2022-12-20T20:10:49+00:00\" \/>\n<meta property=\"og:image\" content=\"https:\/\/mugardos.gal\/wp-content\/uploads\/2022\/12\/320324155_6377468638946949_7123008758963560980_n-1.jpg\" \/>\n\t<meta property=\"og:image:width\" content=\"1205\" \/>\n\t<meta property=\"og:image:height\" content=\"1205\" \/>\n\t<meta property=\"og:image:type\" content=\"image\/jpeg\" \/>\n<meta name=\"twitter:card\" content=\"summary_large_image\" \/>\n<meta name=\"twitter:label1\" content=\"Escrito por\" \/>\n\t<meta name=\"twitter:data1\" content=\"maria_OCCIDENTE\" \/>\n\t<meta name=\"twitter:label2\" content=\"Tiempo de lectura\" \/>\n\t<meta name=\"twitter:data2\" content=\"2 minutos\" \/>\n<script type=\"application\/ld+json\" class=\"yoast-schema-graph\">{\"@context\":\"https:\/\/schema.org\",\"@graph\":[{\"@type\":\"WebSite\",\"@id\":\"https:\/\/mugardos.gal\/#website\",\"url\":\"https:\/\/mugardos.gal\/\",\"name\":\"Concello de Mugardos\",\"description\":\"\",\"potentialAction\":[{\"@type\":\"SearchAction\",\"target\":{\"@type\":\"EntryPoint\",\"urlTemplate\":\"https:\/\/mugardos.gal\/?s={search_term_string}\"},\"query-input\":\"required name=search_term_string\"}],\"inLanguage\":\"es\"},{\"@type\":\"ImageObject\",\"inLanguage\":\"es\",\"@id\":\"https:\/\/mugardos.gal\/es\/el-goberno-municipal-pone-en-marcha-en-navidad-el-programa-mugardos-concilia\/#primaryimage\",\"url\":\"https:\/\/mugardos.gal\/wp-content\/uploads\/2022\/12\/320324155_6377468638946949_7123008758963560980_n-1.jpg\",\"contentUrl\":\"https:\/\/mugardos.gal\/wp-content\/uploads\/2022\/12\/320324155_6377468638946949_7123008758963560980_n-1.jpg\",\"width\":1205,\"height\":1205},{\"@type\":\"WebPage\",\"@id\":\"https:\/\/mugardos.gal\/es\/el-goberno-municipal-pone-en-marcha-en-navidad-el-programa-mugardos-concilia\/#webpage\",\"url\":\"https:\/\/mugardos.gal\/es\/el-goberno-municipal-pone-en-marcha-en-navidad-el-programa-mugardos-concilia\/\",\"name\":\"EL GOBERNO MUNICIPAL PONE EN MARCHA EN NAVIDAD EL PROGRAMA MUGARDOS CONCILIA - Concello de Mugardos\",\"isPartOf\":{\"@id\":\"https:\/\/mugardos.gal\/#website\"},\"primaryImageOfPage\":{\"@id\":\"https:\/\/mugardos.gal\/es\/el-goberno-municipal-pone-en-marcha-en-navidad-el-programa-mugardos-concilia\/#primaryimage\"},\"datePublished\":\"2022-12-14T14:50:22+00:00\",\"dateModified\":\"2022-12-20T20:10:49+00:00\",\"author\":{\"@id\":\"https:\/\/mugardos.gal\/#\/schema\/person\/5003de8d638a334108335f5dc158539f\"},\"breadcrumb\":{\"@id\":\"https:\/\/mugardos.gal\/es\/el-goberno-municipal-pone-en-marcha-en-navidad-el-programa-mugardos-concilia\/#breadcrumb\"},\"inLanguage\":\"es\",\"potentialAction\":[{\"@type\":\"ReadAction\",\"target\":[\"https:\/\/mugardos.gal\/es\/el-goberno-municipal-pone-en-marcha-en-navidad-el-programa-mugardos-concilia\/\"]}]},{\"@type\":\"BreadcrumbList\",\"@id\":\"https:\/\/mugardos.gal\/es\/el-goberno-municipal-pone-en-marcha-en-navidad-el-programa-mugardos-concilia\/#breadcrumb\",\"itemListElement\":[{\"@type\":\"ListItem\",\"position\":1,\"name\":\"Portada\",\"item\":\"https:\/\/mugardos.gal\/es\/\"},{\"@type\":\"ListItem\",\"position\":2,\"name\":\"EL GOBERNO MUNICIPAL PONE EN MARCHA EN NAVIDAD EL PROGRAMA MUGARDOS CONCILIA\"}]},{\"@type\":\"Person\",\"@id\":\"https:\/\/mugardos.gal\/#\/schema\/person\/5003de8d638a334108335f5dc158539f\",\"name\":\"maria_OCCIDENTE\",\"url\":\"https:\/\/mugardos.gal\/es\/author\/maria_occidente\/\"}]}<\/script>\n<!-- \/ Yoast SEO plugin. -->","yoast_head_json":{"title":"EL GOBERNO MUNICIPAL PONE EN MARCHA EN NAVIDAD EL PROGRAMA MUGARDOS CONCILIA - Concello de Mugardos","robots":{"index":"index","follow":"follow","max-snippet":"max-snippet:-1","max-image-preview":"max-image-preview:large","max-video-preview":"max-video-preview:-1"},"canonical":"https:\/\/mugardos.gal\/es\/el-goberno-municipal-pone-en-marcha-en-navidad-el-programa-mugardos-concilia\/","og_locale":"es_ES","og_type":"article","og_title":"EL GOBERNO MUNICIPAL PONE EN MARCHA EN NAVIDAD EL PROGRAMA MUGARDOS CONCILIA - Concello de Mugardos","og_description":"Esta actividad se une al completo programa organizado para los peque\u00f1os durante las vacaciones de navidad. Las Concejal\u00edas de Bienestar Social y Cultura presentaron hoy el programa \u00abMugardos Concilia en Navidad\u00bb que pondr\u00e1 en marcha el Concello del 23 de diciembre al 4 de enero en el CEIP Uni\u00f3n Mugardesa. Se trata de una actividad [&hellip;]","og_url":"https:\/\/mugardos.gal\/es\/el-goberno-municipal-pone-en-marcha-en-navidad-el-programa-mugardos-concilia\/","og_site_name":"Concello de Mugardos","article_published_time":"2022-12-14T14:50:22+00:00","article_modified_time":"2022-12-20T20:10:49+00:00","og_image":[{"width":1205,"height":1205,"url":"https:\/\/mugardos.gal\/wp-content\/uploads\/2022\/12\/320324155_6377468638946949_7123008758963560980_n-1.jpg","type":"image\/jpeg"}],"twitter_card":"summary_large_image","twitter_misc":{"Escrito por":"maria_OCCIDENTE","Tiempo de lectura":"2 minutos"},"schema":{"@context":"https:\/\/schema.org","@graph":[{"@type":"WebSite","@id":"https:\/\/mugardos.gal\/#website","url":"https:\/\/mugardos.gal\/","name":"Concello de Mugardos","description":"","potentialAction":[{"@type":"SearchAction","target":{"@type":"EntryPoint","urlTemplate":"https:\/\/mugardos.gal\/?s={search_term_string}"},"query-input":"required name=search_term_string"}],"inLanguage":"es"},{"@type":"ImageObject","inLanguage":"es","@id":"https:\/\/mugardos.gal\/es\/el-goberno-municipal-pone-en-marcha-en-navidad-el-programa-mugardos-concilia\/#primaryimage","url":"https:\/\/mugardos.gal\/wp-content\/uploads\/2022\/12\/320324155_6377468638946949_7123008758963560980_n-1.jpg","contentUrl":"https:\/\/mugardos.gal\/wp-content\/uploads\/2022\/12\/320324155_6377468638946949_7123008758963560980_n-1.jpg","width":1205,"height":1205},{"@type":"WebPage","@id":"https:\/\/mugardos.gal\/es\/el-goberno-municipal-pone-en-marcha-en-navidad-el-programa-mugardos-concilia\/#webpage","url":"https:\/\/mugardos.gal\/es\/el-goberno-municipal-pone-en-marcha-en-navidad-el-programa-mugardos-concilia\/","name":"EL GOBERNO MUNICIPAL PONE EN MARCHA EN NAVIDAD EL PROGRAMA MUGARDOS CONCILIA - Concello de Mugardos","isPartOf":{"@id":"https:\/\/mugardos.gal\/#website"},"primaryImageOfPage":{"@id":"https:\/\/mugardos.gal\/es\/el-goberno-municipal-pone-en-marcha-en-navidad-el-programa-mugardos-concilia\/#primaryimage"},"datePublished":"2022-12-14T14:50:22+00:00","dateModified":"2022-12-20T20:10:49+00:00","author":{"@id":"https:\/\/mugardos.gal\/#\/schema\/person\/5003de8d638a334108335f5dc158539f"},"breadcrumb":{"@id":"https:\/\/mugardos.gal\/es\/el-goberno-municipal-pone-en-marcha-en-navidad-el-programa-mugardos-concilia\/#breadcrumb"},"inLanguage":"es","potentialAction":[{"@type":"ReadAction","target":["https:\/\/mugardos.gal\/es\/el-goberno-municipal-pone-en-marcha-en-navidad-el-programa-mugardos-concilia\/"]}]},{"@type":"BreadcrumbList","@id":"https:\/\/mugardos.gal\/es\/el-goberno-municipal-pone-en-marcha-en-navidad-el-programa-mugardos-concilia\/#breadcrumb","itemListElement":[{"@type":"ListItem","position":1,"name":"Portada","item":"https:\/\/mugardos.gal\/es\/"},{"@type":"ListItem","position":2,"name":"EL GOBERNO MUNICIPAL PONE EN MARCHA EN NAVIDAD EL PROGRAMA MUGARDOS CONCILIA"}]},{"@type":"Person","@id":"https:\/\/mugardos.gal\/#\/schema\/person\/5003de8d638a334108335f5dc158539f","name":"maria_OCCIDENTE","url":"https:\/\/mugardos.gal\/es\/author\/maria_occidente\/"}]}},"_links":{"self":[{"href":"https:\/\/mugardos.gal\/es\/wp-json\/wp\/v2\/posts\/18028"}],"collection":[{"href":"https:\/\/mugardos.gal\/es\/wp-json\/wp\/v2\/posts"}],"about":[{"href":"https:\/\/mugardos.gal\/es\/wp-json\/wp\/v2\/types\/post"}],"author":[{"embeddable":true,"href":"https:\/\/mugardos.gal\/es\/wp-json\/wp\/v2\/users\/5"}],"replies":[{"embeddable":true,"href":"https:\/\/mugardos.gal\/es\/wp-json\/wp\/v2\/comments?post=18028"}],"version-history":[{"count":3,"href":"https:\/\/mugardos.gal\/es\/wp-json\/wp\/v2\/posts\/18028\/revisions"}],"predecessor-version":[{"id":18065,"href":"https:\/\/mugardos.gal\/es\/wp-json\/wp\/v2\/posts\/18028\/revisions\/18065"}],"wp:featuredmedia":[{"embeddable":true,"href":"https:\/\/mugardos.gal\/es\/wp-json\/wp\/v2\/media\/18063"}],"wp:attachment":[{"href":"https:\/\/mugardos.gal\/es\/wp-json\/wp\/v2\/media?parent=18028"}],"wp:term":[{"taxonomy":"category","embeddable":true,"href":"https:\/\/mugardos.gal\/es\/wp-json\/wp\/v2\/categories?post=18028"},{"taxonomy":"post_tag","embeddable":true,"href":"https:\/\/mugardos.gal\/es\/wp-json\/wp\/v2\/tags?post=18028"}],"curies":[{"name":"wp","href":"https:\/\/api.w.org\/{rel}","templated":true}]}}