{"id":17749,"date":"2022-11-25T16:22:25","date_gmt":"2022-11-25T14:22:25","guid":{"rendered":"https:\/\/mugardos.gal\/celebracion-de-los-actos-del-25n-en-el-concello-de-mugardos\/"},"modified":"2022-11-25T16:22:25","modified_gmt":"2022-11-25T14:22:25","slug":"celebracion-de-los-actos-del-25n-en-el-concello-de-mugardos","status":"publish","type":"post","link":"https:\/\/mugardos.gal\/es\/celebracion-de-los-actos-del-25n-en-el-concello-de-mugardos\/","title":{"rendered":"CELEBRACI\u00d3N DE LOS ACTOS DEL 25N EN EL CONCELLO DE MUGARDOS"},"content":{"rendered":"\n<p>El Concello de Mugardos agradece el compromiso de todos los centros educativos mugardeses, especialmente de su profesorado y alumnado, que colabor\u00f3 en gran medida a la celebraci\u00f3n del acto de hoy y de su compromiso diario con la igualdad.<\/p>\n\n<p>Desde la Alcald\u00eda y la Concejal\u00eda de igualdad tambi\u00e9n se agradeci\u00f3 la labor de Protecci\u00f3n civil, Pol\u00edcia Local y Guardia Civil, aprovechando el acto para trasladar el reconocimiento y felicitaci\u00f3n del Concello de Mugardos a la Unidad Viogen de la zona de Ferrol de la Guardia Civil, con sede en Mugardos, por el Premio Meninas 2022, que recientemente acaban de recibir por su gran trabajo y compromiso.<\/p>\n\n<figure class=\"wp-block-gallery has-nested-images columns-default is-cropped\">\n<figure class=\"wp-block-image size-large\"><img loading=\"lazy\" width=\"2320\" height=\"874\" data-id=\"17742\"  src=\"https:\/\/mugardos.gal\/wp-content\/uploads\/2022\/11\/Andaina-Peteiro.jpg\" alt=\"\" class=\"wp-image-17742\" srcset=\"https:\/\/mugardos.gal\/wp-content\/uploads\/2022\/11\/Andaina-Peteiro.jpg 2320w, https:\/\/mugardos.gal\/wp-content\/uploads\/2022\/11\/Andaina-Peteiro-300x113.jpg 300w, https:\/\/mugardos.gal\/wp-content\/uploads\/2022\/11\/Andaina-Peteiro-1024x386.jpg 1024w, https:\/\/mugardos.gal\/wp-content\/uploads\/2022\/11\/Andaina-Peteiro-768x289.jpg 768w, https:\/\/mugardos.gal\/wp-content\/uploads\/2022\/11\/Andaina-Peteiro-1536x579.jpg 1536w, https:\/\/mugardos.gal\/wp-content\/uploads\/2022\/11\/Andaina-Peteiro-2048x772.jpg 2048w\" sizes=\"(max-width: 2320px) 100vw, 2320px\" \/><\/figure>\n\n\n\n<figure class=\"wp-block-image size-large\"><img loading=\"lazy\" width=\"2320\" height=\"1736\" data-id=\"17744\"  src=\"https:\/\/mugardos.gal\/wp-content\/uploads\/2022\/11\/Concentracion-25N-Mugardos.jpg\" alt=\"\" class=\"wp-image-17744\" srcset=\"https:\/\/mugardos.gal\/wp-content\/uploads\/2022\/11\/Concentracion-25N-Mugardos.jpg 2320w, https:\/\/mugardos.gal\/wp-content\/uploads\/2022\/11\/Concentracion-25N-Mugardos-300x224.jpg 300w, https:\/\/mugardos.gal\/wp-content\/uploads\/2022\/11\/Concentracion-25N-Mugardos-1024x766.jpg 1024w, https:\/\/mugardos.gal\/wp-content\/uploads\/2022\/11\/Concentracion-25N-Mugardos-768x575.jpg 768w, https:\/\/mugardos.gal\/wp-content\/uploads\/2022\/11\/Concentracion-25N-Mugardos-1536x1149.jpg 1536w, https:\/\/mugardos.gal\/wp-content\/uploads\/2022\/11\/Concentracion-25N-Mugardos-2048x1532.jpg 2048w\" sizes=\"(max-width: 2320px) 100vw, 2320px\" \/><\/figure>\n\n\n\n<figure class=\"wp-block-image size-large\"><img loading=\"lazy\" width=\"1416\" height=\"853\" data-id=\"17746\"  src=\"https:\/\/mugardos.gal\/wp-content\/uploads\/2022\/11\/Escola-Infantil-As-Lagoas.jpg\" alt=\"\" class=\"wp-image-17746\" srcset=\"https:\/\/mugardos.gal\/wp-content\/uploads\/2022\/11\/Escola-Infantil-As-Lagoas.jpg 1416w, https:\/\/mugardos.gal\/wp-content\/uploads\/2022\/11\/Escola-Infantil-As-Lagoas-300x181.jpg 300w, https:\/\/mugardos.gal\/wp-content\/uploads\/2022\/11\/Escola-Infantil-As-Lagoas-1024x617.jpg 1024w, https:\/\/mugardos.gal\/wp-content\/uploads\/2022\/11\/Escola-Infantil-As-Lagoas-768x463.jpg 768w\" sizes=\"(max-width: 1416px) 100vw, 1416px\" \/><\/figure>\n<\/figure>\n","protected":false},"excerpt":{"rendered":"<p>El Concello de Mugardos agradece el compromiso de todos los centros educativos mugardeses, especialmente de su profesorado y alumnado, que colabor\u00f3 en gran medida a la celebraci\u00f3n del acto de hoy y de su compromiso diario con la igualdad. Desde la Alcald\u00eda y la Concejal\u00eda de igualdad tambi\u00e9n se agradeci\u00f3 la labor de Protecci\u00f3n civil, [&hellip;]<\/p>\n","protected":false},"author":5,"featured_media":17744,"comment_status":"closed","ping_status":"closed","sticky":false,"template":"","format":"standard","meta":[],"categories":[12],"tags":[],"yoast_head":"<!-- This site is optimized with the Yoast SEO plugin v18.9 - https:\/\/yoast.com\/wordpress\/plugins\/seo\/ -->\n<title>CELEBRACI\u00d3N DE LOS ACTOS DEL 25N EN EL CONCELLO DE MUGARDOS - Concello de Mugardos<\/title>\n<meta name=\"robots\" content=\"index, follow, max-snippet:-1, max-image-preview:large, max-video-preview:-1\" \/>\n<link rel=\"canonical\" href=\"https:\/\/mugardos.gal\/es\/celebracion-de-los-actos-del-25n-en-el-concello-de-mugardos\/\" \/>\n<meta property=\"og:locale\" content=\"es_ES\" \/>\n<meta property=\"og:type\" content=\"article\" \/>\n<meta property=\"og:title\" content=\"CELEBRACI\u00d3N DE LOS ACTOS DEL 25N EN EL CONCELLO DE MUGARDOS - Concello de Mugardos\" \/>\n<meta property=\"og:description\" content=\"El Concello de Mugardos agradece el compromiso de todos los centros educativos mugardeses, especialmente de su profesorado y alumnado, que colabor\u00f3 en gran medida a la celebraci\u00f3n del acto de hoy y de su compromiso diario con la igualdad. Desde la Alcald\u00eda y la Concejal\u00eda de igualdad tambi\u00e9n se agradeci\u00f3 la labor de Protecci\u00f3n civil, [&hellip;]\" \/>\n<meta property=\"og:url\" content=\"https:\/\/mugardos.gal\/es\/celebracion-de-los-actos-del-25n-en-el-concello-de-mugardos\/\" \/>\n<meta property=\"og:site_name\" content=\"Concello de Mugardos\" \/>\n<meta property=\"article:published_time\" content=\"2022-11-25T14:22:25+00:00\" \/>\n<meta property=\"og:image\" content=\"https:\/\/mugardos.gal\/wp-content\/uploads\/2022\/11\/Concentracion-25N-Mugardos.jpg\" \/>\n\t<meta property=\"og:image:width\" content=\"2320\" \/>\n\t<meta property=\"og:image:height\" content=\"1736\" \/>\n\t<meta property=\"og:image:type\" content=\"image\/jpeg\" \/>\n<meta name=\"twitter:card\" content=\"summary_large_image\" \/>\n<meta name=\"twitter:label1\" content=\"Escrito por\" \/>\n\t<meta name=\"twitter:data1\" content=\"maria_OCCIDENTE\" \/>\n\t<meta name=\"twitter:label2\" content=\"Tiempo de lectura\" \/>\n\t<meta name=\"twitter:data2\" content=\"1 minuto\" \/>\n<script type=\"application\/ld+json\" class=\"yoast-schema-graph\">{\"@context\":\"https:\/\/schema.org\",\"@graph\":[{\"@type\":\"WebSite\",\"@id\":\"https:\/\/mugardos.gal\/#website\",\"url\":\"https:\/\/mugardos.gal\/\",\"name\":\"Concello de Mugardos\",\"description\":\"\",\"potentialAction\":[{\"@type\":\"SearchAction\",\"target\":{\"@type\":\"EntryPoint\",\"urlTemplate\":\"https:\/\/mugardos.gal\/?s={search_term_string}\"},\"query-input\":\"required name=search_term_string\"}],\"inLanguage\":\"es\"},{\"@type\":\"ImageObject\",\"inLanguage\":\"es\",\"@id\":\"https:\/\/mugardos.gal\/es\/celebracion-de-los-actos-del-25n-en-el-concello-de-mugardos\/#primaryimage\",\"url\":\"https:\/\/mugardos.gal\/wp-content\/uploads\/2022\/11\/Concentracion-25N-Mugardos.jpg\",\"contentUrl\":\"https:\/\/mugardos.gal\/wp-content\/uploads\/2022\/11\/Concentracion-25N-Mugardos.jpg\",\"width\":2320,\"height\":1736},{\"@type\":\"WebPage\",\"@id\":\"https:\/\/mugardos.gal\/es\/celebracion-de-los-actos-del-25n-en-el-concello-de-mugardos\/#webpage\",\"url\":\"https:\/\/mugardos.gal\/es\/celebracion-de-los-actos-del-25n-en-el-concello-de-mugardos\/\",\"name\":\"CELEBRACI\u00d3N DE LOS ACTOS DEL 25N EN EL CONCELLO DE MUGARDOS - Concello de Mugardos\",\"isPartOf\":{\"@id\":\"https:\/\/mugardos.gal\/#website\"},\"primaryImageOfPage\":{\"@id\":\"https:\/\/mugardos.gal\/es\/celebracion-de-los-actos-del-25n-en-el-concello-de-mugardos\/#primaryimage\"},\"datePublished\":\"2022-11-25T14:22:25+00:00\",\"dateModified\":\"2022-11-25T14:22:25+00:00\",\"author\":{\"@id\":\"https:\/\/mugardos.gal\/#\/schema\/person\/5003de8d638a334108335f5dc158539f\"},\"breadcrumb\":{\"@id\":\"https:\/\/mugardos.gal\/es\/celebracion-de-los-actos-del-25n-en-el-concello-de-mugardos\/#breadcrumb\"},\"inLanguage\":\"es\",\"potentialAction\":[{\"@type\":\"ReadAction\",\"target\":[\"https:\/\/mugardos.gal\/es\/celebracion-de-los-actos-del-25n-en-el-concello-de-mugardos\/\"]}]},{\"@type\":\"BreadcrumbList\",\"@id\":\"https:\/\/mugardos.gal\/es\/celebracion-de-los-actos-del-25n-en-el-concello-de-mugardos\/#breadcrumb\",\"itemListElement\":[{\"@type\":\"ListItem\",\"position\":1,\"name\":\"Portada\",\"item\":\"https:\/\/mugardos.gal\/es\/\"},{\"@type\":\"ListItem\",\"position\":2,\"name\":\"CELEBRACI\u00d3N DE LOS ACTOS DEL 25N EN EL CONCELLO DE MUGARDOS\"}]},{\"@type\":\"Person\",\"@id\":\"https:\/\/mugardos.gal\/#\/schema\/person\/5003de8d638a334108335f5dc158539f\",\"name\":\"maria_OCCIDENTE\",\"url\":\"https:\/\/mugardos.gal\/es\/author\/maria_occidente\/\"}]}<\/script>\n<!-- \/ Yoast SEO plugin. -->","yoast_head_json":{"title":"CELEBRACI\u00d3N DE LOS ACTOS DEL 25N EN EL CONCELLO DE MUGARDOS - Concello de Mugardos","robots":{"index":"index","follow":"follow","max-snippet":"max-snippet:-1","max-image-preview":"max-image-preview:large","max-video-preview":"max-video-preview:-1"},"canonical":"https:\/\/mugardos.gal\/es\/celebracion-de-los-actos-del-25n-en-el-concello-de-mugardos\/","og_locale":"es_ES","og_type":"article","og_title":"CELEBRACI\u00d3N DE LOS ACTOS DEL 25N EN EL CONCELLO DE MUGARDOS - Concello de Mugardos","og_description":"El Concello de Mugardos agradece el compromiso de todos los centros educativos mugardeses, especialmente de su profesorado y alumnado, que colabor\u00f3 en gran medida a la celebraci\u00f3n del acto de hoy y de su compromiso diario con la igualdad. Desde la Alcald\u00eda y la Concejal\u00eda de igualdad tambi\u00e9n se agradeci\u00f3 la labor de Protecci\u00f3n civil, [&hellip;]","og_url":"https:\/\/mugardos.gal\/es\/celebracion-de-los-actos-del-25n-en-el-concello-de-mugardos\/","og_site_name":"Concello de Mugardos","article_published_time":"2022-11-25T14:22:25+00:00","og_image":[{"width":2320,"height":1736,"url":"https:\/\/mugardos.gal\/wp-content\/uploads\/2022\/11\/Concentracion-25N-Mugardos.jpg","type":"image\/jpeg"}],"twitter_card":"summary_large_image","twitter_misc":{"Escrito por":"maria_OCCIDENTE","Tiempo de lectura":"1 minuto"},"schema":{"@context":"https:\/\/schema.org","@graph":[{"@type":"WebSite","@id":"https:\/\/mugardos.gal\/#website","url":"https:\/\/mugardos.gal\/","name":"Concello de Mugardos","description":"","potentialAction":[{"@type":"SearchAction","target":{"@type":"EntryPoint","urlTemplate":"https:\/\/mugardos.gal\/?s={search_term_string}"},"query-input":"required name=search_term_string"}],"inLanguage":"es"},{"@type":"ImageObject","inLanguage":"es","@id":"https:\/\/mugardos.gal\/es\/celebracion-de-los-actos-del-25n-en-el-concello-de-mugardos\/#primaryimage","url":"https:\/\/mugardos.gal\/wp-content\/uploads\/2022\/11\/Concentracion-25N-Mugardos.jpg","contentUrl":"https:\/\/mugardos.gal\/wp-content\/uploads\/2022\/11\/Concentracion-25N-Mugardos.jpg","width":2320,"height":1736},{"@type":"WebPage","@id":"https:\/\/mugardos.gal\/es\/celebracion-de-los-actos-del-25n-en-el-concello-de-mugardos\/#webpage","url":"https:\/\/mugardos.gal\/es\/celebracion-de-los-actos-del-25n-en-el-concello-de-mugardos\/","name":"CELEBRACI\u00d3N DE LOS ACTOS DEL 25N EN EL CONCELLO DE MUGARDOS - Concello de Mugardos","isPartOf":{"@id":"https:\/\/mugardos.gal\/#website"},"primaryImageOfPage":{"@id":"https:\/\/mugardos.gal\/es\/celebracion-de-los-actos-del-25n-en-el-concello-de-mugardos\/#primaryimage"},"datePublished":"2022-11-25T14:22:25+00:00","dateModified":"2022-11-25T14:22:25+00:00","author":{"@id":"https:\/\/mugardos.gal\/#\/schema\/person\/5003de8d638a334108335f5dc158539f"},"breadcrumb":{"@id":"https:\/\/mugardos.gal\/es\/celebracion-de-los-actos-del-25n-en-el-concello-de-mugardos\/#breadcrumb"},"inLanguage":"es","potentialAction":[{"@type":"ReadAction","target":["https:\/\/mugardos.gal\/es\/celebracion-de-los-actos-del-25n-en-el-concello-de-mugardos\/"]}]},{"@type":"BreadcrumbList","@id":"https:\/\/mugardos.gal\/es\/celebracion-de-los-actos-del-25n-en-el-concello-de-mugardos\/#breadcrumb","itemListElement":[{"@type":"ListItem","position":1,"name":"Portada","item":"https:\/\/mugardos.gal\/es\/"},{"@type":"ListItem","position":2,"name":"CELEBRACI\u00d3N DE LOS ACTOS DEL 25N EN EL CONCELLO DE MUGARDOS"}]},{"@type":"Person","@id":"https:\/\/mugardos.gal\/#\/schema\/person\/5003de8d638a334108335f5dc158539f","name":"maria_OCCIDENTE","url":"https:\/\/mugardos.gal\/es\/author\/maria_occidente\/"}]}},"_links":{"self":[{"href":"https:\/\/mugardos.gal\/es\/wp-json\/wp\/v2\/posts\/17749"}],"collection":[{"href":"https:\/\/mugardos.gal\/es\/wp-json\/wp\/v2\/posts"}],"about":[{"href":"https:\/\/mugardos.gal\/es\/wp-json\/wp\/v2\/types\/post"}],"author":[{"embeddable":true,"href":"https:\/\/mugardos.gal\/es\/wp-json\/wp\/v2\/users\/5"}],"replies":[{"embeddable":true,"href":"https:\/\/mugardos.gal\/es\/wp-json\/wp\/v2\/comments?post=17749"}],"version-history":[{"count":1,"href":"https:\/\/mugardos.gal\/es\/wp-json\/wp\/v2\/posts\/17749\/revisions"}],"predecessor-version":[{"id":17750,"href":"https:\/\/mugardos.gal\/es\/wp-json\/wp\/v2\/posts\/17749\/revisions\/17750"}],"wp:featuredmedia":[{"embeddable":true,"href":"https:\/\/mugardos.gal\/es\/wp-json\/wp\/v2\/media\/17744"}],"wp:attachment":[{"href":"https:\/\/mugardos.gal\/es\/wp-json\/wp\/v2\/media?parent=17749"}],"wp:term":[{"taxonomy":"category","embeddable":true,"href":"https:\/\/mugardos.gal\/es\/wp-json\/wp\/v2\/categories?post=17749"},{"taxonomy":"post_tag","embeddable":true,"href":"https:\/\/mugardos.gal\/es\/wp-json\/wp\/v2\/tags?post=17749"}],"curies":[{"name":"wp","href":"https:\/\/api.w.org\/{rel}","templated":true}]}}