{"id":17642,"date":"2022-11-17T14:40:35","date_gmt":"2022-11-17T12:40:35","guid":{"rendered":"https:\/\/mugardos.gal\/la-escuela-municipal-de-musica-as-lagoas-organiza-su-audicion-de-navidad\/"},"modified":"2022-11-17T14:40:35","modified_gmt":"2022-11-17T12:40:35","slug":"la-escuela-municipal-de-musica-as-lagoas-organiza-su-audicion-de-navidad","status":"publish","type":"post","link":"https:\/\/mugardos.gal\/es\/la-escuela-municipal-de-musica-as-lagoas-organiza-su-audicion-de-navidad\/","title":{"rendered":"LA ESCUELA MUNICIPAL DE M\u00daSICA \u201cAS LAGOAS\u201d ORGANIZA SU AUDICI\u00d3N DE NAVIDAD"},"content":{"rendered":"\n<h4><strong>La actuaci\u00f3n tendr\u00e1 lugar el pr\u00f3ximo 17 de diciembre por la tarde<\/strong><\/h4>\n\n<p>La Concejala de Cultura, Bego\u00f1a Rold\u00f3s present\u00f3 hoy la Audici\u00f3n de Navidad 2022 de la Escuela Municipal de M\u00fasica &#8216;As Lagoas&#8217; que tendr\u00e1 lugar en la tarde del s\u00e1bado 17 de diciembre de 2022.<\/p>\n\n<p>El repertorio a interpretar por los alumnos y alumnas de la escuela no se limitar\u00e1 a la interpretaci\u00f3n de los villancicos propios de las fechas de Navidad, puesto que habr\u00e1 tambi\u00e9n piezas de otros estilos musicales, dando a la tarde una gran variedad de g\u00e9neros.<\/p>\n\n<p>El programa del s\u00e1bado 17 de diciembre estar\u00e1 dividido en dos turnos, previsitos para las 17:00 y las 18:00 horas, y debido a la limitaci\u00f3n del espacio, est\u00e1n orientados a las familias de los miembros de la comunidad educativa.<\/p>\n\n<p>Rold\u00f3s se congratul\u00f3 por la vuelta de esta preciosa tradici\u00f3n de la escuela, que tuvo que suspenderse a causa de la pandemia. \u00abEs un placer escuchar a los alumnos y alumnas de la escuela de m\u00fasica, disfrutar con sus avances y poder compartir estos momentos llenos de miradas de orgullo y gestos de cari\u00f1o de sus familias\u00bb.<\/p>\n","protected":false},"excerpt":{"rendered":"<p>La actuaci\u00f3n tendr\u00e1 lugar el pr\u00f3ximo 17 de diciembre por la tarde La Concejala de Cultura, Bego\u00f1a Rold\u00f3s present\u00f3 hoy la Audici\u00f3n de Navidad 2022 de la Escuela Municipal de M\u00fasica &#8216;As Lagoas&#8217; que tendr\u00e1 lugar en la tarde del s\u00e1bado 17 de diciembre de 2022. El repertorio a interpretar por los alumnos y alumnas [&hellip;]<\/p>\n","protected":false},"author":5,"featured_media":17639,"comment_status":"closed","ping_status":"closed","sticky":false,"template":"","format":"standard","meta":[],"categories":[50,12],"tags":[],"yoast_head":"<!-- This site is optimized with the Yoast SEO plugin v18.9 - https:\/\/yoast.com\/wordpress\/plugins\/seo\/ -->\n<title>LA ESCUELA MUNICIPAL DE M\u00daSICA \u201cAS LAGOAS\u201d ORGANIZA SU AUDICI\u00d3N DE NAVIDAD - Concello de Mugardos<\/title>\n<meta name=\"robots\" content=\"index, follow, max-snippet:-1, max-image-preview:large, max-video-preview:-1\" \/>\n<link rel=\"canonical\" href=\"https:\/\/mugardos.gal\/es\/la-escuela-municipal-de-musica-as-lagoas-organiza-su-audicion-de-navidad\/\" \/>\n<meta property=\"og:locale\" content=\"es_ES\" \/>\n<meta property=\"og:type\" content=\"article\" \/>\n<meta property=\"og:title\" content=\"LA ESCUELA MUNICIPAL DE M\u00daSICA \u201cAS LAGOAS\u201d ORGANIZA SU AUDICI\u00d3N DE NAVIDAD - Concello de Mugardos\" \/>\n<meta property=\"og:description\" content=\"La actuaci\u00f3n tendr\u00e1 lugar el pr\u00f3ximo 17 de diciembre por la tarde La Concejala de Cultura, Bego\u00f1a Rold\u00f3s present\u00f3 hoy la Audici\u00f3n de Navidad 2022 de la Escuela Municipal de M\u00fasica &#8216;As Lagoas&#8217; que tendr\u00e1 lugar en la tarde del s\u00e1bado 17 de diciembre de 2022. El repertorio a interpretar por los alumnos y alumnas [&hellip;]\" \/>\n<meta property=\"og:url\" content=\"https:\/\/mugardos.gal\/es\/la-escuela-municipal-de-musica-as-lagoas-organiza-su-audicion-de-navidad\/\" \/>\n<meta property=\"og:site_name\" content=\"Concello de Mugardos\" \/>\n<meta property=\"article:published_time\" content=\"2022-11-17T12:40:35+00:00\" \/>\n<meta property=\"og:image\" content=\"https:\/\/mugardos.gal\/wp-content\/uploads\/2022\/11\/Festival-navidad-Escuela-de-Mu\u0301sica.jpg\" \/>\n\t<meta property=\"og:image:width\" content=\"1221\" \/>\n\t<meta property=\"og:image:height\" content=\"1718\" \/>\n\t<meta property=\"og:image:type\" content=\"image\/jpeg\" \/>\n<meta name=\"twitter:card\" content=\"summary_large_image\" \/>\n<meta name=\"twitter:label1\" content=\"Escrito por\" \/>\n\t<meta name=\"twitter:data1\" content=\"maria_OCCIDENTE\" \/>\n\t<meta name=\"twitter:label2\" content=\"Tiempo de lectura\" \/>\n\t<meta name=\"twitter:data2\" content=\"1 minuto\" \/>\n<script type=\"application\/ld+json\" class=\"yoast-schema-graph\">{\"@context\":\"https:\/\/schema.org\",\"@graph\":[{\"@type\":\"WebSite\",\"@id\":\"https:\/\/mugardos.gal\/#website\",\"url\":\"https:\/\/mugardos.gal\/\",\"name\":\"Concello de Mugardos\",\"description\":\"\",\"potentialAction\":[{\"@type\":\"SearchAction\",\"target\":{\"@type\":\"EntryPoint\",\"urlTemplate\":\"https:\/\/mugardos.gal\/?s={search_term_string}\"},\"query-input\":\"required name=search_term_string\"}],\"inLanguage\":\"es\"},{\"@type\":\"ImageObject\",\"inLanguage\":\"es\",\"@id\":\"https:\/\/mugardos.gal\/es\/la-escuela-municipal-de-musica-as-lagoas-organiza-su-audicion-de-navidad\/#primaryimage\",\"url\":\"https:\/\/mugardos.gal\/wp-content\/uploads\/2022\/11\/Festival-navidad-Escuela-de-Mu\u0301sica.jpg\",\"contentUrl\":\"https:\/\/mugardos.gal\/wp-content\/uploads\/2022\/11\/Festival-navidad-Escuela-de-Mu\u0301sica.jpg\",\"width\":1221,\"height\":1718},{\"@type\":\"WebPage\",\"@id\":\"https:\/\/mugardos.gal\/es\/la-escuela-municipal-de-musica-as-lagoas-organiza-su-audicion-de-navidad\/#webpage\",\"url\":\"https:\/\/mugardos.gal\/es\/la-escuela-municipal-de-musica-as-lagoas-organiza-su-audicion-de-navidad\/\",\"name\":\"LA ESCUELA MUNICIPAL DE M\u00daSICA \u201cAS LAGOAS\u201d ORGANIZA SU AUDICI\u00d3N DE NAVIDAD - Concello de Mugardos\",\"isPartOf\":{\"@id\":\"https:\/\/mugardos.gal\/#website\"},\"primaryImageOfPage\":{\"@id\":\"https:\/\/mugardos.gal\/es\/la-escuela-municipal-de-musica-as-lagoas-organiza-su-audicion-de-navidad\/#primaryimage\"},\"datePublished\":\"2022-11-17T12:40:35+00:00\",\"dateModified\":\"2022-11-17T12:40:35+00:00\",\"author\":{\"@id\":\"https:\/\/mugardos.gal\/#\/schema\/person\/5003de8d638a334108335f5dc158539f\"},\"breadcrumb\":{\"@id\":\"https:\/\/mugardos.gal\/es\/la-escuela-municipal-de-musica-as-lagoas-organiza-su-audicion-de-navidad\/#breadcrumb\"},\"inLanguage\":\"es\",\"potentialAction\":[{\"@type\":\"ReadAction\",\"target\":[\"https:\/\/mugardos.gal\/es\/la-escuela-municipal-de-musica-as-lagoas-organiza-su-audicion-de-navidad\/\"]}]},{\"@type\":\"BreadcrumbList\",\"@id\":\"https:\/\/mugardos.gal\/es\/la-escuela-municipal-de-musica-as-lagoas-organiza-su-audicion-de-navidad\/#breadcrumb\",\"itemListElement\":[{\"@type\":\"ListItem\",\"position\":1,\"name\":\"Portada\",\"item\":\"https:\/\/mugardos.gal\/es\/\"},{\"@type\":\"ListItem\",\"position\":2,\"name\":\"LA ESCUELA MUNICIPAL DE M\u00daSICA \u201cAS LAGOAS\u201d ORGANIZA SU AUDICI\u00d3N DE NAVIDAD\"}]},{\"@type\":\"Person\",\"@id\":\"https:\/\/mugardos.gal\/#\/schema\/person\/5003de8d638a334108335f5dc158539f\",\"name\":\"maria_OCCIDENTE\",\"url\":\"https:\/\/mugardos.gal\/es\/author\/maria_occidente\/\"}]}<\/script>\n<!-- \/ Yoast SEO plugin. -->","yoast_head_json":{"title":"LA ESCUELA MUNICIPAL DE M\u00daSICA \u201cAS LAGOAS\u201d ORGANIZA SU AUDICI\u00d3N DE NAVIDAD - Concello de Mugardos","robots":{"index":"index","follow":"follow","max-snippet":"max-snippet:-1","max-image-preview":"max-image-preview:large","max-video-preview":"max-video-preview:-1"},"canonical":"https:\/\/mugardos.gal\/es\/la-escuela-municipal-de-musica-as-lagoas-organiza-su-audicion-de-navidad\/","og_locale":"es_ES","og_type":"article","og_title":"LA ESCUELA MUNICIPAL DE M\u00daSICA \u201cAS LAGOAS\u201d ORGANIZA SU AUDICI\u00d3N DE NAVIDAD - Concello de Mugardos","og_description":"La actuaci\u00f3n tendr\u00e1 lugar el pr\u00f3ximo 17 de diciembre por la tarde La Concejala de Cultura, Bego\u00f1a Rold\u00f3s present\u00f3 hoy la Audici\u00f3n de Navidad 2022 de la Escuela Municipal de M\u00fasica &#8216;As Lagoas&#8217; que tendr\u00e1 lugar en la tarde del s\u00e1bado 17 de diciembre de 2022. El repertorio a interpretar por los alumnos y alumnas [&hellip;]","og_url":"https:\/\/mugardos.gal\/es\/la-escuela-municipal-de-musica-as-lagoas-organiza-su-audicion-de-navidad\/","og_site_name":"Concello de Mugardos","article_published_time":"2022-11-17T12:40:35+00:00","og_image":[{"width":1221,"height":1718,"url":"https:\/\/mugardos.gal\/wp-content\/uploads\/2022\/11\/Festival-navidad-Escuela-de-Mu\u0301sica.jpg","type":"image\/jpeg"}],"twitter_card":"summary_large_image","twitter_misc":{"Escrito por":"maria_OCCIDENTE","Tiempo de lectura":"1 minuto"},"schema":{"@context":"https:\/\/schema.org","@graph":[{"@type":"WebSite","@id":"https:\/\/mugardos.gal\/#website","url":"https:\/\/mugardos.gal\/","name":"Concello de Mugardos","description":"","potentialAction":[{"@type":"SearchAction","target":{"@type":"EntryPoint","urlTemplate":"https:\/\/mugardos.gal\/?s={search_term_string}"},"query-input":"required name=search_term_string"}],"inLanguage":"es"},{"@type":"ImageObject","inLanguage":"es","@id":"https:\/\/mugardos.gal\/es\/la-escuela-municipal-de-musica-as-lagoas-organiza-su-audicion-de-navidad\/#primaryimage","url":"https:\/\/mugardos.gal\/wp-content\/uploads\/2022\/11\/Festival-navidad-Escuela-de-Mu\u0301sica.jpg","contentUrl":"https:\/\/mugardos.gal\/wp-content\/uploads\/2022\/11\/Festival-navidad-Escuela-de-Mu\u0301sica.jpg","width":1221,"height":1718},{"@type":"WebPage","@id":"https:\/\/mugardos.gal\/es\/la-escuela-municipal-de-musica-as-lagoas-organiza-su-audicion-de-navidad\/#webpage","url":"https:\/\/mugardos.gal\/es\/la-escuela-municipal-de-musica-as-lagoas-organiza-su-audicion-de-navidad\/","name":"LA ESCUELA MUNICIPAL DE M\u00daSICA \u201cAS LAGOAS\u201d ORGANIZA SU AUDICI\u00d3N DE NAVIDAD - Concello de Mugardos","isPartOf":{"@id":"https:\/\/mugardos.gal\/#website"},"primaryImageOfPage":{"@id":"https:\/\/mugardos.gal\/es\/la-escuela-municipal-de-musica-as-lagoas-organiza-su-audicion-de-navidad\/#primaryimage"},"datePublished":"2022-11-17T12:40:35+00:00","dateModified":"2022-11-17T12:40:35+00:00","author":{"@id":"https:\/\/mugardos.gal\/#\/schema\/person\/5003de8d638a334108335f5dc158539f"},"breadcrumb":{"@id":"https:\/\/mugardos.gal\/es\/la-escuela-municipal-de-musica-as-lagoas-organiza-su-audicion-de-navidad\/#breadcrumb"},"inLanguage":"es","potentialAction":[{"@type":"ReadAction","target":["https:\/\/mugardos.gal\/es\/la-escuela-municipal-de-musica-as-lagoas-organiza-su-audicion-de-navidad\/"]}]},{"@type":"BreadcrumbList","@id":"https:\/\/mugardos.gal\/es\/la-escuela-municipal-de-musica-as-lagoas-organiza-su-audicion-de-navidad\/#breadcrumb","itemListElement":[{"@type":"ListItem","position":1,"name":"Portada","item":"https:\/\/mugardos.gal\/es\/"},{"@type":"ListItem","position":2,"name":"LA ESCUELA MUNICIPAL DE M\u00daSICA \u201cAS LAGOAS\u201d ORGANIZA SU AUDICI\u00d3N DE NAVIDAD"}]},{"@type":"Person","@id":"https:\/\/mugardos.gal\/#\/schema\/person\/5003de8d638a334108335f5dc158539f","name":"maria_OCCIDENTE","url":"https:\/\/mugardos.gal\/es\/author\/maria_occidente\/"}]}},"_links":{"self":[{"href":"https:\/\/mugardos.gal\/es\/wp-json\/wp\/v2\/posts\/17642"}],"collection":[{"href":"https:\/\/mugardos.gal\/es\/wp-json\/wp\/v2\/posts"}],"about":[{"href":"https:\/\/mugardos.gal\/es\/wp-json\/wp\/v2\/types\/post"}],"author":[{"embeddable":true,"href":"https:\/\/mugardos.gal\/es\/wp-json\/wp\/v2\/users\/5"}],"replies":[{"embeddable":true,"href":"https:\/\/mugardos.gal\/es\/wp-json\/wp\/v2\/comments?post=17642"}],"version-history":[{"count":1,"href":"https:\/\/mugardos.gal\/es\/wp-json\/wp\/v2\/posts\/17642\/revisions"}],"predecessor-version":[{"id":17643,"href":"https:\/\/mugardos.gal\/es\/wp-json\/wp\/v2\/posts\/17642\/revisions\/17643"}],"wp:featuredmedia":[{"embeddable":true,"href":"https:\/\/mugardos.gal\/es\/wp-json\/wp\/v2\/media\/17639"}],"wp:attachment":[{"href":"https:\/\/mugardos.gal\/es\/wp-json\/wp\/v2\/media?parent=17642"}],"wp:term":[{"taxonomy":"category","embeddable":true,"href":"https:\/\/mugardos.gal\/es\/wp-json\/wp\/v2\/categories?post=17642"},{"taxonomy":"post_tag","embeddable":true,"href":"https:\/\/mugardos.gal\/es\/wp-json\/wp\/v2\/tags?post=17642"}],"curies":[{"name":"wp","href":"https:\/\/api.w.org\/{rel}","templated":true}]}}