{"id":17629,"date":"2022-11-16T13:40:06","date_gmt":"2022-11-16T11:40:06","guid":{"rendered":"https:\/\/mugardos.gal\/el-programa-dirigido-a-mayores-de-60-anos-juntos-por-navidad-2022-ya-esta-en-marcha\/"},"modified":"2022-11-16T13:40:06","modified_gmt":"2022-11-16T11:40:06","slug":"el-programa-dirigido-a-mayores-de-60-anos-juntos-por-navidad-2022-ya-esta-en-marcha","status":"publish","type":"post","link":"https:\/\/mugardos.gal\/es\/el-programa-dirigido-a-mayores-de-60-anos-juntos-por-navidad-2022-ya-esta-en-marcha\/","title":{"rendered":"EL PROGRAMA DIRIGIDO A MAYORES DE 60 A\u00d1OS &#8216;JUNTOS POR NAVIDAD 2022&#8217; YA EST\u00c1 EN MARCHA"},"content":{"rendered":"\n<h4>Los interesados en participar pueden inscribirse hasta el 28 de noviembre<\/h4>\n\n<p>La Concejala de Bienestar Social, Ana Varela, inform\u00f3 hoy de la puesta en marcha del programa &#8216;Juntos por Navidad 2022&#8217; de la Xunta de Galicia, destinado a las persona mayores que se encuentren solas en estas fechas.<\/p>\n\n<p>Los vecinos y vecinas de Mugardos que deseen participar tendr\u00e1n a su disposici\u00f3n hasta 280 plazas en la Residencia de Tiempo Libre de O Carballi\u00f1o (Ourense), espacio reservado para las personas solicitantes de las provincias de A Coru\u00f1a y Lugo.<\/p>\n\n<p>El programa se desarrollar\u00e1 entre el d\u00eda 23 de diciembre de 2022 y el d\u00eda 7 de enero de 2023 en dos turnos de 8 d\u00edas cada uno (7 noches).<\/p>\n\n<p>El primer turno se efectuar\u00e1 entre el 23 y el 30 de diciembre, y el segundo entre el 31 de diciembre y el 7 de enero.<\/p>\n\n<p>El programa incluye la estancia en la residencia durante 8 d\u00edas (7 noches), el alojamiento en habitaciones compartidas y manutenci\u00f3n en r\u00e9gimen de pensi\u00f3n commpleta (el alojamiento en habitaciones individuales tendr\u00e1 car\u00e1cter excepcional), el desplazamiento en autob\u00fas desde los lugares que se establezcan en las localidades que corresponda hasta la residencia de tiempo libre, actividades de animaci\u00f3n sociocultural, etc..<\/p>\n\n<p>Para participar en este programa, las personas beneficiarias deber\u00e1n tener 60 a\u00f1os, estar empadronadas en alg\u00fan concello gallego, vivir solas en su domicilio y tener que pasar solas las fechas de Navidad, valerse por s\u00ed mismas y no padecer enfermedad transmisiible con riesgo de contagio, ni trastornos mentales o conductuales no compensados que puedan alterar la convivencia durante el transcurso de la estancia.<\/p>\n\n<p>Las solicitudes, acompa\u00f1adas del informe social y de la declaraci\u00f3n responsable, est\u00e1n disponibles en la Concejal\u00eda de Bienestar Social (2\u00ba piso del Concello) y podr\u00e1n presentarse hasta el 28 de noviembre.<\/p>\n\n<p>Ana Varela record\u00f3 que se trata de un programa totalmente gratuito para los participantes y anim\u00f3 a los vecinos a participar ya que &#8216;Juntos por Navidad&#8217; es una herramienta muy potente para la sociabilizaci\u00f3n de los mayores, tan importante en fechas se\u00f1aladas como las fiestas.<\/p>\n","protected":false},"excerpt":{"rendered":"<p>Los interesados en participar pueden inscribirse hasta el 28 de noviembre La Concejala de Bienestar Social, Ana Varela, inform\u00f3 hoy de la puesta en marcha del programa &#8216;Juntos por Navidad 2022&#8217; de la Xunta de Galicia, destinado a las persona mayores que se encuentren solas en estas fechas. Los vecinos y vecinas de Mugardos que [&hellip;]<\/p>\n","protected":false},"author":5,"featured_media":17627,"comment_status":"closed","ping_status":"closed","sticky":false,"template":"","format":"standard","meta":[],"categories":[47,12],"tags":[],"yoast_head":"<!-- This site is optimized with the Yoast SEO plugin v18.9 - https:\/\/yoast.com\/wordpress\/plugins\/seo\/ -->\n<title>EL PROGRAMA DIRIGIDO A MAYORES DE 60 A\u00d1OS &#039;JUNTOS POR NAVIDAD 2022&#039; YA EST\u00c1 EN MARCHA - Concello de Mugardos<\/title>\n<meta name=\"robots\" content=\"index, follow, max-snippet:-1, max-image-preview:large, max-video-preview:-1\" \/>\n<link rel=\"canonical\" href=\"https:\/\/mugardos.gal\/es\/el-programa-dirigido-a-mayores-de-60-anos-juntos-por-navidad-2022-ya-esta-en-marcha\/\" \/>\n<meta property=\"og:locale\" content=\"es_ES\" \/>\n<meta property=\"og:type\" content=\"article\" \/>\n<meta property=\"og:title\" content=\"EL PROGRAMA DIRIGIDO A MAYORES DE 60 A\u00d1OS &#039;JUNTOS POR NAVIDAD 2022&#039; YA EST\u00c1 EN MARCHA - Concello de Mugardos\" \/>\n<meta property=\"og:description\" content=\"Los interesados en participar pueden inscribirse hasta el 28 de noviembre La Concejala de Bienestar Social, Ana Varela, inform\u00f3 hoy de la puesta en marcha del programa &#8216;Juntos por Navidad 2022&#8217; de la Xunta de Galicia, destinado a las persona mayores que se encuentren solas en estas fechas. Los vecinos y vecinas de Mugardos que [&hellip;]\" \/>\n<meta property=\"og:url\" content=\"https:\/\/mugardos.gal\/es\/el-programa-dirigido-a-mayores-de-60-anos-juntos-por-navidad-2022-ya-esta-en-marcha\/\" \/>\n<meta property=\"og:site_name\" content=\"Concello de Mugardos\" \/>\n<meta property=\"article:published_time\" content=\"2022-11-16T11:40:06+00:00\" \/>\n<meta property=\"og:image\" content=\"https:\/\/mugardos.gal\/wp-content\/uploads\/2022\/11\/Xuntos-polo-Nadal.png\" \/>\n\t<meta property=\"og:image:width\" content=\"800\" \/>\n\t<meta property=\"og:image:height\" content=\"1067\" \/>\n\t<meta property=\"og:image:type\" content=\"image\/png\" \/>\n<meta name=\"twitter:card\" content=\"summary_large_image\" \/>\n<meta name=\"twitter:label1\" content=\"Escrito por\" \/>\n\t<meta name=\"twitter:data1\" content=\"maria_OCCIDENTE\" \/>\n\t<meta name=\"twitter:label2\" content=\"Tiempo de lectura\" \/>\n\t<meta name=\"twitter:data2\" content=\"2 minutos\" \/>\n<script type=\"application\/ld+json\" class=\"yoast-schema-graph\">{\"@context\":\"https:\/\/schema.org\",\"@graph\":[{\"@type\":\"WebSite\",\"@id\":\"https:\/\/mugardos.gal\/#website\",\"url\":\"https:\/\/mugardos.gal\/\",\"name\":\"Concello de Mugardos\",\"description\":\"\",\"potentialAction\":[{\"@type\":\"SearchAction\",\"target\":{\"@type\":\"EntryPoint\",\"urlTemplate\":\"https:\/\/mugardos.gal\/?s={search_term_string}\"},\"query-input\":\"required name=search_term_string\"}],\"inLanguage\":\"es\"},{\"@type\":\"ImageObject\",\"inLanguage\":\"es\",\"@id\":\"https:\/\/mugardos.gal\/es\/el-programa-dirigido-a-mayores-de-60-anos-juntos-por-navidad-2022-ya-esta-en-marcha\/#primaryimage\",\"url\":\"https:\/\/mugardos.gal\/wp-content\/uploads\/2022\/11\/Xuntos-polo-Nadal.png\",\"contentUrl\":\"https:\/\/mugardos.gal\/wp-content\/uploads\/2022\/11\/Xuntos-polo-Nadal.png\",\"width\":800,\"height\":1067},{\"@type\":\"WebPage\",\"@id\":\"https:\/\/mugardos.gal\/es\/el-programa-dirigido-a-mayores-de-60-anos-juntos-por-navidad-2022-ya-esta-en-marcha\/#webpage\",\"url\":\"https:\/\/mugardos.gal\/es\/el-programa-dirigido-a-mayores-de-60-anos-juntos-por-navidad-2022-ya-esta-en-marcha\/\",\"name\":\"EL PROGRAMA DIRIGIDO A MAYORES DE 60 A\u00d1OS 'JUNTOS POR NAVIDAD 2022' YA EST\u00c1 EN MARCHA - Concello de Mugardos\",\"isPartOf\":{\"@id\":\"https:\/\/mugardos.gal\/#website\"},\"primaryImageOfPage\":{\"@id\":\"https:\/\/mugardos.gal\/es\/el-programa-dirigido-a-mayores-de-60-anos-juntos-por-navidad-2022-ya-esta-en-marcha\/#primaryimage\"},\"datePublished\":\"2022-11-16T11:40:06+00:00\",\"dateModified\":\"2022-11-16T11:40:06+00:00\",\"author\":{\"@id\":\"https:\/\/mugardos.gal\/#\/schema\/person\/5003de8d638a334108335f5dc158539f\"},\"breadcrumb\":{\"@id\":\"https:\/\/mugardos.gal\/es\/el-programa-dirigido-a-mayores-de-60-anos-juntos-por-navidad-2022-ya-esta-en-marcha\/#breadcrumb\"},\"inLanguage\":\"es\",\"potentialAction\":[{\"@type\":\"ReadAction\",\"target\":[\"https:\/\/mugardos.gal\/es\/el-programa-dirigido-a-mayores-de-60-anos-juntos-por-navidad-2022-ya-esta-en-marcha\/\"]}]},{\"@type\":\"BreadcrumbList\",\"@id\":\"https:\/\/mugardos.gal\/es\/el-programa-dirigido-a-mayores-de-60-anos-juntos-por-navidad-2022-ya-esta-en-marcha\/#breadcrumb\",\"itemListElement\":[{\"@type\":\"ListItem\",\"position\":1,\"name\":\"Portada\",\"item\":\"https:\/\/mugardos.gal\/es\/\"},{\"@type\":\"ListItem\",\"position\":2,\"name\":\"EL PROGRAMA DIRIGIDO A MAYORES DE 60 A\u00d1OS &#8216;JUNTOS POR NAVIDAD 2022&#8217; YA EST\u00c1 EN MARCHA\"}]},{\"@type\":\"Person\",\"@id\":\"https:\/\/mugardos.gal\/#\/schema\/person\/5003de8d638a334108335f5dc158539f\",\"name\":\"maria_OCCIDENTE\",\"url\":\"https:\/\/mugardos.gal\/es\/author\/maria_occidente\/\"}]}<\/script>\n<!-- \/ Yoast SEO plugin. -->","yoast_head_json":{"title":"EL PROGRAMA DIRIGIDO A MAYORES DE 60 A\u00d1OS 'JUNTOS POR NAVIDAD 2022' YA EST\u00c1 EN MARCHA - Concello de Mugardos","robots":{"index":"index","follow":"follow","max-snippet":"max-snippet:-1","max-image-preview":"max-image-preview:large","max-video-preview":"max-video-preview:-1"},"canonical":"https:\/\/mugardos.gal\/es\/el-programa-dirigido-a-mayores-de-60-anos-juntos-por-navidad-2022-ya-esta-en-marcha\/","og_locale":"es_ES","og_type":"article","og_title":"EL PROGRAMA DIRIGIDO A MAYORES DE 60 A\u00d1OS 'JUNTOS POR NAVIDAD 2022' YA EST\u00c1 EN MARCHA - Concello de Mugardos","og_description":"Los interesados en participar pueden inscribirse hasta el 28 de noviembre La Concejala de Bienestar Social, Ana Varela, inform\u00f3 hoy de la puesta en marcha del programa &#8216;Juntos por Navidad 2022&#8217; de la Xunta de Galicia, destinado a las persona mayores que se encuentren solas en estas fechas. Los vecinos y vecinas de Mugardos que [&hellip;]","og_url":"https:\/\/mugardos.gal\/es\/el-programa-dirigido-a-mayores-de-60-anos-juntos-por-navidad-2022-ya-esta-en-marcha\/","og_site_name":"Concello de Mugardos","article_published_time":"2022-11-16T11:40:06+00:00","og_image":[{"width":800,"height":1067,"url":"https:\/\/mugardos.gal\/wp-content\/uploads\/2022\/11\/Xuntos-polo-Nadal.png","type":"image\/png"}],"twitter_card":"summary_large_image","twitter_misc":{"Escrito por":"maria_OCCIDENTE","Tiempo de lectura":"2 minutos"},"schema":{"@context":"https:\/\/schema.org","@graph":[{"@type":"WebSite","@id":"https:\/\/mugardos.gal\/#website","url":"https:\/\/mugardos.gal\/","name":"Concello de Mugardos","description":"","potentialAction":[{"@type":"SearchAction","target":{"@type":"EntryPoint","urlTemplate":"https:\/\/mugardos.gal\/?s={search_term_string}"},"query-input":"required name=search_term_string"}],"inLanguage":"es"},{"@type":"ImageObject","inLanguage":"es","@id":"https:\/\/mugardos.gal\/es\/el-programa-dirigido-a-mayores-de-60-anos-juntos-por-navidad-2022-ya-esta-en-marcha\/#primaryimage","url":"https:\/\/mugardos.gal\/wp-content\/uploads\/2022\/11\/Xuntos-polo-Nadal.png","contentUrl":"https:\/\/mugardos.gal\/wp-content\/uploads\/2022\/11\/Xuntos-polo-Nadal.png","width":800,"height":1067},{"@type":"WebPage","@id":"https:\/\/mugardos.gal\/es\/el-programa-dirigido-a-mayores-de-60-anos-juntos-por-navidad-2022-ya-esta-en-marcha\/#webpage","url":"https:\/\/mugardos.gal\/es\/el-programa-dirigido-a-mayores-de-60-anos-juntos-por-navidad-2022-ya-esta-en-marcha\/","name":"EL PROGRAMA DIRIGIDO A MAYORES DE 60 A\u00d1OS 'JUNTOS POR NAVIDAD 2022' YA EST\u00c1 EN MARCHA - Concello de Mugardos","isPartOf":{"@id":"https:\/\/mugardos.gal\/#website"},"primaryImageOfPage":{"@id":"https:\/\/mugardos.gal\/es\/el-programa-dirigido-a-mayores-de-60-anos-juntos-por-navidad-2022-ya-esta-en-marcha\/#primaryimage"},"datePublished":"2022-11-16T11:40:06+00:00","dateModified":"2022-11-16T11:40:06+00:00","author":{"@id":"https:\/\/mugardos.gal\/#\/schema\/person\/5003de8d638a334108335f5dc158539f"},"breadcrumb":{"@id":"https:\/\/mugardos.gal\/es\/el-programa-dirigido-a-mayores-de-60-anos-juntos-por-navidad-2022-ya-esta-en-marcha\/#breadcrumb"},"inLanguage":"es","potentialAction":[{"@type":"ReadAction","target":["https:\/\/mugardos.gal\/es\/el-programa-dirigido-a-mayores-de-60-anos-juntos-por-navidad-2022-ya-esta-en-marcha\/"]}]},{"@type":"BreadcrumbList","@id":"https:\/\/mugardos.gal\/es\/el-programa-dirigido-a-mayores-de-60-anos-juntos-por-navidad-2022-ya-esta-en-marcha\/#breadcrumb","itemListElement":[{"@type":"ListItem","position":1,"name":"Portada","item":"https:\/\/mugardos.gal\/es\/"},{"@type":"ListItem","position":2,"name":"EL PROGRAMA DIRIGIDO A MAYORES DE 60 A\u00d1OS &#8216;JUNTOS POR NAVIDAD 2022&#8217; YA EST\u00c1 EN MARCHA"}]},{"@type":"Person","@id":"https:\/\/mugardos.gal\/#\/schema\/person\/5003de8d638a334108335f5dc158539f","name":"maria_OCCIDENTE","url":"https:\/\/mugardos.gal\/es\/author\/maria_occidente\/"}]}},"_links":{"self":[{"href":"https:\/\/mugardos.gal\/es\/wp-json\/wp\/v2\/posts\/17629"}],"collection":[{"href":"https:\/\/mugardos.gal\/es\/wp-json\/wp\/v2\/posts"}],"about":[{"href":"https:\/\/mugardos.gal\/es\/wp-json\/wp\/v2\/types\/post"}],"author":[{"embeddable":true,"href":"https:\/\/mugardos.gal\/es\/wp-json\/wp\/v2\/users\/5"}],"replies":[{"embeddable":true,"href":"https:\/\/mugardos.gal\/es\/wp-json\/wp\/v2\/comments?post=17629"}],"version-history":[{"count":1,"href":"https:\/\/mugardos.gal\/es\/wp-json\/wp\/v2\/posts\/17629\/revisions"}],"predecessor-version":[{"id":17630,"href":"https:\/\/mugardos.gal\/es\/wp-json\/wp\/v2\/posts\/17629\/revisions\/17630"}],"wp:featuredmedia":[{"embeddable":true,"href":"https:\/\/mugardos.gal\/es\/wp-json\/wp\/v2\/media\/17627"}],"wp:attachment":[{"href":"https:\/\/mugardos.gal\/es\/wp-json\/wp\/v2\/media?parent=17629"}],"wp:term":[{"taxonomy":"category","embeddable":true,"href":"https:\/\/mugardos.gal\/es\/wp-json\/wp\/v2\/categories?post=17629"},{"taxonomy":"post_tag","embeddable":true,"href":"https:\/\/mugardos.gal\/es\/wp-json\/wp\/v2\/tags?post=17629"}],"curies":[{"name":"wp","href":"https:\/\/api.w.org\/{rel}","templated":true}]}}