{"id":17605,"date":"2022-11-10T14:44:58","date_gmt":"2022-11-10T12:44:58","guid":{"rendered":"https:\/\/mugardos.gal\/el-programa-cuidados-puerta-a-puerta-vuelve-a-mugardos\/"},"modified":"2022-11-10T14:44:59","modified_gmt":"2022-11-10T12:44:59","slug":"el-programa-cuidados-puerta-a-puerta-vuelve-a-mugardos","status":"publish","type":"post","link":"https:\/\/mugardos.gal\/es\/el-programa-cuidados-puerta-a-puerta-vuelve-a-mugardos\/","title":{"rendered":"EL PROGRAMA &#8216;CUIDADOS PUERTA A PUERTA&#8217; VUELVE A MUGARDOS"},"content":{"rendered":"\n<h4><em><a>Volver\u00e1n a ofrecerse consultas gratuitas de prevenci\u00f3n de la sordera, podolog\u00eda y prevenci\u00f3n del alzh\u00e9imer y otras demencias neurodegenerativas, <\/a>preferentemente con cita previa<\/em><\/h4>\n\n<p>La concejala de Bienestar Social, Ana Varela, inform\u00f3 hoy de la vuelta al Concello de Mugardos a finales de este mes de noviembre del programa &#8216;Cuidados Puerta a Puerta&#8217; de la Conseller\u00eda de Pol\u00edtica Social de la Xunta de Galicia.<\/p>\n\n<p>As\u00ed, del 28 al 30 de noviembre y el 1 de diciembre estar\u00e1n disponibles los servicios de prevenci\u00f3n de la sordera, podolog\u00eda y prevenci\u00f3n del alzh\u00e9imer y otras demencias neurodegenerativas de forma totalmente gratuita para los mayores de 55 a\u00f1os que soliciten su cita previa, llamando a los tel\u00e9fonos 622 748 283 o 623 546 992, o a trav\u00e9s del correo electr\u00f3nico coidadosportaaporta.politicasocial@xunta.gal.<\/p>\n\n<p>El servicio de podolog\u00eda consiste en una consulta b\u00e1sica en la que se realiza una valoraci\u00f3n del estado general del pi\u00e9, un corte y limpieza de u\u00f1as, eliminaci\u00f3n de durezas y callos para la prevenci\u00f3n, diagn\u00f3stico y tratamiento de las principales patolog\u00edas de los pies.<\/p>\n\n<p>Se realizar\u00e1 tambi\u00e9n una valoraci\u00f3n y exploraci\u00f3n funcional de la audici\u00f3n con el objetivo de prevenir la p\u00e9rdida auditiva. El deterioro auditivo puede afectar a la integraci\u00f3n y limitar la socializaci\u00f3n de las personas.<\/p>\n\n<p>En cuanto al servicio de prevenci\u00f3n del alzheimer y otras demencias neurodegenerativas, consiste en la realizaci\u00f3n de pruebas de valoraci\u00f3n cognitiva, ejercicios y fichas de estimulaci\u00f3n cognitiva, actividades de estimulaci\u00f3n funcional y envejecimiento activo, prevenci\u00f3n de la soledad no deseada y promoci\u00f3n de la autonom\u00eda personal.&#13;\n<\/p>\n\n<p>La concejala record\u00f3 que las unidades m\u00f3viles disponen de acceso para personas con movilidad reducida (cuenta con plataforma elevadora) y anim\u00f3 a los vecinos a participar en una iniciativa que, en su anterior presencia en Mugardos en el mes de mayo, fue un enorme \u00e9xito, motivo por el que en esta ocasi\u00f3n se aument\u00f3 la presencia de la unidad m\u00f3vil hasta los cuatro d\u00edas,<\/p>\n","protected":false},"excerpt":{"rendered":"<p>Volver\u00e1n a ofrecerse consultas gratuitas de prevenci\u00f3n de la sordera, podolog\u00eda y prevenci\u00f3n del alzh\u00e9imer y otras demencias neurodegenerativas, preferentemente con cita previa La concejala de Bienestar Social, Ana Varela, inform\u00f3 hoy de la vuelta al Concello de Mugardos a finales de este mes de noviembre del programa &#8216;Cuidados Puerta a Puerta&#8217; de la Conseller\u00eda [&hellip;]<\/p>\n","protected":false},"author":5,"featured_media":17603,"comment_status":"closed","ping_status":"closed","sticky":false,"template":"","format":"standard","meta":[],"categories":[47,12],"tags":[],"yoast_head":"<!-- This site is optimized with the Yoast SEO plugin v18.9 - https:\/\/yoast.com\/wordpress\/plugins\/seo\/ -->\n<title>EL PROGRAMA &#039;CUIDADOS PUERTA A PUERTA&#039; VUELVE A MUGARDOS - Concello de Mugardos<\/title>\n<meta name=\"robots\" content=\"index, follow, max-snippet:-1, max-image-preview:large, max-video-preview:-1\" \/>\n<link rel=\"canonical\" href=\"https:\/\/mugardos.gal\/es\/el-programa-cuidados-puerta-a-puerta-vuelve-a-mugardos\/\" \/>\n<meta property=\"og:locale\" content=\"es_ES\" \/>\n<meta property=\"og:type\" content=\"article\" \/>\n<meta property=\"og:title\" content=\"EL PROGRAMA &#039;CUIDADOS PUERTA A PUERTA&#039; VUELVE A MUGARDOS - Concello de Mugardos\" \/>\n<meta property=\"og:description\" content=\"Volver\u00e1n a ofrecerse consultas gratuitas de prevenci\u00f3n de la sordera, podolog\u00eda y prevenci\u00f3n del alzh\u00e9imer y otras demencias neurodegenerativas, preferentemente con cita previa La concejala de Bienestar Social, Ana Varela, inform\u00f3 hoy de la vuelta al Concello de Mugardos a finales de este mes de noviembre del programa &#8216;Cuidados Puerta a Puerta&#8217; de la Conseller\u00eda [&hellip;]\" \/>\n<meta property=\"og:url\" content=\"https:\/\/mugardos.gal\/es\/el-programa-cuidados-puerta-a-puerta-vuelve-a-mugardos\/\" \/>\n<meta property=\"og:site_name\" content=\"Concello de Mugardos\" \/>\n<meta property=\"article:published_time\" content=\"2022-11-10T12:44:58+00:00\" \/>\n<meta property=\"article:modified_time\" content=\"2022-11-10T12:44:59+00:00\" \/>\n<meta property=\"og:image\" content=\"https:\/\/mugardos.gal\/wp-content\/uploads\/2022\/11\/Cartel-porta-a-porta.jpg\" \/>\n\t<meta property=\"og:image:width\" content=\"2481\" \/>\n\t<meta property=\"og:image:height\" content=\"1654\" \/>\n\t<meta property=\"og:image:type\" content=\"image\/jpeg\" \/>\n<meta name=\"twitter:card\" content=\"summary_large_image\" \/>\n<meta name=\"twitter:label1\" content=\"Escrito por\" \/>\n\t<meta name=\"twitter:data1\" content=\"maria_OCCIDENTE\" \/>\n\t<meta name=\"twitter:label2\" content=\"Tiempo de lectura\" \/>\n\t<meta name=\"twitter:data2\" content=\"2 minutos\" \/>\n<script type=\"application\/ld+json\" class=\"yoast-schema-graph\">{\"@context\":\"https:\/\/schema.org\",\"@graph\":[{\"@type\":\"WebSite\",\"@id\":\"https:\/\/mugardos.gal\/#website\",\"url\":\"https:\/\/mugardos.gal\/\",\"name\":\"Concello de Mugardos\",\"description\":\"\",\"potentialAction\":[{\"@type\":\"SearchAction\",\"target\":{\"@type\":\"EntryPoint\",\"urlTemplate\":\"https:\/\/mugardos.gal\/?s={search_term_string}\"},\"query-input\":\"required name=search_term_string\"}],\"inLanguage\":\"es\"},{\"@type\":\"ImageObject\",\"inLanguage\":\"es\",\"@id\":\"https:\/\/mugardos.gal\/es\/el-programa-cuidados-puerta-a-puerta-vuelve-a-mugardos\/#primaryimage\",\"url\":\"https:\/\/mugardos.gal\/wp-content\/uploads\/2022\/11\/Cartel-porta-a-porta.jpg\",\"contentUrl\":\"https:\/\/mugardos.gal\/wp-content\/uploads\/2022\/11\/Cartel-porta-a-porta.jpg\",\"width\":2481,\"height\":1654},{\"@type\":\"WebPage\",\"@id\":\"https:\/\/mugardos.gal\/es\/el-programa-cuidados-puerta-a-puerta-vuelve-a-mugardos\/#webpage\",\"url\":\"https:\/\/mugardos.gal\/es\/el-programa-cuidados-puerta-a-puerta-vuelve-a-mugardos\/\",\"name\":\"EL PROGRAMA 'CUIDADOS PUERTA A PUERTA' VUELVE A MUGARDOS - Concello de Mugardos\",\"isPartOf\":{\"@id\":\"https:\/\/mugardos.gal\/#website\"},\"primaryImageOfPage\":{\"@id\":\"https:\/\/mugardos.gal\/es\/el-programa-cuidados-puerta-a-puerta-vuelve-a-mugardos\/#primaryimage\"},\"datePublished\":\"2022-11-10T12:44:58+00:00\",\"dateModified\":\"2022-11-10T12:44:59+00:00\",\"author\":{\"@id\":\"https:\/\/mugardos.gal\/#\/schema\/person\/5003de8d638a334108335f5dc158539f\"},\"breadcrumb\":{\"@id\":\"https:\/\/mugardos.gal\/es\/el-programa-cuidados-puerta-a-puerta-vuelve-a-mugardos\/#breadcrumb\"},\"inLanguage\":\"es\",\"potentialAction\":[{\"@type\":\"ReadAction\",\"target\":[\"https:\/\/mugardos.gal\/es\/el-programa-cuidados-puerta-a-puerta-vuelve-a-mugardos\/\"]}]},{\"@type\":\"BreadcrumbList\",\"@id\":\"https:\/\/mugardos.gal\/es\/el-programa-cuidados-puerta-a-puerta-vuelve-a-mugardos\/#breadcrumb\",\"itemListElement\":[{\"@type\":\"ListItem\",\"position\":1,\"name\":\"Portada\",\"item\":\"https:\/\/mugardos.gal\/es\/\"},{\"@type\":\"ListItem\",\"position\":2,\"name\":\"EL PROGRAMA &#8216;CUIDADOS PUERTA A PUERTA&#8217; VUELVE A MUGARDOS\"}]},{\"@type\":\"Person\",\"@id\":\"https:\/\/mugardos.gal\/#\/schema\/person\/5003de8d638a334108335f5dc158539f\",\"name\":\"maria_OCCIDENTE\",\"url\":\"https:\/\/mugardos.gal\/es\/author\/maria_occidente\/\"}]}<\/script>\n<!-- \/ Yoast SEO plugin. -->","yoast_head_json":{"title":"EL PROGRAMA 'CUIDADOS PUERTA A PUERTA' VUELVE A MUGARDOS - Concello de Mugardos","robots":{"index":"index","follow":"follow","max-snippet":"max-snippet:-1","max-image-preview":"max-image-preview:large","max-video-preview":"max-video-preview:-1"},"canonical":"https:\/\/mugardos.gal\/es\/el-programa-cuidados-puerta-a-puerta-vuelve-a-mugardos\/","og_locale":"es_ES","og_type":"article","og_title":"EL PROGRAMA 'CUIDADOS PUERTA A PUERTA' VUELVE A MUGARDOS - Concello de Mugardos","og_description":"Volver\u00e1n a ofrecerse consultas gratuitas de prevenci\u00f3n de la sordera, podolog\u00eda y prevenci\u00f3n del alzh\u00e9imer y otras demencias neurodegenerativas, preferentemente con cita previa La concejala de Bienestar Social, Ana Varela, inform\u00f3 hoy de la vuelta al Concello de Mugardos a finales de este mes de noviembre del programa &#8216;Cuidados Puerta a Puerta&#8217; de la Conseller\u00eda [&hellip;]","og_url":"https:\/\/mugardos.gal\/es\/el-programa-cuidados-puerta-a-puerta-vuelve-a-mugardos\/","og_site_name":"Concello de Mugardos","article_published_time":"2022-11-10T12:44:58+00:00","article_modified_time":"2022-11-10T12:44:59+00:00","og_image":[{"width":2481,"height":1654,"url":"https:\/\/mugardos.gal\/wp-content\/uploads\/2022\/11\/Cartel-porta-a-porta.jpg","type":"image\/jpeg"}],"twitter_card":"summary_large_image","twitter_misc":{"Escrito por":"maria_OCCIDENTE","Tiempo de lectura":"2 minutos"},"schema":{"@context":"https:\/\/schema.org","@graph":[{"@type":"WebSite","@id":"https:\/\/mugardos.gal\/#website","url":"https:\/\/mugardos.gal\/","name":"Concello de Mugardos","description":"","potentialAction":[{"@type":"SearchAction","target":{"@type":"EntryPoint","urlTemplate":"https:\/\/mugardos.gal\/?s={search_term_string}"},"query-input":"required name=search_term_string"}],"inLanguage":"es"},{"@type":"ImageObject","inLanguage":"es","@id":"https:\/\/mugardos.gal\/es\/el-programa-cuidados-puerta-a-puerta-vuelve-a-mugardos\/#primaryimage","url":"https:\/\/mugardos.gal\/wp-content\/uploads\/2022\/11\/Cartel-porta-a-porta.jpg","contentUrl":"https:\/\/mugardos.gal\/wp-content\/uploads\/2022\/11\/Cartel-porta-a-porta.jpg","width":2481,"height":1654},{"@type":"WebPage","@id":"https:\/\/mugardos.gal\/es\/el-programa-cuidados-puerta-a-puerta-vuelve-a-mugardos\/#webpage","url":"https:\/\/mugardos.gal\/es\/el-programa-cuidados-puerta-a-puerta-vuelve-a-mugardos\/","name":"EL PROGRAMA 'CUIDADOS PUERTA A PUERTA' VUELVE A MUGARDOS - Concello de Mugardos","isPartOf":{"@id":"https:\/\/mugardos.gal\/#website"},"primaryImageOfPage":{"@id":"https:\/\/mugardos.gal\/es\/el-programa-cuidados-puerta-a-puerta-vuelve-a-mugardos\/#primaryimage"},"datePublished":"2022-11-10T12:44:58+00:00","dateModified":"2022-11-10T12:44:59+00:00","author":{"@id":"https:\/\/mugardos.gal\/#\/schema\/person\/5003de8d638a334108335f5dc158539f"},"breadcrumb":{"@id":"https:\/\/mugardos.gal\/es\/el-programa-cuidados-puerta-a-puerta-vuelve-a-mugardos\/#breadcrumb"},"inLanguage":"es","potentialAction":[{"@type":"ReadAction","target":["https:\/\/mugardos.gal\/es\/el-programa-cuidados-puerta-a-puerta-vuelve-a-mugardos\/"]}]},{"@type":"BreadcrumbList","@id":"https:\/\/mugardos.gal\/es\/el-programa-cuidados-puerta-a-puerta-vuelve-a-mugardos\/#breadcrumb","itemListElement":[{"@type":"ListItem","position":1,"name":"Portada","item":"https:\/\/mugardos.gal\/es\/"},{"@type":"ListItem","position":2,"name":"EL PROGRAMA &#8216;CUIDADOS PUERTA A PUERTA&#8217; VUELVE A MUGARDOS"}]},{"@type":"Person","@id":"https:\/\/mugardos.gal\/#\/schema\/person\/5003de8d638a334108335f5dc158539f","name":"maria_OCCIDENTE","url":"https:\/\/mugardos.gal\/es\/author\/maria_occidente\/"}]}},"_links":{"self":[{"href":"https:\/\/mugardos.gal\/es\/wp-json\/wp\/v2\/posts\/17605"}],"collection":[{"href":"https:\/\/mugardos.gal\/es\/wp-json\/wp\/v2\/posts"}],"about":[{"href":"https:\/\/mugardos.gal\/es\/wp-json\/wp\/v2\/types\/post"}],"author":[{"embeddable":true,"href":"https:\/\/mugardos.gal\/es\/wp-json\/wp\/v2\/users\/5"}],"replies":[{"embeddable":true,"href":"https:\/\/mugardos.gal\/es\/wp-json\/wp\/v2\/comments?post=17605"}],"version-history":[{"count":1,"href":"https:\/\/mugardos.gal\/es\/wp-json\/wp\/v2\/posts\/17605\/revisions"}],"predecessor-version":[{"id":17606,"href":"https:\/\/mugardos.gal\/es\/wp-json\/wp\/v2\/posts\/17605\/revisions\/17606"}],"wp:featuredmedia":[{"embeddable":true,"href":"https:\/\/mugardos.gal\/es\/wp-json\/wp\/v2\/media\/17603"}],"wp:attachment":[{"href":"https:\/\/mugardos.gal\/es\/wp-json\/wp\/v2\/media?parent=17605"}],"wp:term":[{"taxonomy":"category","embeddable":true,"href":"https:\/\/mugardos.gal\/es\/wp-json\/wp\/v2\/categories?post=17605"},{"taxonomy":"post_tag","embeddable":true,"href":"https:\/\/mugardos.gal\/es\/wp-json\/wp\/v2\/tags?post=17605"}],"curies":[{"name":"wp","href":"https:\/\/api.w.org\/{rel}","templated":true}]}}