{"id":17389,"date":"2022-10-26T17:44:50","date_gmt":"2022-10-26T15:44:50","guid":{"rendered":"https:\/\/mugardos.gal\/el-concello-de-mugardos-presenta-su-programacion-para-el-samain-2022\/"},"modified":"2022-10-27T10:40:45","modified_gmt":"2022-10-27T08:40:45","slug":"el-concello-de-mugardos-presenta-su-programacion-para-el-samain-2022","status":"publish","type":"post","link":"https:\/\/mugardos.gal\/es\/el-concello-de-mugardos-presenta-su-programacion-para-el-samain-2022\/","title":{"rendered":"EL CONCELLO DE MUGARDOS PRESENTA SU PROGRAMACI\u00d3N PARA EL SAMA\u00cdN 2022"},"content":{"rendered":"\n<h4><em>Del 28 de octubre al 19 de noviembre, se programan actividades para toda la familia<\/em><\/h4>\n\n<p><strong>Mugardos, 26 e octubre de 2022.<\/strong> Bego\u00f1a Rold\u00f3s, concelleira de Cultura, present\u00f3 hoy la programaci\u00f3n municipal del Sama\u00edn 2022, que contar\u00e1 con diversas actividades como pintacaras, casa del terror, m\u00fasica y magostos en distintas ubicaciones.<\/p>\n\n<p>El programa del Sama\u00edn de este a\u00f1o arranca este mismo viernes 28 de octubre con un pintacaras terror\u00edfico a partir de las 17.00 horas en la oficina de la OMIX de la Casa do Concello. A continuaci\u00f3n, desde las 19.00 horas en la Casa de la Cultura municipal tendr\u00e1 lugar la \u00abCasa do Terror\u00bb. Esta actividad, totalmente gratuita, est\u00e1 recomendada para mayores de 5 a\u00f1os.<\/p>\n\n<p>El domingo, en la plaza del Concello desde las 18.00 horas, la Concejal\u00eda de Cultura programa el musical \u00abCanta e baila\u00bb, para mayores de 4 a\u00f1os.<\/p>\n\n<p>EL primer fin de semana de noviembre dar\u00e1n comienzo la celebraci\u00f3n de los magostos mugardeses, inici\u00e1ndose el s\u00e1bado d\u00eda 5, en el que habr\u00e1 una actuaci\u00f3n de la Rondalla Mugardesa a las 19.30 horas en la SRCD San Xo\u00e1n de Pi\u00f1eiro y a continuaci\u00f3n se celebrar\u00e1 un magosto popular.<\/p>\n\n<p>El fin de semana del 11 y 12 de noviembre, se celebrar\u00e1n los magostos populares en Mugardos y O Seixo respectivamente. Para el s\u00e1bado 11 se repartir\u00e1n casta\u00f1as y habr\u00e1 animaci\u00f3n desde las 18.00 horas en la Plaza del Concello (en caso de lluvia, en la Plaza del Mercado). Y por su parte, el domingo 12, desde las 20.00 horas est\u00e1 programado el magosto en la Sociedade Amigos da Paisaxe Galega en O Seixo.<\/p>\n\n<p>La programaci\u00f3n municipal del Sama\u00edn 2022 termina el 19 de noviembre en el Casino Progreso de Granza, con una magosto popular amenizado con m\u00fasica desde las 21.00 horas.<\/p>\n\n<p>Rold\u00f3s quiso destacar que \u00abdesde el gobierno seguimos trabajando para trasladar nuestras tradiciones a todas las parroquias, y gracias a la colaboraci\u00f3n con le tejido asociativo municipal este Sama\u00edn se celebrar\u00e1 en todo Mugardos\u00bb.<\/p>\n\n<p>\u00abAnimamos a los vecinos a participar activamente de todas las actividades y esperamos que grandes y peque\u00f1os disfruten de una de las fiestas m\u00e1s divertidas del a\u00f1o\u00bb termin\u00f3 Rold\u00f3s.<\/p>\n\n<p><a href=\"https:\/\/mugardos.gal\/wp-content\/uploads\/2022\/10\/Samain-2022-scaled.jpg\"><strong>Descargar cartel con programa completo<\/strong><\/a><\/p>\n","protected":false},"excerpt":{"rendered":"<p>Del 28 de octubre al 19 de noviembre, se programan actividades para toda la familia Mugardos, 26 e octubre de 2022. Bego\u00f1a Rold\u00f3s, concelleira de Cultura, present\u00f3 hoy la programaci\u00f3n municipal del Sama\u00edn 2022, que contar\u00e1 con diversas actividades como pintacaras, casa del terror, m\u00fasica y magostos en distintas ubicaciones. El programa del Sama\u00edn de [&hellip;]<\/p>\n","protected":false},"author":5,"featured_media":17314,"comment_status":"closed","ping_status":"closed","sticky":false,"template":"","format":"standard","meta":[],"categories":[50,12],"tags":[],"yoast_head":"<!-- This site is optimized with the Yoast SEO plugin v18.9 - https:\/\/yoast.com\/wordpress\/plugins\/seo\/ -->\n<title>EL CONCELLO DE MUGARDOS PRESENTA SU PROGRAMACI\u00d3N PARA EL SAMA\u00cdN 2022 - Concello de Mugardos<\/title>\n<meta name=\"robots\" content=\"index, follow, max-snippet:-1, max-image-preview:large, max-video-preview:-1\" \/>\n<link rel=\"canonical\" href=\"https:\/\/mugardos.gal\/es\/el-concello-de-mugardos-presenta-su-programacion-para-el-samain-2022\/\" \/>\n<meta property=\"og:locale\" content=\"es_ES\" \/>\n<meta property=\"og:type\" content=\"article\" \/>\n<meta property=\"og:title\" content=\"EL CONCELLO DE MUGARDOS PRESENTA SU PROGRAMACI\u00d3N PARA EL SAMA\u00cdN 2022 - Concello de Mugardos\" \/>\n<meta property=\"og:description\" content=\"Del 28 de octubre al 19 de noviembre, se programan actividades para toda la familia Mugardos, 26 e octubre de 2022. Bego\u00f1a Rold\u00f3s, concelleira de Cultura, present\u00f3 hoy la programaci\u00f3n municipal del Sama\u00edn 2022, que contar\u00e1 con diversas actividades como pintacaras, casa del terror, m\u00fasica y magostos en distintas ubicaciones. El programa del Sama\u00edn de [&hellip;]\" \/>\n<meta property=\"og:url\" content=\"https:\/\/mugardos.gal\/es\/el-concello-de-mugardos-presenta-su-programacion-para-el-samain-2022\/\" \/>\n<meta property=\"og:site_name\" content=\"Concello de Mugardos\" \/>\n<meta property=\"article:published_time\" content=\"2022-10-26T15:44:50+00:00\" \/>\n<meta property=\"article:modified_time\" content=\"2022-10-27T08:40:45+00:00\" \/>\n<meta property=\"og:image\" content=\"https:\/\/mugardos.gal\/wp-content\/uploads\/2022\/10\/samain2022.jpg\" \/>\n\t<meta property=\"og:image:width\" content=\"1250\" \/>\n\t<meta property=\"og:image:height\" content=\"1250\" \/>\n\t<meta property=\"og:image:type\" content=\"image\/jpeg\" \/>\n<meta name=\"twitter:card\" content=\"summary_large_image\" \/>\n<meta name=\"twitter:label1\" content=\"Escrito por\" \/>\n\t<meta name=\"twitter:data1\" content=\"maria_OCCIDENTE\" \/>\n\t<meta name=\"twitter:label2\" content=\"Tiempo de lectura\" \/>\n\t<meta name=\"twitter:data2\" content=\"2 minutos\" \/>\n<script type=\"application\/ld+json\" class=\"yoast-schema-graph\">{\"@context\":\"https:\/\/schema.org\",\"@graph\":[{\"@type\":\"WebSite\",\"@id\":\"https:\/\/mugardos.gal\/#website\",\"url\":\"https:\/\/mugardos.gal\/\",\"name\":\"Concello de Mugardos\",\"description\":\"\",\"potentialAction\":[{\"@type\":\"SearchAction\",\"target\":{\"@type\":\"EntryPoint\",\"urlTemplate\":\"https:\/\/mugardos.gal\/?s={search_term_string}\"},\"query-input\":\"required name=search_term_string\"}],\"inLanguage\":\"es\"},{\"@type\":\"ImageObject\",\"inLanguage\":\"es\",\"@id\":\"https:\/\/mugardos.gal\/es\/el-concello-de-mugardos-presenta-su-programacion-para-el-samain-2022\/#primaryimage\",\"url\":\"https:\/\/mugardos.gal\/wp-content\/uploads\/2022\/10\/samain2022.jpg\",\"contentUrl\":\"https:\/\/mugardos.gal\/wp-content\/uploads\/2022\/10\/samain2022.jpg\",\"width\":1250,\"height\":1250},{\"@type\":\"WebPage\",\"@id\":\"https:\/\/mugardos.gal\/es\/el-concello-de-mugardos-presenta-su-programacion-para-el-samain-2022\/#webpage\",\"url\":\"https:\/\/mugardos.gal\/es\/el-concello-de-mugardos-presenta-su-programacion-para-el-samain-2022\/\",\"name\":\"EL CONCELLO DE MUGARDOS PRESENTA SU PROGRAMACI\u00d3N PARA EL SAMA\u00cdN 2022 - Concello de Mugardos\",\"isPartOf\":{\"@id\":\"https:\/\/mugardos.gal\/#website\"},\"primaryImageOfPage\":{\"@id\":\"https:\/\/mugardos.gal\/es\/el-concello-de-mugardos-presenta-su-programacion-para-el-samain-2022\/#primaryimage\"},\"datePublished\":\"2022-10-26T15:44:50+00:00\",\"dateModified\":\"2022-10-27T08:40:45+00:00\",\"author\":{\"@id\":\"https:\/\/mugardos.gal\/#\/schema\/person\/5003de8d638a334108335f5dc158539f\"},\"breadcrumb\":{\"@id\":\"https:\/\/mugardos.gal\/es\/el-concello-de-mugardos-presenta-su-programacion-para-el-samain-2022\/#breadcrumb\"},\"inLanguage\":\"es\",\"potentialAction\":[{\"@type\":\"ReadAction\",\"target\":[\"https:\/\/mugardos.gal\/es\/el-concello-de-mugardos-presenta-su-programacion-para-el-samain-2022\/\"]}]},{\"@type\":\"BreadcrumbList\",\"@id\":\"https:\/\/mugardos.gal\/es\/el-concello-de-mugardos-presenta-su-programacion-para-el-samain-2022\/#breadcrumb\",\"itemListElement\":[{\"@type\":\"ListItem\",\"position\":1,\"name\":\"Portada\",\"item\":\"https:\/\/mugardos.gal\/es\/\"},{\"@type\":\"ListItem\",\"position\":2,\"name\":\"EL CONCELLO DE MUGARDOS PRESENTA SU PROGRAMACI\u00d3N PARA EL SAMA\u00cdN 2022\"}]},{\"@type\":\"Person\",\"@id\":\"https:\/\/mugardos.gal\/#\/schema\/person\/5003de8d638a334108335f5dc158539f\",\"name\":\"maria_OCCIDENTE\",\"url\":\"https:\/\/mugardos.gal\/es\/author\/maria_occidente\/\"}]}<\/script>\n<!-- \/ Yoast SEO plugin. -->","yoast_head_json":{"title":"EL CONCELLO DE MUGARDOS PRESENTA SU PROGRAMACI\u00d3N PARA EL SAMA\u00cdN 2022 - Concello de Mugardos","robots":{"index":"index","follow":"follow","max-snippet":"max-snippet:-1","max-image-preview":"max-image-preview:large","max-video-preview":"max-video-preview:-1"},"canonical":"https:\/\/mugardos.gal\/es\/el-concello-de-mugardos-presenta-su-programacion-para-el-samain-2022\/","og_locale":"es_ES","og_type":"article","og_title":"EL CONCELLO DE MUGARDOS PRESENTA SU PROGRAMACI\u00d3N PARA EL SAMA\u00cdN 2022 - Concello de Mugardos","og_description":"Del 28 de octubre al 19 de noviembre, se programan actividades para toda la familia Mugardos, 26 e octubre de 2022. Bego\u00f1a Rold\u00f3s, concelleira de Cultura, present\u00f3 hoy la programaci\u00f3n municipal del Sama\u00edn 2022, que contar\u00e1 con diversas actividades como pintacaras, casa del terror, m\u00fasica y magostos en distintas ubicaciones. El programa del Sama\u00edn de [&hellip;]","og_url":"https:\/\/mugardos.gal\/es\/el-concello-de-mugardos-presenta-su-programacion-para-el-samain-2022\/","og_site_name":"Concello de Mugardos","article_published_time":"2022-10-26T15:44:50+00:00","article_modified_time":"2022-10-27T08:40:45+00:00","og_image":[{"width":1250,"height":1250,"url":"https:\/\/mugardos.gal\/wp-content\/uploads\/2022\/10\/samain2022.jpg","type":"image\/jpeg"}],"twitter_card":"summary_large_image","twitter_misc":{"Escrito por":"maria_OCCIDENTE","Tiempo de lectura":"2 minutos"},"schema":{"@context":"https:\/\/schema.org","@graph":[{"@type":"WebSite","@id":"https:\/\/mugardos.gal\/#website","url":"https:\/\/mugardos.gal\/","name":"Concello de Mugardos","description":"","potentialAction":[{"@type":"SearchAction","target":{"@type":"EntryPoint","urlTemplate":"https:\/\/mugardos.gal\/?s={search_term_string}"},"query-input":"required name=search_term_string"}],"inLanguage":"es"},{"@type":"ImageObject","inLanguage":"es","@id":"https:\/\/mugardos.gal\/es\/el-concello-de-mugardos-presenta-su-programacion-para-el-samain-2022\/#primaryimage","url":"https:\/\/mugardos.gal\/wp-content\/uploads\/2022\/10\/samain2022.jpg","contentUrl":"https:\/\/mugardos.gal\/wp-content\/uploads\/2022\/10\/samain2022.jpg","width":1250,"height":1250},{"@type":"WebPage","@id":"https:\/\/mugardos.gal\/es\/el-concello-de-mugardos-presenta-su-programacion-para-el-samain-2022\/#webpage","url":"https:\/\/mugardos.gal\/es\/el-concello-de-mugardos-presenta-su-programacion-para-el-samain-2022\/","name":"EL CONCELLO DE MUGARDOS PRESENTA SU PROGRAMACI\u00d3N PARA EL SAMA\u00cdN 2022 - Concello de Mugardos","isPartOf":{"@id":"https:\/\/mugardos.gal\/#website"},"primaryImageOfPage":{"@id":"https:\/\/mugardos.gal\/es\/el-concello-de-mugardos-presenta-su-programacion-para-el-samain-2022\/#primaryimage"},"datePublished":"2022-10-26T15:44:50+00:00","dateModified":"2022-10-27T08:40:45+00:00","author":{"@id":"https:\/\/mugardos.gal\/#\/schema\/person\/5003de8d638a334108335f5dc158539f"},"breadcrumb":{"@id":"https:\/\/mugardos.gal\/es\/el-concello-de-mugardos-presenta-su-programacion-para-el-samain-2022\/#breadcrumb"},"inLanguage":"es","potentialAction":[{"@type":"ReadAction","target":["https:\/\/mugardos.gal\/es\/el-concello-de-mugardos-presenta-su-programacion-para-el-samain-2022\/"]}]},{"@type":"BreadcrumbList","@id":"https:\/\/mugardos.gal\/es\/el-concello-de-mugardos-presenta-su-programacion-para-el-samain-2022\/#breadcrumb","itemListElement":[{"@type":"ListItem","position":1,"name":"Portada","item":"https:\/\/mugardos.gal\/es\/"},{"@type":"ListItem","position":2,"name":"EL CONCELLO DE MUGARDOS PRESENTA SU PROGRAMACI\u00d3N PARA EL SAMA\u00cdN 2022"}]},{"@type":"Person","@id":"https:\/\/mugardos.gal\/#\/schema\/person\/5003de8d638a334108335f5dc158539f","name":"maria_OCCIDENTE","url":"https:\/\/mugardos.gal\/es\/author\/maria_occidente\/"}]}},"_links":{"self":[{"href":"https:\/\/mugardos.gal\/es\/wp-json\/wp\/v2\/posts\/17389"}],"collection":[{"href":"https:\/\/mugardos.gal\/es\/wp-json\/wp\/v2\/posts"}],"about":[{"href":"https:\/\/mugardos.gal\/es\/wp-json\/wp\/v2\/types\/post"}],"author":[{"embeddable":true,"href":"https:\/\/mugardos.gal\/es\/wp-json\/wp\/v2\/users\/5"}],"replies":[{"embeddable":true,"href":"https:\/\/mugardos.gal\/es\/wp-json\/wp\/v2\/comments?post=17389"}],"version-history":[{"count":2,"href":"https:\/\/mugardos.gal\/es\/wp-json\/wp\/v2\/posts\/17389\/revisions"}],"predecessor-version":[{"id":17398,"href":"https:\/\/mugardos.gal\/es\/wp-json\/wp\/v2\/posts\/17389\/revisions\/17398"}],"wp:featuredmedia":[{"embeddable":true,"href":"https:\/\/mugardos.gal\/es\/wp-json\/wp\/v2\/media\/17314"}],"wp:attachment":[{"href":"https:\/\/mugardos.gal\/es\/wp-json\/wp\/v2\/media?parent=17389"}],"wp:term":[{"taxonomy":"category","embeddable":true,"href":"https:\/\/mugardos.gal\/es\/wp-json\/wp\/v2\/categories?post=17389"},{"taxonomy":"post_tag","embeddable":true,"href":"https:\/\/mugardos.gal\/es\/wp-json\/wp\/v2\/tags?post=17389"}],"curies":[{"name":"wp","href":"https:\/\/api.w.org\/{rel}","templated":true}]}}