{"id":16942,"date":"2022-09-12T14:49:15","date_gmt":"2022-09-12T12:49:15","guid":{"rendered":"https:\/\/mugardos.gal\/el-concello-avanza-en-la-demolicion-del-inmueble-de-cotellon-1\/"},"modified":"2022-09-12T14:49:15","modified_gmt":"2022-09-12T12:49:15","slug":"el-concello-avanza-en-la-demolicion-del-inmueble-de-cotellon-1","status":"publish","type":"post","link":"https:\/\/mugardos.gal\/es\/el-concello-avanza-en-la-demolicion-del-inmueble-de-cotellon-1\/","title":{"rendered":"EL CONCELLO AVANZA EN LA DEMOLICI\u00d3N DEL INMUEBLE DE COTELL\u00d3N 1"},"content":{"rendered":"\n<h4><em>La obra se realizar\u00e1 por ejecuci\u00f3n subsidiaria al no encontrarse a los propietarios del inmueble.<\/em><\/h4>\n\n<p>El alcalde y responsable del departamento de Urbanismo y Movilidad municipal, Juan Domingo de Deus, inform\u00f3 hoy de la aprobaci\u00f3n por parte de la Junta de Gobierno Local, del proyecto de direcci\u00f3n y seguridad de la obra de demolici\u00f3n de la vivienda situada en la calle Cotell\u00f3n, n\u00famero 1.<\/p>\n\n<p>La actuaci\u00f3n consistir\u00e1 en la ejecuci\u00f3n subsidiaria por parte del concello del derribo y posterior adecuaci\u00f3n del espacio, que en este momento est\u00e1 ocupado por una vivienda ruinosa sin mantenimiento, y que est\u00e1 ocasionando problemas en las viviendas colindantes.<\/p>\n\n<p>El alcalde hizo una detallada exposici\u00f3n de este expediente, que lleva ya m\u00e1s de un a\u00f1o de tramitaci\u00f3n. \u00abDesde la declaraci\u00f3n de ruina hasta la obligaci\u00f3n legal de localizar a los leg\u00edtimos propietarios del inmueble previa a la ejecuci\u00f3n subsidiaria del derribo, la mayor\u00eda de las veces pasa mucho m\u00e1s tiempo del que nos gustar\u00eda ya que son procesos legalmente lentos y restrictivos. La publicaci\u00f3n en los boletines oficiales, tanto provincial como del estado de cada uno de los procedimientos, con sus plazos de comunicaci\u00f3n, ralentizan enormemente la tramitaci\u00f3n\u201d.<\/p>\n\n<p>El alcalde expuso que en este momento hay docenas de expedientes de declaraci\u00f3n de ruina y de solicitud de actuaciones de los propietarios en viviendas con riesto para la seguridad que, al igual que en el aso de Cotell\u00f3n 1, llevan meses de tramitaci\u00f3n. \u00abEstas tramitaciones son lentas y silencionas y al trabajo administrativo previo que supone la localizaci\u00f3n de propietarios y\/o herederos, se suma que el concello debe someterse a los mismos tr\u00e1mites legalmente previstos para la ejecuci\u00f3n de una obra a los que est\u00e1 sometido cualquier vecino o vecina, en este caso, la ejecuci\u00f3n de la obra de demolici\u00f3n\u00bb.&#13;\n&#13;\n&#13;\na obra de demolici\u00f3n\u201d.<\/p>\n","protected":false},"excerpt":{"rendered":"<p>La obra se realizar\u00e1 por ejecuci\u00f3n subsidiaria al no encontrarse a los propietarios del inmueble. El alcalde y responsable del departamento de Urbanismo y Movilidad municipal, Juan Domingo de Deus, inform\u00f3 hoy de la aprobaci\u00f3n por parte de la Junta de Gobierno Local, del proyecto de direcci\u00f3n y seguridad de la obra de demolici\u00f3n de [&hellip;]<\/p>\n","protected":false},"author":5,"featured_media":16940,"comment_status":"closed","ping_status":"closed","sticky":false,"template":"","format":"standard","meta":[],"categories":[12,54],"tags":[],"yoast_head":"<!-- This site is optimized with the Yoast SEO plugin v18.9 - https:\/\/yoast.com\/wordpress\/plugins\/seo\/ -->\n<title>EL CONCELLO AVANZA EN LA DEMOLICI\u00d3N DEL INMUEBLE DE COTELL\u00d3N 1 - Concello de Mugardos<\/title>\n<meta name=\"robots\" content=\"index, follow, max-snippet:-1, max-image-preview:large, max-video-preview:-1\" \/>\n<link rel=\"canonical\" href=\"https:\/\/mugardos.gal\/es\/el-concello-avanza-en-la-demolicion-del-inmueble-de-cotellon-1\/\" \/>\n<meta property=\"og:locale\" content=\"es_ES\" \/>\n<meta property=\"og:type\" content=\"article\" \/>\n<meta property=\"og:title\" content=\"EL CONCELLO AVANZA EN LA DEMOLICI\u00d3N DEL INMUEBLE DE COTELL\u00d3N 1 - Concello de Mugardos\" \/>\n<meta property=\"og:description\" content=\"La obra se realizar\u00e1 por ejecuci\u00f3n subsidiaria al no encontrarse a los propietarios del inmueble. El alcalde y responsable del departamento de Urbanismo y Movilidad municipal, Juan Domingo de Deus, inform\u00f3 hoy de la aprobaci\u00f3n por parte de la Junta de Gobierno Local, del proyecto de direcci\u00f3n y seguridad de la obra de demolici\u00f3n de [&hellip;]\" \/>\n<meta property=\"og:url\" content=\"https:\/\/mugardos.gal\/es\/el-concello-avanza-en-la-demolicion-del-inmueble-de-cotellon-1\/\" \/>\n<meta property=\"og:site_name\" content=\"Concello de Mugardos\" \/>\n<meta property=\"article:published_time\" content=\"2022-09-12T12:49:15+00:00\" \/>\n<meta property=\"og:image\" content=\"https:\/\/mugardos.gal\/wp-content\/uploads\/2022\/09\/Cotello\u0301n-1-bis-1024x533.png\" \/>\n\t<meta property=\"og:image:width\" content=\"1024\" \/>\n\t<meta property=\"og:image:height\" content=\"533\" \/>\n\t<meta property=\"og:image:type\" content=\"image\/png\" \/>\n<meta name=\"twitter:card\" content=\"summary_large_image\" \/>\n<meta name=\"twitter:label1\" content=\"Escrito por\" \/>\n\t<meta name=\"twitter:data1\" content=\"maria_OCCIDENTE\" \/>\n\t<meta name=\"twitter:label2\" content=\"Tiempo de lectura\" \/>\n\t<meta name=\"twitter:data2\" content=\"2 minutos\" \/>\n<script type=\"application\/ld+json\" class=\"yoast-schema-graph\">{\"@context\":\"https:\/\/schema.org\",\"@graph\":[{\"@type\":\"WebSite\",\"@id\":\"https:\/\/mugardos.gal\/#website\",\"url\":\"https:\/\/mugardos.gal\/\",\"name\":\"Concello de Mugardos\",\"description\":\"\",\"potentialAction\":[{\"@type\":\"SearchAction\",\"target\":{\"@type\":\"EntryPoint\",\"urlTemplate\":\"https:\/\/mugardos.gal\/?s={search_term_string}\"},\"query-input\":\"required name=search_term_string\"}],\"inLanguage\":\"es\"},{\"@type\":\"ImageObject\",\"inLanguage\":\"es\",\"@id\":\"https:\/\/mugardos.gal\/es\/el-concello-avanza-en-la-demolicion-del-inmueble-de-cotellon-1\/#primaryimage\",\"url\":\"https:\/\/mugardos.gal\/wp-content\/uploads\/2022\/09\/Cotello\u0301n-1-bis.png\",\"contentUrl\":\"https:\/\/mugardos.gal\/wp-content\/uploads\/2022\/09\/Cotello\u0301n-1-bis.png\",\"width\":1627,\"height\":847},{\"@type\":\"WebPage\",\"@id\":\"https:\/\/mugardos.gal\/es\/el-concello-avanza-en-la-demolicion-del-inmueble-de-cotellon-1\/#webpage\",\"url\":\"https:\/\/mugardos.gal\/es\/el-concello-avanza-en-la-demolicion-del-inmueble-de-cotellon-1\/\",\"name\":\"EL CONCELLO AVANZA EN LA DEMOLICI\u00d3N DEL INMUEBLE DE COTELL\u00d3N 1 - Concello de Mugardos\",\"isPartOf\":{\"@id\":\"https:\/\/mugardos.gal\/#website\"},\"primaryImageOfPage\":{\"@id\":\"https:\/\/mugardos.gal\/es\/el-concello-avanza-en-la-demolicion-del-inmueble-de-cotellon-1\/#primaryimage\"},\"datePublished\":\"2022-09-12T12:49:15+00:00\",\"dateModified\":\"2022-09-12T12:49:15+00:00\",\"author\":{\"@id\":\"https:\/\/mugardos.gal\/#\/schema\/person\/5003de8d638a334108335f5dc158539f\"},\"breadcrumb\":{\"@id\":\"https:\/\/mugardos.gal\/es\/el-concello-avanza-en-la-demolicion-del-inmueble-de-cotellon-1\/#breadcrumb\"},\"inLanguage\":\"es\",\"potentialAction\":[{\"@type\":\"ReadAction\",\"target\":[\"https:\/\/mugardos.gal\/es\/el-concello-avanza-en-la-demolicion-del-inmueble-de-cotellon-1\/\"]}]},{\"@type\":\"BreadcrumbList\",\"@id\":\"https:\/\/mugardos.gal\/es\/el-concello-avanza-en-la-demolicion-del-inmueble-de-cotellon-1\/#breadcrumb\",\"itemListElement\":[{\"@type\":\"ListItem\",\"position\":1,\"name\":\"Portada\",\"item\":\"https:\/\/mugardos.gal\/es\/\"},{\"@type\":\"ListItem\",\"position\":2,\"name\":\"EL CONCELLO AVANZA EN LA DEMOLICI\u00d3N DEL INMUEBLE DE COTELL\u00d3N 1\"}]},{\"@type\":\"Person\",\"@id\":\"https:\/\/mugardos.gal\/#\/schema\/person\/5003de8d638a334108335f5dc158539f\",\"name\":\"maria_OCCIDENTE\",\"url\":\"https:\/\/mugardos.gal\/es\/author\/maria_occidente\/\"}]}<\/script>\n<!-- \/ Yoast SEO plugin. -->","yoast_head_json":{"title":"EL CONCELLO AVANZA EN LA DEMOLICI\u00d3N DEL INMUEBLE DE COTELL\u00d3N 1 - Concello de Mugardos","robots":{"index":"index","follow":"follow","max-snippet":"max-snippet:-1","max-image-preview":"max-image-preview:large","max-video-preview":"max-video-preview:-1"},"canonical":"https:\/\/mugardos.gal\/es\/el-concello-avanza-en-la-demolicion-del-inmueble-de-cotellon-1\/","og_locale":"es_ES","og_type":"article","og_title":"EL CONCELLO AVANZA EN LA DEMOLICI\u00d3N DEL INMUEBLE DE COTELL\u00d3N 1 - Concello de Mugardos","og_description":"La obra se realizar\u00e1 por ejecuci\u00f3n subsidiaria al no encontrarse a los propietarios del inmueble. El alcalde y responsable del departamento de Urbanismo y Movilidad municipal, Juan Domingo de Deus, inform\u00f3 hoy de la aprobaci\u00f3n por parte de la Junta de Gobierno Local, del proyecto de direcci\u00f3n y seguridad de la obra de demolici\u00f3n de [&hellip;]","og_url":"https:\/\/mugardos.gal\/es\/el-concello-avanza-en-la-demolicion-del-inmueble-de-cotellon-1\/","og_site_name":"Concello de Mugardos","article_published_time":"2022-09-12T12:49:15+00:00","og_image":[{"width":1024,"height":533,"url":"https:\/\/mugardos.gal\/wp-content\/uploads\/2022\/09\/Cotello\u0301n-1-bis-1024x533.png","type":"image\/png"}],"twitter_card":"summary_large_image","twitter_misc":{"Escrito por":"maria_OCCIDENTE","Tiempo de lectura":"2 minutos"},"schema":{"@context":"https:\/\/schema.org","@graph":[{"@type":"WebSite","@id":"https:\/\/mugardos.gal\/#website","url":"https:\/\/mugardos.gal\/","name":"Concello de Mugardos","description":"","potentialAction":[{"@type":"SearchAction","target":{"@type":"EntryPoint","urlTemplate":"https:\/\/mugardos.gal\/?s={search_term_string}"},"query-input":"required name=search_term_string"}],"inLanguage":"es"},{"@type":"ImageObject","inLanguage":"es","@id":"https:\/\/mugardos.gal\/es\/el-concello-avanza-en-la-demolicion-del-inmueble-de-cotellon-1\/#primaryimage","url":"https:\/\/mugardos.gal\/wp-content\/uploads\/2022\/09\/Cotello\u0301n-1-bis.png","contentUrl":"https:\/\/mugardos.gal\/wp-content\/uploads\/2022\/09\/Cotello\u0301n-1-bis.png","width":1627,"height":847},{"@type":"WebPage","@id":"https:\/\/mugardos.gal\/es\/el-concello-avanza-en-la-demolicion-del-inmueble-de-cotellon-1\/#webpage","url":"https:\/\/mugardos.gal\/es\/el-concello-avanza-en-la-demolicion-del-inmueble-de-cotellon-1\/","name":"EL CONCELLO AVANZA EN LA DEMOLICI\u00d3N DEL INMUEBLE DE COTELL\u00d3N 1 - Concello de Mugardos","isPartOf":{"@id":"https:\/\/mugardos.gal\/#website"},"primaryImageOfPage":{"@id":"https:\/\/mugardos.gal\/es\/el-concello-avanza-en-la-demolicion-del-inmueble-de-cotellon-1\/#primaryimage"},"datePublished":"2022-09-12T12:49:15+00:00","dateModified":"2022-09-12T12:49:15+00:00","author":{"@id":"https:\/\/mugardos.gal\/#\/schema\/person\/5003de8d638a334108335f5dc158539f"},"breadcrumb":{"@id":"https:\/\/mugardos.gal\/es\/el-concello-avanza-en-la-demolicion-del-inmueble-de-cotellon-1\/#breadcrumb"},"inLanguage":"es","potentialAction":[{"@type":"ReadAction","target":["https:\/\/mugardos.gal\/es\/el-concello-avanza-en-la-demolicion-del-inmueble-de-cotellon-1\/"]}]},{"@type":"BreadcrumbList","@id":"https:\/\/mugardos.gal\/es\/el-concello-avanza-en-la-demolicion-del-inmueble-de-cotellon-1\/#breadcrumb","itemListElement":[{"@type":"ListItem","position":1,"name":"Portada","item":"https:\/\/mugardos.gal\/es\/"},{"@type":"ListItem","position":2,"name":"EL CONCELLO AVANZA EN LA DEMOLICI\u00d3N DEL INMUEBLE DE COTELL\u00d3N 1"}]},{"@type":"Person","@id":"https:\/\/mugardos.gal\/#\/schema\/person\/5003de8d638a334108335f5dc158539f","name":"maria_OCCIDENTE","url":"https:\/\/mugardos.gal\/es\/author\/maria_occidente\/"}]}},"_links":{"self":[{"href":"https:\/\/mugardos.gal\/es\/wp-json\/wp\/v2\/posts\/16942"}],"collection":[{"href":"https:\/\/mugardos.gal\/es\/wp-json\/wp\/v2\/posts"}],"about":[{"href":"https:\/\/mugardos.gal\/es\/wp-json\/wp\/v2\/types\/post"}],"author":[{"embeddable":true,"href":"https:\/\/mugardos.gal\/es\/wp-json\/wp\/v2\/users\/5"}],"replies":[{"embeddable":true,"href":"https:\/\/mugardos.gal\/es\/wp-json\/wp\/v2\/comments?post=16942"}],"version-history":[{"count":1,"href":"https:\/\/mugardos.gal\/es\/wp-json\/wp\/v2\/posts\/16942\/revisions"}],"predecessor-version":[{"id":16943,"href":"https:\/\/mugardos.gal\/es\/wp-json\/wp\/v2\/posts\/16942\/revisions\/16943"}],"wp:featuredmedia":[{"embeddable":true,"href":"https:\/\/mugardos.gal\/es\/wp-json\/wp\/v2\/media\/16940"}],"wp:attachment":[{"href":"https:\/\/mugardos.gal\/es\/wp-json\/wp\/v2\/media?parent=16942"}],"wp:term":[{"taxonomy":"category","embeddable":true,"href":"https:\/\/mugardos.gal\/es\/wp-json\/wp\/v2\/categories?post=16942"},{"taxonomy":"post_tag","embeddable":true,"href":"https:\/\/mugardos.gal\/es\/wp-json\/wp\/v2\/tags?post=16942"}],"curies":[{"name":"wp","href":"https:\/\/api.w.org\/{rel}","templated":true}]}}