{"id":16707,"date":"2022-08-22T15:27:55","date_gmt":"2022-08-22T13:27:55","guid":{"rendered":"https:\/\/mugardos.gal\/resultado-del-2o-ejercicio-para-la-seleccion-de-personal-de-la-brigada-contraincendios\/"},"modified":"2022-08-22T15:27:55","modified_gmt":"2022-08-22T13:27:55","slug":"resultado-del-2o-ejercicio-para-la-seleccion-de-personal-de-la-brigada-contraincendios","status":"publish","type":"post","link":"https:\/\/mugardos.gal\/es\/resultado-del-2o-ejercicio-para-la-seleccion-de-personal-de-la-brigada-contraincendios\/","title":{"rendered":"RESULTADO DEL 2\u00ba EJERCICIO PARA LA SELECCI\u00d3N DE PERSONAL DE LA BRIGADA CONTRAINCENDIOS"},"content":{"rendered":"\n<p>RESULTADO DE LA REALIZACI\u00d3N DEL 2\u00ba EJERCICIO DE LA FASE DE OPOSICI\u00d3N DEL PROCESO SELECTIVO PARA LA CONTRATACI\u00d3N LABORAL TEMPORAL DEL PERSONA DE LA BRIGADA DE PREVENCI\u00d3N Y DEFENSA CONTRAINCENDIOS FORESTALES DEL CONCELLO DE MUGARDOS 2022<\/p>\n\n<div class=\"wp-block-file\"><object class=\"wp-block-file__embed\" data=\"https:\/\/mugardos.gal\/wp-content\/uploads\/2022\/08\/20220822_Publicacion_ANUNCIO-RESULTADO-2o-EXERCICIO-OPOSICION-brigada-incendios-22.08.2022.pdf\" type=\"application\/pdf\" style=\"width:100%;height:600px\" aria-label=\"Incrustado de 20220822_Publicacion_ANUNCIO-RESULTADO-2o-EXERCICIO-OPOSICION-brigada-incendios-22.08.2022.\"><\/object><a id=\"wp-block-file--media-2f995456-286b-4d05-b895-e4db6e9de5bd\" href=\"https:\/\/mugardos.gal\/wp-content\/uploads\/2022\/08\/20220822_Publicacion_ANUNCIO-RESULTADO-2o-EXERCICIO-OPOSICION-brigada-incendios-22.08.2022.pdf\">20220822_Publicacion_ANUNCIO-RESULTADO-2o-EXERCICIO-OPOSICI\u00d3N-brigada-incendios-22.08.2022<\/a><a href=\"https:\/\/mugardos.gal\/wp-content\/uploads\/2022\/08\/20220822_Publicacion_ANUNCIO-RESULTADO-2o-EXERCICIO-OPOSICION-brigada-incendios-22.08.2022.pdf\" class=\"wp-block-file__button\" download=\"\" aria-describedby=\"wp-block-file--media-2f995456-286b-4d05-b895-e4db6e9de5bd\">Descarga\t <\/a><\/div>\n","protected":false},"excerpt":{"rendered":"<p>RESULTADO DE LA REALIZACI\u00d3N DEL 2\u00ba EJERCICIO DE LA FASE DE OPOSICI\u00d3N DEL PROCESO SELECTIVO PARA LA CONTRATACI\u00d3N LABORAL TEMPORAL DEL PERSONA DE LA BRIGADA DE PREVENCI\u00d3N Y DEFENSA CONTRAINCENDIOS FORESTALES DEL CONCELLO DE MUGARDOS 2022<\/p>\n","protected":false},"author":5,"featured_media":14929,"comment_status":"closed","ping_status":"closed","sticky":false,"template":"","format":"standard","meta":[],"categories":[12,37],"tags":[],"yoast_head":"<!-- This site is optimized with the Yoast SEO plugin v18.9 - https:\/\/yoast.com\/wordpress\/plugins\/seo\/ -->\n<title>RESULTADO DEL 2\u00ba EJERCICIO PARA LA SELECCI\u00d3N DE PERSONAL DE LA BRIGADA CONTRAINCENDIOS - Concello de Mugardos<\/title>\n<meta name=\"robots\" content=\"index, follow, max-snippet:-1, max-image-preview:large, max-video-preview:-1\" \/>\n<link rel=\"canonical\" href=\"https:\/\/mugardos.gal\/es\/resultado-del-2o-ejercicio-para-la-seleccion-de-personal-de-la-brigada-contraincendios\/\" \/>\n<meta property=\"og:locale\" content=\"es_ES\" \/>\n<meta property=\"og:type\" content=\"article\" \/>\n<meta property=\"og:title\" content=\"RESULTADO DEL 2\u00ba EJERCICIO PARA LA SELECCI\u00d3N DE PERSONAL DE LA BRIGADA CONTRAINCENDIOS - Concello de Mugardos\" \/>\n<meta property=\"og:description\" content=\"RESULTADO DE LA REALIZACI\u00d3N DEL 2\u00ba EJERCICIO DE LA FASE DE OPOSICI\u00d3N DEL PROCESO SELECTIVO PARA LA CONTRATACI\u00d3N LABORAL TEMPORAL DEL PERSONA DE LA BRIGADA DE PREVENCI\u00d3N Y DEFENSA CONTRAINCENDIOS FORESTALES DEL CONCELLO DE MUGARDOS 2022\" \/>\n<meta property=\"og:url\" content=\"https:\/\/mugardos.gal\/es\/resultado-del-2o-ejercicio-para-la-seleccion-de-personal-de-la-brigada-contraincendios\/\" \/>\n<meta property=\"og:site_name\" content=\"Concello de Mugardos\" \/>\n<meta property=\"article:published_time\" content=\"2022-08-22T13:27:55+00:00\" \/>\n<meta property=\"og:image\" content=\"https:\/\/mugardos.gal\/wp-content\/uploads\/2022\/04\/GES-1.jpeg\" \/>\n\t<meta property=\"og:image:width\" content=\"960\" \/>\n\t<meta property=\"og:image:height\" content=\"720\" \/>\n\t<meta property=\"og:image:type\" content=\"image\/jpeg\" \/>\n<meta name=\"twitter:card\" content=\"summary_large_image\" \/>\n<meta name=\"twitter:label1\" content=\"Escrito por\" \/>\n\t<meta name=\"twitter:data1\" content=\"maria_OCCIDENTE\" \/>\n<script type=\"application\/ld+json\" class=\"yoast-schema-graph\">{\"@context\":\"https:\/\/schema.org\",\"@graph\":[{\"@type\":\"WebSite\",\"@id\":\"https:\/\/mugardos.gal\/#website\",\"url\":\"https:\/\/mugardos.gal\/\",\"name\":\"Concello de Mugardos\",\"description\":\"\",\"potentialAction\":[{\"@type\":\"SearchAction\",\"target\":{\"@type\":\"EntryPoint\",\"urlTemplate\":\"https:\/\/mugardos.gal\/?s={search_term_string}\"},\"query-input\":\"required name=search_term_string\"}],\"inLanguage\":\"es\"},{\"@type\":\"ImageObject\",\"inLanguage\":\"es\",\"@id\":\"https:\/\/mugardos.gal\/es\/resultado-del-2o-ejercicio-para-la-seleccion-de-personal-de-la-brigada-contraincendios\/#primaryimage\",\"url\":\"https:\/\/mugardos.gal\/wp-content\/uploads\/2022\/04\/GES-1.jpeg\",\"contentUrl\":\"https:\/\/mugardos.gal\/wp-content\/uploads\/2022\/04\/GES-1.jpeg\",\"width\":960,\"height\":720},{\"@type\":\"WebPage\",\"@id\":\"https:\/\/mugardos.gal\/es\/resultado-del-2o-ejercicio-para-la-seleccion-de-personal-de-la-brigada-contraincendios\/#webpage\",\"url\":\"https:\/\/mugardos.gal\/es\/resultado-del-2o-ejercicio-para-la-seleccion-de-personal-de-la-brigada-contraincendios\/\",\"name\":\"RESULTADO DEL 2\u00ba EJERCICIO PARA LA SELECCI\u00d3N DE PERSONAL DE LA BRIGADA CONTRAINCENDIOS - Concello de Mugardos\",\"isPartOf\":{\"@id\":\"https:\/\/mugardos.gal\/#website\"},\"primaryImageOfPage\":{\"@id\":\"https:\/\/mugardos.gal\/es\/resultado-del-2o-ejercicio-para-la-seleccion-de-personal-de-la-brigada-contraincendios\/#primaryimage\"},\"datePublished\":\"2022-08-22T13:27:55+00:00\",\"dateModified\":\"2022-08-22T13:27:55+00:00\",\"author\":{\"@id\":\"https:\/\/mugardos.gal\/#\/schema\/person\/5003de8d638a334108335f5dc158539f\"},\"breadcrumb\":{\"@id\":\"https:\/\/mugardos.gal\/es\/resultado-del-2o-ejercicio-para-la-seleccion-de-personal-de-la-brigada-contraincendios\/#breadcrumb\"},\"inLanguage\":\"es\",\"potentialAction\":[{\"@type\":\"ReadAction\",\"target\":[\"https:\/\/mugardos.gal\/es\/resultado-del-2o-ejercicio-para-la-seleccion-de-personal-de-la-brigada-contraincendios\/\"]}]},{\"@type\":\"BreadcrumbList\",\"@id\":\"https:\/\/mugardos.gal\/es\/resultado-del-2o-ejercicio-para-la-seleccion-de-personal-de-la-brigada-contraincendios\/#breadcrumb\",\"itemListElement\":[{\"@type\":\"ListItem\",\"position\":1,\"name\":\"Portada\",\"item\":\"https:\/\/mugardos.gal\/es\/\"},{\"@type\":\"ListItem\",\"position\":2,\"name\":\"RESULTADO DEL 2\u00ba EJERCICIO PARA LA SELECCI\u00d3N DE PERSONAL DE LA BRIGADA CONTRAINCENDIOS\"}]},{\"@type\":\"Person\",\"@id\":\"https:\/\/mugardos.gal\/#\/schema\/person\/5003de8d638a334108335f5dc158539f\",\"name\":\"maria_OCCIDENTE\",\"url\":\"https:\/\/mugardos.gal\/es\/author\/maria_occidente\/\"}]}<\/script>\n<!-- \/ Yoast SEO plugin. -->","yoast_head_json":{"title":"RESULTADO DEL 2\u00ba EJERCICIO PARA LA SELECCI\u00d3N DE PERSONAL DE LA BRIGADA CONTRAINCENDIOS - Concello de Mugardos","robots":{"index":"index","follow":"follow","max-snippet":"max-snippet:-1","max-image-preview":"max-image-preview:large","max-video-preview":"max-video-preview:-1"},"canonical":"https:\/\/mugardos.gal\/es\/resultado-del-2o-ejercicio-para-la-seleccion-de-personal-de-la-brigada-contraincendios\/","og_locale":"es_ES","og_type":"article","og_title":"RESULTADO DEL 2\u00ba EJERCICIO PARA LA SELECCI\u00d3N DE PERSONAL DE LA BRIGADA CONTRAINCENDIOS - Concello de Mugardos","og_description":"RESULTADO DE LA REALIZACI\u00d3N DEL 2\u00ba EJERCICIO DE LA FASE DE OPOSICI\u00d3N DEL PROCESO SELECTIVO PARA LA CONTRATACI\u00d3N LABORAL TEMPORAL DEL PERSONA DE LA BRIGADA DE PREVENCI\u00d3N Y DEFENSA CONTRAINCENDIOS FORESTALES DEL CONCELLO DE MUGARDOS 2022","og_url":"https:\/\/mugardos.gal\/es\/resultado-del-2o-ejercicio-para-la-seleccion-de-personal-de-la-brigada-contraincendios\/","og_site_name":"Concello de Mugardos","article_published_time":"2022-08-22T13:27:55+00:00","og_image":[{"width":960,"height":720,"url":"https:\/\/mugardos.gal\/wp-content\/uploads\/2022\/04\/GES-1.jpeg","type":"image\/jpeg"}],"twitter_card":"summary_large_image","twitter_misc":{"Escrito por":"maria_OCCIDENTE"},"schema":{"@context":"https:\/\/schema.org","@graph":[{"@type":"WebSite","@id":"https:\/\/mugardos.gal\/#website","url":"https:\/\/mugardos.gal\/","name":"Concello de Mugardos","description":"","potentialAction":[{"@type":"SearchAction","target":{"@type":"EntryPoint","urlTemplate":"https:\/\/mugardos.gal\/?s={search_term_string}"},"query-input":"required name=search_term_string"}],"inLanguage":"es"},{"@type":"ImageObject","inLanguage":"es","@id":"https:\/\/mugardos.gal\/es\/resultado-del-2o-ejercicio-para-la-seleccion-de-personal-de-la-brigada-contraincendios\/#primaryimage","url":"https:\/\/mugardos.gal\/wp-content\/uploads\/2022\/04\/GES-1.jpeg","contentUrl":"https:\/\/mugardos.gal\/wp-content\/uploads\/2022\/04\/GES-1.jpeg","width":960,"height":720},{"@type":"WebPage","@id":"https:\/\/mugardos.gal\/es\/resultado-del-2o-ejercicio-para-la-seleccion-de-personal-de-la-brigada-contraincendios\/#webpage","url":"https:\/\/mugardos.gal\/es\/resultado-del-2o-ejercicio-para-la-seleccion-de-personal-de-la-brigada-contraincendios\/","name":"RESULTADO DEL 2\u00ba EJERCICIO PARA LA SELECCI\u00d3N DE PERSONAL DE LA BRIGADA CONTRAINCENDIOS - Concello de Mugardos","isPartOf":{"@id":"https:\/\/mugardos.gal\/#website"},"primaryImageOfPage":{"@id":"https:\/\/mugardos.gal\/es\/resultado-del-2o-ejercicio-para-la-seleccion-de-personal-de-la-brigada-contraincendios\/#primaryimage"},"datePublished":"2022-08-22T13:27:55+00:00","dateModified":"2022-08-22T13:27:55+00:00","author":{"@id":"https:\/\/mugardos.gal\/#\/schema\/person\/5003de8d638a334108335f5dc158539f"},"breadcrumb":{"@id":"https:\/\/mugardos.gal\/es\/resultado-del-2o-ejercicio-para-la-seleccion-de-personal-de-la-brigada-contraincendios\/#breadcrumb"},"inLanguage":"es","potentialAction":[{"@type":"ReadAction","target":["https:\/\/mugardos.gal\/es\/resultado-del-2o-ejercicio-para-la-seleccion-de-personal-de-la-brigada-contraincendios\/"]}]},{"@type":"BreadcrumbList","@id":"https:\/\/mugardos.gal\/es\/resultado-del-2o-ejercicio-para-la-seleccion-de-personal-de-la-brigada-contraincendios\/#breadcrumb","itemListElement":[{"@type":"ListItem","position":1,"name":"Portada","item":"https:\/\/mugardos.gal\/es\/"},{"@type":"ListItem","position":2,"name":"RESULTADO DEL 2\u00ba EJERCICIO PARA LA SELECCI\u00d3N DE PERSONAL DE LA BRIGADA CONTRAINCENDIOS"}]},{"@type":"Person","@id":"https:\/\/mugardos.gal\/#\/schema\/person\/5003de8d638a334108335f5dc158539f","name":"maria_OCCIDENTE","url":"https:\/\/mugardos.gal\/es\/author\/maria_occidente\/"}]}},"_links":{"self":[{"href":"https:\/\/mugardos.gal\/es\/wp-json\/wp\/v2\/posts\/16707"}],"collection":[{"href":"https:\/\/mugardos.gal\/es\/wp-json\/wp\/v2\/posts"}],"about":[{"href":"https:\/\/mugardos.gal\/es\/wp-json\/wp\/v2\/types\/post"}],"author":[{"embeddable":true,"href":"https:\/\/mugardos.gal\/es\/wp-json\/wp\/v2\/users\/5"}],"replies":[{"embeddable":true,"href":"https:\/\/mugardos.gal\/es\/wp-json\/wp\/v2\/comments?post=16707"}],"version-history":[{"count":1,"href":"https:\/\/mugardos.gal\/es\/wp-json\/wp\/v2\/posts\/16707\/revisions"}],"predecessor-version":[{"id":16708,"href":"https:\/\/mugardos.gal\/es\/wp-json\/wp\/v2\/posts\/16707\/revisions\/16708"}],"wp:featuredmedia":[{"embeddable":true,"href":"https:\/\/mugardos.gal\/es\/wp-json\/wp\/v2\/media\/14929"}],"wp:attachment":[{"href":"https:\/\/mugardos.gal\/es\/wp-json\/wp\/v2\/media?parent=16707"}],"wp:term":[{"taxonomy":"category","embeddable":true,"href":"https:\/\/mugardos.gal\/es\/wp-json\/wp\/v2\/categories?post=16707"},{"taxonomy":"post_tag","embeddable":true,"href":"https:\/\/mugardos.gal\/es\/wp-json\/wp\/v2\/tags?post=16707"}],"curies":[{"name":"wp","href":"https:\/\/api.w.org\/{rel}","templated":true}]}}