{"id":16697,"date":"2022-08-19T13:33:17","date_gmt":"2022-08-19T11:33:17","guid":{"rendered":"https:\/\/mugardos.gal\/tarde-de-regatas-manana-sabado-en-el-muelle-de-mugardos\/"},"modified":"2022-08-19T13:33:17","modified_gmt":"2022-08-19T11:33:17","slug":"tarde-de-regatas-manana-sabado-en-el-muelle-de-mugardos","status":"publish","type":"post","link":"https:\/\/mugardos.gal\/es\/tarde-de-regatas-manana-sabado-en-el-muelle-de-mugardos\/","title":{"rendered":"TARDE DE REGATAS MA\u00d1ANA S\u00c1BADO EN EL MUELLE DE MUGARDOS"},"content":{"rendered":"\n<h4>La VI Bandera de Traineras y la IV Bandera de Traineras femenina se celebrar\u00e1n desde las 17.00h<\/h4>\n\n<p>La concejal de Deportes Bego\u00f1a Rold\u00f3s inform\u00f3 hoy de la presentaci\u00f3n de la IV Bandera de Traineras Femenina Reganosa y de la VI Bandera de Tra\u00edneras Concello de Mugardos, que se disputar\u00e1n ma\u00f1ana s\u00e1bado en el muelle mugard\u00e9s a las 17.30 y a las 18.30 horas, y que forman parte del calendario oficial de la Liga Gallega de Traineras (en las categor\u00edas F y La respectivamente).<\/p>\n\n<p>Esta importante cita deportiva en la que participar\u00e1n m\u00e1s de 15 embarcaciones, cuenta con la organizaci\u00f3n del Club do Mar de Mugardos y la colaboraci\u00f3n, entre otros, del Concello de Mugardos y Reganosa, y en ella se repartir\u00e1n un total de 15.000 euros en premios.<\/p>\n\n<p>Est\u00e1 previsto que participen en las regatas CM Bueu, SD Samertolameu, SD Tir\u00e1n, CDM Mera, CR Cabon de la Cruz, CR Chapela, CR Mecos, CR Rianxo, CR Nar\u00f3n, CR Puebla, CRN Riveira, CM Castropol, CCD Cesantes y por supuesto, las traineras locales, tanto masculina c\u00f3mo femenina, del Club do Mar y Mugardos-A Cabana Ferrol.<\/p>\n\n<p>La modalidad de la regata ser\u00e1 la misma para las dos competiciones, disponiendo de 4 calles de 5556 metros de longitud, que deber\u00e1n recorrerse en 6 largos. El campo de regatas estar\u00e1 en el Cabo Fincas lo que permitir\u00e1 al vecindario disfrutar al m\u00e1ximo del evento deportivo.<\/p>\n\n<p>A la presentaci\u00f3n de la jornada deportiva, que tuvo lugar en el sal\u00f3n de plenos, asistieron la Alcaldesa Accidental Ana Varela, Guillermo Pereira y Gloria Vilar en representaci\u00f3n del Club do Mar, el Director de Operaciones de Reganosa Jes\u00fas Losada, y Bego\u00f1a Rold\u00f3s y Miguel Mah\u00eda como responsables municipales de las concejal\u00edas de Deportes y Participaci\u00f3n respectivamente.<\/p>\n\n<p>Desde el gobierno municipal esperan una enorme afluencia de gente a Mugardos la tarde del s\u00e1bado \u201cEl remo es uno de los deportes de mayor tradici\u00f3n en nuestra comarca, el evento es del m\u00e1ximo nivel, el Club do Mar tiene mucha experiencia en la organizaci\u00f3n de competiciones, y el tiempo va a acompa\u00f1ar, as\u00ed que no podemos pedir m\u00e1s. Por supuesto, animamos a todo el mundo a acercarse hasta Mugardos a disfrutar de la tarde de remo, de nuestro pueblo y de nuestra gastronom\u00eda\u201d finaliz\u00f3 Rold\u00f3s.<\/p>\n","protected":false},"excerpt":{"rendered":"<p>La VI Bandera de Traineras y la IV Bandera de Traineras femenina se celebrar\u00e1n desde las 17.00h La concejal de Deportes Bego\u00f1a Rold\u00f3s inform\u00f3 hoy de la presentaci\u00f3n de la IV Bandera de Traineras Femenina Reganosa y de la VI Bandera de Tra\u00edneras Concello de Mugardos, que se disputar\u00e1n ma\u00f1ana s\u00e1bado en el muelle mugard\u00e9s [&hellip;]<\/p>\n","protected":false},"author":5,"featured_media":16692,"comment_status":"closed","ping_status":"closed","sticky":false,"template":"","format":"standard","meta":[],"categories":[51,12],"tags":[],"yoast_head":"<!-- This site is optimized with the Yoast SEO plugin v18.9 - https:\/\/yoast.com\/wordpress\/plugins\/seo\/ -->\n<title>TARDE DE REGATAS MA\u00d1ANA S\u00c1BADO EN EL MUELLE DE MUGARDOS - Concello de Mugardos<\/title>\n<meta name=\"robots\" content=\"index, follow, max-snippet:-1, max-image-preview:large, max-video-preview:-1\" \/>\n<link rel=\"canonical\" href=\"https:\/\/mugardos.gal\/es\/tarde-de-regatas-manana-sabado-en-el-muelle-de-mugardos\/\" \/>\n<meta property=\"og:locale\" content=\"es_ES\" \/>\n<meta property=\"og:type\" content=\"article\" \/>\n<meta property=\"og:title\" content=\"TARDE DE REGATAS MA\u00d1ANA S\u00c1BADO EN EL MUELLE DE MUGARDOS - Concello de Mugardos\" \/>\n<meta property=\"og:description\" content=\"La VI Bandera de Traineras y la IV Bandera de Traineras femenina se celebrar\u00e1n desde las 17.00h La concejal de Deportes Bego\u00f1a Rold\u00f3s inform\u00f3 hoy de la presentaci\u00f3n de la IV Bandera de Traineras Femenina Reganosa y de la VI Bandera de Tra\u00edneras Concello de Mugardos, que se disputar\u00e1n ma\u00f1ana s\u00e1bado en el muelle mugard\u00e9s [&hellip;]\" \/>\n<meta property=\"og:url\" content=\"https:\/\/mugardos.gal\/es\/tarde-de-regatas-manana-sabado-en-el-muelle-de-mugardos\/\" \/>\n<meta property=\"og:site_name\" content=\"Concello de Mugardos\" \/>\n<meta property=\"article:published_time\" content=\"2022-08-19T11:33:17+00:00\" \/>\n<meta property=\"og:image\" content=\"https:\/\/mugardos.gal\/wp-content\/uploads\/2022\/08\/fotomedios.jpg\" \/>\n\t<meta property=\"og:image:width\" content=\"1151\" \/>\n\t<meta property=\"og:image:height\" content=\"689\" \/>\n\t<meta property=\"og:image:type\" content=\"image\/jpeg\" \/>\n<meta name=\"twitter:card\" content=\"summary_large_image\" \/>\n<meta name=\"twitter:label1\" content=\"Escrito por\" \/>\n\t<meta name=\"twitter:data1\" content=\"maria_OCCIDENTE\" \/>\n\t<meta name=\"twitter:label2\" content=\"Tiempo de lectura\" \/>\n\t<meta name=\"twitter:data2\" content=\"2 minutos\" \/>\n<script type=\"application\/ld+json\" class=\"yoast-schema-graph\">{\"@context\":\"https:\/\/schema.org\",\"@graph\":[{\"@type\":\"WebSite\",\"@id\":\"https:\/\/mugardos.gal\/#website\",\"url\":\"https:\/\/mugardos.gal\/\",\"name\":\"Concello de Mugardos\",\"description\":\"\",\"potentialAction\":[{\"@type\":\"SearchAction\",\"target\":{\"@type\":\"EntryPoint\",\"urlTemplate\":\"https:\/\/mugardos.gal\/?s={search_term_string}\"},\"query-input\":\"required name=search_term_string\"}],\"inLanguage\":\"es\"},{\"@type\":\"ImageObject\",\"inLanguage\":\"es\",\"@id\":\"https:\/\/mugardos.gal\/es\/tarde-de-regatas-manana-sabado-en-el-muelle-de-mugardos\/#primaryimage\",\"url\":\"https:\/\/mugardos.gal\/wp-content\/uploads\/2022\/08\/fotomedios.jpg\",\"contentUrl\":\"https:\/\/mugardos.gal\/wp-content\/uploads\/2022\/08\/fotomedios.jpg\",\"width\":1151,\"height\":689},{\"@type\":\"WebPage\",\"@id\":\"https:\/\/mugardos.gal\/es\/tarde-de-regatas-manana-sabado-en-el-muelle-de-mugardos\/#webpage\",\"url\":\"https:\/\/mugardos.gal\/es\/tarde-de-regatas-manana-sabado-en-el-muelle-de-mugardos\/\",\"name\":\"TARDE DE REGATAS MA\u00d1ANA S\u00c1BADO EN EL MUELLE DE MUGARDOS - Concello de Mugardos\",\"isPartOf\":{\"@id\":\"https:\/\/mugardos.gal\/#website\"},\"primaryImageOfPage\":{\"@id\":\"https:\/\/mugardos.gal\/es\/tarde-de-regatas-manana-sabado-en-el-muelle-de-mugardos\/#primaryimage\"},\"datePublished\":\"2022-08-19T11:33:17+00:00\",\"dateModified\":\"2022-08-19T11:33:17+00:00\",\"author\":{\"@id\":\"https:\/\/mugardos.gal\/#\/schema\/person\/5003de8d638a334108335f5dc158539f\"},\"breadcrumb\":{\"@id\":\"https:\/\/mugardos.gal\/es\/tarde-de-regatas-manana-sabado-en-el-muelle-de-mugardos\/#breadcrumb\"},\"inLanguage\":\"es\",\"potentialAction\":[{\"@type\":\"ReadAction\",\"target\":[\"https:\/\/mugardos.gal\/es\/tarde-de-regatas-manana-sabado-en-el-muelle-de-mugardos\/\"]}]},{\"@type\":\"BreadcrumbList\",\"@id\":\"https:\/\/mugardos.gal\/es\/tarde-de-regatas-manana-sabado-en-el-muelle-de-mugardos\/#breadcrumb\",\"itemListElement\":[{\"@type\":\"ListItem\",\"position\":1,\"name\":\"Portada\",\"item\":\"https:\/\/mugardos.gal\/es\/\"},{\"@type\":\"ListItem\",\"position\":2,\"name\":\"TARDE DE REGATAS MA\u00d1ANA S\u00c1BADO EN EL MUELLE DE MUGARDOS\"}]},{\"@type\":\"Person\",\"@id\":\"https:\/\/mugardos.gal\/#\/schema\/person\/5003de8d638a334108335f5dc158539f\",\"name\":\"maria_OCCIDENTE\",\"url\":\"https:\/\/mugardos.gal\/es\/author\/maria_occidente\/\"}]}<\/script>\n<!-- \/ Yoast SEO plugin. -->","yoast_head_json":{"title":"TARDE DE REGATAS MA\u00d1ANA S\u00c1BADO EN EL MUELLE DE MUGARDOS - Concello de Mugardos","robots":{"index":"index","follow":"follow","max-snippet":"max-snippet:-1","max-image-preview":"max-image-preview:large","max-video-preview":"max-video-preview:-1"},"canonical":"https:\/\/mugardos.gal\/es\/tarde-de-regatas-manana-sabado-en-el-muelle-de-mugardos\/","og_locale":"es_ES","og_type":"article","og_title":"TARDE DE REGATAS MA\u00d1ANA S\u00c1BADO EN EL MUELLE DE MUGARDOS - Concello de Mugardos","og_description":"La VI Bandera de Traineras y la IV Bandera de Traineras femenina se celebrar\u00e1n desde las 17.00h La concejal de Deportes Bego\u00f1a Rold\u00f3s inform\u00f3 hoy de la presentaci\u00f3n de la IV Bandera de Traineras Femenina Reganosa y de la VI Bandera de Tra\u00edneras Concello de Mugardos, que se disputar\u00e1n ma\u00f1ana s\u00e1bado en el muelle mugard\u00e9s [&hellip;]","og_url":"https:\/\/mugardos.gal\/es\/tarde-de-regatas-manana-sabado-en-el-muelle-de-mugardos\/","og_site_name":"Concello de Mugardos","article_published_time":"2022-08-19T11:33:17+00:00","og_image":[{"width":1151,"height":689,"url":"https:\/\/mugardos.gal\/wp-content\/uploads\/2022\/08\/fotomedios.jpg","type":"image\/jpeg"}],"twitter_card":"summary_large_image","twitter_misc":{"Escrito por":"maria_OCCIDENTE","Tiempo de lectura":"2 minutos"},"schema":{"@context":"https:\/\/schema.org","@graph":[{"@type":"WebSite","@id":"https:\/\/mugardos.gal\/#website","url":"https:\/\/mugardos.gal\/","name":"Concello de Mugardos","description":"","potentialAction":[{"@type":"SearchAction","target":{"@type":"EntryPoint","urlTemplate":"https:\/\/mugardos.gal\/?s={search_term_string}"},"query-input":"required name=search_term_string"}],"inLanguage":"es"},{"@type":"ImageObject","inLanguage":"es","@id":"https:\/\/mugardos.gal\/es\/tarde-de-regatas-manana-sabado-en-el-muelle-de-mugardos\/#primaryimage","url":"https:\/\/mugardos.gal\/wp-content\/uploads\/2022\/08\/fotomedios.jpg","contentUrl":"https:\/\/mugardos.gal\/wp-content\/uploads\/2022\/08\/fotomedios.jpg","width":1151,"height":689},{"@type":"WebPage","@id":"https:\/\/mugardos.gal\/es\/tarde-de-regatas-manana-sabado-en-el-muelle-de-mugardos\/#webpage","url":"https:\/\/mugardos.gal\/es\/tarde-de-regatas-manana-sabado-en-el-muelle-de-mugardos\/","name":"TARDE DE REGATAS MA\u00d1ANA S\u00c1BADO EN EL MUELLE DE MUGARDOS - Concello de Mugardos","isPartOf":{"@id":"https:\/\/mugardos.gal\/#website"},"primaryImageOfPage":{"@id":"https:\/\/mugardos.gal\/es\/tarde-de-regatas-manana-sabado-en-el-muelle-de-mugardos\/#primaryimage"},"datePublished":"2022-08-19T11:33:17+00:00","dateModified":"2022-08-19T11:33:17+00:00","author":{"@id":"https:\/\/mugardos.gal\/#\/schema\/person\/5003de8d638a334108335f5dc158539f"},"breadcrumb":{"@id":"https:\/\/mugardos.gal\/es\/tarde-de-regatas-manana-sabado-en-el-muelle-de-mugardos\/#breadcrumb"},"inLanguage":"es","potentialAction":[{"@type":"ReadAction","target":["https:\/\/mugardos.gal\/es\/tarde-de-regatas-manana-sabado-en-el-muelle-de-mugardos\/"]}]},{"@type":"BreadcrumbList","@id":"https:\/\/mugardos.gal\/es\/tarde-de-regatas-manana-sabado-en-el-muelle-de-mugardos\/#breadcrumb","itemListElement":[{"@type":"ListItem","position":1,"name":"Portada","item":"https:\/\/mugardos.gal\/es\/"},{"@type":"ListItem","position":2,"name":"TARDE DE REGATAS MA\u00d1ANA S\u00c1BADO EN EL MUELLE DE MUGARDOS"}]},{"@type":"Person","@id":"https:\/\/mugardos.gal\/#\/schema\/person\/5003de8d638a334108335f5dc158539f","name":"maria_OCCIDENTE","url":"https:\/\/mugardos.gal\/es\/author\/maria_occidente\/"}]}},"_links":{"self":[{"href":"https:\/\/mugardos.gal\/es\/wp-json\/wp\/v2\/posts\/16697"}],"collection":[{"href":"https:\/\/mugardos.gal\/es\/wp-json\/wp\/v2\/posts"}],"about":[{"href":"https:\/\/mugardos.gal\/es\/wp-json\/wp\/v2\/types\/post"}],"author":[{"embeddable":true,"href":"https:\/\/mugardos.gal\/es\/wp-json\/wp\/v2\/users\/5"}],"replies":[{"embeddable":true,"href":"https:\/\/mugardos.gal\/es\/wp-json\/wp\/v2\/comments?post=16697"}],"version-history":[{"count":1,"href":"https:\/\/mugardos.gal\/es\/wp-json\/wp\/v2\/posts\/16697\/revisions"}],"predecessor-version":[{"id":16698,"href":"https:\/\/mugardos.gal\/es\/wp-json\/wp\/v2\/posts\/16697\/revisions\/16698"}],"wp:featuredmedia":[{"embeddable":true,"href":"https:\/\/mugardos.gal\/es\/wp-json\/wp\/v2\/media\/16692"}],"wp:attachment":[{"href":"https:\/\/mugardos.gal\/es\/wp-json\/wp\/v2\/media?parent=16697"}],"wp:term":[{"taxonomy":"category","embeddable":true,"href":"https:\/\/mugardos.gal\/es\/wp-json\/wp\/v2\/categories?post=16697"},{"taxonomy":"post_tag","embeddable":true,"href":"https:\/\/mugardos.gal\/es\/wp-json\/wp\/v2\/tags?post=16697"}],"curies":[{"name":"wp","href":"https:\/\/api.w.org\/{rel}","templated":true}]}}