{"id":16542,"date":"2022-07-28T15:05:09","date_gmt":"2022-07-28T13:05:09","guid":{"rendered":"https:\/\/mugardos.gal\/el-clube-do-mar-organiza-la-ix-fiesta-del-marisco-el-proximo-sabado-6-de-agosto\/"},"modified":"2022-07-28T15:05:09","modified_gmt":"2022-07-28T13:05:09","slug":"el-clube-do-mar-organiza-la-ix-fiesta-del-marisco-el-proximo-sabado-6-de-agosto","status":"publish","type":"post","link":"https:\/\/mugardos.gal\/es\/el-clube-do-mar-organiza-la-ix-fiesta-del-marisco-el-proximo-sabado-6-de-agosto\/","title":{"rendered":"EL \u00abCLUBE DO MAR\u00bb ORGANIZA LA IX FIESTA DEL MARISCO EL PR\u00d3XIMO S\u00c1BADO 6 DE AGOSTO"},"content":{"rendered":"\n<h4><em>Habr\u00e1 degustaci\u00f3n de mejillones, navajas, churrasco y cigalas<\/em><\/h4>\n\n<p><strong>Mugardos, 28 de julio de 2022<\/strong><strong>.<\/strong>\u00a0La IX Fiesta del Marisco organizada por el \u00abClub do Mar\u00bb de Mugardos, en colaboraci\u00f3n con el Concello de Mugardos, tendr\u00e1 lugar el pr\u00f3ximo s\u00e1bado 6 de agosto en Punta Rat\u00f3n (Puerto de Mugardos), desde las 13:00 horas hasta la noche.<\/p>\n\n<p>En esta edici\u00f3n se degustar\u00e1n 4 tipos de mariscos y carnes:<\/p>\n\n<ul><li>Mejillones (5\u20ac\/raci\u00f3n)<\/li><li>Navajas (12\u20ac\/raci\u00f3n)<\/li><li>Churrasco (10\u20ac\/raci\u00f3n)<\/li><li>Cigalas (12\u20ac\/raci\u00f3n)<\/li><\/ul>\n\n<p>Adem\u00e1s, habr\u00e1 dos actuaciones musicales. A partir de las 14:00 horas actuar\u00e1 Alejandro Caribe, y desde las 22:30 horas ser\u00e1 el turno de Jos\u00e9 Brea &amp; Santi L\u00f3pez.\u00a0<\/p>\n","protected":false},"excerpt":{"rendered":"<p>Habr\u00e1 degustaci\u00f3n de mejillones, navajas, churrasco y cigalas Mugardos, 28 de julio de 2022.\u00a0La IX Fiesta del Marisco organizada por el \u00abClub do Mar\u00bb de Mugardos, en colaboraci\u00f3n con el Concello de Mugardos, tendr\u00e1 lugar el pr\u00f3ximo s\u00e1bado 6 de agosto en Punta Rat\u00f3n (Puerto de Mugardos), desde las 13:00 horas hasta la noche. En [&hellip;]<\/p>\n","protected":false},"author":5,"featured_media":16539,"comment_status":"closed","ping_status":"closed","sticky":false,"template":"","format":"standard","meta":[],"categories":[50,12],"tags":[],"yoast_head":"<!-- This site is optimized with the Yoast SEO plugin v18.9 - https:\/\/yoast.com\/wordpress\/plugins\/seo\/ -->\n<title>EL &quot;CLUBE DO MAR&quot; ORGANIZA LA IX FIESTA DEL MARISCO EL PR\u00d3XIMO S\u00c1BADO 6 DE AGOSTO - Concello de Mugardos<\/title>\n<meta name=\"robots\" content=\"index, follow, max-snippet:-1, max-image-preview:large, max-video-preview:-1\" \/>\n<link rel=\"canonical\" href=\"https:\/\/mugardos.gal\/es\/el-clube-do-mar-organiza-la-ix-fiesta-del-marisco-el-proximo-sabado-6-de-agosto\/\" \/>\n<meta property=\"og:locale\" content=\"es_ES\" \/>\n<meta property=\"og:type\" content=\"article\" \/>\n<meta property=\"og:title\" content=\"EL &quot;CLUBE DO MAR&quot; ORGANIZA LA IX FIESTA DEL MARISCO EL PR\u00d3XIMO S\u00c1BADO 6 DE AGOSTO - Concello de Mugardos\" \/>\n<meta property=\"og:description\" content=\"Habr\u00e1 degustaci\u00f3n de mejillones, navajas, churrasco y cigalas Mugardos, 28 de julio de 2022.\u00a0La IX Fiesta del Marisco organizada por el \u00abClub do Mar\u00bb de Mugardos, en colaboraci\u00f3n con el Concello de Mugardos, tendr\u00e1 lugar el pr\u00f3ximo s\u00e1bado 6 de agosto en Punta Rat\u00f3n (Puerto de Mugardos), desde las 13:00 horas hasta la noche. En [&hellip;]\" \/>\n<meta property=\"og:url\" content=\"https:\/\/mugardos.gal\/es\/el-clube-do-mar-organiza-la-ix-fiesta-del-marisco-el-proximo-sabado-6-de-agosto\/\" \/>\n<meta property=\"og:site_name\" content=\"Concello de Mugardos\" \/>\n<meta property=\"article:published_time\" content=\"2022-07-28T13:05:09+00:00\" \/>\n<meta property=\"og:image\" content=\"https:\/\/mugardos.gal\/wp-content\/uploads\/2022\/07\/image-1-724x1024.jpeg\" \/>\n\t<meta property=\"og:image:width\" content=\"724\" \/>\n\t<meta property=\"og:image:height\" content=\"1024\" \/>\n\t<meta property=\"og:image:type\" content=\"image\/jpeg\" \/>\n<meta name=\"twitter:card\" content=\"summary_large_image\" \/>\n<meta name=\"twitter:label1\" content=\"Escrito por\" \/>\n\t<meta name=\"twitter:data1\" content=\"maria_OCCIDENTE\" \/>\n\t<meta name=\"twitter:label2\" content=\"Tiempo de lectura\" \/>\n\t<meta name=\"twitter:data2\" content=\"1 minuto\" \/>\n<script type=\"application\/ld+json\" class=\"yoast-schema-graph\">{\"@context\":\"https:\/\/schema.org\",\"@graph\":[{\"@type\":\"WebSite\",\"@id\":\"https:\/\/mugardos.gal\/#website\",\"url\":\"https:\/\/mugardos.gal\/\",\"name\":\"Concello de Mugardos\",\"description\":\"\",\"potentialAction\":[{\"@type\":\"SearchAction\",\"target\":{\"@type\":\"EntryPoint\",\"urlTemplate\":\"https:\/\/mugardos.gal\/?s={search_term_string}\"},\"query-input\":\"required name=search_term_string\"}],\"inLanguage\":\"es\"},{\"@type\":\"ImageObject\",\"inLanguage\":\"es\",\"@id\":\"https:\/\/mugardos.gal\/es\/el-clube-do-mar-organiza-la-ix-fiesta-del-marisco-el-proximo-sabado-6-de-agosto\/#primaryimage\",\"url\":\"https:\/\/mugardos.gal\/wp-content\/uploads\/2022\/07\/image-1.jpeg\",\"contentUrl\":\"https:\/\/mugardos.gal\/wp-content\/uploads\/2022\/07\/image-1.jpeg\",\"width\":1754,\"height\":2480},{\"@type\":\"WebPage\",\"@id\":\"https:\/\/mugardos.gal\/es\/el-clube-do-mar-organiza-la-ix-fiesta-del-marisco-el-proximo-sabado-6-de-agosto\/#webpage\",\"url\":\"https:\/\/mugardos.gal\/es\/el-clube-do-mar-organiza-la-ix-fiesta-del-marisco-el-proximo-sabado-6-de-agosto\/\",\"name\":\"EL \\\"CLUBE DO MAR\\\" ORGANIZA LA IX FIESTA DEL MARISCO EL PR\u00d3XIMO S\u00c1BADO 6 DE AGOSTO - Concello de Mugardos\",\"isPartOf\":{\"@id\":\"https:\/\/mugardos.gal\/#website\"},\"primaryImageOfPage\":{\"@id\":\"https:\/\/mugardos.gal\/es\/el-clube-do-mar-organiza-la-ix-fiesta-del-marisco-el-proximo-sabado-6-de-agosto\/#primaryimage\"},\"datePublished\":\"2022-07-28T13:05:09+00:00\",\"dateModified\":\"2022-07-28T13:05:09+00:00\",\"author\":{\"@id\":\"https:\/\/mugardos.gal\/#\/schema\/person\/5003de8d638a334108335f5dc158539f\"},\"breadcrumb\":{\"@id\":\"https:\/\/mugardos.gal\/es\/el-clube-do-mar-organiza-la-ix-fiesta-del-marisco-el-proximo-sabado-6-de-agosto\/#breadcrumb\"},\"inLanguage\":\"es\",\"potentialAction\":[{\"@type\":\"ReadAction\",\"target\":[\"https:\/\/mugardos.gal\/es\/el-clube-do-mar-organiza-la-ix-fiesta-del-marisco-el-proximo-sabado-6-de-agosto\/\"]}]},{\"@type\":\"BreadcrumbList\",\"@id\":\"https:\/\/mugardos.gal\/es\/el-clube-do-mar-organiza-la-ix-fiesta-del-marisco-el-proximo-sabado-6-de-agosto\/#breadcrumb\",\"itemListElement\":[{\"@type\":\"ListItem\",\"position\":1,\"name\":\"Portada\",\"item\":\"https:\/\/mugardos.gal\/es\/\"},{\"@type\":\"ListItem\",\"position\":2,\"name\":\"EL &#8220;CLUBE DO MAR&#8221; ORGANIZA LA IX FIESTA DEL MARISCO EL PR\u00d3XIMO S\u00c1BADO 6 DE AGOSTO\"}]},{\"@type\":\"Person\",\"@id\":\"https:\/\/mugardos.gal\/#\/schema\/person\/5003de8d638a334108335f5dc158539f\",\"name\":\"maria_OCCIDENTE\",\"url\":\"https:\/\/mugardos.gal\/es\/author\/maria_occidente\/\"}]}<\/script>\n<!-- \/ Yoast SEO plugin. -->","yoast_head_json":{"title":"EL \"CLUBE DO MAR\" ORGANIZA LA IX FIESTA DEL MARISCO EL PR\u00d3XIMO S\u00c1BADO 6 DE AGOSTO - Concello de Mugardos","robots":{"index":"index","follow":"follow","max-snippet":"max-snippet:-1","max-image-preview":"max-image-preview:large","max-video-preview":"max-video-preview:-1"},"canonical":"https:\/\/mugardos.gal\/es\/el-clube-do-mar-organiza-la-ix-fiesta-del-marisco-el-proximo-sabado-6-de-agosto\/","og_locale":"es_ES","og_type":"article","og_title":"EL \"CLUBE DO MAR\" ORGANIZA LA IX FIESTA DEL MARISCO EL PR\u00d3XIMO S\u00c1BADO 6 DE AGOSTO - Concello de Mugardos","og_description":"Habr\u00e1 degustaci\u00f3n de mejillones, navajas, churrasco y cigalas Mugardos, 28 de julio de 2022.\u00a0La IX Fiesta del Marisco organizada por el \u00abClub do Mar\u00bb de Mugardos, en colaboraci\u00f3n con el Concello de Mugardos, tendr\u00e1 lugar el pr\u00f3ximo s\u00e1bado 6 de agosto en Punta Rat\u00f3n (Puerto de Mugardos), desde las 13:00 horas hasta la noche. En [&hellip;]","og_url":"https:\/\/mugardos.gal\/es\/el-clube-do-mar-organiza-la-ix-fiesta-del-marisco-el-proximo-sabado-6-de-agosto\/","og_site_name":"Concello de Mugardos","article_published_time":"2022-07-28T13:05:09+00:00","og_image":[{"width":724,"height":1024,"url":"https:\/\/mugardos.gal\/wp-content\/uploads\/2022\/07\/image-1-724x1024.jpeg","type":"image\/jpeg"}],"twitter_card":"summary_large_image","twitter_misc":{"Escrito por":"maria_OCCIDENTE","Tiempo de lectura":"1 minuto"},"schema":{"@context":"https:\/\/schema.org","@graph":[{"@type":"WebSite","@id":"https:\/\/mugardos.gal\/#website","url":"https:\/\/mugardos.gal\/","name":"Concello de Mugardos","description":"","potentialAction":[{"@type":"SearchAction","target":{"@type":"EntryPoint","urlTemplate":"https:\/\/mugardos.gal\/?s={search_term_string}"},"query-input":"required name=search_term_string"}],"inLanguage":"es"},{"@type":"ImageObject","inLanguage":"es","@id":"https:\/\/mugardos.gal\/es\/el-clube-do-mar-organiza-la-ix-fiesta-del-marisco-el-proximo-sabado-6-de-agosto\/#primaryimage","url":"https:\/\/mugardos.gal\/wp-content\/uploads\/2022\/07\/image-1.jpeg","contentUrl":"https:\/\/mugardos.gal\/wp-content\/uploads\/2022\/07\/image-1.jpeg","width":1754,"height":2480},{"@type":"WebPage","@id":"https:\/\/mugardos.gal\/es\/el-clube-do-mar-organiza-la-ix-fiesta-del-marisco-el-proximo-sabado-6-de-agosto\/#webpage","url":"https:\/\/mugardos.gal\/es\/el-clube-do-mar-organiza-la-ix-fiesta-del-marisco-el-proximo-sabado-6-de-agosto\/","name":"EL \"CLUBE DO MAR\" ORGANIZA LA IX FIESTA DEL MARISCO EL PR\u00d3XIMO S\u00c1BADO 6 DE AGOSTO - Concello de Mugardos","isPartOf":{"@id":"https:\/\/mugardos.gal\/#website"},"primaryImageOfPage":{"@id":"https:\/\/mugardos.gal\/es\/el-clube-do-mar-organiza-la-ix-fiesta-del-marisco-el-proximo-sabado-6-de-agosto\/#primaryimage"},"datePublished":"2022-07-28T13:05:09+00:00","dateModified":"2022-07-28T13:05:09+00:00","author":{"@id":"https:\/\/mugardos.gal\/#\/schema\/person\/5003de8d638a334108335f5dc158539f"},"breadcrumb":{"@id":"https:\/\/mugardos.gal\/es\/el-clube-do-mar-organiza-la-ix-fiesta-del-marisco-el-proximo-sabado-6-de-agosto\/#breadcrumb"},"inLanguage":"es","potentialAction":[{"@type":"ReadAction","target":["https:\/\/mugardos.gal\/es\/el-clube-do-mar-organiza-la-ix-fiesta-del-marisco-el-proximo-sabado-6-de-agosto\/"]}]},{"@type":"BreadcrumbList","@id":"https:\/\/mugardos.gal\/es\/el-clube-do-mar-organiza-la-ix-fiesta-del-marisco-el-proximo-sabado-6-de-agosto\/#breadcrumb","itemListElement":[{"@type":"ListItem","position":1,"name":"Portada","item":"https:\/\/mugardos.gal\/es\/"},{"@type":"ListItem","position":2,"name":"EL &#8220;CLUBE DO MAR&#8221; ORGANIZA LA IX FIESTA DEL MARISCO EL PR\u00d3XIMO S\u00c1BADO 6 DE AGOSTO"}]},{"@type":"Person","@id":"https:\/\/mugardos.gal\/#\/schema\/person\/5003de8d638a334108335f5dc158539f","name":"maria_OCCIDENTE","url":"https:\/\/mugardos.gal\/es\/author\/maria_occidente\/"}]}},"_links":{"self":[{"href":"https:\/\/mugardos.gal\/es\/wp-json\/wp\/v2\/posts\/16542"}],"collection":[{"href":"https:\/\/mugardos.gal\/es\/wp-json\/wp\/v2\/posts"}],"about":[{"href":"https:\/\/mugardos.gal\/es\/wp-json\/wp\/v2\/types\/post"}],"author":[{"embeddable":true,"href":"https:\/\/mugardos.gal\/es\/wp-json\/wp\/v2\/users\/5"}],"replies":[{"embeddable":true,"href":"https:\/\/mugardos.gal\/es\/wp-json\/wp\/v2\/comments?post=16542"}],"version-history":[{"count":1,"href":"https:\/\/mugardos.gal\/es\/wp-json\/wp\/v2\/posts\/16542\/revisions"}],"predecessor-version":[{"id":16543,"href":"https:\/\/mugardos.gal\/es\/wp-json\/wp\/v2\/posts\/16542\/revisions\/16543"}],"wp:featuredmedia":[{"embeddable":true,"href":"https:\/\/mugardos.gal\/es\/wp-json\/wp\/v2\/media\/16539"}],"wp:attachment":[{"href":"https:\/\/mugardos.gal\/es\/wp-json\/wp\/v2\/media?parent=16542"}],"wp:term":[{"taxonomy":"category","embeddable":true,"href":"https:\/\/mugardos.gal\/es\/wp-json\/wp\/v2\/categories?post=16542"},{"taxonomy":"post_tag","embeddable":true,"href":"https:\/\/mugardos.gal\/es\/wp-json\/wp\/v2\/tags?post=16542"}],"curies":[{"name":"wp","href":"https:\/\/api.w.org\/{rel}","templated":true}]}}