{"id":16489,"date":"2022-07-20T14:49:14","date_gmt":"2022-07-20T12:49:14","guid":{"rendered":"https:\/\/mugardos.gal\/el-seijo-celebra-las-fiestas-de-santiago-apostol\/"},"modified":"2022-07-20T14:49:14","modified_gmt":"2022-07-20T12:49:14","slug":"el-seijo-celebra-las-fiestas-de-santiago-apostol","status":"publish","type":"post","link":"https:\/\/mugardos.gal\/es\/el-seijo-celebra-las-fiestas-de-santiago-apostol\/","title":{"rendered":"EL SEIJO CELEBRA LAS FIESTAS DE SANTIAGO APOSTOL"},"content":{"rendered":"\n<h4><em>El Concello de Mugardos y la Sociedade de Amigos da Paisaxe Galega presentan un completo programa de actividades.<\/em><\/h4>\n\n<p>La concejala de Cultura, Bego\u00f1a Rold\u00f3s, y la Sociedad de Amigos da Paisaxe Galega (SAPG) presentaron hoy un programa de actividades de las Fiestas en honor de Santiago Ap\u00f3stol.&#13;\n<\/p>\n\n<p>Las actividades dar\u00e1n comienzo el pr\u00f3ximo viernes d\u00eda 22 con la actuaci\u00f3n del Grupo Am\u00e9rica de Vigo, a las 22:00 horas en el Parque de Beiramar.<\/p>\n\n<p>El s\u00e1bado desde las 13:00 horas se podr\u00e1 disfrutar de la sesi\u00f3n verm\u00fa amenizada con la m\u00fasica de Mar\u00eda, para dar paso a la gran paella en la Sociedad de Amigos da Paisaxe Galega, y el domingo a las 22:00 horas ser\u00e1 el momento de la queimada, tambi\u00e9n con m\u00fasica en vivo. &#13;\n&#13;\n<\/p>\n\n<p>El d\u00eda 25, o gran d\u00eda de Santiago AP\u00f3stol, la Rondalla Mugardesa realizar\u00e1 un pasacalles llenando las calles de O Seixo de nuestra m\u00fasica m\u00e1s popular. La agrupaci\u00f3n iniciar\u00e1 su actuaci\u00f3n saliendo de la SAPG para llegar hasta el final del puerto. A la vuelta, se ir\u00e1n realizando paradas en diversos puntos del recorrido para finalizar cantando en la Sociedade de Amigos da Paisaxe Galega.<\/p>\n\n<p>El \u00faltimo fin de semana del mes de julio se cerrar\u00e1n las celebraciones, el s\u00e1bado desde las 21:00 horas con una fiesta de disfraces para todos los p\u00fablicos en la Sociedade de Amigos da Paisaxe Galega, amenizada por Nueva Onda, y el domingo desde las 22:00 horas, con la actuaci\u00f3n musical de Antonio Barros en el Campo del R\u00efo, que presentar\u00e1 su espect\u00e1culo lleno de baladas de reconocidos artistas.<\/p>\n\n<p>Rold\u00f3s destac\u00f3 \u00abel buen resultado que tiene la estrecha colaboraci\u00f3n entre el Concello y el tejido cultural mugard\u00e9s. La programaci\u00f3n festiva de este final de mes en O Seixo pensamos que est\u00e1 a la m\u00e1xima altura, e invitamos a los vecinos a acercarse a O Seixo, a disfrutar de su belleza y de estas fiestas\u00bb.<\/p>\n\n<p><\/p>\n","protected":false},"excerpt":{"rendered":"<p>El Concello de Mugardos y la Sociedade de Amigos da Paisaxe Galega presentan un completo programa de actividades. La concejala de Cultura, Bego\u00f1a Rold\u00f3s, y la Sociedad de Amigos da Paisaxe Galega (SAPG) presentaron hoy un programa de actividades de las Fiestas en honor de Santiago Ap\u00f3stol.&#13; Las actividades dar\u00e1n comienzo el pr\u00f3ximo viernes d\u00eda [&hellip;]<\/p>\n","protected":false},"author":5,"featured_media":16484,"comment_status":"closed","ping_status":"closed","sticky":false,"template":"","format":"standard","meta":[],"categories":[50,12],"tags":[],"yoast_head":"<!-- This site is optimized with the Yoast SEO plugin v18.9 - https:\/\/yoast.com\/wordpress\/plugins\/seo\/ -->\n<title>EL SEIJO CELEBRA LAS FIESTAS DE SANTIAGO APOSTOL - Concello de Mugardos<\/title>\n<meta name=\"robots\" content=\"index, follow, max-snippet:-1, max-image-preview:large, max-video-preview:-1\" \/>\n<link rel=\"canonical\" href=\"https:\/\/mugardos.gal\/es\/el-seijo-celebra-las-fiestas-de-santiago-apostol\/\" \/>\n<meta property=\"og:locale\" content=\"es_ES\" \/>\n<meta property=\"og:type\" content=\"article\" \/>\n<meta property=\"og:title\" content=\"EL SEIJO CELEBRA LAS FIESTAS DE SANTIAGO APOSTOL - Concello de Mugardos\" \/>\n<meta property=\"og:description\" content=\"El Concello de Mugardos y la Sociedade de Amigos da Paisaxe Galega presentan un completo programa de actividades. La concejala de Cultura, Bego\u00f1a Rold\u00f3s, y la Sociedad de Amigos da Paisaxe Galega (SAPG) presentaron hoy un programa de actividades de las Fiestas en honor de Santiago Ap\u00f3stol.&#013; Las actividades dar\u00e1n comienzo el pr\u00f3ximo viernes d\u00eda [&hellip;]\" \/>\n<meta property=\"og:url\" content=\"https:\/\/mugardos.gal\/es\/el-seijo-celebra-las-fiestas-de-santiago-apostol\/\" \/>\n<meta property=\"og:site_name\" content=\"Concello de Mugardos\" \/>\n<meta property=\"article:published_time\" content=\"2022-07-20T12:49:14+00:00\" \/>\n<meta property=\"og:image\" content=\"https:\/\/mugardos.gal\/wp-content\/uploads\/2022\/07\/Festas-SAntiago-O-Seixo.jpeg\" \/>\n\t<meta property=\"og:image:width\" content=\"1080\" \/>\n\t<meta property=\"og:image:height\" content=\"1528\" \/>\n\t<meta property=\"og:image:type\" content=\"image\/jpeg\" \/>\n<meta name=\"twitter:card\" content=\"summary_large_image\" \/>\n<meta name=\"twitter:label1\" content=\"Escrito por\" \/>\n\t<meta name=\"twitter:data1\" content=\"maria_OCCIDENTE\" \/>\n\t<meta name=\"twitter:label2\" content=\"Tiempo de lectura\" \/>\n\t<meta name=\"twitter:data2\" content=\"2 minutos\" \/>\n<script type=\"application\/ld+json\" class=\"yoast-schema-graph\">{\"@context\":\"https:\/\/schema.org\",\"@graph\":[{\"@type\":\"WebSite\",\"@id\":\"https:\/\/mugardos.gal\/#website\",\"url\":\"https:\/\/mugardos.gal\/\",\"name\":\"Concello de Mugardos\",\"description\":\"\",\"potentialAction\":[{\"@type\":\"SearchAction\",\"target\":{\"@type\":\"EntryPoint\",\"urlTemplate\":\"https:\/\/mugardos.gal\/?s={search_term_string}\"},\"query-input\":\"required name=search_term_string\"}],\"inLanguage\":\"es\"},{\"@type\":\"ImageObject\",\"inLanguage\":\"es\",\"@id\":\"https:\/\/mugardos.gal\/es\/el-seijo-celebra-las-fiestas-de-santiago-apostol\/#primaryimage\",\"url\":\"https:\/\/mugardos.gal\/wp-content\/uploads\/2022\/07\/Festas-SAntiago-O-Seixo.jpeg\",\"contentUrl\":\"https:\/\/mugardos.gal\/wp-content\/uploads\/2022\/07\/Festas-SAntiago-O-Seixo.jpeg\",\"width\":1080,\"height\":1528},{\"@type\":\"WebPage\",\"@id\":\"https:\/\/mugardos.gal\/es\/el-seijo-celebra-las-fiestas-de-santiago-apostol\/#webpage\",\"url\":\"https:\/\/mugardos.gal\/es\/el-seijo-celebra-las-fiestas-de-santiago-apostol\/\",\"name\":\"EL SEIJO CELEBRA LAS FIESTAS DE SANTIAGO APOSTOL - Concello de Mugardos\",\"isPartOf\":{\"@id\":\"https:\/\/mugardos.gal\/#website\"},\"primaryImageOfPage\":{\"@id\":\"https:\/\/mugardos.gal\/es\/el-seijo-celebra-las-fiestas-de-santiago-apostol\/#primaryimage\"},\"datePublished\":\"2022-07-20T12:49:14+00:00\",\"dateModified\":\"2022-07-20T12:49:14+00:00\",\"author\":{\"@id\":\"https:\/\/mugardos.gal\/#\/schema\/person\/5003de8d638a334108335f5dc158539f\"},\"breadcrumb\":{\"@id\":\"https:\/\/mugardos.gal\/es\/el-seijo-celebra-las-fiestas-de-santiago-apostol\/#breadcrumb\"},\"inLanguage\":\"es\",\"potentialAction\":[{\"@type\":\"ReadAction\",\"target\":[\"https:\/\/mugardos.gal\/es\/el-seijo-celebra-las-fiestas-de-santiago-apostol\/\"]}]},{\"@type\":\"BreadcrumbList\",\"@id\":\"https:\/\/mugardos.gal\/es\/el-seijo-celebra-las-fiestas-de-santiago-apostol\/#breadcrumb\",\"itemListElement\":[{\"@type\":\"ListItem\",\"position\":1,\"name\":\"Portada\",\"item\":\"https:\/\/mugardos.gal\/es\/\"},{\"@type\":\"ListItem\",\"position\":2,\"name\":\"EL SEIJO CELEBRA LAS FIESTAS DE SANTIAGO APOSTOL\"}]},{\"@type\":\"Person\",\"@id\":\"https:\/\/mugardos.gal\/#\/schema\/person\/5003de8d638a334108335f5dc158539f\",\"name\":\"maria_OCCIDENTE\",\"url\":\"https:\/\/mugardos.gal\/es\/author\/maria_occidente\/\"}]}<\/script>\n<!-- \/ Yoast SEO plugin. -->","yoast_head_json":{"title":"EL SEIJO CELEBRA LAS FIESTAS DE SANTIAGO APOSTOL - Concello de Mugardos","robots":{"index":"index","follow":"follow","max-snippet":"max-snippet:-1","max-image-preview":"max-image-preview:large","max-video-preview":"max-video-preview:-1"},"canonical":"https:\/\/mugardos.gal\/es\/el-seijo-celebra-las-fiestas-de-santiago-apostol\/","og_locale":"es_ES","og_type":"article","og_title":"EL SEIJO CELEBRA LAS FIESTAS DE SANTIAGO APOSTOL - Concello de Mugardos","og_description":"El Concello de Mugardos y la Sociedade de Amigos da Paisaxe Galega presentan un completo programa de actividades. La concejala de Cultura, Bego\u00f1a Rold\u00f3s, y la Sociedad de Amigos da Paisaxe Galega (SAPG) presentaron hoy un programa de actividades de las Fiestas en honor de Santiago Ap\u00f3stol.&#13; Las actividades dar\u00e1n comienzo el pr\u00f3ximo viernes d\u00eda [&hellip;]","og_url":"https:\/\/mugardos.gal\/es\/el-seijo-celebra-las-fiestas-de-santiago-apostol\/","og_site_name":"Concello de Mugardos","article_published_time":"2022-07-20T12:49:14+00:00","og_image":[{"width":1080,"height":1528,"url":"https:\/\/mugardos.gal\/wp-content\/uploads\/2022\/07\/Festas-SAntiago-O-Seixo.jpeg","type":"image\/jpeg"}],"twitter_card":"summary_large_image","twitter_misc":{"Escrito por":"maria_OCCIDENTE","Tiempo de lectura":"2 minutos"},"schema":{"@context":"https:\/\/schema.org","@graph":[{"@type":"WebSite","@id":"https:\/\/mugardos.gal\/#website","url":"https:\/\/mugardos.gal\/","name":"Concello de Mugardos","description":"","potentialAction":[{"@type":"SearchAction","target":{"@type":"EntryPoint","urlTemplate":"https:\/\/mugardos.gal\/?s={search_term_string}"},"query-input":"required name=search_term_string"}],"inLanguage":"es"},{"@type":"ImageObject","inLanguage":"es","@id":"https:\/\/mugardos.gal\/es\/el-seijo-celebra-las-fiestas-de-santiago-apostol\/#primaryimage","url":"https:\/\/mugardos.gal\/wp-content\/uploads\/2022\/07\/Festas-SAntiago-O-Seixo.jpeg","contentUrl":"https:\/\/mugardos.gal\/wp-content\/uploads\/2022\/07\/Festas-SAntiago-O-Seixo.jpeg","width":1080,"height":1528},{"@type":"WebPage","@id":"https:\/\/mugardos.gal\/es\/el-seijo-celebra-las-fiestas-de-santiago-apostol\/#webpage","url":"https:\/\/mugardos.gal\/es\/el-seijo-celebra-las-fiestas-de-santiago-apostol\/","name":"EL SEIJO CELEBRA LAS FIESTAS DE SANTIAGO APOSTOL - Concello de Mugardos","isPartOf":{"@id":"https:\/\/mugardos.gal\/#website"},"primaryImageOfPage":{"@id":"https:\/\/mugardos.gal\/es\/el-seijo-celebra-las-fiestas-de-santiago-apostol\/#primaryimage"},"datePublished":"2022-07-20T12:49:14+00:00","dateModified":"2022-07-20T12:49:14+00:00","author":{"@id":"https:\/\/mugardos.gal\/#\/schema\/person\/5003de8d638a334108335f5dc158539f"},"breadcrumb":{"@id":"https:\/\/mugardos.gal\/es\/el-seijo-celebra-las-fiestas-de-santiago-apostol\/#breadcrumb"},"inLanguage":"es","potentialAction":[{"@type":"ReadAction","target":["https:\/\/mugardos.gal\/es\/el-seijo-celebra-las-fiestas-de-santiago-apostol\/"]}]},{"@type":"BreadcrumbList","@id":"https:\/\/mugardos.gal\/es\/el-seijo-celebra-las-fiestas-de-santiago-apostol\/#breadcrumb","itemListElement":[{"@type":"ListItem","position":1,"name":"Portada","item":"https:\/\/mugardos.gal\/es\/"},{"@type":"ListItem","position":2,"name":"EL SEIJO CELEBRA LAS FIESTAS DE SANTIAGO APOSTOL"}]},{"@type":"Person","@id":"https:\/\/mugardos.gal\/#\/schema\/person\/5003de8d638a334108335f5dc158539f","name":"maria_OCCIDENTE","url":"https:\/\/mugardos.gal\/es\/author\/maria_occidente\/"}]}},"_links":{"self":[{"href":"https:\/\/mugardos.gal\/es\/wp-json\/wp\/v2\/posts\/16489"}],"collection":[{"href":"https:\/\/mugardos.gal\/es\/wp-json\/wp\/v2\/posts"}],"about":[{"href":"https:\/\/mugardos.gal\/es\/wp-json\/wp\/v2\/types\/post"}],"author":[{"embeddable":true,"href":"https:\/\/mugardos.gal\/es\/wp-json\/wp\/v2\/users\/5"}],"replies":[{"embeddable":true,"href":"https:\/\/mugardos.gal\/es\/wp-json\/wp\/v2\/comments?post=16489"}],"version-history":[{"count":1,"href":"https:\/\/mugardos.gal\/es\/wp-json\/wp\/v2\/posts\/16489\/revisions"}],"predecessor-version":[{"id":16490,"href":"https:\/\/mugardos.gal\/es\/wp-json\/wp\/v2\/posts\/16489\/revisions\/16490"}],"wp:featuredmedia":[{"embeddable":true,"href":"https:\/\/mugardos.gal\/es\/wp-json\/wp\/v2\/media\/16484"}],"wp:attachment":[{"href":"https:\/\/mugardos.gal\/es\/wp-json\/wp\/v2\/media?parent=16489"}],"wp:term":[{"taxonomy":"category","embeddable":true,"href":"https:\/\/mugardos.gal\/es\/wp-json\/wp\/v2\/categories?post=16489"},{"taxonomy":"post_tag","embeddable":true,"href":"https:\/\/mugardos.gal\/es\/wp-json\/wp\/v2\/tags?post=16489"}],"curies":[{"name":"wp","href":"https:\/\/api.w.org\/{rel}","templated":true}]}}