{"id":16302,"date":"2022-07-15T12:22:51","date_gmt":"2022-07-15T10:22:51","guid":{"rendered":"https:\/\/mugardos.gal\/convocatoria-y-bases-del-proceso-selectivo-para-la-contratacion-de-personal-de-brigada-de-prevencion-y-defensa-contraincendios-forestales\/"},"modified":"2022-07-15T15:23:21","modified_gmt":"2022-07-15T13:23:21","slug":"convocatoria-y-bases-del-proceso-selectivo-para-la-contratacion-de-personal-de-brigada-de-prevencion-y-defensa-contraincendios-forestales","status":"publish","type":"post","link":"https:\/\/mugardos.gal\/es\/convocatoria-y-bases-del-proceso-selectivo-para-la-contratacion-de-personal-de-brigada-de-prevencion-y-defensa-contraincendios-forestales\/","title":{"rendered":"CONVOCATORIA Y BASES DEL PROCESO SELECTIVO PARA LA CONTRATACI\u00d3N DE PERSONAL DE BRIGADA DE PREVENCI\u00d3N Y DEFENSA CONTRAINCENDIOS FORESTALES"},"content":{"rendered":"\n<div class=\"wp-block-image\"><figure class=\"aligncenter size-full\"><img loading=\"lazy\" width=\"288\" height=\"88\" src=\"https:\/\/mugardos.gal\/wp-content\/uploads\/2022\/07\/image.jpeg\" alt=\"\" class=\"wp-image-16357\"\/><\/figure><\/div>\n\n<p>Contrataci\u00f3n laboral temporal del personal de brigada de prevenci\u00f3n y defensa contraincendios forestales del Concello de Mugardos 2022, compuesta por 1 jefe de brigada, 1 pe\u00f3n conductor y 3 peones.<\/p>\n\n<p>(Bajo el Convenio interadministrativo subscrito entre la Conseller\u00eda do Medio Rural y la entidad local Concello de Mugardos para la realizaci\u00f3n de acciones de prevenci\u00f3n y defensa contra los incendios forestales durante el a\u00f1o 2022, cofinanciado parcialmente con el Fondo Europeo Agr\u00edcola de Desenvolvemento Rural (FEADER) en el marco del Programa de Desenvolvemento Rural (PDR) de Galicia 2014-2020).<\/p>\n\n<div class=\"wp-block-file\"><object class=\"wp-block-file__embed\" data=\"https:\/\/mugardos.gal\/wp-content\/uploads\/2022\/07\/20220715_ANUNCIO-BOP-NUM.-134-DE-15.07.2022-BASES-E-CONVOCATORIA-BRIGADAS-CONTRAINCENDIOS-1.pdf\" type=\"application\/pdf\" style=\"width:100%;height:600px\" aria-label=\"Incrustado de Descargar convocatoria e bases.\"><\/object><a id=\"wp-block-file--media-f0981a49-98b8-4136-a129-3a3afa466515\" href=\"https:\/\/mugardos.gal\/wp-content\/uploads\/2022\/07\/20220715_ANUNCIO-BOP-NUM.-134-DE-15.07.2022-BASES-E-CONVOCATORIA-BRIGADAS-CONTRAINCENDIOS-1.pdf\">Descargar convocatoria y bases<\/a><a href=\"https:\/\/mugardos.gal\/wp-content\/uploads\/2022\/07\/20220715_ANUNCIO-BOP-NUM.-134-DE-15.07.2022-BASES-E-CONVOCATORIA-BRIGADAS-CONTRAINCENDIOS-1.pdf\" class=\"wp-block-file__button\" download=\"\" aria-describedby=\"wp-block-file--media-f0981a49-98b8-4136-a129-3a3afa466515\">Descarga\t <\/a><\/div>\n\n<p><\/p>\n\n<div class=\"wp-block-file\"><object class=\"wp-block-file__embed\" data=\"https:\/\/mugardos.gal\/wp-content\/uploads\/2022\/07\/20220715_INSTANCIA-BRIGADA-PREVENCION-E-EXTINCION-INCENDIOS-2022-3.pdf\" type=\"application\/pdf\" style=\"width:100%;height:600px\" aria-label=\"Incrustado de Descargar solicitude de admisi&#xF3;n.\"><\/object><a id=\"wp-block-file--media-d4186e3b-d93d-45e9-954c-efcb557e4ffa\" href=\"https:\/\/mugardos.gal\/wp-content\/uploads\/2022\/07\/20220715_INSTANCIA-BRIGADA-PREVENCION-E-EXTINCION-INCENDIOS-2022-3.pdf\">Descargar solicitud de admisi\u00f3n<\/a><a href=\"https:\/\/mugardos.gal\/wp-content\/uploads\/2022\/07\/20220715_INSTANCIA-BRIGADA-PREVENCION-E-EXTINCION-INCENDIOS-2022-3.pdf\" class=\"wp-block-file__button\" download=\"\" aria-describedby=\"wp-block-file--media-d4186e3b-d93d-45e9-954c-efcb557e4ffa\">Descarga\t <\/a><\/div>\n\n<div class=\"wp-block-file\"><object class=\"wp-block-file__embed\" data=\"https:\/\/mugardos.gal\/wp-content\/uploads\/2022\/07\/20220715_Publicacion_Anuncio_ANUNCIO-B-RIGADA-INCENDIOS-MUGARDOS-2022-1.pdf\" type=\"application\/pdf\" style=\"width:100%;height:600px\" aria-label=\"Incrustado de Descargar anuncio.\"><\/object><a id=\"wp-block-file--media-0de0dfcf-d918-49d0-9af1-35ff8a3dbec6\" href=\"https:\/\/mugardos.gal\/wp-content\/uploads\/2022\/07\/20220715_Publicacion_Anuncio_ANUNCIO-B-RIGADA-INCENDIOS-MUGARDOS-2022-1.pdf\">Descargar anuncio<\/a><a href=\"https:\/\/mugardos.gal\/wp-content\/uploads\/2022\/07\/20220715_Publicacion_Anuncio_ANUNCIO-B-RIGADA-INCENDIOS-MUGARDOS-2022-1.pdf\" class=\"wp-block-file__button\" download=\"\" aria-describedby=\"wp-block-file--media-0de0dfcf-d918-49d0-9af1-35ff8a3dbec6\">Descarga\t <\/a><\/div>\n","protected":false},"excerpt":{"rendered":"<p>Contrataci\u00f3n laboral temporal del personal de brigada de prevenci\u00f3n y defensa contraincendios forestales del Concello de Mugardos 2022, compuesta por 1 jefe de brigada, 1 pe\u00f3n conductor y 3 peones. (Bajo el Convenio interadministrativo subscrito entre la Conseller\u00eda do Medio Rural y la entidad local Concello de Mugardos para la realizaci\u00f3n de acciones de prevenci\u00f3n [&hellip;]<\/p>\n","protected":false},"author":5,"featured_media":0,"comment_status":"closed","ping_status":"closed","sticky":false,"template":"","format":"standard","meta":[],"categories":[12,37],"tags":[],"yoast_head":"<!-- This site is optimized with the Yoast SEO plugin v18.9 - https:\/\/yoast.com\/wordpress\/plugins\/seo\/ -->\n<title>CONVOCATORIA Y BASES DEL PROCESO SELECTIVO PARA LA CONTRATACI\u00d3N DE PERSONAL DE BRIGADA DE PREVENCI\u00d3N Y DEFENSA CONTRAINCENDIOS FORESTALES - Concello de Mugardos<\/title>\n<meta name=\"robots\" content=\"index, follow, max-snippet:-1, max-image-preview:large, max-video-preview:-1\" \/>\n<link rel=\"canonical\" href=\"https:\/\/mugardos.gal\/es\/convocatoria-y-bases-del-proceso-selectivo-para-la-contratacion-de-personal-de-brigada-de-prevencion-y-defensa-contraincendios-forestales\/\" \/>\n<meta property=\"og:locale\" content=\"es_ES\" \/>\n<meta property=\"og:type\" content=\"article\" \/>\n<meta property=\"og:title\" content=\"CONVOCATORIA Y BASES DEL PROCESO SELECTIVO PARA LA CONTRATACI\u00d3N DE PERSONAL DE BRIGADA DE PREVENCI\u00d3N Y DEFENSA CONTRAINCENDIOS FORESTALES - Concello de Mugardos\" \/>\n<meta property=\"og:description\" content=\"Contrataci\u00f3n laboral temporal del personal de brigada de prevenci\u00f3n y defensa contraincendios forestales del Concello de Mugardos 2022, compuesta por 1 jefe de brigada, 1 pe\u00f3n conductor y 3 peones. (Bajo el Convenio interadministrativo subscrito entre la Conseller\u00eda do Medio Rural y la entidad local Concello de Mugardos para la realizaci\u00f3n de acciones de prevenci\u00f3n [&hellip;]\" \/>\n<meta property=\"og:url\" content=\"https:\/\/mugardos.gal\/es\/convocatoria-y-bases-del-proceso-selectivo-para-la-contratacion-de-personal-de-brigada-de-prevencion-y-defensa-contraincendios-forestales\/\" \/>\n<meta property=\"og:site_name\" content=\"Concello de Mugardos\" \/>\n<meta property=\"article:published_time\" content=\"2022-07-15T10:22:51+00:00\" \/>\n<meta property=\"article:modified_time\" content=\"2022-07-15T13:23:21+00:00\" \/>\n<meta property=\"og:image\" content=\"https:\/\/mugardos.gal\/wp-content\/uploads\/2022\/07\/image.jpeg\" \/>\n<meta name=\"twitter:card\" content=\"summary_large_image\" \/>\n<meta name=\"twitter:label1\" content=\"Escrito por\" \/>\n\t<meta name=\"twitter:data1\" content=\"maria_OCCIDENTE\" \/>\n\t<meta name=\"twitter:label2\" content=\"Tiempo de lectura\" \/>\n\t<meta name=\"twitter:data2\" content=\"1 minuto\" \/>\n<script type=\"application\/ld+json\" class=\"yoast-schema-graph\">{\"@context\":\"https:\/\/schema.org\",\"@graph\":[{\"@type\":\"WebSite\",\"@id\":\"https:\/\/mugardos.gal\/#website\",\"url\":\"https:\/\/mugardos.gal\/\",\"name\":\"Concello de Mugardos\",\"description\":\"\",\"potentialAction\":[{\"@type\":\"SearchAction\",\"target\":{\"@type\":\"EntryPoint\",\"urlTemplate\":\"https:\/\/mugardos.gal\/?s={search_term_string}\"},\"query-input\":\"required name=search_term_string\"}],\"inLanguage\":\"es\"},{\"@type\":\"ImageObject\",\"inLanguage\":\"es\",\"@id\":\"https:\/\/mugardos.gal\/es\/convocatoria-y-bases-del-proceso-selectivo-para-la-contratacion-de-personal-de-brigada-de-prevencion-y-defensa-contraincendios-forestales\/#primaryimage\",\"url\":\"https:\/\/mugardos.gal\/wp-content\/uploads\/2022\/07\/image.jpeg\",\"contentUrl\":\"https:\/\/mugardos.gal\/wp-content\/uploads\/2022\/07\/image.jpeg\",\"width\":288,\"height\":88},{\"@type\":\"WebPage\",\"@id\":\"https:\/\/mugardos.gal\/es\/convocatoria-y-bases-del-proceso-selectivo-para-la-contratacion-de-personal-de-brigada-de-prevencion-y-defensa-contraincendios-forestales\/#webpage\",\"url\":\"https:\/\/mugardos.gal\/es\/convocatoria-y-bases-del-proceso-selectivo-para-la-contratacion-de-personal-de-brigada-de-prevencion-y-defensa-contraincendios-forestales\/\",\"name\":\"CONVOCATORIA Y BASES DEL PROCESO SELECTIVO PARA LA CONTRATACI\u00d3N DE PERSONAL DE BRIGADA DE PREVENCI\u00d3N Y DEFENSA CONTRAINCENDIOS FORESTALES - Concello de Mugardos\",\"isPartOf\":{\"@id\":\"https:\/\/mugardos.gal\/#website\"},\"primaryImageOfPage\":{\"@id\":\"https:\/\/mugardos.gal\/es\/convocatoria-y-bases-del-proceso-selectivo-para-la-contratacion-de-personal-de-brigada-de-prevencion-y-defensa-contraincendios-forestales\/#primaryimage\"},\"datePublished\":\"2022-07-15T10:22:51+00:00\",\"dateModified\":\"2022-07-15T13:23:21+00:00\",\"author\":{\"@id\":\"https:\/\/mugardos.gal\/#\/schema\/person\/5003de8d638a334108335f5dc158539f\"},\"breadcrumb\":{\"@id\":\"https:\/\/mugardos.gal\/es\/convocatoria-y-bases-del-proceso-selectivo-para-la-contratacion-de-personal-de-brigada-de-prevencion-y-defensa-contraincendios-forestales\/#breadcrumb\"},\"inLanguage\":\"es\",\"potentialAction\":[{\"@type\":\"ReadAction\",\"target\":[\"https:\/\/mugardos.gal\/es\/convocatoria-y-bases-del-proceso-selectivo-para-la-contratacion-de-personal-de-brigada-de-prevencion-y-defensa-contraincendios-forestales\/\"]}]},{\"@type\":\"BreadcrumbList\",\"@id\":\"https:\/\/mugardos.gal\/es\/convocatoria-y-bases-del-proceso-selectivo-para-la-contratacion-de-personal-de-brigada-de-prevencion-y-defensa-contraincendios-forestales\/#breadcrumb\",\"itemListElement\":[{\"@type\":\"ListItem\",\"position\":1,\"name\":\"Portada\",\"item\":\"https:\/\/mugardos.gal\/es\/\"},{\"@type\":\"ListItem\",\"position\":2,\"name\":\"CONVOCATORIA Y BASES DEL PROCESO SELECTIVO PARA LA CONTRATACI\u00d3N DE PERSONAL DE BRIGADA DE PREVENCI\u00d3N Y DEFENSA CONTRAINCENDIOS FORESTALES\"}]},{\"@type\":\"Person\",\"@id\":\"https:\/\/mugardos.gal\/#\/schema\/person\/5003de8d638a334108335f5dc158539f\",\"name\":\"maria_OCCIDENTE\",\"url\":\"https:\/\/mugardos.gal\/es\/author\/maria_occidente\/\"}]}<\/script>\n<!-- \/ Yoast SEO plugin. -->","yoast_head_json":{"title":"CONVOCATORIA Y BASES DEL PROCESO SELECTIVO PARA LA CONTRATACI\u00d3N DE PERSONAL DE BRIGADA DE PREVENCI\u00d3N Y DEFENSA CONTRAINCENDIOS FORESTALES - Concello de Mugardos","robots":{"index":"index","follow":"follow","max-snippet":"max-snippet:-1","max-image-preview":"max-image-preview:large","max-video-preview":"max-video-preview:-1"},"canonical":"https:\/\/mugardos.gal\/es\/convocatoria-y-bases-del-proceso-selectivo-para-la-contratacion-de-personal-de-brigada-de-prevencion-y-defensa-contraincendios-forestales\/","og_locale":"es_ES","og_type":"article","og_title":"CONVOCATORIA Y BASES DEL PROCESO SELECTIVO PARA LA CONTRATACI\u00d3N DE PERSONAL DE BRIGADA DE PREVENCI\u00d3N Y DEFENSA CONTRAINCENDIOS FORESTALES - Concello de Mugardos","og_description":"Contrataci\u00f3n laboral temporal del personal de brigada de prevenci\u00f3n y defensa contraincendios forestales del Concello de Mugardos 2022, compuesta por 1 jefe de brigada, 1 pe\u00f3n conductor y 3 peones. (Bajo el Convenio interadministrativo subscrito entre la Conseller\u00eda do Medio Rural y la entidad local Concello de Mugardos para la realizaci\u00f3n de acciones de prevenci\u00f3n [&hellip;]","og_url":"https:\/\/mugardos.gal\/es\/convocatoria-y-bases-del-proceso-selectivo-para-la-contratacion-de-personal-de-brigada-de-prevencion-y-defensa-contraincendios-forestales\/","og_site_name":"Concello de Mugardos","article_published_time":"2022-07-15T10:22:51+00:00","article_modified_time":"2022-07-15T13:23:21+00:00","og_image":[{"url":"https:\/\/mugardos.gal\/wp-content\/uploads\/2022\/07\/image.jpeg"}],"twitter_card":"summary_large_image","twitter_misc":{"Escrito por":"maria_OCCIDENTE","Tiempo de lectura":"1 minuto"},"schema":{"@context":"https:\/\/schema.org","@graph":[{"@type":"WebSite","@id":"https:\/\/mugardos.gal\/#website","url":"https:\/\/mugardos.gal\/","name":"Concello de Mugardos","description":"","potentialAction":[{"@type":"SearchAction","target":{"@type":"EntryPoint","urlTemplate":"https:\/\/mugardos.gal\/?s={search_term_string}"},"query-input":"required name=search_term_string"}],"inLanguage":"es"},{"@type":"ImageObject","inLanguage":"es","@id":"https:\/\/mugardos.gal\/es\/convocatoria-y-bases-del-proceso-selectivo-para-la-contratacion-de-personal-de-brigada-de-prevencion-y-defensa-contraincendios-forestales\/#primaryimage","url":"https:\/\/mugardos.gal\/wp-content\/uploads\/2022\/07\/image.jpeg","contentUrl":"https:\/\/mugardos.gal\/wp-content\/uploads\/2022\/07\/image.jpeg","width":288,"height":88},{"@type":"WebPage","@id":"https:\/\/mugardos.gal\/es\/convocatoria-y-bases-del-proceso-selectivo-para-la-contratacion-de-personal-de-brigada-de-prevencion-y-defensa-contraincendios-forestales\/#webpage","url":"https:\/\/mugardos.gal\/es\/convocatoria-y-bases-del-proceso-selectivo-para-la-contratacion-de-personal-de-brigada-de-prevencion-y-defensa-contraincendios-forestales\/","name":"CONVOCATORIA Y BASES DEL PROCESO SELECTIVO PARA LA CONTRATACI\u00d3N DE PERSONAL DE BRIGADA DE PREVENCI\u00d3N Y DEFENSA CONTRAINCENDIOS FORESTALES - Concello de Mugardos","isPartOf":{"@id":"https:\/\/mugardos.gal\/#website"},"primaryImageOfPage":{"@id":"https:\/\/mugardos.gal\/es\/convocatoria-y-bases-del-proceso-selectivo-para-la-contratacion-de-personal-de-brigada-de-prevencion-y-defensa-contraincendios-forestales\/#primaryimage"},"datePublished":"2022-07-15T10:22:51+00:00","dateModified":"2022-07-15T13:23:21+00:00","author":{"@id":"https:\/\/mugardos.gal\/#\/schema\/person\/5003de8d638a334108335f5dc158539f"},"breadcrumb":{"@id":"https:\/\/mugardos.gal\/es\/convocatoria-y-bases-del-proceso-selectivo-para-la-contratacion-de-personal-de-brigada-de-prevencion-y-defensa-contraincendios-forestales\/#breadcrumb"},"inLanguage":"es","potentialAction":[{"@type":"ReadAction","target":["https:\/\/mugardos.gal\/es\/convocatoria-y-bases-del-proceso-selectivo-para-la-contratacion-de-personal-de-brigada-de-prevencion-y-defensa-contraincendios-forestales\/"]}]},{"@type":"BreadcrumbList","@id":"https:\/\/mugardos.gal\/es\/convocatoria-y-bases-del-proceso-selectivo-para-la-contratacion-de-personal-de-brigada-de-prevencion-y-defensa-contraincendios-forestales\/#breadcrumb","itemListElement":[{"@type":"ListItem","position":1,"name":"Portada","item":"https:\/\/mugardos.gal\/es\/"},{"@type":"ListItem","position":2,"name":"CONVOCATORIA Y BASES DEL PROCESO SELECTIVO PARA LA CONTRATACI\u00d3N DE PERSONAL DE BRIGADA DE PREVENCI\u00d3N Y DEFENSA CONTRAINCENDIOS FORESTALES"}]},{"@type":"Person","@id":"https:\/\/mugardos.gal\/#\/schema\/person\/5003de8d638a334108335f5dc158539f","name":"maria_OCCIDENTE","url":"https:\/\/mugardos.gal\/es\/author\/maria_occidente\/"}]}},"_links":{"self":[{"href":"https:\/\/mugardos.gal\/es\/wp-json\/wp\/v2\/posts\/16302"}],"collection":[{"href":"https:\/\/mugardos.gal\/es\/wp-json\/wp\/v2\/posts"}],"about":[{"href":"https:\/\/mugardos.gal\/es\/wp-json\/wp\/v2\/types\/post"}],"author":[{"embeddable":true,"href":"https:\/\/mugardos.gal\/es\/wp-json\/wp\/v2\/users\/5"}],"replies":[{"embeddable":true,"href":"https:\/\/mugardos.gal\/es\/wp-json\/wp\/v2\/comments?post=16302"}],"version-history":[{"count":2,"href":"https:\/\/mugardos.gal\/es\/wp-json\/wp\/v2\/posts\/16302\/revisions"}],"predecessor-version":[{"id":16359,"href":"https:\/\/mugardos.gal\/es\/wp-json\/wp\/v2\/posts\/16302\/revisions\/16359"}],"wp:attachment":[{"href":"https:\/\/mugardos.gal\/es\/wp-json\/wp\/v2\/media?parent=16302"}],"wp:term":[{"taxonomy":"category","embeddable":true,"href":"https:\/\/mugardos.gal\/es\/wp-json\/wp\/v2\/categories?post=16302"},{"taxonomy":"post_tag","embeddable":true,"href":"https:\/\/mugardos.gal\/es\/wp-json\/wp\/v2\/tags?post=16302"}],"curies":[{"name":"wp","href":"https:\/\/api.w.org\/{rel}","templated":true}]}}