{"id":16027,"date":"2022-06-29T17:25:12","date_gmt":"2022-06-29T15:25:12","guid":{"rendered":"https:\/\/mugardos.gal\/cambio-de-horarios-de-la-oficina-de-rehabilitacion\/"},"modified":"2022-06-29T17:25:12","modified_gmt":"2022-06-29T15:25:12","slug":"cambio-de-horarios-de-la-oficina-de-rehabilitacion","status":"publish","type":"post","link":"https:\/\/mugardos.gal\/es\/cambio-de-horarios-de-la-oficina-de-rehabilitacion\/","title":{"rendered":"CAMBIO DE HORARIOS DE LA OFICINA DE REHABILITACI\u00d3N"},"content":{"rendered":"\n<p>La oficina de rehabilitaci\u00f3n cambia sus horarios en estos meses de Julio y Agosto:<\/p>\n\n<h5>Julio:<\/h5>\n\n<ul><li>MI\u00c9RCOLES 6 (8:30 AM A 14:30 Y DE 15:30 A 20:00)<\/li><li>MI\u00c9RCOLES  13 (8:30 AM A 14:30 Y DE 15:30 A 20:00)<\/li><li>MI\u00c9RCOLES  20 (8:30 AM A 14:30 Y DE 15:30 A 20:00)<\/li><li>MARTES 26 (8:30 AM A 14:30 Y DE 15:30 A 20:00)<\/li><li>MI\u00c9RCOLES  27 (8:30 AM A 14:30 Y DE 15:30 A 20:00)\u00a0<\/li><\/ul>\n\n<h5>AGOSTO:<\/h5>\n\n<ul><li>MI\u00c9RCOLES 3 (8:30 AM A 14:30 Y DE 15:30 A 20:00)<\/li><li>MI\u00c9RCOLES 31 (8:30 AM A 14:30 Y DE 15:30 A 20:00)\u00a0<\/li><\/ul>\n\n<p>La atenci\u00f3n telef\u00f3nica ser\u00e1 de lunes a S\u00e1bado por la ma\u00f1ana en horario diurno, como habitualmente, excepto entre los d\u00edas 8 y 27 de agosto en que solo se atender\u00e1 mediante correo electr\u00f3nico (agvirosta@coag.es) o whatsapp (677477558)<\/p>\n\n<p><\/p>\n","protected":false},"excerpt":{"rendered":"<p>La oficina de rehabilitaci\u00f3n cambia sus horarios en estos meses de Julio y Agosto: Julio: MI\u00c9RCOLES 6 (8:30 AM A 14:30 Y DE 15:30 A 20:00) MI\u00c9RCOLES 13 (8:30 AM A 14:30 Y DE 15:30 A 20:00) MI\u00c9RCOLES 20 (8:30 AM A 14:30 Y DE 15:30 A 20:00) MARTES 26 (8:30 AM A 14:30 Y [&hellip;]<\/p>\n","protected":false},"author":5,"featured_media":12234,"comment_status":"closed","ping_status":"closed","sticky":false,"template":"","format":"standard","meta":[],"categories":[12],"tags":[],"yoast_head":"<!-- This site is optimized with the Yoast SEO plugin v18.9 - https:\/\/yoast.com\/wordpress\/plugins\/seo\/ -->\n<title>CAMBIO DE HORARIOS DE LA OFICINA DE REHABILITACI\u00d3N - Concello de Mugardos<\/title>\n<meta name=\"robots\" content=\"index, follow, max-snippet:-1, max-image-preview:large, max-video-preview:-1\" \/>\n<link rel=\"canonical\" href=\"https:\/\/mugardos.gal\/es\/cambio-de-horarios-de-la-oficina-de-rehabilitacion\/\" \/>\n<meta property=\"og:locale\" content=\"es_ES\" \/>\n<meta property=\"og:type\" content=\"article\" \/>\n<meta property=\"og:title\" content=\"CAMBIO DE HORARIOS DE LA OFICINA DE REHABILITACI\u00d3N - Concello de Mugardos\" \/>\n<meta property=\"og:description\" content=\"La oficina de rehabilitaci\u00f3n cambia sus horarios en estos meses de Julio y Agosto: Julio: MI\u00c9RCOLES 6 (8:30 AM A 14:30 Y DE 15:30 A 20:00) MI\u00c9RCOLES 13 (8:30 AM A 14:30 Y DE 15:30 A 20:00) MI\u00c9RCOLES 20 (8:30 AM A 14:30 Y DE 15:30 A 20:00) MARTES 26 (8:30 AM A 14:30 Y [&hellip;]\" \/>\n<meta property=\"og:url\" content=\"https:\/\/mugardos.gal\/es\/cambio-de-horarios-de-la-oficina-de-rehabilitacion\/\" \/>\n<meta property=\"og:site_name\" content=\"Concello de Mugardos\" \/>\n<meta property=\"article:published_time\" content=\"2022-06-29T15:25:12+00:00\" \/>\n<meta property=\"og:image\" content=\"https:\/\/mugardos.gal\/wp-content\/uploads\/2021\/05\/Casa-do-Concello.jpg\" \/>\n\t<meta property=\"og:image:width\" content=\"466\" \/>\n\t<meta property=\"og:image:height\" content=\"426\" \/>\n\t<meta property=\"og:image:type\" content=\"image\/jpeg\" \/>\n<meta name=\"twitter:card\" content=\"summary_large_image\" \/>\n<meta name=\"twitter:label1\" content=\"Escrito por\" \/>\n\t<meta name=\"twitter:data1\" content=\"maria_OCCIDENTE\" \/>\n\t<meta name=\"twitter:label2\" content=\"Tiempo de lectura\" \/>\n\t<meta name=\"twitter:data2\" content=\"1 minuto\" \/>\n<script type=\"application\/ld+json\" class=\"yoast-schema-graph\">{\"@context\":\"https:\/\/schema.org\",\"@graph\":[{\"@type\":\"WebSite\",\"@id\":\"https:\/\/mugardos.gal\/#website\",\"url\":\"https:\/\/mugardos.gal\/\",\"name\":\"Concello de Mugardos\",\"description\":\"\",\"potentialAction\":[{\"@type\":\"SearchAction\",\"target\":{\"@type\":\"EntryPoint\",\"urlTemplate\":\"https:\/\/mugardos.gal\/?s={search_term_string}\"},\"query-input\":\"required name=search_term_string\"}],\"inLanguage\":\"es\"},{\"@type\":\"ImageObject\",\"inLanguage\":\"es\",\"@id\":\"https:\/\/mugardos.gal\/es\/cambio-de-horarios-de-la-oficina-de-rehabilitacion\/#primaryimage\",\"url\":\"https:\/\/mugardos.gal\/wp-content\/uploads\/2021\/05\/Casa-do-Concello.jpg\",\"contentUrl\":\"https:\/\/mugardos.gal\/wp-content\/uploads\/2021\/05\/Casa-do-Concello.jpg\",\"width\":466,\"height\":426},{\"@type\":\"WebPage\",\"@id\":\"https:\/\/mugardos.gal\/es\/cambio-de-horarios-de-la-oficina-de-rehabilitacion\/#webpage\",\"url\":\"https:\/\/mugardos.gal\/es\/cambio-de-horarios-de-la-oficina-de-rehabilitacion\/\",\"name\":\"CAMBIO DE HORARIOS DE LA OFICINA DE REHABILITACI\u00d3N - Concello de Mugardos\",\"isPartOf\":{\"@id\":\"https:\/\/mugardos.gal\/#website\"},\"primaryImageOfPage\":{\"@id\":\"https:\/\/mugardos.gal\/es\/cambio-de-horarios-de-la-oficina-de-rehabilitacion\/#primaryimage\"},\"datePublished\":\"2022-06-29T15:25:12+00:00\",\"dateModified\":\"2022-06-29T15:25:12+00:00\",\"author\":{\"@id\":\"https:\/\/mugardos.gal\/#\/schema\/person\/5003de8d638a334108335f5dc158539f\"},\"breadcrumb\":{\"@id\":\"https:\/\/mugardos.gal\/es\/cambio-de-horarios-de-la-oficina-de-rehabilitacion\/#breadcrumb\"},\"inLanguage\":\"es\",\"potentialAction\":[{\"@type\":\"ReadAction\",\"target\":[\"https:\/\/mugardos.gal\/es\/cambio-de-horarios-de-la-oficina-de-rehabilitacion\/\"]}]},{\"@type\":\"BreadcrumbList\",\"@id\":\"https:\/\/mugardos.gal\/es\/cambio-de-horarios-de-la-oficina-de-rehabilitacion\/#breadcrumb\",\"itemListElement\":[{\"@type\":\"ListItem\",\"position\":1,\"name\":\"Portada\",\"item\":\"https:\/\/mugardos.gal\/es\/\"},{\"@type\":\"ListItem\",\"position\":2,\"name\":\"CAMBIO DE HORARIOS DE LA OFICINA DE REHABILITACI\u00d3N\"}]},{\"@type\":\"Person\",\"@id\":\"https:\/\/mugardos.gal\/#\/schema\/person\/5003de8d638a334108335f5dc158539f\",\"name\":\"maria_OCCIDENTE\",\"url\":\"https:\/\/mugardos.gal\/es\/author\/maria_occidente\/\"}]}<\/script>\n<!-- \/ Yoast SEO plugin. -->","yoast_head_json":{"title":"CAMBIO DE HORARIOS DE LA OFICINA DE REHABILITACI\u00d3N - Concello de Mugardos","robots":{"index":"index","follow":"follow","max-snippet":"max-snippet:-1","max-image-preview":"max-image-preview:large","max-video-preview":"max-video-preview:-1"},"canonical":"https:\/\/mugardos.gal\/es\/cambio-de-horarios-de-la-oficina-de-rehabilitacion\/","og_locale":"es_ES","og_type":"article","og_title":"CAMBIO DE HORARIOS DE LA OFICINA DE REHABILITACI\u00d3N - Concello de Mugardos","og_description":"La oficina de rehabilitaci\u00f3n cambia sus horarios en estos meses de Julio y Agosto: Julio: MI\u00c9RCOLES 6 (8:30 AM A 14:30 Y DE 15:30 A 20:00) MI\u00c9RCOLES 13 (8:30 AM A 14:30 Y DE 15:30 A 20:00) MI\u00c9RCOLES 20 (8:30 AM A 14:30 Y DE 15:30 A 20:00) MARTES 26 (8:30 AM A 14:30 Y [&hellip;]","og_url":"https:\/\/mugardos.gal\/es\/cambio-de-horarios-de-la-oficina-de-rehabilitacion\/","og_site_name":"Concello de Mugardos","article_published_time":"2022-06-29T15:25:12+00:00","og_image":[{"width":466,"height":426,"url":"https:\/\/mugardos.gal\/wp-content\/uploads\/2021\/05\/Casa-do-Concello.jpg","type":"image\/jpeg"}],"twitter_card":"summary_large_image","twitter_misc":{"Escrito por":"maria_OCCIDENTE","Tiempo de lectura":"1 minuto"},"schema":{"@context":"https:\/\/schema.org","@graph":[{"@type":"WebSite","@id":"https:\/\/mugardos.gal\/#website","url":"https:\/\/mugardos.gal\/","name":"Concello de Mugardos","description":"","potentialAction":[{"@type":"SearchAction","target":{"@type":"EntryPoint","urlTemplate":"https:\/\/mugardos.gal\/?s={search_term_string}"},"query-input":"required name=search_term_string"}],"inLanguage":"es"},{"@type":"ImageObject","inLanguage":"es","@id":"https:\/\/mugardos.gal\/es\/cambio-de-horarios-de-la-oficina-de-rehabilitacion\/#primaryimage","url":"https:\/\/mugardos.gal\/wp-content\/uploads\/2021\/05\/Casa-do-Concello.jpg","contentUrl":"https:\/\/mugardos.gal\/wp-content\/uploads\/2021\/05\/Casa-do-Concello.jpg","width":466,"height":426},{"@type":"WebPage","@id":"https:\/\/mugardos.gal\/es\/cambio-de-horarios-de-la-oficina-de-rehabilitacion\/#webpage","url":"https:\/\/mugardos.gal\/es\/cambio-de-horarios-de-la-oficina-de-rehabilitacion\/","name":"CAMBIO DE HORARIOS DE LA OFICINA DE REHABILITACI\u00d3N - Concello de Mugardos","isPartOf":{"@id":"https:\/\/mugardos.gal\/#website"},"primaryImageOfPage":{"@id":"https:\/\/mugardos.gal\/es\/cambio-de-horarios-de-la-oficina-de-rehabilitacion\/#primaryimage"},"datePublished":"2022-06-29T15:25:12+00:00","dateModified":"2022-06-29T15:25:12+00:00","author":{"@id":"https:\/\/mugardos.gal\/#\/schema\/person\/5003de8d638a334108335f5dc158539f"},"breadcrumb":{"@id":"https:\/\/mugardos.gal\/es\/cambio-de-horarios-de-la-oficina-de-rehabilitacion\/#breadcrumb"},"inLanguage":"es","potentialAction":[{"@type":"ReadAction","target":["https:\/\/mugardos.gal\/es\/cambio-de-horarios-de-la-oficina-de-rehabilitacion\/"]}]},{"@type":"BreadcrumbList","@id":"https:\/\/mugardos.gal\/es\/cambio-de-horarios-de-la-oficina-de-rehabilitacion\/#breadcrumb","itemListElement":[{"@type":"ListItem","position":1,"name":"Portada","item":"https:\/\/mugardos.gal\/es\/"},{"@type":"ListItem","position":2,"name":"CAMBIO DE HORARIOS DE LA OFICINA DE REHABILITACI\u00d3N"}]},{"@type":"Person","@id":"https:\/\/mugardos.gal\/#\/schema\/person\/5003de8d638a334108335f5dc158539f","name":"maria_OCCIDENTE","url":"https:\/\/mugardos.gal\/es\/author\/maria_occidente\/"}]}},"_links":{"self":[{"href":"https:\/\/mugardos.gal\/es\/wp-json\/wp\/v2\/posts\/16027"}],"collection":[{"href":"https:\/\/mugardos.gal\/es\/wp-json\/wp\/v2\/posts"}],"about":[{"href":"https:\/\/mugardos.gal\/es\/wp-json\/wp\/v2\/types\/post"}],"author":[{"embeddable":true,"href":"https:\/\/mugardos.gal\/es\/wp-json\/wp\/v2\/users\/5"}],"replies":[{"embeddable":true,"href":"https:\/\/mugardos.gal\/es\/wp-json\/wp\/v2\/comments?post=16027"}],"version-history":[{"count":1,"href":"https:\/\/mugardos.gal\/es\/wp-json\/wp\/v2\/posts\/16027\/revisions"}],"predecessor-version":[{"id":16028,"href":"https:\/\/mugardos.gal\/es\/wp-json\/wp\/v2\/posts\/16027\/revisions\/16028"}],"wp:featuredmedia":[{"embeddable":true,"href":"https:\/\/mugardos.gal\/es\/wp-json\/wp\/v2\/media\/12234"}],"wp:attachment":[{"href":"https:\/\/mugardos.gal\/es\/wp-json\/wp\/v2\/media?parent=16027"}],"wp:term":[{"taxonomy":"category","embeddable":true,"href":"https:\/\/mugardos.gal\/es\/wp-json\/wp\/v2\/categories?post=16027"},{"taxonomy":"post_tag","embeddable":true,"href":"https:\/\/mugardos.gal\/es\/wp-json\/wp\/v2\/tags?post=16027"}],"curies":[{"name":"wp","href":"https:\/\/api.w.org\/{rel}","templated":true}]}}