{"id":16021,"date":"2022-06-29T14:59:16","date_gmt":"2022-06-29T12:59:16","guid":{"rendered":"https:\/\/mugardos.gal\/policia-local-y-guardia-civil-investigan-la-quema-nocturna-de-colectores-en-mugardos\/"},"modified":"2022-06-29T14:59:16","modified_gmt":"2022-06-29T12:59:16","slug":"policia-local-y-guardia-civil-investigan-la-quema-nocturna-de-colectores-en-mugardos","status":"publish","type":"post","link":"https:\/\/mugardos.gal\/es\/policia-local-y-guardia-civil-investigan-la-quema-nocturna-de-colectores-en-mugardos\/","title":{"rendered":"POLICIA LOCAL Y GUARDIA CIVIL INVESTIGAN LA QUEMA NOCTURNA DE COLECTORES EN MUGARDOS"},"content":{"rendered":"\n<h4><em>Durante la pasada noche, los GES detectaron colectores ardiendo en 3 puntos del municipio\u00a0<\/em><\/h4>\n\n<p><strong>Mugardos, 29 de junio de 2022.<\/strong> El concejal de Obras y Servicios Jorge Kuntz inform\u00f3 hoy de la investigaci\u00f3n abierta por las fuerzas y cuerpos de seguridad del concello mugard\u00e9s luego de la quema intencionada de colectores durante la noche del martes en hasta 3 puntos distintos del municipio.<\/p>\n\n<p>\u201cEn la Teupoeira, en Roibeiras y en O Ba\u00f1o se detectaron quemas de colectores en algunos casos muy cerca de viviendas y veh\u00edculos. La r\u00e1pida intervenci\u00f3n de los GES evit\u00f3 el descontrol de los incendios y que los da\u00f1os fueran sido mayores, pero los hechos son un perjuicio para todos\u201d se\u00f1al\u00f3 Kuntz.<\/p>\n\n<p>Desde la Polic\u00eda Local se traslad\u00f3 la importancia de frenar estos actos de vandalismo.<\/p>\n\n<figure class=\"wp-block-gallery has-nested-images columns-default is-cropped\">\n<figure class=\"wp-block-image size-large\"><img loading=\"lazy\" width=\"1600\" height=\"1200\" data-id=\"16015\"  src=\"https:\/\/mugardos.gal\/wp-content\/uploads\/2022\/06\/Teupoeira.jpg\" alt=\"\" class=\"wp-image-16015\" srcset=\"https:\/\/mugardos.gal\/wp-content\/uploads\/2022\/06\/Teupoeira.jpg 1600w, https:\/\/mugardos.gal\/wp-content\/uploads\/2022\/06\/Teupoeira-300x225.jpg 300w, https:\/\/mugardos.gal\/wp-content\/uploads\/2022\/06\/Teupoeira-1024x768.jpg 1024w, https:\/\/mugardos.gal\/wp-content\/uploads\/2022\/06\/Teupoeira-768x576.jpg 768w, https:\/\/mugardos.gal\/wp-content\/uploads\/2022\/06\/Teupoeira-1536x1152.jpg 1536w\" sizes=\"(max-width: 1600px) 100vw, 1600px\" \/><\/figure>\n\n\n\n<figure class=\"wp-block-image size-large\"><img loading=\"lazy\" width=\"1200\" height=\"1600\" data-id=\"16013\"  src=\"https:\/\/mugardos.gal\/wp-content\/uploads\/2022\/06\/Roibeiras.jpg\" alt=\"\" class=\"wp-image-16013\" srcset=\"https:\/\/mugardos.gal\/wp-content\/uploads\/2022\/06\/Roibeiras.jpg 1200w, https:\/\/mugardos.gal\/wp-content\/uploads\/2022\/06\/Roibeiras-225x300.jpg 225w, https:\/\/mugardos.gal\/wp-content\/uploads\/2022\/06\/Roibeiras-768x1024.jpg 768w, https:\/\/mugardos.gal\/wp-content\/uploads\/2022\/06\/Roibeiras-1152x1536.jpg 1152w\" sizes=\"(max-width: 1200px) 100vw, 1200px\" \/><\/figure>\n\n\n\n<figure class=\"wp-block-image size-large\"><img loading=\"lazy\" width=\"1259\" height=\"716\" data-id=\"16011\"  src=\"https:\/\/mugardos.gal\/wp-content\/uploads\/2022\/06\/O-Bano.jpg\" alt=\"\" class=\"wp-image-16011\" srcset=\"https:\/\/mugardos.gal\/wp-content\/uploads\/2022\/06\/O-Bano.jpg 1259w, https:\/\/mugardos.gal\/wp-content\/uploads\/2022\/06\/O-Bano-300x171.jpg 300w, https:\/\/mugardos.gal\/wp-content\/uploads\/2022\/06\/O-Bano-1024x582.jpg 1024w, https:\/\/mugardos.gal\/wp-content\/uploads\/2022\/06\/O-Bano-768x437.jpg 768w\" sizes=\"(max-width: 1259px) 100vw, 1259px\" \/><\/figure>\n<\/figure>\n","protected":false},"excerpt":{"rendered":"<p>Durante la pasada noche, los GES detectaron colectores ardiendo en 3 puntos del municipio\u00a0 Mugardos, 29 de junio de 2022. El concejal de Obras y Servicios Jorge Kuntz inform\u00f3 hoy de la investigaci\u00f3n abierta por las fuerzas y cuerpos de seguridad del concello mugard\u00e9s luego de la quema intencionada de colectores durante la noche del [&hellip;]<\/p>\n","protected":false},"author":5,"featured_media":16011,"comment_status":"closed","ping_status":"closed","sticky":false,"template":"","format":"standard","meta":[],"categories":[12],"tags":[],"yoast_head":"<!-- This site is optimized with the Yoast SEO plugin v18.9 - https:\/\/yoast.com\/wordpress\/plugins\/seo\/ -->\n<title>POLICIA LOCAL Y GUARDIA CIVIL INVESTIGAN LA QUEMA NOCTURNA DE COLECTORES EN MUGARDOS - Concello de Mugardos<\/title>\n<meta name=\"robots\" content=\"index, follow, max-snippet:-1, max-image-preview:large, max-video-preview:-1\" \/>\n<link rel=\"canonical\" href=\"https:\/\/mugardos.gal\/es\/policia-local-y-guardia-civil-investigan-la-quema-nocturna-de-colectores-en-mugardos\/\" \/>\n<meta property=\"og:locale\" content=\"es_ES\" \/>\n<meta property=\"og:type\" content=\"article\" \/>\n<meta property=\"og:title\" content=\"POLICIA LOCAL Y GUARDIA CIVIL INVESTIGAN LA QUEMA NOCTURNA DE COLECTORES EN MUGARDOS - Concello de Mugardos\" \/>\n<meta property=\"og:description\" content=\"Durante la pasada noche, los GES detectaron colectores ardiendo en 3 puntos del municipio\u00a0 Mugardos, 29 de junio de 2022. El concejal de Obras y Servicios Jorge Kuntz inform\u00f3 hoy de la investigaci\u00f3n abierta por las fuerzas y cuerpos de seguridad del concello mugard\u00e9s luego de la quema intencionada de colectores durante la noche del [&hellip;]\" \/>\n<meta property=\"og:url\" content=\"https:\/\/mugardos.gal\/es\/policia-local-y-guardia-civil-investigan-la-quema-nocturna-de-colectores-en-mugardos\/\" \/>\n<meta property=\"og:site_name\" content=\"Concello de Mugardos\" \/>\n<meta property=\"article:published_time\" content=\"2022-06-29T12:59:16+00:00\" \/>\n<meta property=\"og:image\" content=\"https:\/\/mugardos.gal\/wp-content\/uploads\/2022\/06\/O-Bano.jpg\" \/>\n\t<meta property=\"og:image:width\" content=\"1259\" \/>\n\t<meta property=\"og:image:height\" content=\"716\" \/>\n\t<meta property=\"og:image:type\" content=\"image\/jpeg\" \/>\n<meta name=\"twitter:card\" content=\"summary_large_image\" \/>\n<meta name=\"twitter:label1\" content=\"Escrito por\" \/>\n\t<meta name=\"twitter:data1\" content=\"maria_OCCIDENTE\" \/>\n\t<meta name=\"twitter:label2\" content=\"Tiempo de lectura\" \/>\n\t<meta name=\"twitter:data2\" content=\"1 minuto\" \/>\n<script type=\"application\/ld+json\" class=\"yoast-schema-graph\">{\"@context\":\"https:\/\/schema.org\",\"@graph\":[{\"@type\":\"WebSite\",\"@id\":\"https:\/\/mugardos.gal\/#website\",\"url\":\"https:\/\/mugardos.gal\/\",\"name\":\"Concello de Mugardos\",\"description\":\"\",\"potentialAction\":[{\"@type\":\"SearchAction\",\"target\":{\"@type\":\"EntryPoint\",\"urlTemplate\":\"https:\/\/mugardos.gal\/?s={search_term_string}\"},\"query-input\":\"required name=search_term_string\"}],\"inLanguage\":\"es\"},{\"@type\":\"ImageObject\",\"inLanguage\":\"es\",\"@id\":\"https:\/\/mugardos.gal\/es\/policia-local-y-guardia-civil-investigan-la-quema-nocturna-de-colectores-en-mugardos\/#primaryimage\",\"url\":\"https:\/\/mugardos.gal\/wp-content\/uploads\/2022\/06\/O-Bano.jpg\",\"contentUrl\":\"https:\/\/mugardos.gal\/wp-content\/uploads\/2022\/06\/O-Bano.jpg\",\"width\":1259,\"height\":716},{\"@type\":\"WebPage\",\"@id\":\"https:\/\/mugardos.gal\/es\/policia-local-y-guardia-civil-investigan-la-quema-nocturna-de-colectores-en-mugardos\/#webpage\",\"url\":\"https:\/\/mugardos.gal\/es\/policia-local-y-guardia-civil-investigan-la-quema-nocturna-de-colectores-en-mugardos\/\",\"name\":\"POLICIA LOCAL Y GUARDIA CIVIL INVESTIGAN LA QUEMA NOCTURNA DE COLECTORES EN MUGARDOS - Concello de Mugardos\",\"isPartOf\":{\"@id\":\"https:\/\/mugardos.gal\/#website\"},\"primaryImageOfPage\":{\"@id\":\"https:\/\/mugardos.gal\/es\/policia-local-y-guardia-civil-investigan-la-quema-nocturna-de-colectores-en-mugardos\/#primaryimage\"},\"datePublished\":\"2022-06-29T12:59:16+00:00\",\"dateModified\":\"2022-06-29T12:59:16+00:00\",\"author\":{\"@id\":\"https:\/\/mugardos.gal\/#\/schema\/person\/5003de8d638a334108335f5dc158539f\"},\"breadcrumb\":{\"@id\":\"https:\/\/mugardos.gal\/es\/policia-local-y-guardia-civil-investigan-la-quema-nocturna-de-colectores-en-mugardos\/#breadcrumb\"},\"inLanguage\":\"es\",\"potentialAction\":[{\"@type\":\"ReadAction\",\"target\":[\"https:\/\/mugardos.gal\/es\/policia-local-y-guardia-civil-investigan-la-quema-nocturna-de-colectores-en-mugardos\/\"]}]},{\"@type\":\"BreadcrumbList\",\"@id\":\"https:\/\/mugardos.gal\/es\/policia-local-y-guardia-civil-investigan-la-quema-nocturna-de-colectores-en-mugardos\/#breadcrumb\",\"itemListElement\":[{\"@type\":\"ListItem\",\"position\":1,\"name\":\"Portada\",\"item\":\"https:\/\/mugardos.gal\/es\/\"},{\"@type\":\"ListItem\",\"position\":2,\"name\":\"POLICIA LOCAL Y GUARDIA CIVIL INVESTIGAN LA QUEMA NOCTURNA DE COLECTORES EN MUGARDOS\"}]},{\"@type\":\"Person\",\"@id\":\"https:\/\/mugardos.gal\/#\/schema\/person\/5003de8d638a334108335f5dc158539f\",\"name\":\"maria_OCCIDENTE\",\"url\":\"https:\/\/mugardos.gal\/es\/author\/maria_occidente\/\"}]}<\/script>\n<!-- \/ Yoast SEO plugin. -->","yoast_head_json":{"title":"POLICIA LOCAL Y GUARDIA CIVIL INVESTIGAN LA QUEMA NOCTURNA DE COLECTORES EN MUGARDOS - Concello de Mugardos","robots":{"index":"index","follow":"follow","max-snippet":"max-snippet:-1","max-image-preview":"max-image-preview:large","max-video-preview":"max-video-preview:-1"},"canonical":"https:\/\/mugardos.gal\/es\/policia-local-y-guardia-civil-investigan-la-quema-nocturna-de-colectores-en-mugardos\/","og_locale":"es_ES","og_type":"article","og_title":"POLICIA LOCAL Y GUARDIA CIVIL INVESTIGAN LA QUEMA NOCTURNA DE COLECTORES EN MUGARDOS - Concello de Mugardos","og_description":"Durante la pasada noche, los GES detectaron colectores ardiendo en 3 puntos del municipio\u00a0 Mugardos, 29 de junio de 2022. El concejal de Obras y Servicios Jorge Kuntz inform\u00f3 hoy de la investigaci\u00f3n abierta por las fuerzas y cuerpos de seguridad del concello mugard\u00e9s luego de la quema intencionada de colectores durante la noche del [&hellip;]","og_url":"https:\/\/mugardos.gal\/es\/policia-local-y-guardia-civil-investigan-la-quema-nocturna-de-colectores-en-mugardos\/","og_site_name":"Concello de Mugardos","article_published_time":"2022-06-29T12:59:16+00:00","og_image":[{"width":1259,"height":716,"url":"https:\/\/mugardos.gal\/wp-content\/uploads\/2022\/06\/O-Bano.jpg","type":"image\/jpeg"}],"twitter_card":"summary_large_image","twitter_misc":{"Escrito por":"maria_OCCIDENTE","Tiempo de lectura":"1 minuto"},"schema":{"@context":"https:\/\/schema.org","@graph":[{"@type":"WebSite","@id":"https:\/\/mugardos.gal\/#website","url":"https:\/\/mugardos.gal\/","name":"Concello de Mugardos","description":"","potentialAction":[{"@type":"SearchAction","target":{"@type":"EntryPoint","urlTemplate":"https:\/\/mugardos.gal\/?s={search_term_string}"},"query-input":"required name=search_term_string"}],"inLanguage":"es"},{"@type":"ImageObject","inLanguage":"es","@id":"https:\/\/mugardos.gal\/es\/policia-local-y-guardia-civil-investigan-la-quema-nocturna-de-colectores-en-mugardos\/#primaryimage","url":"https:\/\/mugardos.gal\/wp-content\/uploads\/2022\/06\/O-Bano.jpg","contentUrl":"https:\/\/mugardos.gal\/wp-content\/uploads\/2022\/06\/O-Bano.jpg","width":1259,"height":716},{"@type":"WebPage","@id":"https:\/\/mugardos.gal\/es\/policia-local-y-guardia-civil-investigan-la-quema-nocturna-de-colectores-en-mugardos\/#webpage","url":"https:\/\/mugardos.gal\/es\/policia-local-y-guardia-civil-investigan-la-quema-nocturna-de-colectores-en-mugardos\/","name":"POLICIA LOCAL Y GUARDIA CIVIL INVESTIGAN LA QUEMA NOCTURNA DE COLECTORES EN MUGARDOS - Concello de Mugardos","isPartOf":{"@id":"https:\/\/mugardos.gal\/#website"},"primaryImageOfPage":{"@id":"https:\/\/mugardos.gal\/es\/policia-local-y-guardia-civil-investigan-la-quema-nocturna-de-colectores-en-mugardos\/#primaryimage"},"datePublished":"2022-06-29T12:59:16+00:00","dateModified":"2022-06-29T12:59:16+00:00","author":{"@id":"https:\/\/mugardos.gal\/#\/schema\/person\/5003de8d638a334108335f5dc158539f"},"breadcrumb":{"@id":"https:\/\/mugardos.gal\/es\/policia-local-y-guardia-civil-investigan-la-quema-nocturna-de-colectores-en-mugardos\/#breadcrumb"},"inLanguage":"es","potentialAction":[{"@type":"ReadAction","target":["https:\/\/mugardos.gal\/es\/policia-local-y-guardia-civil-investigan-la-quema-nocturna-de-colectores-en-mugardos\/"]}]},{"@type":"BreadcrumbList","@id":"https:\/\/mugardos.gal\/es\/policia-local-y-guardia-civil-investigan-la-quema-nocturna-de-colectores-en-mugardos\/#breadcrumb","itemListElement":[{"@type":"ListItem","position":1,"name":"Portada","item":"https:\/\/mugardos.gal\/es\/"},{"@type":"ListItem","position":2,"name":"POLICIA LOCAL Y GUARDIA CIVIL INVESTIGAN LA QUEMA NOCTURNA DE COLECTORES EN MUGARDOS"}]},{"@type":"Person","@id":"https:\/\/mugardos.gal\/#\/schema\/person\/5003de8d638a334108335f5dc158539f","name":"maria_OCCIDENTE","url":"https:\/\/mugardos.gal\/es\/author\/maria_occidente\/"}]}},"_links":{"self":[{"href":"https:\/\/mugardos.gal\/es\/wp-json\/wp\/v2\/posts\/16021"}],"collection":[{"href":"https:\/\/mugardos.gal\/es\/wp-json\/wp\/v2\/posts"}],"about":[{"href":"https:\/\/mugardos.gal\/es\/wp-json\/wp\/v2\/types\/post"}],"author":[{"embeddable":true,"href":"https:\/\/mugardos.gal\/es\/wp-json\/wp\/v2\/users\/5"}],"replies":[{"embeddable":true,"href":"https:\/\/mugardos.gal\/es\/wp-json\/wp\/v2\/comments?post=16021"}],"version-history":[{"count":1,"href":"https:\/\/mugardos.gal\/es\/wp-json\/wp\/v2\/posts\/16021\/revisions"}],"predecessor-version":[{"id":16022,"href":"https:\/\/mugardos.gal\/es\/wp-json\/wp\/v2\/posts\/16021\/revisions\/16022"}],"wp:featuredmedia":[{"embeddable":true,"href":"https:\/\/mugardos.gal\/es\/wp-json\/wp\/v2\/media\/16011"}],"wp:attachment":[{"href":"https:\/\/mugardos.gal\/es\/wp-json\/wp\/v2\/media?parent=16021"}],"wp:term":[{"taxonomy":"category","embeddable":true,"href":"https:\/\/mugardos.gal\/es\/wp-json\/wp\/v2\/categories?post=16021"},{"taxonomy":"post_tag","embeddable":true,"href":"https:\/\/mugardos.gal\/es\/wp-json\/wp\/v2\/tags?post=16021"}],"curies":[{"name":"wp","href":"https:\/\/api.w.org\/{rel}","templated":true}]}}