{"id":15979,"date":"2022-06-28T12:57:55","date_gmt":"2022-06-28T10:57:55","guid":{"rendered":"https:\/\/mugardos.gal\/charla-formativa-para-los-cuidadores-y-cuidadoras-de-las-colonias-felinas\/"},"modified":"2022-06-28T12:57:56","modified_gmt":"2022-06-28T10:57:56","slug":"charla-formativa-para-los-cuidadores-y-cuidadoras-de-las-colonias-felinas","status":"publish","type":"post","link":"https:\/\/mugardos.gal\/es\/charla-formativa-para-los-cuidadores-y-cuidadoras-de-las-colonias-felinas\/","title":{"rendered":"CHARLA FORMATIVA PARA LOS CUIDADORES Y CUIDADORAS DE LAS COLONIAS FELINAS"},"content":{"rendered":"\n<h4>Los participantes est\u00e1 convocados para este viernes a las 19.00 horas en el sal\u00f3n de plenos<\/h4>\n\n<p><strong>Mugardos, 28 de junio de 2022<\/strong><strong>.<\/strong>\u00a0El concejal de Participaci\u00f3n Ciudadana, Miguel Mah\u00eda, inform\u00f3 de la convocatoria realizada por parte del Concellos de Mugardos a los cuidadores y cuidadoras de las colonias felinas para una charla formativa el pr\u00f3ximo viernes 1 de julio en el sal\u00f3n de plenos.<\/p>\n\n<p>La jornada de formaci\u00f3n estar\u00e1 centrada en la capacitaci\u00f3n de los participantes en el uso de la jaula de captura, as\u00ed como en el tr\u00e1mite administrativo de firmar los acuerdos de cuidadores y cuidadoras y entregar los carn\u00e9s de personal autorizado de la colonia.<\/p>\n\n<p>Esta formaci\u00f3n se enmarca dentro de las medidas para la aplicaci\u00f3n del m\u00e9todo C.E.R. (captura, esterilizaci\u00f3n y retorno), consistente en esterilizar a los gatos de las colonias felinas ya existentes y devolverlos a su territorio, con el objetivo de acabar con las colonias de forma respetuosa.<\/p>\n\n<p>Los interesados e interesadas en darse de alta como cuidadores\/as pueden hacerlo realizando una solicitud por escrito a trav\u00e9s del Registro General del Concello, utilizando una instancia tipo.<\/p>\n\n<p>Mah\u00eda destac\u00f3 el trabajo que se est\u00e1 haciendo desde el gobierno municipal para el desarrollo de la Ordenanza Municipal de Tenencia y Bienestar de los animales de compa\u00f1\u00eda aprobada en enero de este a\u00f1o. \u00abEste plan estrat\u00e9gico de pol\u00edticas activas de bienestar animal no solo mejorar\u00e1 la situaci\u00f3n de nuestro concello desde el punto de vista de la protecci\u00f3n animal, tambi\u00e9n lo har\u00e1 en la educaci\u00f3n en valores de nuestros peque\u00f1os\u00bb concluy\u00f3. <\/p>\n","protected":false},"excerpt":{"rendered":"<p>Los participantes est\u00e1 convocados para este viernes a las 19.00 horas en el sal\u00f3n de plenos Mugardos, 28 de junio de 2022.\u00a0El concejal de Participaci\u00f3n Ciudadana, Miguel Mah\u00eda, inform\u00f3 de la convocatoria realizada por parte del Concellos de Mugardos a los cuidadores y cuidadoras de las colonias felinas para una charla formativa el pr\u00f3ximo viernes [&hellip;]<\/p>\n","protected":false},"author":5,"featured_media":14247,"comment_status":"closed","ping_status":"closed","sticky":false,"template":"","format":"standard","meta":[],"categories":[12],"tags":[],"yoast_head":"<!-- This site is optimized with the Yoast SEO plugin v18.9 - https:\/\/yoast.com\/wordpress\/plugins\/seo\/ -->\n<title>CHARLA FORMATIVA PARA LOS CUIDADORES Y CUIDADORAS DE LAS COLONIAS FELINAS - Concello de Mugardos<\/title>\n<meta name=\"robots\" content=\"index, follow, max-snippet:-1, max-image-preview:large, max-video-preview:-1\" \/>\n<link rel=\"canonical\" href=\"https:\/\/mugardos.gal\/es\/charla-formativa-para-los-cuidadores-y-cuidadoras-de-las-colonias-felinas\/\" \/>\n<meta property=\"og:locale\" content=\"es_ES\" \/>\n<meta property=\"og:type\" content=\"article\" \/>\n<meta property=\"og:title\" content=\"CHARLA FORMATIVA PARA LOS CUIDADORES Y CUIDADORAS DE LAS COLONIAS FELINAS - Concello de Mugardos\" \/>\n<meta property=\"og:description\" content=\"Los participantes est\u00e1 convocados para este viernes a las 19.00 horas en el sal\u00f3n de plenos Mugardos, 28 de junio de 2022.\u00a0El concejal de Participaci\u00f3n Ciudadana, Miguel Mah\u00eda, inform\u00f3 de la convocatoria realizada por parte del Concellos de Mugardos a los cuidadores y cuidadoras de las colonias felinas para una charla formativa el pr\u00f3ximo viernes [&hellip;]\" \/>\n<meta property=\"og:url\" content=\"https:\/\/mugardos.gal\/es\/charla-formativa-para-los-cuidadores-y-cuidadoras-de-las-colonias-felinas\/\" \/>\n<meta property=\"og:site_name\" content=\"Concello de Mugardos\" \/>\n<meta property=\"article:published_time\" content=\"2022-06-28T10:57:55+00:00\" \/>\n<meta property=\"article:modified_time\" content=\"2022-06-28T10:57:56+00:00\" \/>\n<meta property=\"og:image\" content=\"https:\/\/mugardos.gal\/wp-content\/uploads\/2022\/01\/COLONIAS-GATOS.jpg\" \/>\n\t<meta property=\"og:image:width\" content=\"1205\" \/>\n\t<meta property=\"og:image:height\" content=\"1205\" \/>\n\t<meta property=\"og:image:type\" content=\"image\/jpeg\" \/>\n<meta name=\"twitter:card\" content=\"summary_large_image\" \/>\n<meta name=\"twitter:label1\" content=\"Escrito por\" \/>\n\t<meta name=\"twitter:data1\" content=\"maria_OCCIDENTE\" \/>\n\t<meta name=\"twitter:label2\" content=\"Tiempo de lectura\" \/>\n\t<meta name=\"twitter:data2\" content=\"1 minuto\" \/>\n<script type=\"application\/ld+json\" class=\"yoast-schema-graph\">{\"@context\":\"https:\/\/schema.org\",\"@graph\":[{\"@type\":\"WebSite\",\"@id\":\"https:\/\/mugardos.gal\/#website\",\"url\":\"https:\/\/mugardos.gal\/\",\"name\":\"Concello de Mugardos\",\"description\":\"\",\"potentialAction\":[{\"@type\":\"SearchAction\",\"target\":{\"@type\":\"EntryPoint\",\"urlTemplate\":\"https:\/\/mugardos.gal\/?s={search_term_string}\"},\"query-input\":\"required name=search_term_string\"}],\"inLanguage\":\"es\"},{\"@type\":\"ImageObject\",\"inLanguage\":\"es\",\"@id\":\"https:\/\/mugardos.gal\/es\/charla-formativa-para-los-cuidadores-y-cuidadoras-de-las-colonias-felinas\/#primaryimage\",\"url\":\"https:\/\/mugardos.gal\/wp-content\/uploads\/2022\/01\/COLONIAS-GATOS.jpg\",\"contentUrl\":\"https:\/\/mugardos.gal\/wp-content\/uploads\/2022\/01\/COLONIAS-GATOS.jpg\",\"width\":1205,\"height\":1205},{\"@type\":\"WebPage\",\"@id\":\"https:\/\/mugardos.gal\/es\/charla-formativa-para-los-cuidadores-y-cuidadoras-de-las-colonias-felinas\/#webpage\",\"url\":\"https:\/\/mugardos.gal\/es\/charla-formativa-para-los-cuidadores-y-cuidadoras-de-las-colonias-felinas\/\",\"name\":\"CHARLA FORMATIVA PARA LOS CUIDADORES Y CUIDADORAS DE LAS COLONIAS FELINAS - Concello de Mugardos\",\"isPartOf\":{\"@id\":\"https:\/\/mugardos.gal\/#website\"},\"primaryImageOfPage\":{\"@id\":\"https:\/\/mugardos.gal\/es\/charla-formativa-para-los-cuidadores-y-cuidadoras-de-las-colonias-felinas\/#primaryimage\"},\"datePublished\":\"2022-06-28T10:57:55+00:00\",\"dateModified\":\"2022-06-28T10:57:56+00:00\",\"author\":{\"@id\":\"https:\/\/mugardos.gal\/#\/schema\/person\/5003de8d638a334108335f5dc158539f\"},\"breadcrumb\":{\"@id\":\"https:\/\/mugardos.gal\/es\/charla-formativa-para-los-cuidadores-y-cuidadoras-de-las-colonias-felinas\/#breadcrumb\"},\"inLanguage\":\"es\",\"potentialAction\":[{\"@type\":\"ReadAction\",\"target\":[\"https:\/\/mugardos.gal\/es\/charla-formativa-para-los-cuidadores-y-cuidadoras-de-las-colonias-felinas\/\"]}]},{\"@type\":\"BreadcrumbList\",\"@id\":\"https:\/\/mugardos.gal\/es\/charla-formativa-para-los-cuidadores-y-cuidadoras-de-las-colonias-felinas\/#breadcrumb\",\"itemListElement\":[{\"@type\":\"ListItem\",\"position\":1,\"name\":\"Portada\",\"item\":\"https:\/\/mugardos.gal\/es\/\"},{\"@type\":\"ListItem\",\"position\":2,\"name\":\"CHARLA FORMATIVA PARA LOS CUIDADORES Y CUIDADORAS DE LAS COLONIAS FELINAS\"}]},{\"@type\":\"Person\",\"@id\":\"https:\/\/mugardos.gal\/#\/schema\/person\/5003de8d638a334108335f5dc158539f\",\"name\":\"maria_OCCIDENTE\",\"url\":\"https:\/\/mugardos.gal\/es\/author\/maria_occidente\/\"}]}<\/script>\n<!-- \/ Yoast SEO plugin. -->","yoast_head_json":{"title":"CHARLA FORMATIVA PARA LOS CUIDADORES Y CUIDADORAS DE LAS COLONIAS FELINAS - Concello de Mugardos","robots":{"index":"index","follow":"follow","max-snippet":"max-snippet:-1","max-image-preview":"max-image-preview:large","max-video-preview":"max-video-preview:-1"},"canonical":"https:\/\/mugardos.gal\/es\/charla-formativa-para-los-cuidadores-y-cuidadoras-de-las-colonias-felinas\/","og_locale":"es_ES","og_type":"article","og_title":"CHARLA FORMATIVA PARA LOS CUIDADORES Y CUIDADORAS DE LAS COLONIAS FELINAS - Concello de Mugardos","og_description":"Los participantes est\u00e1 convocados para este viernes a las 19.00 horas en el sal\u00f3n de plenos Mugardos, 28 de junio de 2022.\u00a0El concejal de Participaci\u00f3n Ciudadana, Miguel Mah\u00eda, inform\u00f3 de la convocatoria realizada por parte del Concellos de Mugardos a los cuidadores y cuidadoras de las colonias felinas para una charla formativa el pr\u00f3ximo viernes [&hellip;]","og_url":"https:\/\/mugardos.gal\/es\/charla-formativa-para-los-cuidadores-y-cuidadoras-de-las-colonias-felinas\/","og_site_name":"Concello de Mugardos","article_published_time":"2022-06-28T10:57:55+00:00","article_modified_time":"2022-06-28T10:57:56+00:00","og_image":[{"width":1205,"height":1205,"url":"https:\/\/mugardos.gal\/wp-content\/uploads\/2022\/01\/COLONIAS-GATOS.jpg","type":"image\/jpeg"}],"twitter_card":"summary_large_image","twitter_misc":{"Escrito por":"maria_OCCIDENTE","Tiempo de lectura":"1 minuto"},"schema":{"@context":"https:\/\/schema.org","@graph":[{"@type":"WebSite","@id":"https:\/\/mugardos.gal\/#website","url":"https:\/\/mugardos.gal\/","name":"Concello de Mugardos","description":"","potentialAction":[{"@type":"SearchAction","target":{"@type":"EntryPoint","urlTemplate":"https:\/\/mugardos.gal\/?s={search_term_string}"},"query-input":"required name=search_term_string"}],"inLanguage":"es"},{"@type":"ImageObject","inLanguage":"es","@id":"https:\/\/mugardos.gal\/es\/charla-formativa-para-los-cuidadores-y-cuidadoras-de-las-colonias-felinas\/#primaryimage","url":"https:\/\/mugardos.gal\/wp-content\/uploads\/2022\/01\/COLONIAS-GATOS.jpg","contentUrl":"https:\/\/mugardos.gal\/wp-content\/uploads\/2022\/01\/COLONIAS-GATOS.jpg","width":1205,"height":1205},{"@type":"WebPage","@id":"https:\/\/mugardos.gal\/es\/charla-formativa-para-los-cuidadores-y-cuidadoras-de-las-colonias-felinas\/#webpage","url":"https:\/\/mugardos.gal\/es\/charla-formativa-para-los-cuidadores-y-cuidadoras-de-las-colonias-felinas\/","name":"CHARLA FORMATIVA PARA LOS CUIDADORES Y CUIDADORAS DE LAS COLONIAS FELINAS - Concello de Mugardos","isPartOf":{"@id":"https:\/\/mugardos.gal\/#website"},"primaryImageOfPage":{"@id":"https:\/\/mugardos.gal\/es\/charla-formativa-para-los-cuidadores-y-cuidadoras-de-las-colonias-felinas\/#primaryimage"},"datePublished":"2022-06-28T10:57:55+00:00","dateModified":"2022-06-28T10:57:56+00:00","author":{"@id":"https:\/\/mugardos.gal\/#\/schema\/person\/5003de8d638a334108335f5dc158539f"},"breadcrumb":{"@id":"https:\/\/mugardos.gal\/es\/charla-formativa-para-los-cuidadores-y-cuidadoras-de-las-colonias-felinas\/#breadcrumb"},"inLanguage":"es","potentialAction":[{"@type":"ReadAction","target":["https:\/\/mugardos.gal\/es\/charla-formativa-para-los-cuidadores-y-cuidadoras-de-las-colonias-felinas\/"]}]},{"@type":"BreadcrumbList","@id":"https:\/\/mugardos.gal\/es\/charla-formativa-para-los-cuidadores-y-cuidadoras-de-las-colonias-felinas\/#breadcrumb","itemListElement":[{"@type":"ListItem","position":1,"name":"Portada","item":"https:\/\/mugardos.gal\/es\/"},{"@type":"ListItem","position":2,"name":"CHARLA FORMATIVA PARA LOS CUIDADORES Y CUIDADORAS DE LAS COLONIAS FELINAS"}]},{"@type":"Person","@id":"https:\/\/mugardos.gal\/#\/schema\/person\/5003de8d638a334108335f5dc158539f","name":"maria_OCCIDENTE","url":"https:\/\/mugardos.gal\/es\/author\/maria_occidente\/"}]}},"_links":{"self":[{"href":"https:\/\/mugardos.gal\/es\/wp-json\/wp\/v2\/posts\/15979"}],"collection":[{"href":"https:\/\/mugardos.gal\/es\/wp-json\/wp\/v2\/posts"}],"about":[{"href":"https:\/\/mugardos.gal\/es\/wp-json\/wp\/v2\/types\/post"}],"author":[{"embeddable":true,"href":"https:\/\/mugardos.gal\/es\/wp-json\/wp\/v2\/users\/5"}],"replies":[{"embeddable":true,"href":"https:\/\/mugardos.gal\/es\/wp-json\/wp\/v2\/comments?post=15979"}],"version-history":[{"count":1,"href":"https:\/\/mugardos.gal\/es\/wp-json\/wp\/v2\/posts\/15979\/revisions"}],"predecessor-version":[{"id":15980,"href":"https:\/\/mugardos.gal\/es\/wp-json\/wp\/v2\/posts\/15979\/revisions\/15980"}],"wp:featuredmedia":[{"embeddable":true,"href":"https:\/\/mugardos.gal\/es\/wp-json\/wp\/v2\/media\/14247"}],"wp:attachment":[{"href":"https:\/\/mugardos.gal\/es\/wp-json\/wp\/v2\/media?parent=15979"}],"wp:term":[{"taxonomy":"category","embeddable":true,"href":"https:\/\/mugardos.gal\/es\/wp-json\/wp\/v2\/categories?post=15979"},{"taxonomy":"post_tag","embeddable":true,"href":"https:\/\/mugardos.gal\/es\/wp-json\/wp\/v2\/tags?post=15979"}],"curies":[{"name":"wp","href":"https:\/\/api.w.org\/{rel}","templated":true}]}}