{"id":15834,"date":"2022-06-15T14:47:24","date_gmt":"2022-06-15T12:47:24","guid":{"rendered":"https:\/\/mugardos.gal\/las-actividades-deportivas-seran-eje-fundamental-del-verano-de-la-juventud-mugardesa\/"},"modified":"2022-06-15T14:47:25","modified_gmt":"2022-06-15T12:47:25","slug":"las-actividades-deportivas-seran-eje-fundamental-del-verano-de-la-juventud-mugardesa","status":"publish","type":"post","link":"https:\/\/mugardos.gal\/es\/las-actividades-deportivas-seran-eje-fundamental-del-verano-de-la-juventud-mugardesa\/","title":{"rendered":"LAS ACTIVIDADES DEPORTIVAS SER\u00c1N EJE FUNDAMENTAL DEL VERANO DE LA JUVENTUD MUGARDESA"},"content":{"rendered":"\n<h4><em>Tenis, baloncesto, karate, f\u00fatbol sala, yoga, balonmano, vela, remo y multideporte en la playa llenar\u00e1n las ma\u00f1anas de julio y agosto de juegos y diversi\u00f3n<\/em><\/h4>\n\n<p>Mugardos, 15 de junio de 2022. La concejal de Deportes, Bego\u00f1a Rold\u00f3s, present\u00f3 hoy la programaci\u00f3n deportiva municipal para este verano destinada a la juventud mugardesa, que incluye tenis, baloncesto, karate, f\u00fatbol sala, yoga, balonmano, vela, remo y multideporte en la playa. El programa tendr\u00e1 un cierre de oro con la Fiesta del Deporte el 20 de agosto por la ma\u00f1ana en el Cant\u00f3n de Cora.<\/p>\n\n<p>Para los m\u00e1s peque\u00f1os, los nacidos entre 2011 y 2018, un a\u00f1o m\u00e1s tendremos el Multideporte en la playa de Bestarruza, de lunes a viernes en horario de 11.00 a 13.30 horas, organizando en bloques de dos semanas y repartido en cuatro bloques en total (del 4 al 15 de julio, del 18 al 29 de julio, del 1 al 12 de agosto y del 16 al 26 de agosto). El precio de esta actividad es de 15 euros por bloque, y 25 euros en el caso de apuntarse a los dos bloques de un mismo mes.<\/p>\n\n<p>La programaci\u00f3n deportiva para la juventud nacida entre 2004 y 2011 tendr\u00e1 su sede central en el Casino Mugard\u00e9s, donde el concello en colaboraci\u00f3n con el propio casino, organiza diversas actividades deportivas durante los meses de julio y agosto. Las clases de tenis ser\u00e1n los lunes y los mi\u00e9rcoles de 10.00 a 11.30 horas y de 11.30 a 13.00 horas. Los interesados en participar en la actividad de baloncesto se puede inscribir para participar en las clases de los martes y jueves de 10.00 a 11.30 horas. Para los que deseen asistir a k\u00e1rate, esta se propone en horario de lunes y mi\u00e9rcoles de 11.30 a 13.00 horas, y el f\u00fatbol sala se desarrollar\u00e1 los martes y jueves de 11.30 a 13.00 horas. El precio de cada una de las actividades es de 8 euros.<\/p>\n\n<p>En As Lagoas y para mayores de edad, habr\u00e1 yoga todos los martes de julio y  agosto de 10.30 a 11.30 horas y de  11.30 a 12.30 horas. El precio de este actividad ser\u00e1 tambi\u00e9n de 8 euros.<\/p>\n\n<p>Para m\u00e1s informaci\u00f3n sobre estas actividades o para inscribirse en ellas, los interesados deben ponerse en contacto con la Oficina de Informaci\u00f3n Xuvelin (OMIX) presencialmente en el primer piso de la Casa do Concello, po tel\u00e9fono llamando al 981 47 03 38 (extensi\u00f3n 1) o por correo electr\u00f3nico omix@mugardos.gal. El horario de atenci\u00f3n presencial o telef\u00f3nica es de lunes a viernes de 9.00 a 14.00 horas.<\/p>\n\n<p>El plazo de inscripci\u00f3n da comienzo hoy y se cerrar\u00e1 3 d\u00edas antes del inicio de cada una de las actividades.<\/p>\n\n<p>El balonmano vuelve a Mugardos este verano en el pabell\u00f3n del Cristo durante los meses de julio y agosto para los ni\u00f1os y ni\u00f1as nacidos entre 2008 y 2015. Organizado conjuntamente con el Club de Pontedeume y con clases los lunes, mi\u00e9rcoles y viernes de 9.00 a 12.00 horas, los interesados en participar pueden informarse e inscribirse a trav\u00e9s del correo electr\u00f3nico balonmanopontedeume@gmail.com o llamando al tel\u00e9fono 661 705 928.<\/p>\n\n<p>En lo relativo a los deportes de agua, entre el 25 y el 29 de julio se desarrollar\u00e1 en Mugardos un curso de vela para ni\u00f1os y ni\u00f1as de entre 9 y 18 a\u00f1os, dentro del programa Campa\u00f1a de Vela de la Diputaci\u00f3n de A Coru\u00f1a, en grupos de ma\u00f1ana de 10.00 a 14.00 horas, y de tarde de 16.00 a 20.00 horas. El plazo de inscripciones ser\u00e1 de 1 de junio  a 7 de julio , la cuota de inscripci\u00f3n es de 25 euros y es imprescindible que los ni\u00f1os y ni\u00f1as participantes sepan nadar. Las personas interesadas en participar deber\u00e1n entregar en el Concello la ficha de inscripci\u00f3n debidamente cubierta as\u00ed como el resto de la documentaci\u00f3n  requerida.<\/p>\n\n<p>Y tambi\u00e9n de agua, en este caso remo, la escuela de verano del Club del Mar cuenta tambi\u00e9n con la colaboraci\u00f3n del Ayuntamiento de Mugardos en su organizaci\u00f3n. De martes a viernes para chicos y #chico nacidos entre 2005 y 2014, los participantes se iniciar\u00e1n en el remo, habr\u00e1 actividades de kayak, regatas, juegos de equipo y mucho m\u00e1s. Los interesados pueden informarse enviando un correo a\u00a0<a href=\"mailto:secretaria@clubdomarmugardos.com\">secretaria@clubdomarmugardos.com<\/a>\u00a0en en su web\u00a0<a href=\"http:\/\/www.clubdomarmugardos.com\/\">www.clubdomarmugardos.com<\/a>. Las inscripciones se iniciar\u00e1n el 20 de junio.<\/p>\n\n<p>La concejal quiso destacar que \u201cdesde el Concello organizamos y colaboramos este verano en la programaci\u00f3n de actividades deportivas priorizando el deporte al aire libre, intentando colaborar con las familias en la mejora de la calidad de vida de los m\u00e1s j\u00f3venes con una programaci\u00f3n deportiva que fomenta h\u00e1bitos saludables\u201d.<\/p>\n","protected":false},"excerpt":{"rendered":"<p>Tenis, baloncesto, karate, f\u00fatbol sala, yoga, balonmano, vela, remo y multideporte en la playa llenar\u00e1n las ma\u00f1anas de julio y agosto de juegos y diversi\u00f3n Mugardos, 15 de junio de 2022. La concejal de Deportes, Bego\u00f1a Rold\u00f3s, present\u00f3 hoy la programaci\u00f3n deportiva municipal para este verano destinada a la juventud mugardesa, que incluye tenis, baloncesto, [&hellip;]<\/p>\n","protected":false},"author":5,"featured_media":15830,"comment_status":"closed","ping_status":"closed","sticky":false,"template":"","format":"standard","meta":[],"categories":[51,52,12],"tags":[],"yoast_head":"<!-- This site is optimized with the Yoast SEO plugin v18.9 - https:\/\/yoast.com\/wordpress\/plugins\/seo\/ -->\n<title>LAS ACTIVIDADES DEPORTIVAS SER\u00c1N EJE FUNDAMENTAL DEL VERANO DE LA JUVENTUD MUGARDESA - Concello de Mugardos<\/title>\n<meta name=\"robots\" content=\"index, follow, max-snippet:-1, max-image-preview:large, max-video-preview:-1\" \/>\n<link rel=\"canonical\" href=\"https:\/\/mugardos.gal\/es\/las-actividades-deportivas-seran-eje-fundamental-del-verano-de-la-juventud-mugardesa\/\" \/>\n<meta property=\"og:locale\" content=\"es_ES\" \/>\n<meta property=\"og:type\" content=\"article\" \/>\n<meta property=\"og:title\" content=\"LAS ACTIVIDADES DEPORTIVAS SER\u00c1N EJE FUNDAMENTAL DEL VERANO DE LA JUVENTUD MUGARDESA - Concello de Mugardos\" \/>\n<meta property=\"og:description\" content=\"Tenis, baloncesto, karate, f\u00fatbol sala, yoga, balonmano, vela, remo y multideporte en la playa llenar\u00e1n las ma\u00f1anas de julio y agosto de juegos y diversi\u00f3n Mugardos, 15 de junio de 2022. La concejal de Deportes, Bego\u00f1a Rold\u00f3s, present\u00f3 hoy la programaci\u00f3n deportiva municipal para este verano destinada a la juventud mugardesa, que incluye tenis, baloncesto, [&hellip;]\" \/>\n<meta property=\"og:url\" content=\"https:\/\/mugardos.gal\/es\/las-actividades-deportivas-seran-eje-fundamental-del-verano-de-la-juventud-mugardesa\/\" \/>\n<meta property=\"og:site_name\" content=\"Concello de Mugardos\" \/>\n<meta property=\"article:published_time\" content=\"2022-06-15T12:47:24+00:00\" \/>\n<meta property=\"article:modified_time\" content=\"2022-06-15T12:47:25+00:00\" \/>\n<meta property=\"og:image\" content=\"https:\/\/mugardos.gal\/wp-content\/uploads\/2022\/06\/image-2.jpeg\" \/>\n\t<meta property=\"og:image:width\" content=\"1587\" \/>\n\t<meta property=\"og:image:height\" content=\"2245\" \/>\n\t<meta property=\"og:image:type\" content=\"image\/jpeg\" \/>\n<meta name=\"twitter:card\" content=\"summary_large_image\" \/>\n<meta name=\"twitter:label1\" content=\"Escrito por\" \/>\n\t<meta name=\"twitter:data1\" content=\"maria_OCCIDENTE\" \/>\n\t<meta name=\"twitter:label2\" content=\"Tiempo de lectura\" \/>\n\t<meta name=\"twitter:data2\" content=\"4 minutos\" \/>\n<script type=\"application\/ld+json\" class=\"yoast-schema-graph\">{\"@context\":\"https:\/\/schema.org\",\"@graph\":[{\"@type\":\"WebSite\",\"@id\":\"https:\/\/mugardos.gal\/#website\",\"url\":\"https:\/\/mugardos.gal\/\",\"name\":\"Concello de Mugardos\",\"description\":\"\",\"potentialAction\":[{\"@type\":\"SearchAction\",\"target\":{\"@type\":\"EntryPoint\",\"urlTemplate\":\"https:\/\/mugardos.gal\/?s={search_term_string}\"},\"query-input\":\"required name=search_term_string\"}],\"inLanguage\":\"es\"},{\"@type\":\"ImageObject\",\"inLanguage\":\"es\",\"@id\":\"https:\/\/mugardos.gal\/es\/las-actividades-deportivas-seran-eje-fundamental-del-verano-de-la-juventud-mugardesa\/#primaryimage\",\"url\":\"https:\/\/mugardos.gal\/wp-content\/uploads\/2022\/06\/image-2.jpeg\",\"contentUrl\":\"https:\/\/mugardos.gal\/wp-content\/uploads\/2022\/06\/image-2.jpeg\",\"width\":1587,\"height\":2245},{\"@type\":\"WebPage\",\"@id\":\"https:\/\/mugardos.gal\/es\/las-actividades-deportivas-seran-eje-fundamental-del-verano-de-la-juventud-mugardesa\/#webpage\",\"url\":\"https:\/\/mugardos.gal\/es\/las-actividades-deportivas-seran-eje-fundamental-del-verano-de-la-juventud-mugardesa\/\",\"name\":\"LAS ACTIVIDADES DEPORTIVAS SER\u00c1N EJE FUNDAMENTAL DEL VERANO DE LA JUVENTUD MUGARDESA - Concello de Mugardos\",\"isPartOf\":{\"@id\":\"https:\/\/mugardos.gal\/#website\"},\"primaryImageOfPage\":{\"@id\":\"https:\/\/mugardos.gal\/es\/las-actividades-deportivas-seran-eje-fundamental-del-verano-de-la-juventud-mugardesa\/#primaryimage\"},\"datePublished\":\"2022-06-15T12:47:24+00:00\",\"dateModified\":\"2022-06-15T12:47:25+00:00\",\"author\":{\"@id\":\"https:\/\/mugardos.gal\/#\/schema\/person\/5003de8d638a334108335f5dc158539f\"},\"breadcrumb\":{\"@id\":\"https:\/\/mugardos.gal\/es\/las-actividades-deportivas-seran-eje-fundamental-del-verano-de-la-juventud-mugardesa\/#breadcrumb\"},\"inLanguage\":\"es\",\"potentialAction\":[{\"@type\":\"ReadAction\",\"target\":[\"https:\/\/mugardos.gal\/es\/las-actividades-deportivas-seran-eje-fundamental-del-verano-de-la-juventud-mugardesa\/\"]}]},{\"@type\":\"BreadcrumbList\",\"@id\":\"https:\/\/mugardos.gal\/es\/las-actividades-deportivas-seran-eje-fundamental-del-verano-de-la-juventud-mugardesa\/#breadcrumb\",\"itemListElement\":[{\"@type\":\"ListItem\",\"position\":1,\"name\":\"Portada\",\"item\":\"https:\/\/mugardos.gal\/es\/\"},{\"@type\":\"ListItem\",\"position\":2,\"name\":\"LAS ACTIVIDADES DEPORTIVAS SER\u00c1N EJE FUNDAMENTAL DEL VERANO DE LA JUVENTUD MUGARDESA\"}]},{\"@type\":\"Person\",\"@id\":\"https:\/\/mugardos.gal\/#\/schema\/person\/5003de8d638a334108335f5dc158539f\",\"name\":\"maria_OCCIDENTE\",\"url\":\"https:\/\/mugardos.gal\/es\/author\/maria_occidente\/\"}]}<\/script>\n<!-- \/ Yoast SEO plugin. -->","yoast_head_json":{"title":"LAS ACTIVIDADES DEPORTIVAS SER\u00c1N EJE FUNDAMENTAL DEL VERANO DE LA JUVENTUD MUGARDESA - Concello de Mugardos","robots":{"index":"index","follow":"follow","max-snippet":"max-snippet:-1","max-image-preview":"max-image-preview:large","max-video-preview":"max-video-preview:-1"},"canonical":"https:\/\/mugardos.gal\/es\/las-actividades-deportivas-seran-eje-fundamental-del-verano-de-la-juventud-mugardesa\/","og_locale":"es_ES","og_type":"article","og_title":"LAS ACTIVIDADES DEPORTIVAS SER\u00c1N EJE FUNDAMENTAL DEL VERANO DE LA JUVENTUD MUGARDESA - Concello de Mugardos","og_description":"Tenis, baloncesto, karate, f\u00fatbol sala, yoga, balonmano, vela, remo y multideporte en la playa llenar\u00e1n las ma\u00f1anas de julio y agosto de juegos y diversi\u00f3n Mugardos, 15 de junio de 2022. La concejal de Deportes, Bego\u00f1a Rold\u00f3s, present\u00f3 hoy la programaci\u00f3n deportiva municipal para este verano destinada a la juventud mugardesa, que incluye tenis, baloncesto, [&hellip;]","og_url":"https:\/\/mugardos.gal\/es\/las-actividades-deportivas-seran-eje-fundamental-del-verano-de-la-juventud-mugardesa\/","og_site_name":"Concello de Mugardos","article_published_time":"2022-06-15T12:47:24+00:00","article_modified_time":"2022-06-15T12:47:25+00:00","og_image":[{"width":1587,"height":2245,"url":"https:\/\/mugardos.gal\/wp-content\/uploads\/2022\/06\/image-2.jpeg","type":"image\/jpeg"}],"twitter_card":"summary_large_image","twitter_misc":{"Escrito por":"maria_OCCIDENTE","Tiempo de lectura":"4 minutos"},"schema":{"@context":"https:\/\/schema.org","@graph":[{"@type":"WebSite","@id":"https:\/\/mugardos.gal\/#website","url":"https:\/\/mugardos.gal\/","name":"Concello de Mugardos","description":"","potentialAction":[{"@type":"SearchAction","target":{"@type":"EntryPoint","urlTemplate":"https:\/\/mugardos.gal\/?s={search_term_string}"},"query-input":"required name=search_term_string"}],"inLanguage":"es"},{"@type":"ImageObject","inLanguage":"es","@id":"https:\/\/mugardos.gal\/es\/las-actividades-deportivas-seran-eje-fundamental-del-verano-de-la-juventud-mugardesa\/#primaryimage","url":"https:\/\/mugardos.gal\/wp-content\/uploads\/2022\/06\/image-2.jpeg","contentUrl":"https:\/\/mugardos.gal\/wp-content\/uploads\/2022\/06\/image-2.jpeg","width":1587,"height":2245},{"@type":"WebPage","@id":"https:\/\/mugardos.gal\/es\/las-actividades-deportivas-seran-eje-fundamental-del-verano-de-la-juventud-mugardesa\/#webpage","url":"https:\/\/mugardos.gal\/es\/las-actividades-deportivas-seran-eje-fundamental-del-verano-de-la-juventud-mugardesa\/","name":"LAS ACTIVIDADES DEPORTIVAS SER\u00c1N EJE FUNDAMENTAL DEL VERANO DE LA JUVENTUD MUGARDESA - Concello de Mugardos","isPartOf":{"@id":"https:\/\/mugardos.gal\/#website"},"primaryImageOfPage":{"@id":"https:\/\/mugardos.gal\/es\/las-actividades-deportivas-seran-eje-fundamental-del-verano-de-la-juventud-mugardesa\/#primaryimage"},"datePublished":"2022-06-15T12:47:24+00:00","dateModified":"2022-06-15T12:47:25+00:00","author":{"@id":"https:\/\/mugardos.gal\/#\/schema\/person\/5003de8d638a334108335f5dc158539f"},"breadcrumb":{"@id":"https:\/\/mugardos.gal\/es\/las-actividades-deportivas-seran-eje-fundamental-del-verano-de-la-juventud-mugardesa\/#breadcrumb"},"inLanguage":"es","potentialAction":[{"@type":"ReadAction","target":["https:\/\/mugardos.gal\/es\/las-actividades-deportivas-seran-eje-fundamental-del-verano-de-la-juventud-mugardesa\/"]}]},{"@type":"BreadcrumbList","@id":"https:\/\/mugardos.gal\/es\/las-actividades-deportivas-seran-eje-fundamental-del-verano-de-la-juventud-mugardesa\/#breadcrumb","itemListElement":[{"@type":"ListItem","position":1,"name":"Portada","item":"https:\/\/mugardos.gal\/es\/"},{"@type":"ListItem","position":2,"name":"LAS ACTIVIDADES DEPORTIVAS SER\u00c1N EJE FUNDAMENTAL DEL VERANO DE LA JUVENTUD MUGARDESA"}]},{"@type":"Person","@id":"https:\/\/mugardos.gal\/#\/schema\/person\/5003de8d638a334108335f5dc158539f","name":"maria_OCCIDENTE","url":"https:\/\/mugardos.gal\/es\/author\/maria_occidente\/"}]}},"_links":{"self":[{"href":"https:\/\/mugardos.gal\/es\/wp-json\/wp\/v2\/posts\/15834"}],"collection":[{"href":"https:\/\/mugardos.gal\/es\/wp-json\/wp\/v2\/posts"}],"about":[{"href":"https:\/\/mugardos.gal\/es\/wp-json\/wp\/v2\/types\/post"}],"author":[{"embeddable":true,"href":"https:\/\/mugardos.gal\/es\/wp-json\/wp\/v2\/users\/5"}],"replies":[{"embeddable":true,"href":"https:\/\/mugardos.gal\/es\/wp-json\/wp\/v2\/comments?post=15834"}],"version-history":[{"count":1,"href":"https:\/\/mugardos.gal\/es\/wp-json\/wp\/v2\/posts\/15834\/revisions"}],"predecessor-version":[{"id":15835,"href":"https:\/\/mugardos.gal\/es\/wp-json\/wp\/v2\/posts\/15834\/revisions\/15835"}],"wp:featuredmedia":[{"embeddable":true,"href":"https:\/\/mugardos.gal\/es\/wp-json\/wp\/v2\/media\/15830"}],"wp:attachment":[{"href":"https:\/\/mugardos.gal\/es\/wp-json\/wp\/v2\/media?parent=15834"}],"wp:term":[{"taxonomy":"category","embeddable":true,"href":"https:\/\/mugardos.gal\/es\/wp-json\/wp\/v2\/categories?post=15834"},{"taxonomy":"post_tag","embeddable":true,"href":"https:\/\/mugardos.gal\/es\/wp-json\/wp\/v2\/tags?post=15834"}],"curies":[{"name":"wp","href":"https:\/\/api.w.org\/{rel}","templated":true}]}}