{"id":15351,"date":"2022-05-20T15:14:43","date_gmt":"2022-05-20T13:14:43","guid":{"rendered":"https:\/\/mugardos.gal\/luz-verde-para-la-adquisicion-de-un-nuevo-vehiculo-para-la-policia-local-mugardesa\/"},"modified":"2022-05-20T15:14:43","modified_gmt":"2022-05-20T13:14:43","slug":"luz-verde-para-la-adquisicion-de-un-nuevo-vehiculo-para-la-policia-local-mugardesa","status":"publish","type":"post","link":"https:\/\/mugardos.gal\/es\/luz-verde-para-la-adquisicion-de-un-nuevo-vehiculo-para-la-policia-local-mugardesa\/","title":{"rendered":"LUZ VERDE PARA LA ADQUISICI\u00d3N DE UN NUEVO VEH\u00cdCULO PARA LA POLIC\u00cdA LOCAL MUGARDESA"},"content":{"rendered":"\n<h4><em>EL Concello de Mugardos reinicia el proceso de licitaci\u00f3n<\/em><\/h4>\n\n<p>El concejal de Obras y Servicios, Jorge Kuntz, inform\u00f3 de la apertura del proceso de adquisici\u00f3n por parte de la administraci\u00f3n local de un nuevo veh\u00edculo para la Polic\u00eda Local mediante licitaci\u00f3n abierta, con un presupuesto de 30.000 euros.<\/p>\n\n<p>Esta es la segunda ocasi\u00f3n en la que el gobierno mugard\u00e9s abre el proceso para la suministraci\u00f3n de este coche, ya que en el mes de diciembre del a\u00f1o pasado se llev\u00f3 a cabo la primera contrataci\u00f3n que en el tr\u00e1mite de presentaci\u00f3n de ofertas qued\u00f3 desierto, obligando a la revisi\u00f3n de los pliegos para la segunda licitaci\u00f3n.<\/p>\n\n<p>En la sesi\u00f3n ordinaria de la Junta de Gobierno celebrada el pasado d\u00eda 12 de mayo se procedi\u00f3 a aprobar el expediente de contrataci\u00f3n, mediante procedimiento abierto simplificado sumario, recogiendo que la suministraci\u00f3n de este veh\u00edculo para la Polic\u00eda Local mugardesa se realizar\u00e1 con financiaci\u00f3n procedente del POS+ ADICIONAL 1\/2019. Tambi\u00e9n fueron aprobados los Pliegos de Cl\u00e1usulas Administrativas Particulares y de Prescripciones T\u00e9cnicas que regir\u00e1n el contrato.<\/p>\n\n<p>A partir de este momento, se proceder\u00e1 a publicar o anuncio de licitaci\u00f3n en el Perfil de Contratante con el contenido contemplado en la Ley 9\/2017 de 8 de noviembre, de Contratos del Sector P\u00fablico, as\u00ed como toda la documentaci\u00f3n integrante del expediente de contrataci\u00f3n.<\/p>\n\n<p><\/p>\n","protected":false},"excerpt":{"rendered":"<p>EL Concello de Mugardos reinicia el proceso de licitaci\u00f3n El concejal de Obras y Servicios, Jorge Kuntz, inform\u00f3 de la apertura del proceso de adquisici\u00f3n por parte de la administraci\u00f3n local de un nuevo veh\u00edculo para la Polic\u00eda Local mediante licitaci\u00f3n abierta, con un presupuesto de 30.000 euros. Esta es la segunda ocasi\u00f3n en la [&hellip;]<\/p>\n","protected":false},"author":5,"featured_media":15347,"comment_status":"closed","ping_status":"closed","sticky":false,"template":"","format":"standard","meta":[],"categories":[12,37],"tags":[],"yoast_head":"<!-- This site is optimized with the Yoast SEO plugin v18.9 - https:\/\/yoast.com\/wordpress\/plugins\/seo\/ -->\n<title>LUZ VERDE PARA LA ADQUISICI\u00d3N DE UN NUEVO VEH\u00cdCULO PARA LA POLIC\u00cdA LOCAL MUGARDESA - Concello de Mugardos<\/title>\n<meta name=\"robots\" content=\"index, follow, max-snippet:-1, max-image-preview:large, max-video-preview:-1\" \/>\n<link rel=\"canonical\" href=\"https:\/\/mugardos.gal\/es\/luz-verde-para-la-adquisicion-de-un-nuevo-vehiculo-para-la-policia-local-mugardesa\/\" \/>\n<meta property=\"og:locale\" content=\"es_ES\" \/>\n<meta property=\"og:type\" content=\"article\" \/>\n<meta property=\"og:title\" content=\"LUZ VERDE PARA LA ADQUISICI\u00d3N DE UN NUEVO VEH\u00cdCULO PARA LA POLIC\u00cdA LOCAL MUGARDESA - Concello de Mugardos\" \/>\n<meta property=\"og:description\" content=\"EL Concello de Mugardos reinicia el proceso de licitaci\u00f3n El concejal de Obras y Servicios, Jorge Kuntz, inform\u00f3 de la apertura del proceso de adquisici\u00f3n por parte de la administraci\u00f3n local de un nuevo veh\u00edculo para la Polic\u00eda Local mediante licitaci\u00f3n abierta, con un presupuesto de 30.000 euros. Esta es la segunda ocasi\u00f3n en la [&hellip;]\" \/>\n<meta property=\"og:url\" content=\"https:\/\/mugardos.gal\/es\/luz-verde-para-la-adquisicion-de-un-nuevo-vehiculo-para-la-policia-local-mugardesa\/\" \/>\n<meta property=\"og:site_name\" content=\"Concello de Mugardos\" \/>\n<meta property=\"article:published_time\" content=\"2022-05-20T13:14:43+00:00\" \/>\n<meta property=\"og:image\" content=\"https:\/\/mugardos.gal\/wp-content\/uploads\/2022\/05\/Polici\u0301a-Local.jpeg\" \/>\n\t<meta property=\"og:image:width\" content=\"1600\" \/>\n\t<meta property=\"og:image:height\" content=\"1200\" \/>\n\t<meta property=\"og:image:type\" content=\"image\/jpeg\" \/>\n<meta name=\"twitter:card\" content=\"summary_large_image\" \/>\n<meta name=\"twitter:label1\" content=\"Escrito por\" \/>\n\t<meta name=\"twitter:data1\" content=\"maria_OCCIDENTE\" \/>\n\t<meta name=\"twitter:label2\" content=\"Tiempo de lectura\" \/>\n\t<meta name=\"twitter:data2\" content=\"1 minuto\" \/>\n<script type=\"application\/ld+json\" class=\"yoast-schema-graph\">{\"@context\":\"https:\/\/schema.org\",\"@graph\":[{\"@type\":\"WebSite\",\"@id\":\"https:\/\/mugardos.gal\/#website\",\"url\":\"https:\/\/mugardos.gal\/\",\"name\":\"Concello de Mugardos\",\"description\":\"\",\"potentialAction\":[{\"@type\":\"SearchAction\",\"target\":{\"@type\":\"EntryPoint\",\"urlTemplate\":\"https:\/\/mugardos.gal\/?s={search_term_string}\"},\"query-input\":\"required name=search_term_string\"}],\"inLanguage\":\"es\"},{\"@type\":\"ImageObject\",\"inLanguage\":\"es\",\"@id\":\"https:\/\/mugardos.gal\/es\/luz-verde-para-la-adquisicion-de-un-nuevo-vehiculo-para-la-policia-local-mugardesa\/#primaryimage\",\"url\":\"https:\/\/mugardos.gal\/wp-content\/uploads\/2022\/05\/Polici\u0301a-Local.jpeg\",\"contentUrl\":\"https:\/\/mugardos.gal\/wp-content\/uploads\/2022\/05\/Polici\u0301a-Local.jpeg\",\"width\":1600,\"height\":1200},{\"@type\":\"WebPage\",\"@id\":\"https:\/\/mugardos.gal\/es\/luz-verde-para-la-adquisicion-de-un-nuevo-vehiculo-para-la-policia-local-mugardesa\/#webpage\",\"url\":\"https:\/\/mugardos.gal\/es\/luz-verde-para-la-adquisicion-de-un-nuevo-vehiculo-para-la-policia-local-mugardesa\/\",\"name\":\"LUZ VERDE PARA LA ADQUISICI\u00d3N DE UN NUEVO VEH\u00cdCULO PARA LA POLIC\u00cdA LOCAL MUGARDESA - Concello de Mugardos\",\"isPartOf\":{\"@id\":\"https:\/\/mugardos.gal\/#website\"},\"primaryImageOfPage\":{\"@id\":\"https:\/\/mugardos.gal\/es\/luz-verde-para-la-adquisicion-de-un-nuevo-vehiculo-para-la-policia-local-mugardesa\/#primaryimage\"},\"datePublished\":\"2022-05-20T13:14:43+00:00\",\"dateModified\":\"2022-05-20T13:14:43+00:00\",\"author\":{\"@id\":\"https:\/\/mugardos.gal\/#\/schema\/person\/5003de8d638a334108335f5dc158539f\"},\"breadcrumb\":{\"@id\":\"https:\/\/mugardos.gal\/es\/luz-verde-para-la-adquisicion-de-un-nuevo-vehiculo-para-la-policia-local-mugardesa\/#breadcrumb\"},\"inLanguage\":\"es\",\"potentialAction\":[{\"@type\":\"ReadAction\",\"target\":[\"https:\/\/mugardos.gal\/es\/luz-verde-para-la-adquisicion-de-un-nuevo-vehiculo-para-la-policia-local-mugardesa\/\"]}]},{\"@type\":\"BreadcrumbList\",\"@id\":\"https:\/\/mugardos.gal\/es\/luz-verde-para-la-adquisicion-de-un-nuevo-vehiculo-para-la-policia-local-mugardesa\/#breadcrumb\",\"itemListElement\":[{\"@type\":\"ListItem\",\"position\":1,\"name\":\"Portada\",\"item\":\"https:\/\/mugardos.gal\/es\/\"},{\"@type\":\"ListItem\",\"position\":2,\"name\":\"LUZ VERDE PARA LA ADQUISICI\u00d3N DE UN NUEVO VEH\u00cdCULO PARA LA POLIC\u00cdA LOCAL MUGARDESA\"}]},{\"@type\":\"Person\",\"@id\":\"https:\/\/mugardos.gal\/#\/schema\/person\/5003de8d638a334108335f5dc158539f\",\"name\":\"maria_OCCIDENTE\",\"url\":\"https:\/\/mugardos.gal\/es\/author\/maria_occidente\/\"}]}<\/script>\n<!-- \/ Yoast SEO plugin. -->","yoast_head_json":{"title":"LUZ VERDE PARA LA ADQUISICI\u00d3N DE UN NUEVO VEH\u00cdCULO PARA LA POLIC\u00cdA LOCAL MUGARDESA - Concello de Mugardos","robots":{"index":"index","follow":"follow","max-snippet":"max-snippet:-1","max-image-preview":"max-image-preview:large","max-video-preview":"max-video-preview:-1"},"canonical":"https:\/\/mugardos.gal\/es\/luz-verde-para-la-adquisicion-de-un-nuevo-vehiculo-para-la-policia-local-mugardesa\/","og_locale":"es_ES","og_type":"article","og_title":"LUZ VERDE PARA LA ADQUISICI\u00d3N DE UN NUEVO VEH\u00cdCULO PARA LA POLIC\u00cdA LOCAL MUGARDESA - Concello de Mugardos","og_description":"EL Concello de Mugardos reinicia el proceso de licitaci\u00f3n El concejal de Obras y Servicios, Jorge Kuntz, inform\u00f3 de la apertura del proceso de adquisici\u00f3n por parte de la administraci\u00f3n local de un nuevo veh\u00edculo para la Polic\u00eda Local mediante licitaci\u00f3n abierta, con un presupuesto de 30.000 euros. Esta es la segunda ocasi\u00f3n en la [&hellip;]","og_url":"https:\/\/mugardos.gal\/es\/luz-verde-para-la-adquisicion-de-un-nuevo-vehiculo-para-la-policia-local-mugardesa\/","og_site_name":"Concello de Mugardos","article_published_time":"2022-05-20T13:14:43+00:00","og_image":[{"width":1600,"height":1200,"url":"https:\/\/mugardos.gal\/wp-content\/uploads\/2022\/05\/Polici\u0301a-Local.jpeg","type":"image\/jpeg"}],"twitter_card":"summary_large_image","twitter_misc":{"Escrito por":"maria_OCCIDENTE","Tiempo de lectura":"1 minuto"},"schema":{"@context":"https:\/\/schema.org","@graph":[{"@type":"WebSite","@id":"https:\/\/mugardos.gal\/#website","url":"https:\/\/mugardos.gal\/","name":"Concello de Mugardos","description":"","potentialAction":[{"@type":"SearchAction","target":{"@type":"EntryPoint","urlTemplate":"https:\/\/mugardos.gal\/?s={search_term_string}"},"query-input":"required name=search_term_string"}],"inLanguage":"es"},{"@type":"ImageObject","inLanguage":"es","@id":"https:\/\/mugardos.gal\/es\/luz-verde-para-la-adquisicion-de-un-nuevo-vehiculo-para-la-policia-local-mugardesa\/#primaryimage","url":"https:\/\/mugardos.gal\/wp-content\/uploads\/2022\/05\/Polici\u0301a-Local.jpeg","contentUrl":"https:\/\/mugardos.gal\/wp-content\/uploads\/2022\/05\/Polici\u0301a-Local.jpeg","width":1600,"height":1200},{"@type":"WebPage","@id":"https:\/\/mugardos.gal\/es\/luz-verde-para-la-adquisicion-de-un-nuevo-vehiculo-para-la-policia-local-mugardesa\/#webpage","url":"https:\/\/mugardos.gal\/es\/luz-verde-para-la-adquisicion-de-un-nuevo-vehiculo-para-la-policia-local-mugardesa\/","name":"LUZ VERDE PARA LA ADQUISICI\u00d3N DE UN NUEVO VEH\u00cdCULO PARA LA POLIC\u00cdA LOCAL MUGARDESA - Concello de Mugardos","isPartOf":{"@id":"https:\/\/mugardos.gal\/#website"},"primaryImageOfPage":{"@id":"https:\/\/mugardos.gal\/es\/luz-verde-para-la-adquisicion-de-un-nuevo-vehiculo-para-la-policia-local-mugardesa\/#primaryimage"},"datePublished":"2022-05-20T13:14:43+00:00","dateModified":"2022-05-20T13:14:43+00:00","author":{"@id":"https:\/\/mugardos.gal\/#\/schema\/person\/5003de8d638a334108335f5dc158539f"},"breadcrumb":{"@id":"https:\/\/mugardos.gal\/es\/luz-verde-para-la-adquisicion-de-un-nuevo-vehiculo-para-la-policia-local-mugardesa\/#breadcrumb"},"inLanguage":"es","potentialAction":[{"@type":"ReadAction","target":["https:\/\/mugardos.gal\/es\/luz-verde-para-la-adquisicion-de-un-nuevo-vehiculo-para-la-policia-local-mugardesa\/"]}]},{"@type":"BreadcrumbList","@id":"https:\/\/mugardos.gal\/es\/luz-verde-para-la-adquisicion-de-un-nuevo-vehiculo-para-la-policia-local-mugardesa\/#breadcrumb","itemListElement":[{"@type":"ListItem","position":1,"name":"Portada","item":"https:\/\/mugardos.gal\/es\/"},{"@type":"ListItem","position":2,"name":"LUZ VERDE PARA LA ADQUISICI\u00d3N DE UN NUEVO VEH\u00cdCULO PARA LA POLIC\u00cdA LOCAL MUGARDESA"}]},{"@type":"Person","@id":"https:\/\/mugardos.gal\/#\/schema\/person\/5003de8d638a334108335f5dc158539f","name":"maria_OCCIDENTE","url":"https:\/\/mugardos.gal\/es\/author\/maria_occidente\/"}]}},"_links":{"self":[{"href":"https:\/\/mugardos.gal\/es\/wp-json\/wp\/v2\/posts\/15351"}],"collection":[{"href":"https:\/\/mugardos.gal\/es\/wp-json\/wp\/v2\/posts"}],"about":[{"href":"https:\/\/mugardos.gal\/es\/wp-json\/wp\/v2\/types\/post"}],"author":[{"embeddable":true,"href":"https:\/\/mugardos.gal\/es\/wp-json\/wp\/v2\/users\/5"}],"replies":[{"embeddable":true,"href":"https:\/\/mugardos.gal\/es\/wp-json\/wp\/v2\/comments?post=15351"}],"version-history":[{"count":0,"href":"https:\/\/mugardos.gal\/es\/wp-json\/wp\/v2\/posts\/15351\/revisions"}],"wp:featuredmedia":[{"embeddable":true,"href":"https:\/\/mugardos.gal\/es\/wp-json\/wp\/v2\/media\/15347"}],"wp:attachment":[{"href":"https:\/\/mugardos.gal\/es\/wp-json\/wp\/v2\/media?parent=15351"}],"wp:term":[{"taxonomy":"category","embeddable":true,"href":"https:\/\/mugardos.gal\/es\/wp-json\/wp\/v2\/categories?post=15351"},{"taxonomy":"post_tag","embeddable":true,"href":"https:\/\/mugardos.gal\/es\/wp-json\/wp\/v2\/tags?post=15351"}],"curies":[{"name":"wp","href":"https:\/\/api.w.org\/{rel}","templated":true}]}}