{"id":15331,"date":"2022-05-20T11:28:33","date_gmt":"2022-05-20T09:28:33","guid":{"rendered":"https:\/\/mugardos.gal\/luz-verde-a-los-presupuestos-2022\/"},"modified":"2022-05-20T11:28:33","modified_gmt":"2022-05-20T09:28:33","slug":"luz-verde-a-los-presupuestos-2022","status":"publish","type":"post","link":"https:\/\/mugardos.gal\/es\/luz-verde-a-los-presupuestos-2022\/","title":{"rendered":"LUZ VERDE A LOS PRESUPUESTOS 2022"},"content":{"rendered":"\n<h4><em>El gobierno prev\u00e9 disminuir la presi\u00f3n fiscal sobre los vecinos congelando los impuestos y rebajando algunas taxas<\/em><\/h4>\n\n<p><strong>Mugardos, 19 de mayo de 2022<\/strong>.- El concejal de Hacienda Miguel Mah\u00eda anunci\u00f3 hoy la aprobaci\u00f3n por parte del pleno de los presupuestos municipales del ejercicio 2022 con una apoyo hist\u00f3rico, ya que la aprobaci\u00f3n fue ratificada con 11 votos a favor de los 12 posibles (por la ausencia de un concejal de Esquerda Unida), despu\u00e9s de que las cuentas presentadas por el gobierno municipal fueron apoyadas por todos los grupos municipales (Partido Popular, Partido Socialista y Esquerda Unida) excepto el concejal nacionalista del Bloque, que finalmente vot\u00f3 en contra.<\/p>\n\n<p>Mah\u00eda expuso los t\u00e9rminos generales de las cuentas, en las que se recogen hasta 1.653.003,94 euros en inversiones que entre otras actuaciones recogen 860.000,00 euros previstos para la construcci\u00f3n de la nueva biblioteca municipal, 148.774,64 euros previstos para la reforma integral del mercado municipal, 270.000 euros para la mejora de servicios y pavimentos en las calles Peteiro y O Cristo o 96.000 euros para la reurbanizaci\u00f3n de la Avenida Bello Pi\u00f1eiro. Tambi\u00e9n se recogen inversiones de menor aportaci\u00f3n de fondos municipales pero muy necesarias como la mejora de caminos municipales en la calle Coruto, Lodairo, Igrexa de Franza y O Gali\u00f1eiro, la pista multideporte de O Ba\u00f1o o la mejora de Beriamar, as\u00ed como la adquisici\u00f3n de diverso material para la dotaci\u00f3n de los servicios p\u00fablicos municipales.<\/p>\n\n<p>El presupuesto est\u00e1 previsto que llegue a los 8.169.014,82 euros en gastos, de los que la partida m\u00e1s importante, 1.247.386,28 euros, se destinar\u00e1 a la asistencia social. Otra partidas muy destacadas tambi\u00e9n por su peso en el total de los gastos previstos ser\u00e1n las destinadas a la biblioteca (por la inversi\u00f3n en la construcci\u00f3n del nuevo edificio), los m\u00e1s de 550.000 euros destinados al alcantarillado o lo 467.000 euros al servicio de prevenci\u00f3n y extinci\u00f3n de incendios.<\/p>\n\n<p>En lo relativo a los ingresos, tambi\u00e9n previstos en los 8.169.014,82 euros, el responsable del departamento econ\u00f3mico municipal puso el foco en la disminuci\u00f3n de la presi\u00f3n fiscal sobre los vecinos ya que la previsi\u00f3n para este a\u00f1o es la de mantener las ordenanzas municipales que regulan el cobro de de impuestos, y modificar la baja de algunas de las ordenanzas fiscales que regulan las taxas municipales, como ya se est\u00e1 haciendo con la taxa de la escuela infantil.<\/p>\n\n<p>La cuentas ahora pasan a la fase de exposici\u00f3n p\u00fabica, y durante 15 d\u00edas h\u00e1biles desde su publicaci\u00f3n en el BOP se podr\u00e1 presentar reclamaci\u00f3n de las mismas.<\/p>\n\n<p>El concejal quiso destacar de estas cuentas que \u00abes la primera vez que un presupuesto municipal mugard\u00e9s recibe un respaldo tan mayoritario y case un\u00e1nime de todas las fuerzas presentes en el plenario. Y este apoyo es consecuencia del intenso trabajo desarrollado, hay mucho di\u00e1logo y mucha negociaci\u00f3n detr\u00e1s de los votos, y estamos muy orgullosos del resultado. Ahora queda lo m\u00e1s dif\u00edcil, lograr poner en marcha las inversiones recogidas en estas cosas. Sabemos que va a ser duro, pero muy gratificante. Pensar que, por ejemplo, la nueva biblioteca municipal puede ser una realidad en unos meses es una motivaci\u00f3n inigualable. Vale la pena por aportar nuestro peque\u00f1o gran grano de arena en la construcci\u00f3n de un nuevo futuro para Mugardos\u00bb.<\/p>\n","protected":false},"excerpt":{"rendered":"<p>El gobierno prev\u00e9 disminuir la presi\u00f3n fiscal sobre los vecinos congelando los impuestos y rebajando algunas taxas Mugardos, 19 de mayo de 2022.- El concejal de Hacienda Miguel Mah\u00eda anunci\u00f3 hoy la aprobaci\u00f3n por parte del pleno de los presupuestos municipales del ejercicio 2022 con una apoyo hist\u00f3rico, ya que la aprobaci\u00f3n fue ratificada con [&hellip;]<\/p>\n","protected":false},"author":5,"featured_media":15334,"comment_status":"closed","ping_status":"closed","sticky":false,"template":"","format":"standard","meta":[],"categories":[12],"tags":[],"yoast_head":"<!-- This site is optimized with the Yoast SEO plugin v18.9 - https:\/\/yoast.com\/wordpress\/plugins\/seo\/ -->\n<title>LUZ VERDE A LOS PRESUPUESTOS 2022 - Concello de Mugardos<\/title>\n<meta name=\"robots\" content=\"index, follow, max-snippet:-1, max-image-preview:large, max-video-preview:-1\" \/>\n<link rel=\"canonical\" href=\"https:\/\/mugardos.gal\/es\/luz-verde-a-los-presupuestos-2022\/\" \/>\n<meta property=\"og:locale\" content=\"es_ES\" \/>\n<meta property=\"og:type\" content=\"article\" \/>\n<meta property=\"og:title\" content=\"LUZ VERDE A LOS PRESUPUESTOS 2022 - Concello de Mugardos\" \/>\n<meta property=\"og:description\" content=\"El gobierno prev\u00e9 disminuir la presi\u00f3n fiscal sobre los vecinos congelando los impuestos y rebajando algunas taxas Mugardos, 19 de mayo de 2022.- El concejal de Hacienda Miguel Mah\u00eda anunci\u00f3 hoy la aprobaci\u00f3n por parte del pleno de los presupuestos municipales del ejercicio 2022 con una apoyo hist\u00f3rico, ya que la aprobaci\u00f3n fue ratificada con [&hellip;]\" \/>\n<meta property=\"og:url\" content=\"https:\/\/mugardos.gal\/es\/luz-verde-a-los-presupuestos-2022\/\" \/>\n<meta property=\"og:site_name\" content=\"Concello de Mugardos\" \/>\n<meta property=\"article:published_time\" content=\"2022-05-20T09:28:33+00:00\" \/>\n<meta property=\"og:image\" content=\"https:\/\/mugardos.gal\/wp-content\/uploads\/2022\/05\/Aprobacion-presupuestos-1.jpeg\" \/>\n\t<meta property=\"og:image:width\" content=\"1600\" \/>\n\t<meta property=\"og:image:height\" content=\"1196\" \/>\n\t<meta property=\"og:image:type\" content=\"image\/jpeg\" \/>\n<meta name=\"twitter:card\" content=\"summary_large_image\" \/>\n<meta name=\"twitter:label1\" content=\"Escrito por\" \/>\n\t<meta name=\"twitter:data1\" content=\"maria_OCCIDENTE\" \/>\n\t<meta name=\"twitter:label2\" content=\"Tiempo de lectura\" \/>\n\t<meta name=\"twitter:data2\" content=\"3 minutos\" \/>\n<script type=\"application\/ld+json\" class=\"yoast-schema-graph\">{\"@context\":\"https:\/\/schema.org\",\"@graph\":[{\"@type\":\"WebSite\",\"@id\":\"https:\/\/mugardos.gal\/#website\",\"url\":\"https:\/\/mugardos.gal\/\",\"name\":\"Concello de Mugardos\",\"description\":\"\",\"potentialAction\":[{\"@type\":\"SearchAction\",\"target\":{\"@type\":\"EntryPoint\",\"urlTemplate\":\"https:\/\/mugardos.gal\/?s={search_term_string}\"},\"query-input\":\"required name=search_term_string\"}],\"inLanguage\":\"es\"},{\"@type\":\"ImageObject\",\"inLanguage\":\"es\",\"@id\":\"https:\/\/mugardos.gal\/es\/luz-verde-a-los-presupuestos-2022\/#primaryimage\",\"url\":\"https:\/\/mugardos.gal\/wp-content\/uploads\/2022\/05\/Aprobacion-presupuestos-1.jpeg\",\"contentUrl\":\"https:\/\/mugardos.gal\/wp-content\/uploads\/2022\/05\/Aprobacion-presupuestos-1.jpeg\",\"width\":1600,\"height\":1196},{\"@type\":\"WebPage\",\"@id\":\"https:\/\/mugardos.gal\/es\/luz-verde-a-los-presupuestos-2022\/#webpage\",\"url\":\"https:\/\/mugardos.gal\/es\/luz-verde-a-los-presupuestos-2022\/\",\"name\":\"LUZ VERDE A LOS PRESUPUESTOS 2022 - Concello de Mugardos\",\"isPartOf\":{\"@id\":\"https:\/\/mugardos.gal\/#website\"},\"primaryImageOfPage\":{\"@id\":\"https:\/\/mugardos.gal\/es\/luz-verde-a-los-presupuestos-2022\/#primaryimage\"},\"datePublished\":\"2022-05-20T09:28:33+00:00\",\"dateModified\":\"2022-05-20T09:28:33+00:00\",\"author\":{\"@id\":\"https:\/\/mugardos.gal\/#\/schema\/person\/5003de8d638a334108335f5dc158539f\"},\"breadcrumb\":{\"@id\":\"https:\/\/mugardos.gal\/es\/luz-verde-a-los-presupuestos-2022\/#breadcrumb\"},\"inLanguage\":\"es\",\"potentialAction\":[{\"@type\":\"ReadAction\",\"target\":[\"https:\/\/mugardos.gal\/es\/luz-verde-a-los-presupuestos-2022\/\"]}]},{\"@type\":\"BreadcrumbList\",\"@id\":\"https:\/\/mugardos.gal\/es\/luz-verde-a-los-presupuestos-2022\/#breadcrumb\",\"itemListElement\":[{\"@type\":\"ListItem\",\"position\":1,\"name\":\"Portada\",\"item\":\"https:\/\/mugardos.gal\/es\/\"},{\"@type\":\"ListItem\",\"position\":2,\"name\":\"LUZ VERDE A LOS PRESUPUESTOS 2022\"}]},{\"@type\":\"Person\",\"@id\":\"https:\/\/mugardos.gal\/#\/schema\/person\/5003de8d638a334108335f5dc158539f\",\"name\":\"maria_OCCIDENTE\",\"url\":\"https:\/\/mugardos.gal\/es\/author\/maria_occidente\/\"}]}<\/script>\n<!-- \/ Yoast SEO plugin. -->","yoast_head_json":{"title":"LUZ VERDE A LOS PRESUPUESTOS 2022 - Concello de Mugardos","robots":{"index":"index","follow":"follow","max-snippet":"max-snippet:-1","max-image-preview":"max-image-preview:large","max-video-preview":"max-video-preview:-1"},"canonical":"https:\/\/mugardos.gal\/es\/luz-verde-a-los-presupuestos-2022\/","og_locale":"es_ES","og_type":"article","og_title":"LUZ VERDE A LOS PRESUPUESTOS 2022 - Concello de Mugardos","og_description":"El gobierno prev\u00e9 disminuir la presi\u00f3n fiscal sobre los vecinos congelando los impuestos y rebajando algunas taxas Mugardos, 19 de mayo de 2022.- El concejal de Hacienda Miguel Mah\u00eda anunci\u00f3 hoy la aprobaci\u00f3n por parte del pleno de los presupuestos municipales del ejercicio 2022 con una apoyo hist\u00f3rico, ya que la aprobaci\u00f3n fue ratificada con [&hellip;]","og_url":"https:\/\/mugardos.gal\/es\/luz-verde-a-los-presupuestos-2022\/","og_site_name":"Concello de Mugardos","article_published_time":"2022-05-20T09:28:33+00:00","og_image":[{"width":1600,"height":1196,"url":"https:\/\/mugardos.gal\/wp-content\/uploads\/2022\/05\/Aprobacion-presupuestos-1.jpeg","type":"image\/jpeg"}],"twitter_card":"summary_large_image","twitter_misc":{"Escrito por":"maria_OCCIDENTE","Tiempo de lectura":"3 minutos"},"schema":{"@context":"https:\/\/schema.org","@graph":[{"@type":"WebSite","@id":"https:\/\/mugardos.gal\/#website","url":"https:\/\/mugardos.gal\/","name":"Concello de Mugardos","description":"","potentialAction":[{"@type":"SearchAction","target":{"@type":"EntryPoint","urlTemplate":"https:\/\/mugardos.gal\/?s={search_term_string}"},"query-input":"required name=search_term_string"}],"inLanguage":"es"},{"@type":"ImageObject","inLanguage":"es","@id":"https:\/\/mugardos.gal\/es\/luz-verde-a-los-presupuestos-2022\/#primaryimage","url":"https:\/\/mugardos.gal\/wp-content\/uploads\/2022\/05\/Aprobacion-presupuestos-1.jpeg","contentUrl":"https:\/\/mugardos.gal\/wp-content\/uploads\/2022\/05\/Aprobacion-presupuestos-1.jpeg","width":1600,"height":1196},{"@type":"WebPage","@id":"https:\/\/mugardos.gal\/es\/luz-verde-a-los-presupuestos-2022\/#webpage","url":"https:\/\/mugardos.gal\/es\/luz-verde-a-los-presupuestos-2022\/","name":"LUZ VERDE A LOS PRESUPUESTOS 2022 - Concello de Mugardos","isPartOf":{"@id":"https:\/\/mugardos.gal\/#website"},"primaryImageOfPage":{"@id":"https:\/\/mugardos.gal\/es\/luz-verde-a-los-presupuestos-2022\/#primaryimage"},"datePublished":"2022-05-20T09:28:33+00:00","dateModified":"2022-05-20T09:28:33+00:00","author":{"@id":"https:\/\/mugardos.gal\/#\/schema\/person\/5003de8d638a334108335f5dc158539f"},"breadcrumb":{"@id":"https:\/\/mugardos.gal\/es\/luz-verde-a-los-presupuestos-2022\/#breadcrumb"},"inLanguage":"es","potentialAction":[{"@type":"ReadAction","target":["https:\/\/mugardos.gal\/es\/luz-verde-a-los-presupuestos-2022\/"]}]},{"@type":"BreadcrumbList","@id":"https:\/\/mugardos.gal\/es\/luz-verde-a-los-presupuestos-2022\/#breadcrumb","itemListElement":[{"@type":"ListItem","position":1,"name":"Portada","item":"https:\/\/mugardos.gal\/es\/"},{"@type":"ListItem","position":2,"name":"LUZ VERDE A LOS PRESUPUESTOS 2022"}]},{"@type":"Person","@id":"https:\/\/mugardos.gal\/#\/schema\/person\/5003de8d638a334108335f5dc158539f","name":"maria_OCCIDENTE","url":"https:\/\/mugardos.gal\/es\/author\/maria_occidente\/"}]}},"_links":{"self":[{"href":"https:\/\/mugardos.gal\/es\/wp-json\/wp\/v2\/posts\/15331"}],"collection":[{"href":"https:\/\/mugardos.gal\/es\/wp-json\/wp\/v2\/posts"}],"about":[{"href":"https:\/\/mugardos.gal\/es\/wp-json\/wp\/v2\/types\/post"}],"author":[{"embeddable":true,"href":"https:\/\/mugardos.gal\/es\/wp-json\/wp\/v2\/users\/5"}],"replies":[{"embeddable":true,"href":"https:\/\/mugardos.gal\/es\/wp-json\/wp\/v2\/comments?post=15331"}],"version-history":[{"count":0,"href":"https:\/\/mugardos.gal\/es\/wp-json\/wp\/v2\/posts\/15331\/revisions"}],"wp:featuredmedia":[{"embeddable":true,"href":"https:\/\/mugardos.gal\/es\/wp-json\/wp\/v2\/media\/15334"}],"wp:attachment":[{"href":"https:\/\/mugardos.gal\/es\/wp-json\/wp\/v2\/media?parent=15331"}],"wp:term":[{"taxonomy":"category","embeddable":true,"href":"https:\/\/mugardos.gal\/es\/wp-json\/wp\/v2\/categories?post=15331"},{"taxonomy":"post_tag","embeddable":true,"href":"https:\/\/mugardos.gal\/es\/wp-json\/wp\/v2\/tags?post=15331"}],"curies":[{"name":"wp","href":"https:\/\/api.w.org\/{rel}","templated":true}]}}