{"id":15212,"date":"2022-05-11T17:59:58","date_gmt":"2022-05-11T15:59:58","guid":{"rendered":"https:\/\/mugardos.gal\/el-grupo-de-emergencia-supramunicipal-ges-participa-en-el-obradoiro-reinicia\/"},"modified":"2022-05-11T17:59:59","modified_gmt":"2022-05-11T15:59:59","slug":"el-grupo-de-emergencia-supramunicipal-ges-participa-en-el-obradoiro-reinicia","status":"publish","type":"post","link":"https:\/\/mugardos.gal\/es\/el-grupo-de-emergencia-supramunicipal-ges-participa-en-el-obradoiro-reinicia\/","title":{"rendered":"EL GRUPO DE EMERGENCIA SUPRAMUNICIPAL (GES) PARTICIPA EN EL OBRADOIRO REINICIA"},"content":{"rendered":"\n<h4><em>La charla informativa se centr\u00f3 en las tareas de prevenci\u00f3n y extinci\u00f3n de incendios que realiza el grupo de emergencias<\/em><\/h4>\n\n<p><strong>Mugardos, 11 de mayo de 2022<\/strong><strong>.<\/strong>\u00a0El concejal de Personal, Miguel Mah\u00eda, inform\u00f3 hoy de la participaci\u00f3n de los tres miembros del equipo del Grupo de Emergencias Supramunicipal de Mugardos en el programa formativo de la especialidad forestal que se est\u00e1 impartiendo dentro del programa de formaci\u00f3n dual Reinicia VIII.<\/p>\n\n<p>La actividad desarrollada se centr\u00f3 por una banda en poner en valor la importancia de las actividades de prevenci\u00f3n de incendios, como el trabajo de limpieza de cortafuegos, limpieza de fincas o mantenimiento de la biomasa, y el enorme impacto que estas tareas tienen a la hora de minimizar el riesgo de incendios.<\/p>\n\n<p>Por otro lado, los GES realizaron una peque\u00f1a presentaci\u00f3n de su trabajo cuando se presenta una emergencia, especialmente en caso de los incendios, tanto en los forestales como en los urbanos.<\/p>\n\n<p>As\u00ed mismo, el personal del GES aprovech\u00f3 la ocasi\u00f3n para ense\u00f1ar a los participantes del curso el funcionamiento de los desfibriladores (DESA) y c\u00f3mo hacer uso de los mismos.<\/p>\n\n<p>Mah\u00eda quiso destacar la importancia que este tipo de formaci\u00f3n tiene, tanto para los que reciben la informaci\u00f3n como para aquellos que la trasladan \u00abAyer un equipo de los GES de Mugardos estuvo m\u00e1s de dos horas formando a futuros trabajadores del sector forestal, y como ellos mismos me trasladaron al terminar, fue un placer para poder hablar de su trabajo, de la importancia de las tareas de prevenci\u00f3n y de lo importante que es para todos el cuidado de la tierra. Los miembros del Concello de Mugardos, y por supuesto los miembros del GES, estamos a disposici\u00f3n de los vecinos para seguir trabajando en el camino de la seguridad y la formaci\u00f3n. Es un trabajo conjunto de la sociedad la concienciaci\u00f3n y la prevenci\u00f3n, y en Mugardos tenemos la enorme suerte de contar con un gran equipo de profesionales tanto de la prevenci\u00f3n como de la actuaci\u00f3n ante las emergencias\u00bb concluy\u00f3 Mah\u00eda.<\/p>\n\n<figure class=\"wp-block-gallery columns-3 is-cropped\"><ul class=\"blocks-gallery-grid\"><li class=\"blocks-gallery-item\"><figure><img loading=\"lazy\" width=\"1024\" height=\"576\" src=\"https:\/\/mugardos.gal\/wp-content\/uploads\/2022\/05\/Formacion-GES-Reinicia-1-1024x576.jpeg\" alt=\"\" data-id=\"15197\" data-full-url=\"https:\/\/mugardos.gal\/wp-content\/uploads\/2022\/05\/Formacion-GES-Reinicia-1.jpeg\" data-link=\"https:\/\/mugardos.gal\/?attachment_id=15197\" class=\"wp-image-15197\" srcset=\"https:\/\/mugardos.gal\/wp-content\/uploads\/2022\/05\/Formacion-GES-Reinicia-1-1024x576.jpeg 1024w, https:\/\/mugardos.gal\/wp-content\/uploads\/2022\/05\/Formacion-GES-Reinicia-1-300x169.jpeg 300w, https:\/\/mugardos.gal\/wp-content\/uploads\/2022\/05\/Formacion-GES-Reinicia-1-768x432.jpeg 768w, https:\/\/mugardos.gal\/wp-content\/uploads\/2022\/05\/Formacion-GES-Reinicia-1-1536x864.jpeg 1536w, https:\/\/mugardos.gal\/wp-content\/uploads\/2022\/05\/Formacion-GES-Reinicia-1.jpeg 1920w\" sizes=\"(max-width: 1024px) 100vw, 1024px\" \/><\/figure><\/li><li class=\"blocks-gallery-item\"><figure><img loading=\"lazy\" width=\"1024\" height=\"768\" src=\"https:\/\/mugardos.gal\/wp-content\/uploads\/2022\/05\/Formacion-GES-Reinicia-2-1-1024x768.jpeg\" alt=\"\" data-id=\"15199\" data-full-url=\"https:\/\/mugardos.gal\/wp-content\/uploads\/2022\/05\/Formacion-GES-Reinicia-2-1.jpeg\" data-link=\"https:\/\/mugardos.gal\/?attachment_id=15199\" class=\"wp-image-15199\" srcset=\"https:\/\/mugardos.gal\/wp-content\/uploads\/2022\/05\/Formacion-GES-Reinicia-2-1-1024x768.jpeg 1024w, https:\/\/mugardos.gal\/wp-content\/uploads\/2022\/05\/Formacion-GES-Reinicia-2-1-300x225.jpeg 300w, https:\/\/mugardos.gal\/wp-content\/uploads\/2022\/05\/Formacion-GES-Reinicia-2-1-768x576.jpeg 768w, https:\/\/mugardos.gal\/wp-content\/uploads\/2022\/05\/Formacion-GES-Reinicia-2-1-1536x1153.jpeg 1536w, https:\/\/mugardos.gal\/wp-content\/uploads\/2022\/05\/Formacion-GES-Reinicia-2-1.jpeg 1599w\" sizes=\"(max-width: 1024px) 100vw, 1024px\" \/><\/figure><\/li><li class=\"blocks-gallery-item\"><figure><img loading=\"lazy\" width=\"1024\" height=\"768\" src=\"https:\/\/mugardos.gal\/wp-content\/uploads\/2022\/05\/Formacion-GES-Reinicia-3-1024x768.jpeg\" alt=\"\" data-id=\"15201\" data-full-url=\"https:\/\/mugardos.gal\/wp-content\/uploads\/2022\/05\/Formacion-GES-Reinicia-3.jpeg\" data-link=\"https:\/\/mugardos.gal\/?attachment_id=15201\" class=\"wp-image-15201\" srcset=\"https:\/\/mugardos.gal\/wp-content\/uploads\/2022\/05\/Formacion-GES-Reinicia-3-1024x768.jpeg 1024w, https:\/\/mugardos.gal\/wp-content\/uploads\/2022\/05\/Formacion-GES-Reinicia-3-300x225.jpeg 300w, https:\/\/mugardos.gal\/wp-content\/uploads\/2022\/05\/Formacion-GES-Reinicia-3-768x576.jpeg 768w, https:\/\/mugardos.gal\/wp-content\/uploads\/2022\/05\/Formacion-GES-Reinicia-3-1536x1152.jpeg 1536w, https:\/\/mugardos.gal\/wp-content\/uploads\/2022\/05\/Formacion-GES-Reinicia-3.jpeg 2016w\" sizes=\"(max-width: 1024px) 100vw, 1024px\" \/><\/figure><\/li><li class=\"blocks-gallery-item\"><figure><img loading=\"lazy\" width=\"1024\" height=\"768\" src=\"https:\/\/mugardos.gal\/wp-content\/uploads\/2022\/05\/Formacion-GES-Reinicia-4-1024x768.jpeg\" alt=\"\" data-id=\"15203\" data-full-url=\"https:\/\/mugardos.gal\/wp-content\/uploads\/2022\/05\/Formacion-GES-Reinicia-4.jpeg\" data-link=\"https:\/\/mugardos.gal\/?attachment_id=15203\" class=\"wp-image-15203\" srcset=\"https:\/\/mugardos.gal\/wp-content\/uploads\/2022\/05\/Formacion-GES-Reinicia-4-1024x768.jpeg 1024w, https:\/\/mugardos.gal\/wp-content\/uploads\/2022\/05\/Formacion-GES-Reinicia-4-300x225.jpeg 300w, https:\/\/mugardos.gal\/wp-content\/uploads\/2022\/05\/Formacion-GES-Reinicia-4-768x576.jpeg 768w, https:\/\/mugardos.gal\/wp-content\/uploads\/2022\/05\/Formacion-GES-Reinicia-4-1536x1152.jpeg 1536w, https:\/\/mugardos.gal\/wp-content\/uploads\/2022\/05\/Formacion-GES-Reinicia-4.jpeg 2016w\" sizes=\"(max-width: 1024px) 100vw, 1024px\" \/><\/figure><\/li><li class=\"blocks-gallery-item\"><figure><img loading=\"lazy\" width=\"1024\" height=\"768\" src=\"https:\/\/mugardos.gal\/wp-content\/uploads\/2022\/05\/Formacion-GES-Reinicia-5-1024x768.jpeg\" alt=\"\" data-id=\"15205\" data-full-url=\"https:\/\/mugardos.gal\/wp-content\/uploads\/2022\/05\/Formacion-GES-Reinicia-5.jpeg\" data-link=\"https:\/\/mugardos.gal\/?attachment_id=15205\" class=\"wp-image-15205\" srcset=\"https:\/\/mugardos.gal\/wp-content\/uploads\/2022\/05\/Formacion-GES-Reinicia-5-1024x768.jpeg 1024w, https:\/\/mugardos.gal\/wp-content\/uploads\/2022\/05\/Formacion-GES-Reinicia-5-300x225.jpeg 300w, https:\/\/mugardos.gal\/wp-content\/uploads\/2022\/05\/Formacion-GES-Reinicia-5-768x576.jpeg 768w, https:\/\/mugardos.gal\/wp-content\/uploads\/2022\/05\/Formacion-GES-Reinicia-5-1536x1152.jpeg 1536w, https:\/\/mugardos.gal\/wp-content\/uploads\/2022\/05\/Formacion-GES-Reinicia-5.jpeg 2016w\" sizes=\"(max-width: 1024px) 100vw, 1024px\" \/><\/figure><\/li><li class=\"blocks-gallery-item\"><figure><img loading=\"lazy\" width=\"1024\" height=\"768\" src=\"https:\/\/mugardos.gal\/wp-content\/uploads\/2022\/05\/Formacion-GES-Reinicia-6-1024x768.jpeg\" alt=\"\" data-id=\"15207\" data-full-url=\"https:\/\/mugardos.gal\/wp-content\/uploads\/2022\/05\/Formacion-GES-Reinicia-6.jpeg\" data-link=\"https:\/\/mugardos.gal\/?attachment_id=15207\" class=\"wp-image-15207\" srcset=\"https:\/\/mugardos.gal\/wp-content\/uploads\/2022\/05\/Formacion-GES-Reinicia-6-1024x768.jpeg 1024w, https:\/\/mugardos.gal\/wp-content\/uploads\/2022\/05\/Formacion-GES-Reinicia-6-300x225.jpeg 300w, https:\/\/mugardos.gal\/wp-content\/uploads\/2022\/05\/Formacion-GES-Reinicia-6-768x576.jpeg 768w, https:\/\/mugardos.gal\/wp-content\/uploads\/2022\/05\/Formacion-GES-Reinicia-6-1536x1152.jpeg 1536w, https:\/\/mugardos.gal\/wp-content\/uploads\/2022\/05\/Formacion-GES-Reinicia-6.jpeg 2016w\" sizes=\"(max-width: 1024px) 100vw, 1024px\" \/><\/figure><\/li><li class=\"blocks-gallery-item\"><figure><img loading=\"lazy\" width=\"768\" height=\"1024\" src=\"https:\/\/mugardos.gal\/wp-content\/uploads\/2022\/05\/Formacion-GES-Reinicia-7-768x1024.jpeg\" alt=\"\" data-id=\"15209\" data-full-url=\"https:\/\/mugardos.gal\/wp-content\/uploads\/2022\/05\/Formacion-GES-Reinicia-7.jpeg\" data-link=\"https:\/\/mugardos.gal\/?attachment_id=15209\" class=\"wp-image-15209\" srcset=\"https:\/\/mugardos.gal\/wp-content\/uploads\/2022\/05\/Formacion-GES-Reinicia-7-768x1024.jpeg 768w, https:\/\/mugardos.gal\/wp-content\/uploads\/2022\/05\/Formacion-GES-Reinicia-7-225x300.jpeg 225w, https:\/\/mugardos.gal\/wp-content\/uploads\/2022\/05\/Formacion-GES-Reinicia-7-1152x1536.jpeg 1152w, https:\/\/mugardos.gal\/wp-content\/uploads\/2022\/05\/Formacion-GES-Reinicia-7.jpeg 1512w\" sizes=\"(max-width: 768px) 100vw, 768px\" \/><\/figure><\/li><\/ul><\/figure>\n","protected":false},"excerpt":{"rendered":"<p>La charla informativa se centr\u00f3 en las tareas de prevenci\u00f3n y extinci\u00f3n de incendios que realiza el grupo de emergencias Mugardos, 11 de mayo de 2022.\u00a0El concejal de Personal, Miguel Mah\u00eda, inform\u00f3 hoy de la participaci\u00f3n de los tres miembros del equipo del Grupo de Emergencias Supramunicipal de Mugardos en el programa formativo de la [&hellip;]<\/p>\n","protected":false},"author":5,"featured_media":15196,"comment_status":"closed","ping_status":"closed","sticky":false,"template":"","format":"standard","meta":[],"categories":[52,12],"tags":[],"yoast_head":"<!-- This site is optimized with the Yoast SEO plugin v18.9 - https:\/\/yoast.com\/wordpress\/plugins\/seo\/ -->\n<title>EL GRUPO DE EMERGENCIA SUPRAMUNICIPAL (GES) PARTICIPA EN EL OBRADOIRO REINICIA - Concello de Mugardos<\/title>\n<meta name=\"robots\" content=\"index, follow, max-snippet:-1, max-image-preview:large, max-video-preview:-1\" \/>\n<link rel=\"canonical\" href=\"https:\/\/mugardos.gal\/es\/el-grupo-de-emergencia-supramunicipal-ges-participa-en-el-obradoiro-reinicia\/\" \/>\n<meta property=\"og:locale\" content=\"es_ES\" \/>\n<meta property=\"og:type\" content=\"article\" \/>\n<meta property=\"og:title\" content=\"EL GRUPO DE EMERGENCIA SUPRAMUNICIPAL (GES) PARTICIPA EN EL OBRADOIRO REINICIA - Concello de Mugardos\" \/>\n<meta property=\"og:description\" content=\"La charla informativa se centr\u00f3 en las tareas de prevenci\u00f3n y extinci\u00f3n de incendios que realiza el grupo de emergencias Mugardos, 11 de mayo de 2022.\u00a0El concejal de Personal, Miguel Mah\u00eda, inform\u00f3 hoy de la participaci\u00f3n de los tres miembros del equipo del Grupo de Emergencias Supramunicipal de Mugardos en el programa formativo de la [&hellip;]\" \/>\n<meta property=\"og:url\" content=\"https:\/\/mugardos.gal\/es\/el-grupo-de-emergencia-supramunicipal-ges-participa-en-el-obradoiro-reinicia\/\" \/>\n<meta property=\"og:site_name\" content=\"Concello de Mugardos\" \/>\n<meta property=\"article:published_time\" content=\"2022-05-11T15:59:58+00:00\" \/>\n<meta property=\"article:modified_time\" content=\"2022-05-11T15:59:59+00:00\" \/>\n<meta property=\"og:image\" content=\"https:\/\/mugardos.gal\/wp-content\/uploads\/2022\/05\/Formacion-GES-Reinicia-2.jpeg\" \/>\n\t<meta property=\"og:image:width\" content=\"1599\" \/>\n\t<meta property=\"og:image:height\" content=\"1200\" \/>\n\t<meta property=\"og:image:type\" content=\"image\/jpeg\" \/>\n<meta name=\"twitter:card\" content=\"summary_large_image\" \/>\n<meta name=\"twitter:label1\" content=\"Escrito por\" \/>\n\t<meta name=\"twitter:data1\" content=\"maria_OCCIDENTE\" \/>\n\t<meta name=\"twitter:label2\" content=\"Tiempo de lectura\" \/>\n\t<meta name=\"twitter:data2\" content=\"2 minutos\" \/>\n<script type=\"application\/ld+json\" class=\"yoast-schema-graph\">{\"@context\":\"https:\/\/schema.org\",\"@graph\":[{\"@type\":\"WebSite\",\"@id\":\"https:\/\/mugardos.gal\/#website\",\"url\":\"https:\/\/mugardos.gal\/\",\"name\":\"Concello de Mugardos\",\"description\":\"\",\"potentialAction\":[{\"@type\":\"SearchAction\",\"target\":{\"@type\":\"EntryPoint\",\"urlTemplate\":\"https:\/\/mugardos.gal\/?s={search_term_string}\"},\"query-input\":\"required name=search_term_string\"}],\"inLanguage\":\"es\"},{\"@type\":\"ImageObject\",\"inLanguage\":\"es\",\"@id\":\"https:\/\/mugardos.gal\/es\/el-grupo-de-emergencia-supramunicipal-ges-participa-en-el-obradoiro-reinicia\/#primaryimage\",\"url\":\"https:\/\/mugardos.gal\/wp-content\/uploads\/2022\/05\/Formacion-GES-Reinicia-2.jpeg\",\"contentUrl\":\"https:\/\/mugardos.gal\/wp-content\/uploads\/2022\/05\/Formacion-GES-Reinicia-2.jpeg\",\"width\":1599,\"height\":1200},{\"@type\":\"WebPage\",\"@id\":\"https:\/\/mugardos.gal\/es\/el-grupo-de-emergencia-supramunicipal-ges-participa-en-el-obradoiro-reinicia\/#webpage\",\"url\":\"https:\/\/mugardos.gal\/es\/el-grupo-de-emergencia-supramunicipal-ges-participa-en-el-obradoiro-reinicia\/\",\"name\":\"EL GRUPO DE EMERGENCIA SUPRAMUNICIPAL (GES) PARTICIPA EN EL OBRADOIRO REINICIA - Concello de Mugardos\",\"isPartOf\":{\"@id\":\"https:\/\/mugardos.gal\/#website\"},\"primaryImageOfPage\":{\"@id\":\"https:\/\/mugardos.gal\/es\/el-grupo-de-emergencia-supramunicipal-ges-participa-en-el-obradoiro-reinicia\/#primaryimage\"},\"datePublished\":\"2022-05-11T15:59:58+00:00\",\"dateModified\":\"2022-05-11T15:59:59+00:00\",\"author\":{\"@id\":\"https:\/\/mugardos.gal\/#\/schema\/person\/5003de8d638a334108335f5dc158539f\"},\"breadcrumb\":{\"@id\":\"https:\/\/mugardos.gal\/es\/el-grupo-de-emergencia-supramunicipal-ges-participa-en-el-obradoiro-reinicia\/#breadcrumb\"},\"inLanguage\":\"es\",\"potentialAction\":[{\"@type\":\"ReadAction\",\"target\":[\"https:\/\/mugardos.gal\/es\/el-grupo-de-emergencia-supramunicipal-ges-participa-en-el-obradoiro-reinicia\/\"]}]},{\"@type\":\"BreadcrumbList\",\"@id\":\"https:\/\/mugardos.gal\/es\/el-grupo-de-emergencia-supramunicipal-ges-participa-en-el-obradoiro-reinicia\/#breadcrumb\",\"itemListElement\":[{\"@type\":\"ListItem\",\"position\":1,\"name\":\"Portada\",\"item\":\"https:\/\/mugardos.gal\/es\/\"},{\"@type\":\"ListItem\",\"position\":2,\"name\":\"EL GRUPO DE EMERGENCIA SUPRAMUNICIPAL (GES) PARTICIPA EN EL OBRADOIRO REINICIA\"}]},{\"@type\":\"Person\",\"@id\":\"https:\/\/mugardos.gal\/#\/schema\/person\/5003de8d638a334108335f5dc158539f\",\"name\":\"maria_OCCIDENTE\",\"url\":\"https:\/\/mugardos.gal\/es\/author\/maria_occidente\/\"}]}<\/script>\n<!-- \/ Yoast SEO plugin. -->","yoast_head_json":{"title":"EL GRUPO DE EMERGENCIA SUPRAMUNICIPAL (GES) PARTICIPA EN EL OBRADOIRO REINICIA - Concello de Mugardos","robots":{"index":"index","follow":"follow","max-snippet":"max-snippet:-1","max-image-preview":"max-image-preview:large","max-video-preview":"max-video-preview:-1"},"canonical":"https:\/\/mugardos.gal\/es\/el-grupo-de-emergencia-supramunicipal-ges-participa-en-el-obradoiro-reinicia\/","og_locale":"es_ES","og_type":"article","og_title":"EL GRUPO DE EMERGENCIA SUPRAMUNICIPAL (GES) PARTICIPA EN EL OBRADOIRO REINICIA - Concello de Mugardos","og_description":"La charla informativa se centr\u00f3 en las tareas de prevenci\u00f3n y extinci\u00f3n de incendios que realiza el grupo de emergencias Mugardos, 11 de mayo de 2022.\u00a0El concejal de Personal, Miguel Mah\u00eda, inform\u00f3 hoy de la participaci\u00f3n de los tres miembros del equipo del Grupo de Emergencias Supramunicipal de Mugardos en el programa formativo de la [&hellip;]","og_url":"https:\/\/mugardos.gal\/es\/el-grupo-de-emergencia-supramunicipal-ges-participa-en-el-obradoiro-reinicia\/","og_site_name":"Concello de Mugardos","article_published_time":"2022-05-11T15:59:58+00:00","article_modified_time":"2022-05-11T15:59:59+00:00","og_image":[{"width":1599,"height":1200,"url":"https:\/\/mugardos.gal\/wp-content\/uploads\/2022\/05\/Formacion-GES-Reinicia-2.jpeg","type":"image\/jpeg"}],"twitter_card":"summary_large_image","twitter_misc":{"Escrito por":"maria_OCCIDENTE","Tiempo de lectura":"2 minutos"},"schema":{"@context":"https:\/\/schema.org","@graph":[{"@type":"WebSite","@id":"https:\/\/mugardos.gal\/#website","url":"https:\/\/mugardos.gal\/","name":"Concello de Mugardos","description":"","potentialAction":[{"@type":"SearchAction","target":{"@type":"EntryPoint","urlTemplate":"https:\/\/mugardos.gal\/?s={search_term_string}"},"query-input":"required name=search_term_string"}],"inLanguage":"es"},{"@type":"ImageObject","inLanguage":"es","@id":"https:\/\/mugardos.gal\/es\/el-grupo-de-emergencia-supramunicipal-ges-participa-en-el-obradoiro-reinicia\/#primaryimage","url":"https:\/\/mugardos.gal\/wp-content\/uploads\/2022\/05\/Formacion-GES-Reinicia-2.jpeg","contentUrl":"https:\/\/mugardos.gal\/wp-content\/uploads\/2022\/05\/Formacion-GES-Reinicia-2.jpeg","width":1599,"height":1200},{"@type":"WebPage","@id":"https:\/\/mugardos.gal\/es\/el-grupo-de-emergencia-supramunicipal-ges-participa-en-el-obradoiro-reinicia\/#webpage","url":"https:\/\/mugardos.gal\/es\/el-grupo-de-emergencia-supramunicipal-ges-participa-en-el-obradoiro-reinicia\/","name":"EL GRUPO DE EMERGENCIA SUPRAMUNICIPAL (GES) PARTICIPA EN EL OBRADOIRO REINICIA - Concello de Mugardos","isPartOf":{"@id":"https:\/\/mugardos.gal\/#website"},"primaryImageOfPage":{"@id":"https:\/\/mugardos.gal\/es\/el-grupo-de-emergencia-supramunicipal-ges-participa-en-el-obradoiro-reinicia\/#primaryimage"},"datePublished":"2022-05-11T15:59:58+00:00","dateModified":"2022-05-11T15:59:59+00:00","author":{"@id":"https:\/\/mugardos.gal\/#\/schema\/person\/5003de8d638a334108335f5dc158539f"},"breadcrumb":{"@id":"https:\/\/mugardos.gal\/es\/el-grupo-de-emergencia-supramunicipal-ges-participa-en-el-obradoiro-reinicia\/#breadcrumb"},"inLanguage":"es","potentialAction":[{"@type":"ReadAction","target":["https:\/\/mugardos.gal\/es\/el-grupo-de-emergencia-supramunicipal-ges-participa-en-el-obradoiro-reinicia\/"]}]},{"@type":"BreadcrumbList","@id":"https:\/\/mugardos.gal\/es\/el-grupo-de-emergencia-supramunicipal-ges-participa-en-el-obradoiro-reinicia\/#breadcrumb","itemListElement":[{"@type":"ListItem","position":1,"name":"Portada","item":"https:\/\/mugardos.gal\/es\/"},{"@type":"ListItem","position":2,"name":"EL GRUPO DE EMERGENCIA SUPRAMUNICIPAL (GES) PARTICIPA EN EL OBRADOIRO REINICIA"}]},{"@type":"Person","@id":"https:\/\/mugardos.gal\/#\/schema\/person\/5003de8d638a334108335f5dc158539f","name":"maria_OCCIDENTE","url":"https:\/\/mugardos.gal\/es\/author\/maria_occidente\/"}]}},"_links":{"self":[{"href":"https:\/\/mugardos.gal\/es\/wp-json\/wp\/v2\/posts\/15212"}],"collection":[{"href":"https:\/\/mugardos.gal\/es\/wp-json\/wp\/v2\/posts"}],"about":[{"href":"https:\/\/mugardos.gal\/es\/wp-json\/wp\/v2\/types\/post"}],"author":[{"embeddable":true,"href":"https:\/\/mugardos.gal\/es\/wp-json\/wp\/v2\/users\/5"}],"replies":[{"embeddable":true,"href":"https:\/\/mugardos.gal\/es\/wp-json\/wp\/v2\/comments?post=15212"}],"version-history":[{"count":0,"href":"https:\/\/mugardos.gal\/es\/wp-json\/wp\/v2\/posts\/15212\/revisions"}],"wp:featuredmedia":[{"embeddable":true,"href":"https:\/\/mugardos.gal\/es\/wp-json\/wp\/v2\/media\/15196"}],"wp:attachment":[{"href":"https:\/\/mugardos.gal\/es\/wp-json\/wp\/v2\/media?parent=15212"}],"wp:term":[{"taxonomy":"category","embeddable":true,"href":"https:\/\/mugardos.gal\/es\/wp-json\/wp\/v2\/categories?post=15212"},{"taxonomy":"post_tag","embeddable":true,"href":"https:\/\/mugardos.gal\/es\/wp-json\/wp\/v2\/tags?post=15212"}],"curies":[{"name":"wp","href":"https:\/\/api.w.org\/{rel}","templated":true}]}}