{"id":15121,"date":"2022-05-03T11:52:59","date_gmt":"2022-05-03T09:52:59","guid":{"rendered":"https:\/\/mugardos.gal\/mugardos-celebra-os-maios-mais-maios-que-nunca\/"},"modified":"2022-05-03T11:52:59","modified_gmt":"2022-05-03T09:52:59","slug":"mugardos-celebra-os-maios-mais-maios-que-nunca","status":"publish","type":"post","link":"https:\/\/mugardos.gal\/es\/mugardos-celebra-os-maios-mais-maios-que-nunca\/","title":{"rendered":"MUGARDOS CELEBRA \u00abOS MAIOS M\u00c1IS MAIOS QUE NUNCA\u00bb"},"content":{"rendered":"\n<h4><em>Concello, Apel\u00f3n Educaci\u00f3n y centros de ense\u00f1anza participar\u00e1n en los eventos del 6 y el 9 de mayo<\/em><\/h4>\n\n<p>2 DE MAYO DE 2022. La concelleira de Cultura Bego\u00f1a Rold\u00f3s present\u00f3 hoy los actos de celebraci\u00f3n de \u00abOs Maios\u00bb y las \u00abLetras Galegas\u00bb 2022. El Concello de Mugardos participa en la celebraci\u00f3n el 6 y el 9 de mayo con Apel\u00f3n Educaci\u00f3n y todos los centros de ense\u00f1anza del municipio en \u00abM\u00e1is maios que nunca, m\u00e1is lingua que nunca!\u00bb<\/p>\n\n<p>Este viernes 6 de mayo, en el CEIP Santiago Ap\u00f3stol de Franza, Concello y Apel\u00f3n Educaci\u00f3n organizan la celebraci\u00f3n de \u00abos Maios\u00bb con una jornada l\u00fadica para los ni\u00f1os\/as del centro, en la que junto a la Banda de Gaitas Trouleada disfrutar\u00e1n, de la celebraci\u00f3n de esta tradicional fiesta de primavera llena de cantos y adornos de flores, hojas y frutos.<\/p>\n\n<p>Desde los centros de ense\u00f1anza Uni\u00f3n Mugardesa, Loyola e IES Mugardos el alumnado asistir\u00e1 a la celebraci\u00f3n de \u00abOs Maios\u00bb el 9 de mayo, en los que ense\u00f1ar\u00e1n los trabajos art\u00edsticos de los j\u00f3venes de Mugardos. Desde un barco de vegetaci\u00f3n que har\u00e1n los de la FP b\u00e1sica hasta bailes y propuestas florales diversas de Uni\u00f3n Mugardesa y Loyola.<\/p>\n\n<p>Esta actividad contar\u00e1 con el Concierto de MJ P\u00e9rez \u00abCos maios, coa m\u00fasica e coa lingua!\u00bb<\/p>\n\n<p>El Concierto tendr\u00e1 lugar en el Cant\u00f3n de Cora. La artista MJ P\u00e9rez se dirigir\u00e1 a los j\u00f3venes con su concierto que transcurrir\u00e1 de 12.30 a 13.30, con un breve descanso para despedir a las 13.00 horas al alumnado de Infantil.<\/p>\n\n<p>MJ P\u00e9rez es una creadora hecha a s\u00ed misma que tiene grandes potencialidades para conectar con el alumnado por su novedad, su apuesta por la promoci\u00f3n de la lengua y por presentarse como artista contempor\u00e1nea que desarrolla proyectos magn\u00edficos con diversas colaboraciones, siempre con una identidad autoeditora y multiartista.<\/p>\n\n<p>As\u00ed tenemos diversas intervenciones como A peza solta, en la que funde poes\u00eda y m\u00fasica o el poema musicado de Carvalho Calero Non existe a morte, pasando por sus discos Guerrilleira, A luz prendida o Vai Embora donde luce sus ra\u00edces lusas por parte de madre! Estas ser\u00eda algunas de las interesantes intervenciones de la artista MJ P\u00e9rez de la que podemos destacar su resistencia publicando online la pieza Cumbia para quitar las penas en  el confinamiento de 2020.<\/p>\n\n<p>Finalmente, podr\u00edamos destacar su difusi\u00f3n del conocimiento de la propia historia con temas como Agarda en el horizonte sobre la historia de Pedro e In\u00e9s o el tema Casandra. En estas m\u00fasicas MJ da a conocer figuras adelantadas a su tiempo como Casandra, una visionaria que no fue escuchada. Si cuadra, la ecolog\u00eda y revitalizaci\u00f3n de las lenguas con tambi\u00e9n ideas adelantadas a nuestro tiempo que podemos promover de la mano de MJ.<\/p>\n","protected":false},"excerpt":{"rendered":"<p>Concello, Apel\u00f3n Educaci\u00f3n y centros de ense\u00f1anza participar\u00e1n en los eventos del 6 y el 9 de mayo 2 DE MAYO DE 2022. La concelleira de Cultura Bego\u00f1a Rold\u00f3s present\u00f3 hoy los actos de celebraci\u00f3n de \u00abOs Maios\u00bb y las \u00abLetras Galegas\u00bb 2022. El Concello de Mugardos participa en la celebraci\u00f3n el 6 y el [&hellip;]<\/p>\n","protected":false},"author":5,"featured_media":15139,"comment_status":"closed","ping_status":"closed","sticky":false,"template":"","format":"standard","meta":[],"categories":[52,12],"tags":[],"yoast_head":"<!-- This site is optimized with the Yoast SEO plugin v18.9 - https:\/\/yoast.com\/wordpress\/plugins\/seo\/ -->\n<title>MUGARDOS CELEBRA &quot;OS MAIOS M\u00c1IS MAIOS QUE NUNCA&quot; - Concello de Mugardos<\/title>\n<meta name=\"robots\" content=\"index, follow, max-snippet:-1, max-image-preview:large, max-video-preview:-1\" \/>\n<link rel=\"canonical\" href=\"https:\/\/mugardos.gal\/es\/mugardos-celebra-os-maios-mais-maios-que-nunca\/\" \/>\n<meta property=\"og:locale\" content=\"es_ES\" \/>\n<meta property=\"og:type\" content=\"article\" \/>\n<meta property=\"og:title\" content=\"MUGARDOS CELEBRA &quot;OS MAIOS M\u00c1IS MAIOS QUE NUNCA&quot; - Concello de Mugardos\" \/>\n<meta property=\"og:description\" content=\"Concello, Apel\u00f3n Educaci\u00f3n y centros de ense\u00f1anza participar\u00e1n en los eventos del 6 y el 9 de mayo 2 DE MAYO DE 2022. La concelleira de Cultura Bego\u00f1a Rold\u00f3s present\u00f3 hoy los actos de celebraci\u00f3n de \u00abOs Maios\u00bb y las \u00abLetras Galegas\u00bb 2022. El Concello de Mugardos participa en la celebraci\u00f3n el 6 y el [&hellip;]\" \/>\n<meta property=\"og:url\" content=\"https:\/\/mugardos.gal\/es\/mugardos-celebra-os-maios-mais-maios-que-nunca\/\" \/>\n<meta property=\"og:site_name\" content=\"Concello de Mugardos\" \/>\n<meta property=\"article:published_time\" content=\"2022-05-03T09:52:59+00:00\" \/>\n<meta property=\"og:image\" content=\"https:\/\/mugardos.gal\/wp-content\/uploads\/2022\/05\/LETRAS-GALEGAS-2022_1-scaled.jpg\" \/>\n\t<meta property=\"og:image:width\" content=\"1811\" \/>\n\t<meta property=\"og:image:height\" content=\"2560\" \/>\n\t<meta property=\"og:image:type\" content=\"image\/jpeg\" \/>\n<meta name=\"twitter:card\" content=\"summary_large_image\" \/>\n<meta name=\"twitter:label1\" content=\"Escrito por\" \/>\n\t<meta name=\"twitter:data1\" content=\"maria_OCCIDENTE\" \/>\n\t<meta name=\"twitter:label2\" content=\"Tiempo de lectura\" \/>\n\t<meta name=\"twitter:data2\" content=\"2 minutos\" \/>\n<script type=\"application\/ld+json\" class=\"yoast-schema-graph\">{\"@context\":\"https:\/\/schema.org\",\"@graph\":[{\"@type\":\"WebSite\",\"@id\":\"https:\/\/mugardos.gal\/#website\",\"url\":\"https:\/\/mugardos.gal\/\",\"name\":\"Concello de Mugardos\",\"description\":\"\",\"potentialAction\":[{\"@type\":\"SearchAction\",\"target\":{\"@type\":\"EntryPoint\",\"urlTemplate\":\"https:\/\/mugardos.gal\/?s={search_term_string}\"},\"query-input\":\"required name=search_term_string\"}],\"inLanguage\":\"es\"},{\"@type\":\"ImageObject\",\"inLanguage\":\"es\",\"@id\":\"https:\/\/mugardos.gal\/es\/mugardos-celebra-os-maios-mais-maios-que-nunca\/#primaryimage\",\"url\":\"https:\/\/mugardos.gal\/wp-content\/uploads\/2022\/05\/LETRAS-GALEGAS-2022_1-scaled.jpg\",\"contentUrl\":\"https:\/\/mugardos.gal\/wp-content\/uploads\/2022\/05\/LETRAS-GALEGAS-2022_1-scaled.jpg\",\"width\":1811,\"height\":2560},{\"@type\":\"WebPage\",\"@id\":\"https:\/\/mugardos.gal\/es\/mugardos-celebra-os-maios-mais-maios-que-nunca\/#webpage\",\"url\":\"https:\/\/mugardos.gal\/es\/mugardos-celebra-os-maios-mais-maios-que-nunca\/\",\"name\":\"MUGARDOS CELEBRA \\\"OS MAIOS M\u00c1IS MAIOS QUE NUNCA\\\" - Concello de Mugardos\",\"isPartOf\":{\"@id\":\"https:\/\/mugardos.gal\/#website\"},\"primaryImageOfPage\":{\"@id\":\"https:\/\/mugardos.gal\/es\/mugardos-celebra-os-maios-mais-maios-que-nunca\/#primaryimage\"},\"datePublished\":\"2022-05-03T09:52:59+00:00\",\"dateModified\":\"2022-05-03T09:52:59+00:00\",\"author\":{\"@id\":\"https:\/\/mugardos.gal\/#\/schema\/person\/5003de8d638a334108335f5dc158539f\"},\"breadcrumb\":{\"@id\":\"https:\/\/mugardos.gal\/es\/mugardos-celebra-os-maios-mais-maios-que-nunca\/#breadcrumb\"},\"inLanguage\":\"es\",\"potentialAction\":[{\"@type\":\"ReadAction\",\"target\":[\"https:\/\/mugardos.gal\/es\/mugardos-celebra-os-maios-mais-maios-que-nunca\/\"]}]},{\"@type\":\"BreadcrumbList\",\"@id\":\"https:\/\/mugardos.gal\/es\/mugardos-celebra-os-maios-mais-maios-que-nunca\/#breadcrumb\",\"itemListElement\":[{\"@type\":\"ListItem\",\"position\":1,\"name\":\"Portada\",\"item\":\"https:\/\/mugardos.gal\/es\/\"},{\"@type\":\"ListItem\",\"position\":2,\"name\":\"MUGARDOS CELEBRA &#8220;OS MAIOS M\u00c1IS MAIOS QUE NUNCA&#8221;\"}]},{\"@type\":\"Person\",\"@id\":\"https:\/\/mugardos.gal\/#\/schema\/person\/5003de8d638a334108335f5dc158539f\",\"name\":\"maria_OCCIDENTE\",\"url\":\"https:\/\/mugardos.gal\/es\/author\/maria_occidente\/\"}]}<\/script>\n<!-- \/ Yoast SEO plugin. -->","yoast_head_json":{"title":"MUGARDOS CELEBRA \"OS MAIOS M\u00c1IS MAIOS QUE NUNCA\" - Concello de Mugardos","robots":{"index":"index","follow":"follow","max-snippet":"max-snippet:-1","max-image-preview":"max-image-preview:large","max-video-preview":"max-video-preview:-1"},"canonical":"https:\/\/mugardos.gal\/es\/mugardos-celebra-os-maios-mais-maios-que-nunca\/","og_locale":"es_ES","og_type":"article","og_title":"MUGARDOS CELEBRA \"OS MAIOS M\u00c1IS MAIOS QUE NUNCA\" - Concello de Mugardos","og_description":"Concello, Apel\u00f3n Educaci\u00f3n y centros de ense\u00f1anza participar\u00e1n en los eventos del 6 y el 9 de mayo 2 DE MAYO DE 2022. La concelleira de Cultura Bego\u00f1a Rold\u00f3s present\u00f3 hoy los actos de celebraci\u00f3n de \u00abOs Maios\u00bb y las \u00abLetras Galegas\u00bb 2022. El Concello de Mugardos participa en la celebraci\u00f3n el 6 y el [&hellip;]","og_url":"https:\/\/mugardos.gal\/es\/mugardos-celebra-os-maios-mais-maios-que-nunca\/","og_site_name":"Concello de Mugardos","article_published_time":"2022-05-03T09:52:59+00:00","og_image":[{"width":1811,"height":2560,"url":"https:\/\/mugardos.gal\/wp-content\/uploads\/2022\/05\/LETRAS-GALEGAS-2022_1-scaled.jpg","type":"image\/jpeg"}],"twitter_card":"summary_large_image","twitter_misc":{"Escrito por":"maria_OCCIDENTE","Tiempo de lectura":"2 minutos"},"schema":{"@context":"https:\/\/schema.org","@graph":[{"@type":"WebSite","@id":"https:\/\/mugardos.gal\/#website","url":"https:\/\/mugardos.gal\/","name":"Concello de Mugardos","description":"","potentialAction":[{"@type":"SearchAction","target":{"@type":"EntryPoint","urlTemplate":"https:\/\/mugardos.gal\/?s={search_term_string}"},"query-input":"required name=search_term_string"}],"inLanguage":"es"},{"@type":"ImageObject","inLanguage":"es","@id":"https:\/\/mugardos.gal\/es\/mugardos-celebra-os-maios-mais-maios-que-nunca\/#primaryimage","url":"https:\/\/mugardos.gal\/wp-content\/uploads\/2022\/05\/LETRAS-GALEGAS-2022_1-scaled.jpg","contentUrl":"https:\/\/mugardos.gal\/wp-content\/uploads\/2022\/05\/LETRAS-GALEGAS-2022_1-scaled.jpg","width":1811,"height":2560},{"@type":"WebPage","@id":"https:\/\/mugardos.gal\/es\/mugardos-celebra-os-maios-mais-maios-que-nunca\/#webpage","url":"https:\/\/mugardos.gal\/es\/mugardos-celebra-os-maios-mais-maios-que-nunca\/","name":"MUGARDOS CELEBRA \"OS MAIOS M\u00c1IS MAIOS QUE NUNCA\" - Concello de Mugardos","isPartOf":{"@id":"https:\/\/mugardos.gal\/#website"},"primaryImageOfPage":{"@id":"https:\/\/mugardos.gal\/es\/mugardos-celebra-os-maios-mais-maios-que-nunca\/#primaryimage"},"datePublished":"2022-05-03T09:52:59+00:00","dateModified":"2022-05-03T09:52:59+00:00","author":{"@id":"https:\/\/mugardos.gal\/#\/schema\/person\/5003de8d638a334108335f5dc158539f"},"breadcrumb":{"@id":"https:\/\/mugardos.gal\/es\/mugardos-celebra-os-maios-mais-maios-que-nunca\/#breadcrumb"},"inLanguage":"es","potentialAction":[{"@type":"ReadAction","target":["https:\/\/mugardos.gal\/es\/mugardos-celebra-os-maios-mais-maios-que-nunca\/"]}]},{"@type":"BreadcrumbList","@id":"https:\/\/mugardos.gal\/es\/mugardos-celebra-os-maios-mais-maios-que-nunca\/#breadcrumb","itemListElement":[{"@type":"ListItem","position":1,"name":"Portada","item":"https:\/\/mugardos.gal\/es\/"},{"@type":"ListItem","position":2,"name":"MUGARDOS CELEBRA &#8220;OS MAIOS M\u00c1IS MAIOS QUE NUNCA&#8221;"}]},{"@type":"Person","@id":"https:\/\/mugardos.gal\/#\/schema\/person\/5003de8d638a334108335f5dc158539f","name":"maria_OCCIDENTE","url":"https:\/\/mugardos.gal\/es\/author\/maria_occidente\/"}]}},"_links":{"self":[{"href":"https:\/\/mugardos.gal\/es\/wp-json\/wp\/v2\/posts\/15121"}],"collection":[{"href":"https:\/\/mugardos.gal\/es\/wp-json\/wp\/v2\/posts"}],"about":[{"href":"https:\/\/mugardos.gal\/es\/wp-json\/wp\/v2\/types\/post"}],"author":[{"embeddable":true,"href":"https:\/\/mugardos.gal\/es\/wp-json\/wp\/v2\/users\/5"}],"replies":[{"embeddable":true,"href":"https:\/\/mugardos.gal\/es\/wp-json\/wp\/v2\/comments?post=15121"}],"version-history":[{"count":0,"href":"https:\/\/mugardos.gal\/es\/wp-json\/wp\/v2\/posts\/15121\/revisions"}],"wp:featuredmedia":[{"embeddable":true,"href":"https:\/\/mugardos.gal\/es\/wp-json\/wp\/v2\/media\/15139"}],"wp:attachment":[{"href":"https:\/\/mugardos.gal\/es\/wp-json\/wp\/v2\/media?parent=15121"}],"wp:term":[{"taxonomy":"category","embeddable":true,"href":"https:\/\/mugardos.gal\/es\/wp-json\/wp\/v2\/categories?post=15121"},{"taxonomy":"post_tag","embeddable":true,"href":"https:\/\/mugardos.gal\/es\/wp-json\/wp\/v2\/tags?post=15121"}],"curies":[{"name":"wp","href":"https:\/\/api.w.org\/{rel}","templated":true}]}}