{"id":15105,"date":"2022-05-02T14:44:35","date_gmt":"2022-05-02T12:44:35","guid":{"rendered":"https:\/\/mugardos.gal\/el-concello-de-mugardos-adjudica-el-nuevo-servicio-de-ayuda-en-el-hogar\/"},"modified":"2022-05-02T14:44:36","modified_gmt":"2022-05-02T12:44:36","slug":"el-concello-de-mugardos-adjudica-el-nuevo-servicio-de-ayuda-en-el-hogar","status":"publish","type":"post","link":"https:\/\/mugardos.gal\/es\/el-concello-de-mugardos-adjudica-el-nuevo-servicio-de-ayuda-en-el-hogar\/","title":{"rendered":"EL CONCELLO DE MUGARDOS ADJUDICA EL NUEVO SERVICIO DE AYUDA EN EL HOGAR"},"content":{"rendered":"\n<h4><em>Por primera vez, el Concello incluye los servicios de podolog\u00eda, peluquer\u00eda y fisioterapia en el cat\u00e1logo de atenci\u00f3n del SAF<\/em><\/h4>\n\n<p><strong>Mugardos, 2 de mayo de 2022<\/strong><strong>.<\/strong>\u00a0La concelleira de Benestar Social, Ana Varela, inform\u00f3 hoy de la adjudicaci\u00f3n del Servicio municipal de Ayuda en el Hogar (SAF), para los usuarios y usuarias de dependencia y de prestaci\u00f3n b\u00e1sica, a la empresa PROTECCI\u00d3N GERI\u00c1TRICA 2005, S.L. para los pr\u00f3ximos 3 a\u00f1os.<\/p>\n\n<p>Por primera vez el Concello de Mugardos incorporar\u00e1 los servicios de podolog\u00eda, peluquer\u00eda y fisioterapia para los usuarios municipales, siempre previo informe t\u00e9cnico que se\u00f1ale la necesidad del mismo.<\/p>\n\n<p>Adem\u00e1s la empresa deber\u00e1 poner a disposici\u00f3n del Concello material de ayuda t\u00e9cnica de diversa \u00edndole, como 3 camas articuladas, 3 gr\u00faas de movilizaci\u00f3n, 6 colchones antiescaras, 4 sillas de ruedas y 4 asientos de ba\u00f1o y ducha. Este material se asignar\u00e1 seg\u00fan el informe t\u00e9cnico a los usuarios del Servicio de Ayuda en el Hogar para la mejora de la calidad de la atenci\u00f3n.<\/p>\n\n<p>As\u00ed mismo, la concesionaria tiene incluido en su contrato la prestaci\u00f3n anual de hasta 5 limpiezas de choque, de las que el concello podr\u00e1 disponer para casos puntuales en los que desde el departamento t\u00e9cnico se aconseje este tipo de intervenci\u00f3n.<\/p>\n\n<p>La adjudicaci\u00f3n definitiva se acord\u00f3 en el Pleno ordinario celebrado en la tarde del mi\u00e9rcoles 27 de abril, y en la misma qued\u00f3 fijado un coste m\u00e1ximo anual para el concello de 290.890,60 euros, por el que la empresa estar\u00e1 obligada a prestar 14.084 horas de servicio de ayuda en el hogar cada a\u00f1o, de las que 12.680 se destinar\u00e1n a los usuarios y usuarias que dispongan de la dependencia reconocida por el \u00f3rgano competente de la Xunta de Galicia, y las otras 1.404 horas se prestar\u00e1n a usuarios y usuarias del servicio de libre concurrencia.<\/p>\n\n<p>La concelleira confirm\u00f3 que est\u00e1 previsto el inicio del servicio por parte de la empresa adjudicataria para las pr\u00f3ximas semanas despu\u00e9s de la firma del contrato, y que las familias ser\u00e1n informadas puntualmente de las novedades del servicio.<\/p>\n\n<p>\u00abPor fin el Concello de Mugardos dispone de un servicio de ayuda en hogar regulado, de una empresa obligada a prestar el servicio por contrato y de un cat\u00e1logo de servicios que cubre muchas de las demandas que los usuarios y usuarias piden desde hace a\u00f1os. Confiamos en que la mejora en la atenci\u00f3n redunde en una mejora en la calidad de vida de los usuarios, de sus cuidadores y de sus familias, y seguimos trabajando para ampliar al m\u00e1ximo la cobertura de las necesidades de los mugardeses y mugardesas desde mi departamento\u00bb se\u00f1al\u00f3 Varela, que quiso aprovechar la oportunidad para animar a los vecinos a acercarse al concello para conocer de primera mano todos los recursos disponibles para las familias.<\/p>\n","protected":false},"excerpt":{"rendered":"<p>Por primera vez, el Concello incluye los servicios de podolog\u00eda, peluquer\u00eda y fisioterapia en el cat\u00e1logo de atenci\u00f3n del SAF Mugardos, 2 de mayo de 2022.\u00a0La concelleira de Benestar Social, Ana Varela, inform\u00f3 hoy de la adjudicaci\u00f3n del Servicio municipal de Ayuda en el Hogar (SAF), para los usuarios y usuarias de dependencia y de [&hellip;]<\/p>\n","protected":false},"author":5,"featured_media":12225,"comment_status":"closed","ping_status":"closed","sticky":false,"template":"","format":"standard","meta":[],"categories":[47,12],"tags":[],"yoast_head":"<!-- This site is optimized with the Yoast SEO plugin v18.9 - https:\/\/yoast.com\/wordpress\/plugins\/seo\/ -->\n<title>EL CONCELLO DE MUGARDOS ADJUDICA EL NUEVO SERVICIO DE AYUDA EN EL HOGAR - Concello de Mugardos<\/title>\n<meta name=\"robots\" content=\"index, follow, max-snippet:-1, max-image-preview:large, max-video-preview:-1\" \/>\n<link rel=\"canonical\" href=\"https:\/\/mugardos.gal\/es\/el-concello-de-mugardos-adjudica-el-nuevo-servicio-de-ayuda-en-el-hogar\/\" \/>\n<meta property=\"og:locale\" content=\"es_ES\" \/>\n<meta property=\"og:type\" content=\"article\" \/>\n<meta property=\"og:title\" content=\"EL CONCELLO DE MUGARDOS ADJUDICA EL NUEVO SERVICIO DE AYUDA EN EL HOGAR - Concello de Mugardos\" \/>\n<meta property=\"og:description\" content=\"Por primera vez, el Concello incluye los servicios de podolog\u00eda, peluquer\u00eda y fisioterapia en el cat\u00e1logo de atenci\u00f3n del SAF Mugardos, 2 de mayo de 2022.\u00a0La concelleira de Benestar Social, Ana Varela, inform\u00f3 hoy de la adjudicaci\u00f3n del Servicio municipal de Ayuda en el Hogar (SAF), para los usuarios y usuarias de dependencia y de [&hellip;]\" \/>\n<meta property=\"og:url\" content=\"https:\/\/mugardos.gal\/es\/el-concello-de-mugardos-adjudica-el-nuevo-servicio-de-ayuda-en-el-hogar\/\" \/>\n<meta property=\"og:site_name\" content=\"Concello de Mugardos\" \/>\n<meta property=\"article:published_time\" content=\"2022-05-02T12:44:35+00:00\" \/>\n<meta property=\"article:modified_time\" content=\"2022-05-02T12:44:36+00:00\" \/>\n<meta property=\"og:image\" content=\"https:\/\/mugardos.gal\/wp-content\/uploads\/2021\/05\/mugardos.jpg\" \/>\n\t<meta property=\"og:image:width\" content=\"1205\" \/>\n\t<meta property=\"og:image:height\" content=\"1205\" \/>\n\t<meta property=\"og:image:type\" content=\"image\/jpeg\" \/>\n<meta name=\"twitter:card\" content=\"summary_large_image\" \/>\n<meta name=\"twitter:label1\" content=\"Escrito por\" \/>\n\t<meta name=\"twitter:data1\" content=\"maria_OCCIDENTE\" \/>\n\t<meta name=\"twitter:label2\" content=\"Tiempo de lectura\" \/>\n\t<meta name=\"twitter:data2\" content=\"2 minutos\" \/>\n<script type=\"application\/ld+json\" class=\"yoast-schema-graph\">{\"@context\":\"https:\/\/schema.org\",\"@graph\":[{\"@type\":\"WebSite\",\"@id\":\"https:\/\/mugardos.gal\/#website\",\"url\":\"https:\/\/mugardos.gal\/\",\"name\":\"Concello de Mugardos\",\"description\":\"\",\"potentialAction\":[{\"@type\":\"SearchAction\",\"target\":{\"@type\":\"EntryPoint\",\"urlTemplate\":\"https:\/\/mugardos.gal\/?s={search_term_string}\"},\"query-input\":\"required name=search_term_string\"}],\"inLanguage\":\"es\"},{\"@type\":\"ImageObject\",\"inLanguage\":\"es\",\"@id\":\"https:\/\/mugardos.gal\/es\/el-concello-de-mugardos-adjudica-el-nuevo-servicio-de-ayuda-en-el-hogar\/#primaryimage\",\"url\":\"https:\/\/mugardos.gal\/wp-content\/uploads\/2021\/05\/mugardos.jpg\",\"contentUrl\":\"https:\/\/mugardos.gal\/wp-content\/uploads\/2021\/05\/mugardos.jpg\",\"width\":1205,\"height\":1205},{\"@type\":\"WebPage\",\"@id\":\"https:\/\/mugardos.gal\/es\/el-concello-de-mugardos-adjudica-el-nuevo-servicio-de-ayuda-en-el-hogar\/#webpage\",\"url\":\"https:\/\/mugardos.gal\/es\/el-concello-de-mugardos-adjudica-el-nuevo-servicio-de-ayuda-en-el-hogar\/\",\"name\":\"EL CONCELLO DE MUGARDOS ADJUDICA EL NUEVO SERVICIO DE AYUDA EN EL HOGAR - Concello de Mugardos\",\"isPartOf\":{\"@id\":\"https:\/\/mugardos.gal\/#website\"},\"primaryImageOfPage\":{\"@id\":\"https:\/\/mugardos.gal\/es\/el-concello-de-mugardos-adjudica-el-nuevo-servicio-de-ayuda-en-el-hogar\/#primaryimage\"},\"datePublished\":\"2022-05-02T12:44:35+00:00\",\"dateModified\":\"2022-05-02T12:44:36+00:00\",\"author\":{\"@id\":\"https:\/\/mugardos.gal\/#\/schema\/person\/5003de8d638a334108335f5dc158539f\"},\"breadcrumb\":{\"@id\":\"https:\/\/mugardos.gal\/es\/el-concello-de-mugardos-adjudica-el-nuevo-servicio-de-ayuda-en-el-hogar\/#breadcrumb\"},\"inLanguage\":\"es\",\"potentialAction\":[{\"@type\":\"ReadAction\",\"target\":[\"https:\/\/mugardos.gal\/es\/el-concello-de-mugardos-adjudica-el-nuevo-servicio-de-ayuda-en-el-hogar\/\"]}]},{\"@type\":\"BreadcrumbList\",\"@id\":\"https:\/\/mugardos.gal\/es\/el-concello-de-mugardos-adjudica-el-nuevo-servicio-de-ayuda-en-el-hogar\/#breadcrumb\",\"itemListElement\":[{\"@type\":\"ListItem\",\"position\":1,\"name\":\"Portada\",\"item\":\"https:\/\/mugardos.gal\/es\/\"},{\"@type\":\"ListItem\",\"position\":2,\"name\":\"EL CONCELLO DE MUGARDOS ADJUDICA EL NUEVO SERVICIO DE AYUDA EN EL HOGAR\"}]},{\"@type\":\"Person\",\"@id\":\"https:\/\/mugardos.gal\/#\/schema\/person\/5003de8d638a334108335f5dc158539f\",\"name\":\"maria_OCCIDENTE\",\"url\":\"https:\/\/mugardos.gal\/es\/author\/maria_occidente\/\"}]}<\/script>\n<!-- \/ Yoast SEO plugin. -->","yoast_head_json":{"title":"EL CONCELLO DE MUGARDOS ADJUDICA EL NUEVO SERVICIO DE AYUDA EN EL HOGAR - Concello de Mugardos","robots":{"index":"index","follow":"follow","max-snippet":"max-snippet:-1","max-image-preview":"max-image-preview:large","max-video-preview":"max-video-preview:-1"},"canonical":"https:\/\/mugardos.gal\/es\/el-concello-de-mugardos-adjudica-el-nuevo-servicio-de-ayuda-en-el-hogar\/","og_locale":"es_ES","og_type":"article","og_title":"EL CONCELLO DE MUGARDOS ADJUDICA EL NUEVO SERVICIO DE AYUDA EN EL HOGAR - Concello de Mugardos","og_description":"Por primera vez, el Concello incluye los servicios de podolog\u00eda, peluquer\u00eda y fisioterapia en el cat\u00e1logo de atenci\u00f3n del SAF Mugardos, 2 de mayo de 2022.\u00a0La concelleira de Benestar Social, Ana Varela, inform\u00f3 hoy de la adjudicaci\u00f3n del Servicio municipal de Ayuda en el Hogar (SAF), para los usuarios y usuarias de dependencia y de [&hellip;]","og_url":"https:\/\/mugardos.gal\/es\/el-concello-de-mugardos-adjudica-el-nuevo-servicio-de-ayuda-en-el-hogar\/","og_site_name":"Concello de Mugardos","article_published_time":"2022-05-02T12:44:35+00:00","article_modified_time":"2022-05-02T12:44:36+00:00","og_image":[{"width":1205,"height":1205,"url":"https:\/\/mugardos.gal\/wp-content\/uploads\/2021\/05\/mugardos.jpg","type":"image\/jpeg"}],"twitter_card":"summary_large_image","twitter_misc":{"Escrito por":"maria_OCCIDENTE","Tiempo de lectura":"2 minutos"},"schema":{"@context":"https:\/\/schema.org","@graph":[{"@type":"WebSite","@id":"https:\/\/mugardos.gal\/#website","url":"https:\/\/mugardos.gal\/","name":"Concello de Mugardos","description":"","potentialAction":[{"@type":"SearchAction","target":{"@type":"EntryPoint","urlTemplate":"https:\/\/mugardos.gal\/?s={search_term_string}"},"query-input":"required name=search_term_string"}],"inLanguage":"es"},{"@type":"ImageObject","inLanguage":"es","@id":"https:\/\/mugardos.gal\/es\/el-concello-de-mugardos-adjudica-el-nuevo-servicio-de-ayuda-en-el-hogar\/#primaryimage","url":"https:\/\/mugardos.gal\/wp-content\/uploads\/2021\/05\/mugardos.jpg","contentUrl":"https:\/\/mugardos.gal\/wp-content\/uploads\/2021\/05\/mugardos.jpg","width":1205,"height":1205},{"@type":"WebPage","@id":"https:\/\/mugardos.gal\/es\/el-concello-de-mugardos-adjudica-el-nuevo-servicio-de-ayuda-en-el-hogar\/#webpage","url":"https:\/\/mugardos.gal\/es\/el-concello-de-mugardos-adjudica-el-nuevo-servicio-de-ayuda-en-el-hogar\/","name":"EL CONCELLO DE MUGARDOS ADJUDICA EL NUEVO SERVICIO DE AYUDA EN EL HOGAR - Concello de Mugardos","isPartOf":{"@id":"https:\/\/mugardos.gal\/#website"},"primaryImageOfPage":{"@id":"https:\/\/mugardos.gal\/es\/el-concello-de-mugardos-adjudica-el-nuevo-servicio-de-ayuda-en-el-hogar\/#primaryimage"},"datePublished":"2022-05-02T12:44:35+00:00","dateModified":"2022-05-02T12:44:36+00:00","author":{"@id":"https:\/\/mugardos.gal\/#\/schema\/person\/5003de8d638a334108335f5dc158539f"},"breadcrumb":{"@id":"https:\/\/mugardos.gal\/es\/el-concello-de-mugardos-adjudica-el-nuevo-servicio-de-ayuda-en-el-hogar\/#breadcrumb"},"inLanguage":"es","potentialAction":[{"@type":"ReadAction","target":["https:\/\/mugardos.gal\/es\/el-concello-de-mugardos-adjudica-el-nuevo-servicio-de-ayuda-en-el-hogar\/"]}]},{"@type":"BreadcrumbList","@id":"https:\/\/mugardos.gal\/es\/el-concello-de-mugardos-adjudica-el-nuevo-servicio-de-ayuda-en-el-hogar\/#breadcrumb","itemListElement":[{"@type":"ListItem","position":1,"name":"Portada","item":"https:\/\/mugardos.gal\/es\/"},{"@type":"ListItem","position":2,"name":"EL CONCELLO DE MUGARDOS ADJUDICA EL NUEVO SERVICIO DE AYUDA EN EL HOGAR"}]},{"@type":"Person","@id":"https:\/\/mugardos.gal\/#\/schema\/person\/5003de8d638a334108335f5dc158539f","name":"maria_OCCIDENTE","url":"https:\/\/mugardos.gal\/es\/author\/maria_occidente\/"}]}},"_links":{"self":[{"href":"https:\/\/mugardos.gal\/es\/wp-json\/wp\/v2\/posts\/15105"}],"collection":[{"href":"https:\/\/mugardos.gal\/es\/wp-json\/wp\/v2\/posts"}],"about":[{"href":"https:\/\/mugardos.gal\/es\/wp-json\/wp\/v2\/types\/post"}],"author":[{"embeddable":true,"href":"https:\/\/mugardos.gal\/es\/wp-json\/wp\/v2\/users\/5"}],"replies":[{"embeddable":true,"href":"https:\/\/mugardos.gal\/es\/wp-json\/wp\/v2\/comments?post=15105"}],"version-history":[{"count":0,"href":"https:\/\/mugardos.gal\/es\/wp-json\/wp\/v2\/posts\/15105\/revisions"}],"wp:featuredmedia":[{"embeddable":true,"href":"https:\/\/mugardos.gal\/es\/wp-json\/wp\/v2\/media\/12225"}],"wp:attachment":[{"href":"https:\/\/mugardos.gal\/es\/wp-json\/wp\/v2\/media?parent=15105"}],"wp:term":[{"taxonomy":"category","embeddable":true,"href":"https:\/\/mugardos.gal\/es\/wp-json\/wp\/v2\/categories?post=15105"},{"taxonomy":"post_tag","embeddable":true,"href":"https:\/\/mugardos.gal\/es\/wp-json\/wp\/v2\/tags?post=15105"}],"curies":[{"name":"wp","href":"https:\/\/api.w.org\/{rel}","templated":true}]}}