{"id":15066,"date":"2022-04-28T14:18:20","date_gmt":"2022-04-28T12:18:20","guid":{"rendered":"https:\/\/mugardos.gal\/mugardos-programa-un-ciclo-de-teatro-infantil-en-el-mes-de-mayo\/"},"modified":"2022-04-28T14:18:27","modified_gmt":"2022-04-28T12:18:27","slug":"mugardos-programa-un-ciclo-de-teatro-infantil-en-el-mes-de-mayo","status":"publish","type":"post","link":"https:\/\/mugardos.gal\/es\/mugardos-programa-un-ciclo-de-teatro-infantil-en-el-mes-de-mayo\/","title":{"rendered":"MUGARDOS PROGRAMA UN CICLO DE TEATRO INFANTIL EN EL MES DE MAYO"},"content":{"rendered":"\n<h4><p><em>Se celebrar\u00e1 todos los domingos entre el 8 y el 29 de mayo, a las 7 de la tarde<\/em><\/p><\/h4>\n\n<p><p>La concejala de Bienestar, Ana Varela, present\u00f3 hoy el ciclo de teatro infantil &#8216;Os domingos imos rir&#8217; que o goberno municipal organizar\u00e1 do 8 ao 29 de maio nas parroquias mugardesas, da man de <strong>Peter Punk<\/strong>.<\/p><\/p>\n\n<p><p>La primera de las representaciones tendr\u00e1 lugar a las 19:00 horas el domingo 8 de mayo, en la Sociedad Cultural y Recreativa San Juan de Pi\u00f1eiro. &#8216;El show del payaso Piter&#8217;, que nos invita a todos a disfrutar con este espect\u00e1culo lleno de divertidos momentos para toda la familia y en especial para los m\u00e1s peque\u00f1os. Con payasadas, bromas , algo de magia y juegos dirigidos de animaci\u00f3n.<\/p><\/p>\n\n<p><p>El domingo 15 a las 19:00 horas ser\u00e1 el turno del payaso &#8216;Popin Palomero&#8217; que llegar\u00e1 al Casino Progreso de Franza. El payaso Pop\u00edn har\u00e1 una funci\u00f3n en la que involucra a toda la familia. Peque\u00f1os y mayores asisten a una actuaci\u00f3n super divertida, llena de magia y humor, en la que este artista no deja de hacer\u00a0 locuras, haciendo trucos de magia donde aparecen hasta 4 palomas. La improvisaci\u00f3n y la participaci\u00f3n del p\u00fablico hacen que el espect\u00e1culo sea distinto cada vez.<\/p><\/p>\n\n<p><p>En el Seijo, la Sociedad de Amigos del Paisaje Gallego recibir\u00e1 al payaso Peter Punk el domingo 22 de mayo a las 19:00 horas con la representaci\u00f3n &#8216;Chungo ke te cagas&#8217;. Un espect\u00e1culo sin tregua, lleno de humor y malabares, en el que la comicidad se mezcla con la habilidad para buscar la carcajada del p\u00fablico. &#8216;Chungo ke te cagas&#8217; es la frase m\u00e1gica de este artista, con la que anuncia al p\u00fablico sus m\u00e1s complicadas rutinas, en una versi\u00f3n personal del \u00abm\u00e1s dif\u00edcil todav\u00eda\u00bb de los directores del circo cl\u00e1sico. Durante 60 trepidantes minutos ense\u00f1a su destreza con las bolas, mazas y aros, realiza increibles figuras de globoflexia en un tiempo r\u00e9cord, da buena cuenta de sus habilidades sobre el monociclo, y como cierre, pone en peligro su vida (y de buena parte del p\u00fablico) con un final con antorchas de fuego. Y todo sin olvidar el humor.<\/p><\/p>\n\n<p><p>Para despedir este ciclo de teatro, el <strong>domingo<\/strong> <strong>29<\/strong> de mayo en el Casino Mugard\u00e9s a las 19.00 el payaso Peter Punk estrena nuevo espect\u00e1culo, \u00abPeor imposible\u00bb. Humor ir\u00f3nico, n\u00famero participativos, equilibrios con nueve paraguas, un impactante circuito de la muerte y un evocador final de arriesgado equilibrio son algunos de los hilos con los que est\u00e1 confeccionado Peor imposible, una propuesta clown nacida en Galicia y puntera a nivel internacional. Peor imposible es un espect\u00e1culo en el que Peter Punk hecha mano de un humor desvergonzado y fresco para enfrentarse a la cara m\u00e1s amarga de la realidad.<\/p><\/p>\n\n<p>Peter Punk (o Isaac Rodr\u00edguez) es un personaje y un espect\u00e1culo de referencia en cualquier programaci\u00f3n de Galicia. Con m\u00e1s de 900 funciones en todo el estado y en toda clase de programaciones, Peter Punk es uno de los clowns gallegos de referenca, con un humor v\u00e1ndalo y fresco sin igual. Peter Punk ha participado en los m\u00e1s destacados festivales de clown y teatro de calle nacionales, estatales e internacionales, y entre los galardones recibidos destacan el  premio al ganador del Certamen Intergal\u00e1ctico del Mundoclown Vigo 2008 y el Certamen Intergal\u00e1ctico del Festiclown Rivas en los a\u00f1os 2013 y 2014.<\/p>\n","protected":false},"excerpt":{"rendered":"<p>Se celebrar\u00e1 todos los domingos entre el 8 y el 29 de mayo, a las 7 de la tarde La concejala de Bienestar, Ana Varela, present\u00f3 hoy el ciclo de teatro infantil &#8216;Os domingos imos rir&#8217; que o goberno municipal organizar\u00e1 do 8 ao 29 de maio nas parroquias mugardesas, da man de Peter Punk. [&hellip;]<\/p>\n","protected":false},"author":5,"featured_media":15064,"comment_status":"closed","ping_status":"closed","sticky":false,"template":"","format":"standard","meta":[],"categories":[50,12],"tags":[],"yoast_head":"<!-- This site is optimized with the Yoast SEO plugin v18.9 - https:\/\/yoast.com\/wordpress\/plugins\/seo\/ -->\n<title>MUGARDOS PROGRAMA UN CICLO DE TEATRO INFANTIL EN EL MES DE MAYO - Concello de Mugardos<\/title>\n<meta name=\"robots\" content=\"index, follow, max-snippet:-1, max-image-preview:large, max-video-preview:-1\" \/>\n<link rel=\"canonical\" href=\"https:\/\/mugardos.gal\/es\/mugardos-programa-un-ciclo-de-teatro-infantil-en-el-mes-de-mayo\/\" \/>\n<meta property=\"og:locale\" content=\"es_ES\" \/>\n<meta property=\"og:type\" content=\"article\" \/>\n<meta property=\"og:title\" content=\"MUGARDOS PROGRAMA UN CICLO DE TEATRO INFANTIL EN EL MES DE MAYO - Concello de Mugardos\" \/>\n<meta property=\"og:description\" content=\"Se celebrar\u00e1 todos los domingos entre el 8 y el 29 de mayo, a las 7 de la tarde La concejala de Bienestar, Ana Varela, present\u00f3 hoy el ciclo de teatro infantil &#8216;Os domingos imos rir&#8217; que o goberno municipal organizar\u00e1 do 8 ao 29 de maio nas parroquias mugardesas, da man de Peter Punk. [&hellip;]\" \/>\n<meta property=\"og:url\" content=\"https:\/\/mugardos.gal\/es\/mugardos-programa-un-ciclo-de-teatro-infantil-en-el-mes-de-mayo\/\" \/>\n<meta property=\"og:site_name\" content=\"Concello de Mugardos\" \/>\n<meta property=\"article:published_time\" content=\"2022-04-28T12:18:20+00:00\" \/>\n<meta property=\"article:modified_time\" content=\"2022-04-28T12:18:27+00:00\" \/>\n<meta property=\"og:image\" content=\"https:\/\/mugardos.gal\/wp-content\/uploads\/2022\/04\/Cartel-Os-Domingos-imos-rir-scaled.jpg\" \/>\n\t<meta property=\"og:image:width\" content=\"1804\" \/>\n\t<meta property=\"og:image:height\" content=\"2560\" \/>\n\t<meta property=\"og:image:type\" content=\"image\/jpeg\" \/>\n<meta name=\"twitter:card\" content=\"summary_large_image\" \/>\n<meta name=\"twitter:label1\" content=\"Escrito por\" \/>\n\t<meta name=\"twitter:data1\" content=\"maria_OCCIDENTE\" \/>\n\t<meta name=\"twitter:label2\" content=\"Tiempo de lectura\" \/>\n\t<meta name=\"twitter:data2\" content=\"3 minutos\" \/>\n<script type=\"application\/ld+json\" class=\"yoast-schema-graph\">{\"@context\":\"https:\/\/schema.org\",\"@graph\":[{\"@type\":\"WebSite\",\"@id\":\"https:\/\/mugardos.gal\/#website\",\"url\":\"https:\/\/mugardos.gal\/\",\"name\":\"Concello de Mugardos\",\"description\":\"\",\"potentialAction\":[{\"@type\":\"SearchAction\",\"target\":{\"@type\":\"EntryPoint\",\"urlTemplate\":\"https:\/\/mugardos.gal\/?s={search_term_string}\"},\"query-input\":\"required name=search_term_string\"}],\"inLanguage\":\"es\"},{\"@type\":\"ImageObject\",\"inLanguage\":\"es\",\"@id\":\"https:\/\/mugardos.gal\/es\/mugardos-programa-un-ciclo-de-teatro-infantil-en-el-mes-de-mayo\/#primaryimage\",\"url\":\"https:\/\/mugardos.gal\/wp-content\/uploads\/2022\/04\/Cartel-Os-Domingos-imos-rir-scaled.jpg\",\"contentUrl\":\"https:\/\/mugardos.gal\/wp-content\/uploads\/2022\/04\/Cartel-Os-Domingos-imos-rir-scaled.jpg\",\"width\":1804,\"height\":2560},{\"@type\":\"WebPage\",\"@id\":\"https:\/\/mugardos.gal\/es\/mugardos-programa-un-ciclo-de-teatro-infantil-en-el-mes-de-mayo\/#webpage\",\"url\":\"https:\/\/mugardos.gal\/es\/mugardos-programa-un-ciclo-de-teatro-infantil-en-el-mes-de-mayo\/\",\"name\":\"MUGARDOS PROGRAMA UN CICLO DE TEATRO INFANTIL EN EL MES DE MAYO - Concello de Mugardos\",\"isPartOf\":{\"@id\":\"https:\/\/mugardos.gal\/#website\"},\"primaryImageOfPage\":{\"@id\":\"https:\/\/mugardos.gal\/es\/mugardos-programa-un-ciclo-de-teatro-infantil-en-el-mes-de-mayo\/#primaryimage\"},\"datePublished\":\"2022-04-28T12:18:20+00:00\",\"dateModified\":\"2022-04-28T12:18:27+00:00\",\"author\":{\"@id\":\"https:\/\/mugardos.gal\/#\/schema\/person\/5003de8d638a334108335f5dc158539f\"},\"breadcrumb\":{\"@id\":\"https:\/\/mugardos.gal\/es\/mugardos-programa-un-ciclo-de-teatro-infantil-en-el-mes-de-mayo\/#breadcrumb\"},\"inLanguage\":\"es\",\"potentialAction\":[{\"@type\":\"ReadAction\",\"target\":[\"https:\/\/mugardos.gal\/es\/mugardos-programa-un-ciclo-de-teatro-infantil-en-el-mes-de-mayo\/\"]}]},{\"@type\":\"BreadcrumbList\",\"@id\":\"https:\/\/mugardos.gal\/es\/mugardos-programa-un-ciclo-de-teatro-infantil-en-el-mes-de-mayo\/#breadcrumb\",\"itemListElement\":[{\"@type\":\"ListItem\",\"position\":1,\"name\":\"Portada\",\"item\":\"https:\/\/mugardos.gal\/es\/\"},{\"@type\":\"ListItem\",\"position\":2,\"name\":\"MUGARDOS PROGRAMA UN CICLO DE TEATRO INFANTIL EN EL MES DE MAYO\"}]},{\"@type\":\"Person\",\"@id\":\"https:\/\/mugardos.gal\/#\/schema\/person\/5003de8d638a334108335f5dc158539f\",\"name\":\"maria_OCCIDENTE\",\"url\":\"https:\/\/mugardos.gal\/es\/author\/maria_occidente\/\"}]}<\/script>\n<!-- \/ Yoast SEO plugin. -->","yoast_head_json":{"title":"MUGARDOS PROGRAMA UN CICLO DE TEATRO INFANTIL EN EL MES DE MAYO - Concello de Mugardos","robots":{"index":"index","follow":"follow","max-snippet":"max-snippet:-1","max-image-preview":"max-image-preview:large","max-video-preview":"max-video-preview:-1"},"canonical":"https:\/\/mugardos.gal\/es\/mugardos-programa-un-ciclo-de-teatro-infantil-en-el-mes-de-mayo\/","og_locale":"es_ES","og_type":"article","og_title":"MUGARDOS PROGRAMA UN CICLO DE TEATRO INFANTIL EN EL MES DE MAYO - Concello de Mugardos","og_description":"Se celebrar\u00e1 todos los domingos entre el 8 y el 29 de mayo, a las 7 de la tarde La concejala de Bienestar, Ana Varela, present\u00f3 hoy el ciclo de teatro infantil &#8216;Os domingos imos rir&#8217; que o goberno municipal organizar\u00e1 do 8 ao 29 de maio nas parroquias mugardesas, da man de Peter Punk. [&hellip;]","og_url":"https:\/\/mugardos.gal\/es\/mugardos-programa-un-ciclo-de-teatro-infantil-en-el-mes-de-mayo\/","og_site_name":"Concello de Mugardos","article_published_time":"2022-04-28T12:18:20+00:00","article_modified_time":"2022-04-28T12:18:27+00:00","og_image":[{"width":1804,"height":2560,"url":"https:\/\/mugardos.gal\/wp-content\/uploads\/2022\/04\/Cartel-Os-Domingos-imos-rir-scaled.jpg","type":"image\/jpeg"}],"twitter_card":"summary_large_image","twitter_misc":{"Escrito por":"maria_OCCIDENTE","Tiempo de lectura":"3 minutos"},"schema":{"@context":"https:\/\/schema.org","@graph":[{"@type":"WebSite","@id":"https:\/\/mugardos.gal\/#website","url":"https:\/\/mugardos.gal\/","name":"Concello de Mugardos","description":"","potentialAction":[{"@type":"SearchAction","target":{"@type":"EntryPoint","urlTemplate":"https:\/\/mugardos.gal\/?s={search_term_string}"},"query-input":"required name=search_term_string"}],"inLanguage":"es"},{"@type":"ImageObject","inLanguage":"es","@id":"https:\/\/mugardos.gal\/es\/mugardos-programa-un-ciclo-de-teatro-infantil-en-el-mes-de-mayo\/#primaryimage","url":"https:\/\/mugardos.gal\/wp-content\/uploads\/2022\/04\/Cartel-Os-Domingos-imos-rir-scaled.jpg","contentUrl":"https:\/\/mugardos.gal\/wp-content\/uploads\/2022\/04\/Cartel-Os-Domingos-imos-rir-scaled.jpg","width":1804,"height":2560},{"@type":"WebPage","@id":"https:\/\/mugardos.gal\/es\/mugardos-programa-un-ciclo-de-teatro-infantil-en-el-mes-de-mayo\/#webpage","url":"https:\/\/mugardos.gal\/es\/mugardos-programa-un-ciclo-de-teatro-infantil-en-el-mes-de-mayo\/","name":"MUGARDOS PROGRAMA UN CICLO DE TEATRO INFANTIL EN EL MES DE MAYO - Concello de Mugardos","isPartOf":{"@id":"https:\/\/mugardos.gal\/#website"},"primaryImageOfPage":{"@id":"https:\/\/mugardos.gal\/es\/mugardos-programa-un-ciclo-de-teatro-infantil-en-el-mes-de-mayo\/#primaryimage"},"datePublished":"2022-04-28T12:18:20+00:00","dateModified":"2022-04-28T12:18:27+00:00","author":{"@id":"https:\/\/mugardos.gal\/#\/schema\/person\/5003de8d638a334108335f5dc158539f"},"breadcrumb":{"@id":"https:\/\/mugardos.gal\/es\/mugardos-programa-un-ciclo-de-teatro-infantil-en-el-mes-de-mayo\/#breadcrumb"},"inLanguage":"es","potentialAction":[{"@type":"ReadAction","target":["https:\/\/mugardos.gal\/es\/mugardos-programa-un-ciclo-de-teatro-infantil-en-el-mes-de-mayo\/"]}]},{"@type":"BreadcrumbList","@id":"https:\/\/mugardos.gal\/es\/mugardos-programa-un-ciclo-de-teatro-infantil-en-el-mes-de-mayo\/#breadcrumb","itemListElement":[{"@type":"ListItem","position":1,"name":"Portada","item":"https:\/\/mugardos.gal\/es\/"},{"@type":"ListItem","position":2,"name":"MUGARDOS PROGRAMA UN CICLO DE TEATRO INFANTIL EN EL MES DE MAYO"}]},{"@type":"Person","@id":"https:\/\/mugardos.gal\/#\/schema\/person\/5003de8d638a334108335f5dc158539f","name":"maria_OCCIDENTE","url":"https:\/\/mugardos.gal\/es\/author\/maria_occidente\/"}]}},"_links":{"self":[{"href":"https:\/\/mugardos.gal\/es\/wp-json\/wp\/v2\/posts\/15066"}],"collection":[{"href":"https:\/\/mugardos.gal\/es\/wp-json\/wp\/v2\/posts"}],"about":[{"href":"https:\/\/mugardos.gal\/es\/wp-json\/wp\/v2\/types\/post"}],"author":[{"embeddable":true,"href":"https:\/\/mugardos.gal\/es\/wp-json\/wp\/v2\/users\/5"}],"replies":[{"embeddable":true,"href":"https:\/\/mugardos.gal\/es\/wp-json\/wp\/v2\/comments?post=15066"}],"version-history":[{"count":0,"href":"https:\/\/mugardos.gal\/es\/wp-json\/wp\/v2\/posts\/15066\/revisions"}],"wp:featuredmedia":[{"embeddable":true,"href":"https:\/\/mugardos.gal\/es\/wp-json\/wp\/v2\/media\/15064"}],"wp:attachment":[{"href":"https:\/\/mugardos.gal\/es\/wp-json\/wp\/v2\/media?parent=15066"}],"wp:term":[{"taxonomy":"category","embeddable":true,"href":"https:\/\/mugardos.gal\/es\/wp-json\/wp\/v2\/categories?post=15066"},{"taxonomy":"post_tag","embeddable":true,"href":"https:\/\/mugardos.gal\/es\/wp-json\/wp\/v2\/tags?post=15066"}],"curies":[{"name":"wp","href":"https:\/\/api.w.org\/{rel}","templated":true}]}}