{"id":15050,"date":"2022-04-27T13:04:19","date_gmt":"2022-04-27T11:04:19","guid":{"rendered":"https:\/\/mugardos.gal\/tourinan-sera-el-encargado-del-pregon-de-la-xxx-fiesta-del-pulpo-de-mugardos\/"},"modified":"2022-04-27T13:04:19","modified_gmt":"2022-04-27T11:04:19","slug":"tourinan-sera-el-encargado-del-pregon-de-la-xxx-fiesta-del-pulpo-de-mugardos","status":"publish","type":"post","link":"https:\/\/mugardos.gal\/es\/tourinan-sera-el-encargado-del-pregon-de-la-xxx-fiesta-del-pulpo-de-mugardos\/","title":{"rendered":"TOURI\u00d1\u00c1N SER\u00c1 EL ENCARGADO DEL PREG\u00d3N DE LA XXX FIESTA DEL PULPO DE MUGARDOS"},"content":{"rendered":"\n<h4><em>El humorista y actor gallego estar\u00e1 en Mugardos el pr\u00f3ximo 9 de julio.<\/em><\/h4>\n\n<p>La concejala de Cultura, Bego\u00f1a Rold\u00f3s, confirm\u00f3 hoy que el conocido y admirado humorista, actor y presentador gallego Xos\u00e9 Antonio Touri\u00f1\u00e1n ser\u00e1 el encargado de ofrecer el preg\u00f3n de la XXX Fiesta del Pulpo de Mugardos el pr\u00f3ximo 9 de julio.<\/p>\n\n<p>Rold\u00f3s explic\u00f3 que hace unas semanas el gobierno municipal le propuso a Touri\u00f1\u00e1n ser el pregonero de esta edici\u00f3n de la fiesta, y que fue \u00abuna enorme satisfacci\u00f3n que aceptara\u00bb. Desde el gobierno municipal trasladan que la figura del actor y humorista de Culleredo encaja perfectamente con la imagen de la fiesta gastron\u00f3mica mugardesa, como son la galleguidad, la tradici\u00f3n y la diversi\u00f3n. \u00abTouri\u00f1\u00e1n es sin duda una elecci\u00f3n m\u00e1s que acertada\u00bb se\u00f1al\u00f3 la concejala.<\/p>\n\n<p>El actor coru\u00f1\u00e9s, de 42 a\u00f1os, es Licenciado en Filolog\u00eda Gallega y padre de dos hijos. Se inici\u00f3 en el teatro escolar en su Culleredo natal, y fue fundador junto a Marcos Pereiro del d\u00fao c\u00f3mico &#8216;Os 2 de Sempre&#8217; donde naci\u00f3 la querid\u00edsima \u00abMucha\u00bb (junto a su inseparable \u00abNucha\u00bb), personaje con el que lleg\u00f3 a la fama y al reconocimiento del p\u00fablico. Desde 2009 se dedica tambi\u00e9n a la producci\u00f3n audiovisual con AIn\u00e9 Produci\u00f3ns. <\/p>\n\n<p>Aficionado al deporte y deportivista confeso, Touri\u00f1\u00e1n est\u00e1 viviendo en la actualidad una de sus etapas laborales m\u00e1s prol\u00edficas con el reciente estreno en cines de la comedia &#8216;Cu\u00f1ados&#8217;, la obra teatral &#8216;Fari\u00f1a&#8217; (estrenada en 2019 y con fechas confirmadas hasta junio) y el programa de viajes &#8216;Rutas Bizarras&#8217; junto a la tambi\u00e9n actriz Marta Hazas.<\/p>\n","protected":false},"excerpt":{"rendered":"<p>El humorista y actor gallego estar\u00e1 en Mugardos el pr\u00f3ximo 9 de julio. La concejala de Cultura, Bego\u00f1a Rold\u00f3s, confirm\u00f3 hoy que el conocido y admirado humorista, actor y presentador gallego Xos\u00e9 Antonio Touri\u00f1\u00e1n ser\u00e1 el encargado de ofrecer el preg\u00f3n de la XXX Fiesta del Pulpo de Mugardos el pr\u00f3ximo 9 de julio. Rold\u00f3s [&hellip;]<\/p>\n","protected":false},"author":5,"featured_media":15047,"comment_status":"closed","ping_status":"closed","sticky":false,"template":"","format":"standard","meta":[],"categories":[50,12],"tags":[],"yoast_head":"<!-- This site is optimized with the Yoast SEO plugin v18.9 - https:\/\/yoast.com\/wordpress\/plugins\/seo\/ -->\n<title>TOURI\u00d1\u00c1N SER\u00c1 EL ENCARGADO DEL PREG\u00d3N DE LA XXX FIESTA DEL PULPO DE MUGARDOS - Concello de Mugardos<\/title>\n<meta name=\"robots\" content=\"index, follow, max-snippet:-1, max-image-preview:large, max-video-preview:-1\" \/>\n<link rel=\"canonical\" href=\"https:\/\/mugardos.gal\/es\/tourinan-sera-el-encargado-del-pregon-de-la-xxx-fiesta-del-pulpo-de-mugardos\/\" \/>\n<meta property=\"og:locale\" content=\"es_ES\" \/>\n<meta property=\"og:type\" content=\"article\" \/>\n<meta property=\"og:title\" content=\"TOURI\u00d1\u00c1N SER\u00c1 EL ENCARGADO DEL PREG\u00d3N DE LA XXX FIESTA DEL PULPO DE MUGARDOS - Concello de Mugardos\" \/>\n<meta property=\"og:description\" content=\"El humorista y actor gallego estar\u00e1 en Mugardos el pr\u00f3ximo 9 de julio. La concejala de Cultura, Bego\u00f1a Rold\u00f3s, confirm\u00f3 hoy que el conocido y admirado humorista, actor y presentador gallego Xos\u00e9 Antonio Touri\u00f1\u00e1n ser\u00e1 el encargado de ofrecer el preg\u00f3n de la XXX Fiesta del Pulpo de Mugardos el pr\u00f3ximo 9 de julio. Rold\u00f3s [&hellip;]\" \/>\n<meta property=\"og:url\" content=\"https:\/\/mugardos.gal\/es\/tourinan-sera-el-encargado-del-pregon-de-la-xxx-fiesta-del-pulpo-de-mugardos\/\" \/>\n<meta property=\"og:site_name\" content=\"Concello de Mugardos\" \/>\n<meta property=\"article:published_time\" content=\"2022-04-27T11:04:19+00:00\" \/>\n<meta property=\"og:image\" content=\"https:\/\/mugardos.gal\/wp-content\/uploads\/2022\/04\/Captura-de-pantalla-2022-04-27-a-las-12.53.33.png\" \/>\n\t<meta property=\"og:image:width\" content=\"582\" \/>\n\t<meta property=\"og:image:height\" content=\"817\" \/>\n\t<meta property=\"og:image:type\" content=\"image\/png\" \/>\n<meta name=\"twitter:card\" content=\"summary_large_image\" \/>\n<meta name=\"twitter:label1\" content=\"Escrito por\" \/>\n\t<meta name=\"twitter:data1\" content=\"maria_OCCIDENTE\" \/>\n\t<meta name=\"twitter:label2\" content=\"Tiempo de lectura\" \/>\n\t<meta name=\"twitter:data2\" content=\"1 minuto\" \/>\n<script type=\"application\/ld+json\" class=\"yoast-schema-graph\">{\"@context\":\"https:\/\/schema.org\",\"@graph\":[{\"@type\":\"WebSite\",\"@id\":\"https:\/\/mugardos.gal\/#website\",\"url\":\"https:\/\/mugardos.gal\/\",\"name\":\"Concello de Mugardos\",\"description\":\"\",\"potentialAction\":[{\"@type\":\"SearchAction\",\"target\":{\"@type\":\"EntryPoint\",\"urlTemplate\":\"https:\/\/mugardos.gal\/?s={search_term_string}\"},\"query-input\":\"required name=search_term_string\"}],\"inLanguage\":\"es\"},{\"@type\":\"ImageObject\",\"inLanguage\":\"es\",\"@id\":\"https:\/\/mugardos.gal\/es\/tourinan-sera-el-encargado-del-pregon-de-la-xxx-fiesta-del-pulpo-de-mugardos\/#primaryimage\",\"url\":\"https:\/\/mugardos.gal\/wp-content\/uploads\/2022\/04\/Captura-de-pantalla-2022-04-27-a-las-12.53.33.png\",\"contentUrl\":\"https:\/\/mugardos.gal\/wp-content\/uploads\/2022\/04\/Captura-de-pantalla-2022-04-27-a-las-12.53.33.png\",\"width\":582,\"height\":817},{\"@type\":\"WebPage\",\"@id\":\"https:\/\/mugardos.gal\/es\/tourinan-sera-el-encargado-del-pregon-de-la-xxx-fiesta-del-pulpo-de-mugardos\/#webpage\",\"url\":\"https:\/\/mugardos.gal\/es\/tourinan-sera-el-encargado-del-pregon-de-la-xxx-fiesta-del-pulpo-de-mugardos\/\",\"name\":\"TOURI\u00d1\u00c1N SER\u00c1 EL ENCARGADO DEL PREG\u00d3N DE LA XXX FIESTA DEL PULPO DE MUGARDOS - Concello de Mugardos\",\"isPartOf\":{\"@id\":\"https:\/\/mugardos.gal\/#website\"},\"primaryImageOfPage\":{\"@id\":\"https:\/\/mugardos.gal\/es\/tourinan-sera-el-encargado-del-pregon-de-la-xxx-fiesta-del-pulpo-de-mugardos\/#primaryimage\"},\"datePublished\":\"2022-04-27T11:04:19+00:00\",\"dateModified\":\"2022-04-27T11:04:19+00:00\",\"author\":{\"@id\":\"https:\/\/mugardos.gal\/#\/schema\/person\/5003de8d638a334108335f5dc158539f\"},\"breadcrumb\":{\"@id\":\"https:\/\/mugardos.gal\/es\/tourinan-sera-el-encargado-del-pregon-de-la-xxx-fiesta-del-pulpo-de-mugardos\/#breadcrumb\"},\"inLanguage\":\"es\",\"potentialAction\":[{\"@type\":\"ReadAction\",\"target\":[\"https:\/\/mugardos.gal\/es\/tourinan-sera-el-encargado-del-pregon-de-la-xxx-fiesta-del-pulpo-de-mugardos\/\"]}]},{\"@type\":\"BreadcrumbList\",\"@id\":\"https:\/\/mugardos.gal\/es\/tourinan-sera-el-encargado-del-pregon-de-la-xxx-fiesta-del-pulpo-de-mugardos\/#breadcrumb\",\"itemListElement\":[{\"@type\":\"ListItem\",\"position\":1,\"name\":\"Portada\",\"item\":\"https:\/\/mugardos.gal\/es\/\"},{\"@type\":\"ListItem\",\"position\":2,\"name\":\"TOURI\u00d1\u00c1N SER\u00c1 EL ENCARGADO DEL PREG\u00d3N DE LA XXX FIESTA DEL PULPO DE MUGARDOS\"}]},{\"@type\":\"Person\",\"@id\":\"https:\/\/mugardos.gal\/#\/schema\/person\/5003de8d638a334108335f5dc158539f\",\"name\":\"maria_OCCIDENTE\",\"url\":\"https:\/\/mugardos.gal\/es\/author\/maria_occidente\/\"}]}<\/script>\n<!-- \/ Yoast SEO plugin. -->","yoast_head_json":{"title":"TOURI\u00d1\u00c1N SER\u00c1 EL ENCARGADO DEL PREG\u00d3N DE LA XXX FIESTA DEL PULPO DE MUGARDOS - Concello de Mugardos","robots":{"index":"index","follow":"follow","max-snippet":"max-snippet:-1","max-image-preview":"max-image-preview:large","max-video-preview":"max-video-preview:-1"},"canonical":"https:\/\/mugardos.gal\/es\/tourinan-sera-el-encargado-del-pregon-de-la-xxx-fiesta-del-pulpo-de-mugardos\/","og_locale":"es_ES","og_type":"article","og_title":"TOURI\u00d1\u00c1N SER\u00c1 EL ENCARGADO DEL PREG\u00d3N DE LA XXX FIESTA DEL PULPO DE MUGARDOS - Concello de Mugardos","og_description":"El humorista y actor gallego estar\u00e1 en Mugardos el pr\u00f3ximo 9 de julio. La concejala de Cultura, Bego\u00f1a Rold\u00f3s, confirm\u00f3 hoy que el conocido y admirado humorista, actor y presentador gallego Xos\u00e9 Antonio Touri\u00f1\u00e1n ser\u00e1 el encargado de ofrecer el preg\u00f3n de la XXX Fiesta del Pulpo de Mugardos el pr\u00f3ximo 9 de julio. Rold\u00f3s [&hellip;]","og_url":"https:\/\/mugardos.gal\/es\/tourinan-sera-el-encargado-del-pregon-de-la-xxx-fiesta-del-pulpo-de-mugardos\/","og_site_name":"Concello de Mugardos","article_published_time":"2022-04-27T11:04:19+00:00","og_image":[{"width":582,"height":817,"url":"https:\/\/mugardos.gal\/wp-content\/uploads\/2022\/04\/Captura-de-pantalla-2022-04-27-a-las-12.53.33.png","type":"image\/png"}],"twitter_card":"summary_large_image","twitter_misc":{"Escrito por":"maria_OCCIDENTE","Tiempo de lectura":"1 minuto"},"schema":{"@context":"https:\/\/schema.org","@graph":[{"@type":"WebSite","@id":"https:\/\/mugardos.gal\/#website","url":"https:\/\/mugardos.gal\/","name":"Concello de Mugardos","description":"","potentialAction":[{"@type":"SearchAction","target":{"@type":"EntryPoint","urlTemplate":"https:\/\/mugardos.gal\/?s={search_term_string}"},"query-input":"required name=search_term_string"}],"inLanguage":"es"},{"@type":"ImageObject","inLanguage":"es","@id":"https:\/\/mugardos.gal\/es\/tourinan-sera-el-encargado-del-pregon-de-la-xxx-fiesta-del-pulpo-de-mugardos\/#primaryimage","url":"https:\/\/mugardos.gal\/wp-content\/uploads\/2022\/04\/Captura-de-pantalla-2022-04-27-a-las-12.53.33.png","contentUrl":"https:\/\/mugardos.gal\/wp-content\/uploads\/2022\/04\/Captura-de-pantalla-2022-04-27-a-las-12.53.33.png","width":582,"height":817},{"@type":"WebPage","@id":"https:\/\/mugardos.gal\/es\/tourinan-sera-el-encargado-del-pregon-de-la-xxx-fiesta-del-pulpo-de-mugardos\/#webpage","url":"https:\/\/mugardos.gal\/es\/tourinan-sera-el-encargado-del-pregon-de-la-xxx-fiesta-del-pulpo-de-mugardos\/","name":"TOURI\u00d1\u00c1N SER\u00c1 EL ENCARGADO DEL PREG\u00d3N DE LA XXX FIESTA DEL PULPO DE MUGARDOS - Concello de Mugardos","isPartOf":{"@id":"https:\/\/mugardos.gal\/#website"},"primaryImageOfPage":{"@id":"https:\/\/mugardos.gal\/es\/tourinan-sera-el-encargado-del-pregon-de-la-xxx-fiesta-del-pulpo-de-mugardos\/#primaryimage"},"datePublished":"2022-04-27T11:04:19+00:00","dateModified":"2022-04-27T11:04:19+00:00","author":{"@id":"https:\/\/mugardos.gal\/#\/schema\/person\/5003de8d638a334108335f5dc158539f"},"breadcrumb":{"@id":"https:\/\/mugardos.gal\/es\/tourinan-sera-el-encargado-del-pregon-de-la-xxx-fiesta-del-pulpo-de-mugardos\/#breadcrumb"},"inLanguage":"es","potentialAction":[{"@type":"ReadAction","target":["https:\/\/mugardos.gal\/es\/tourinan-sera-el-encargado-del-pregon-de-la-xxx-fiesta-del-pulpo-de-mugardos\/"]}]},{"@type":"BreadcrumbList","@id":"https:\/\/mugardos.gal\/es\/tourinan-sera-el-encargado-del-pregon-de-la-xxx-fiesta-del-pulpo-de-mugardos\/#breadcrumb","itemListElement":[{"@type":"ListItem","position":1,"name":"Portada","item":"https:\/\/mugardos.gal\/es\/"},{"@type":"ListItem","position":2,"name":"TOURI\u00d1\u00c1N SER\u00c1 EL ENCARGADO DEL PREG\u00d3N DE LA XXX FIESTA DEL PULPO DE MUGARDOS"}]},{"@type":"Person","@id":"https:\/\/mugardos.gal\/#\/schema\/person\/5003de8d638a334108335f5dc158539f","name":"maria_OCCIDENTE","url":"https:\/\/mugardos.gal\/es\/author\/maria_occidente\/"}]}},"_links":{"self":[{"href":"https:\/\/mugardos.gal\/es\/wp-json\/wp\/v2\/posts\/15050"}],"collection":[{"href":"https:\/\/mugardos.gal\/es\/wp-json\/wp\/v2\/posts"}],"about":[{"href":"https:\/\/mugardos.gal\/es\/wp-json\/wp\/v2\/types\/post"}],"author":[{"embeddable":true,"href":"https:\/\/mugardos.gal\/es\/wp-json\/wp\/v2\/users\/5"}],"replies":[{"embeddable":true,"href":"https:\/\/mugardos.gal\/es\/wp-json\/wp\/v2\/comments?post=15050"}],"version-history":[{"count":0,"href":"https:\/\/mugardos.gal\/es\/wp-json\/wp\/v2\/posts\/15050\/revisions"}],"wp:featuredmedia":[{"embeddable":true,"href":"https:\/\/mugardos.gal\/es\/wp-json\/wp\/v2\/media\/15047"}],"wp:attachment":[{"href":"https:\/\/mugardos.gal\/es\/wp-json\/wp\/v2\/media?parent=15050"}],"wp:term":[{"taxonomy":"category","embeddable":true,"href":"https:\/\/mugardos.gal\/es\/wp-json\/wp\/v2\/categories?post=15050"},{"taxonomy":"post_tag","embeddable":true,"href":"https:\/\/mugardos.gal\/es\/wp-json\/wp\/v2\/tags?post=15050"}],"curies":[{"name":"wp","href":"https:\/\/api.w.org\/{rel}","templated":true}]}}