{"id":14915,"date":"2022-04-13T14:27:14","date_gmt":"2022-04-13T12:27:14","guid":{"rendered":"https:\/\/mugardos.gal\/nuevo-servicio-de-comedores-escolares-en-abril\/"},"modified":"2022-04-13T14:27:14","modified_gmt":"2022-04-13T12:27:14","slug":"nuevo-servicio-de-comedores-escolares-en-abril","status":"publish","type":"post","link":"https:\/\/mugardos.gal\/es\/nuevo-servicio-de-comedores-escolares-en-abril\/","title":{"rendered":"NUEVO SERVICIO DE COMEDORES ESCOLARES EN ABRIL"},"content":{"rendered":"\n<p>El pr\u00f3ximo martes 19 de abril de 2022 inicia el servicio de comedores escolares municipales la empresa Alimentaci\u00f3n Saludable Gallega.<\/p>\n\n<p>En los cuadros de men\u00fas para las comidas colgados en la web sugiere unas recomendaciones saludables y equilibradas para los desayunos y las cenas, elaborados por una nutricionista.<\/p>\n\n<p>La forma de anular o encargar los desayunos y comidas sigue igual que con la anterior empresa, aunque cambia el n\u00famero de tel\u00e9fono y el mail al que dirigirse:<\/p>\n\n<ul><li>Hasta las 10.00h para anular\/encargar el servicio de comida<\/li><li>Hasta as 19.00h para el desayuno del d\u00eda siguiente<\/li><\/ul>\n\n<p><strong>Tel\u00e9fono: 630 363 844<br\/>Email: info@alimentacionsaludablegallega.com<\/strong><\/p>\n\n<div class=\"wp-block-file\"><a href=\"https:\/\/mugardos.gal\/wp-content\/uploads\/2022\/04\/RECOMENDACION-ALMORZOS-04.ABRIL-CONCELLO-DE-MUGARDOS.pdf\">Recomendaciones de desayunos Abril<\/a><a href=\"https:\/\/mugardos.gal\/wp-content\/uploads\/2022\/04\/RECOMENDACION-ALMORZOS-04.ABRIL-CONCELLO-DE-MUGARDOS.pdf\" class=\"wp-block-file__button\" download=\"\">Descarga\t <\/a><\/div>\n\n<div class=\"wp-block-file\"><a href=\"https:\/\/mugardos.gal\/wp-content\/uploads\/2022\/04\/08-MENU-ABRIL-2022.pdf\">Men\u00fa Abril<\/a><a href=\"https:\/\/mugardos.gal\/wp-content\/uploads\/2022\/04\/08-MENU-ABRIL-2022.pdf\" class=\"wp-block-file__button\" download=\"\">Descarga\t <\/a><\/div>\n\n<p><\/p>\n","protected":false},"excerpt":{"rendered":"<p>El pr\u00f3ximo martes 19 de abril de 2022 inicia el servicio de comedores escolares municipales la empresa Alimentaci\u00f3n Saludable Gallega. En los cuadros de men\u00fas para las comidas colgados en la web sugiere unas recomendaciones saludables y equilibradas para los desayunos y las cenas, elaborados por una nutricionista. La forma de anular o encargar los [&hellip;]<\/p>\n","protected":false},"author":5,"featured_media":12727,"comment_status":"closed","ping_status":"closed","sticky":false,"template":"","format":"standard","meta":[],"categories":[52,12],"tags":[],"yoast_head":"<!-- This site is optimized with the Yoast SEO plugin v18.9 - https:\/\/yoast.com\/wordpress\/plugins\/seo\/ -->\n<title>NUEVO SERVICIO DE COMEDORES ESCOLARES EN ABRIL - Concello de Mugardos<\/title>\n<meta name=\"robots\" content=\"index, follow, max-snippet:-1, max-image-preview:large, max-video-preview:-1\" \/>\n<link rel=\"canonical\" href=\"https:\/\/mugardos.gal\/es\/nuevo-servicio-de-comedores-escolares-en-abril\/\" \/>\n<meta property=\"og:locale\" content=\"es_ES\" \/>\n<meta property=\"og:type\" content=\"article\" \/>\n<meta property=\"og:title\" content=\"NUEVO SERVICIO DE COMEDORES ESCOLARES EN ABRIL - Concello de Mugardos\" \/>\n<meta property=\"og:description\" content=\"El pr\u00f3ximo martes 19 de abril de 2022 inicia el servicio de comedores escolares municipales la empresa Alimentaci\u00f3n Saludable Gallega. En los cuadros de men\u00fas para las comidas colgados en la web sugiere unas recomendaciones saludables y equilibradas para los desayunos y las cenas, elaborados por una nutricionista. La forma de anular o encargar los [&hellip;]\" \/>\n<meta property=\"og:url\" content=\"https:\/\/mugardos.gal\/es\/nuevo-servicio-de-comedores-escolares-en-abril\/\" \/>\n<meta property=\"og:site_name\" content=\"Concello de Mugardos\" \/>\n<meta property=\"article:published_time\" content=\"2022-04-13T12:27:14+00:00\" \/>\n<meta property=\"og:image\" content=\"https:\/\/mugardos.gal\/wp-content\/uploads\/2021\/06\/COMEDORES-ESCOLARES.jpg\" \/>\n\t<meta property=\"og:image:width\" content=\"1205\" \/>\n\t<meta property=\"og:image:height\" content=\"1205\" \/>\n\t<meta property=\"og:image:type\" content=\"image\/jpeg\" \/>\n<meta name=\"twitter:card\" content=\"summary_large_image\" \/>\n<meta name=\"twitter:label1\" content=\"Escrito por\" \/>\n\t<meta name=\"twitter:data1\" content=\"maria_OCCIDENTE\" \/>\n\t<meta name=\"twitter:label2\" content=\"Tiempo de lectura\" \/>\n\t<meta name=\"twitter:data2\" content=\"1 minuto\" \/>\n<script type=\"application\/ld+json\" class=\"yoast-schema-graph\">{\"@context\":\"https:\/\/schema.org\",\"@graph\":[{\"@type\":\"WebSite\",\"@id\":\"https:\/\/mugardos.gal\/#website\",\"url\":\"https:\/\/mugardos.gal\/\",\"name\":\"Concello de Mugardos\",\"description\":\"\",\"potentialAction\":[{\"@type\":\"SearchAction\",\"target\":{\"@type\":\"EntryPoint\",\"urlTemplate\":\"https:\/\/mugardos.gal\/?s={search_term_string}\"},\"query-input\":\"required name=search_term_string\"}],\"inLanguage\":\"es\"},{\"@type\":\"ImageObject\",\"inLanguage\":\"es\",\"@id\":\"https:\/\/mugardos.gal\/es\/nuevo-servicio-de-comedores-escolares-en-abril\/#primaryimage\",\"url\":\"https:\/\/mugardos.gal\/wp-content\/uploads\/2021\/06\/COMEDORES-ESCOLARES.jpg\",\"contentUrl\":\"https:\/\/mugardos.gal\/wp-content\/uploads\/2021\/06\/COMEDORES-ESCOLARES.jpg\",\"width\":1205,\"height\":1205},{\"@type\":\"WebPage\",\"@id\":\"https:\/\/mugardos.gal\/es\/nuevo-servicio-de-comedores-escolares-en-abril\/#webpage\",\"url\":\"https:\/\/mugardos.gal\/es\/nuevo-servicio-de-comedores-escolares-en-abril\/\",\"name\":\"NUEVO SERVICIO DE COMEDORES ESCOLARES EN ABRIL - Concello de Mugardos\",\"isPartOf\":{\"@id\":\"https:\/\/mugardos.gal\/#website\"},\"primaryImageOfPage\":{\"@id\":\"https:\/\/mugardos.gal\/es\/nuevo-servicio-de-comedores-escolares-en-abril\/#primaryimage\"},\"datePublished\":\"2022-04-13T12:27:14+00:00\",\"dateModified\":\"2022-04-13T12:27:14+00:00\",\"author\":{\"@id\":\"https:\/\/mugardos.gal\/#\/schema\/person\/5003de8d638a334108335f5dc158539f\"},\"breadcrumb\":{\"@id\":\"https:\/\/mugardos.gal\/es\/nuevo-servicio-de-comedores-escolares-en-abril\/#breadcrumb\"},\"inLanguage\":\"es\",\"potentialAction\":[{\"@type\":\"ReadAction\",\"target\":[\"https:\/\/mugardos.gal\/es\/nuevo-servicio-de-comedores-escolares-en-abril\/\"]}]},{\"@type\":\"BreadcrumbList\",\"@id\":\"https:\/\/mugardos.gal\/es\/nuevo-servicio-de-comedores-escolares-en-abril\/#breadcrumb\",\"itemListElement\":[{\"@type\":\"ListItem\",\"position\":1,\"name\":\"Portada\",\"item\":\"https:\/\/mugardos.gal\/es\/\"},{\"@type\":\"ListItem\",\"position\":2,\"name\":\"NUEVO SERVICIO DE COMEDORES ESCOLARES EN ABRIL\"}]},{\"@type\":\"Person\",\"@id\":\"https:\/\/mugardos.gal\/#\/schema\/person\/5003de8d638a334108335f5dc158539f\",\"name\":\"maria_OCCIDENTE\",\"url\":\"https:\/\/mugardos.gal\/es\/author\/maria_occidente\/\"}]}<\/script>\n<!-- \/ Yoast SEO plugin. -->","yoast_head_json":{"title":"NUEVO SERVICIO DE COMEDORES ESCOLARES EN ABRIL - Concello de Mugardos","robots":{"index":"index","follow":"follow","max-snippet":"max-snippet:-1","max-image-preview":"max-image-preview:large","max-video-preview":"max-video-preview:-1"},"canonical":"https:\/\/mugardos.gal\/es\/nuevo-servicio-de-comedores-escolares-en-abril\/","og_locale":"es_ES","og_type":"article","og_title":"NUEVO SERVICIO DE COMEDORES ESCOLARES EN ABRIL - Concello de Mugardos","og_description":"El pr\u00f3ximo martes 19 de abril de 2022 inicia el servicio de comedores escolares municipales la empresa Alimentaci\u00f3n Saludable Gallega. En los cuadros de men\u00fas para las comidas colgados en la web sugiere unas recomendaciones saludables y equilibradas para los desayunos y las cenas, elaborados por una nutricionista. La forma de anular o encargar los [&hellip;]","og_url":"https:\/\/mugardos.gal\/es\/nuevo-servicio-de-comedores-escolares-en-abril\/","og_site_name":"Concello de Mugardos","article_published_time":"2022-04-13T12:27:14+00:00","og_image":[{"width":1205,"height":1205,"url":"https:\/\/mugardos.gal\/wp-content\/uploads\/2021\/06\/COMEDORES-ESCOLARES.jpg","type":"image\/jpeg"}],"twitter_card":"summary_large_image","twitter_misc":{"Escrito por":"maria_OCCIDENTE","Tiempo de lectura":"1 minuto"},"schema":{"@context":"https:\/\/schema.org","@graph":[{"@type":"WebSite","@id":"https:\/\/mugardos.gal\/#website","url":"https:\/\/mugardos.gal\/","name":"Concello de Mugardos","description":"","potentialAction":[{"@type":"SearchAction","target":{"@type":"EntryPoint","urlTemplate":"https:\/\/mugardos.gal\/?s={search_term_string}"},"query-input":"required name=search_term_string"}],"inLanguage":"es"},{"@type":"ImageObject","inLanguage":"es","@id":"https:\/\/mugardos.gal\/es\/nuevo-servicio-de-comedores-escolares-en-abril\/#primaryimage","url":"https:\/\/mugardos.gal\/wp-content\/uploads\/2021\/06\/COMEDORES-ESCOLARES.jpg","contentUrl":"https:\/\/mugardos.gal\/wp-content\/uploads\/2021\/06\/COMEDORES-ESCOLARES.jpg","width":1205,"height":1205},{"@type":"WebPage","@id":"https:\/\/mugardos.gal\/es\/nuevo-servicio-de-comedores-escolares-en-abril\/#webpage","url":"https:\/\/mugardos.gal\/es\/nuevo-servicio-de-comedores-escolares-en-abril\/","name":"NUEVO SERVICIO DE COMEDORES ESCOLARES EN ABRIL - Concello de Mugardos","isPartOf":{"@id":"https:\/\/mugardos.gal\/#website"},"primaryImageOfPage":{"@id":"https:\/\/mugardos.gal\/es\/nuevo-servicio-de-comedores-escolares-en-abril\/#primaryimage"},"datePublished":"2022-04-13T12:27:14+00:00","dateModified":"2022-04-13T12:27:14+00:00","author":{"@id":"https:\/\/mugardos.gal\/#\/schema\/person\/5003de8d638a334108335f5dc158539f"},"breadcrumb":{"@id":"https:\/\/mugardos.gal\/es\/nuevo-servicio-de-comedores-escolares-en-abril\/#breadcrumb"},"inLanguage":"es","potentialAction":[{"@type":"ReadAction","target":["https:\/\/mugardos.gal\/es\/nuevo-servicio-de-comedores-escolares-en-abril\/"]}]},{"@type":"BreadcrumbList","@id":"https:\/\/mugardos.gal\/es\/nuevo-servicio-de-comedores-escolares-en-abril\/#breadcrumb","itemListElement":[{"@type":"ListItem","position":1,"name":"Portada","item":"https:\/\/mugardos.gal\/es\/"},{"@type":"ListItem","position":2,"name":"NUEVO SERVICIO DE COMEDORES ESCOLARES EN ABRIL"}]},{"@type":"Person","@id":"https:\/\/mugardos.gal\/#\/schema\/person\/5003de8d638a334108335f5dc158539f","name":"maria_OCCIDENTE","url":"https:\/\/mugardos.gal\/es\/author\/maria_occidente\/"}]}},"_links":{"self":[{"href":"https:\/\/mugardos.gal\/es\/wp-json\/wp\/v2\/posts\/14915"}],"collection":[{"href":"https:\/\/mugardos.gal\/es\/wp-json\/wp\/v2\/posts"}],"about":[{"href":"https:\/\/mugardos.gal\/es\/wp-json\/wp\/v2\/types\/post"}],"author":[{"embeddable":true,"href":"https:\/\/mugardos.gal\/es\/wp-json\/wp\/v2\/users\/5"}],"replies":[{"embeddable":true,"href":"https:\/\/mugardos.gal\/es\/wp-json\/wp\/v2\/comments?post=14915"}],"version-history":[{"count":0,"href":"https:\/\/mugardos.gal\/es\/wp-json\/wp\/v2\/posts\/14915\/revisions"}],"wp:featuredmedia":[{"embeddable":true,"href":"https:\/\/mugardos.gal\/es\/wp-json\/wp\/v2\/media\/12727"}],"wp:attachment":[{"href":"https:\/\/mugardos.gal\/es\/wp-json\/wp\/v2\/media?parent=14915"}],"wp:term":[{"taxonomy":"category","embeddable":true,"href":"https:\/\/mugardos.gal\/es\/wp-json\/wp\/v2\/categories?post=14915"},{"taxonomy":"post_tag","embeddable":true,"href":"https:\/\/mugardos.gal\/es\/wp-json\/wp\/v2\/tags?post=14915"}],"curies":[{"name":"wp","href":"https:\/\/api.w.org\/{rel}","templated":true}]}}