{"id":14906,"date":"2022-04-12T13:52:03","date_gmt":"2022-04-12T11:52:03","guid":{"rendered":"https:\/\/mugardos.gal\/el-concello-repara-la-canalizacion-del-rio-do-esteiro\/"},"modified":"2022-04-12T13:52:04","modified_gmt":"2022-04-12T11:52:04","slug":"el-concello-repara-la-canalizacion-del-rio-do-esteiro","status":"publish","type":"post","link":"https:\/\/mugardos.gal\/es\/el-concello-repara-la-canalizacion-del-rio-do-esteiro\/","title":{"rendered":"EL CONCELLO REPARA LA CANALIZACI\u00d3N DEL R\u00cdO DO ESTEIRO"},"content":{"rendered":"\n<h4><em>La carretera a Cerv\u00e1s se estaba hundiendo y una de las farolas presentaba riesgo de ca\u00edda<\/em><\/h4>\n\n<p><strong>Mugardos, 12 de abril de 2022<\/strong><strong>.<\/strong>\u00a0El concejal de Obras e Servizos, Jorge Kuntz, inform\u00f3 hoy de las actuaciones que el concello est\u00e1 llevando a cabo en la carretera que une O Ba\u00f1o con Cerv\u00e1s, donde se est\u00e1n sustituyendo las tuber\u00edas de canalizaci\u00f3n del r\u00edo de Esteiro.<\/p>\n\n<p>Las obras se tuvieron que afrontar con urgencia debido al hundimiento de la carretera y al riesgo de que una de las farolas de alumbrado se pudiese caer. La causa de los da\u00f1os fue la filtraci\u00f3n de agua ocasionada por el mal estado de las canalizaciones existentes, tanto de la preexistente como de la que se instal\u00f3 cuando se realizaron las obras de urbanizaci\u00f3n.<\/p>\n\n<p>Esta reparaci\u00f3n llevada a cabo por los operarios municipales con la colaboraci\u00f3n de una empresa proveedora de maquinaria pesada, est\u00e1 consistiendo en la reparaci\u00f3n de las tuber\u00edas con la modificaci\u00f3n de la situaci\u00f3n, ya que estaba mal ubicada, lo que ocasion\u00f3 la aparici\u00f3n de numerosas fisuras. As\u00ed mismo se proceder\u00e1 a sellar las filtraciones existentes para frenar la aparici\u00f3n de da\u00f1os en el terreno.<\/p>\n\n<p>\u00abUna vez m\u00e1s, la falta de supervisi\u00f3n de las obras tiene como consecuencia gastar miles de euros en el arreglo de una aver\u00eda totalmente evitable\u00bb afirm\u00f3 el concejal. Kuntz explic\u00f3 que \u00aben su momento, cuando se hicieron las obras de urbanizaci\u00f3n, nadie vigil\u00f3 que las tuber\u00edas fueran colocadas correctamente ni que se hicieran las tareas de mantenimiento en las preexistentes, que ya dieron problemas hace a\u00f1os; en resumen, nadie se ocup\u00f3 de hacer las cosas bien. Es una pena que el dinero de los mugardeses se tenga que gastar as\u00ed, pero podemos asegurar que esta vez afrontamos el problema de la canalizaci\u00f3n y que no estamos poniendo un parche. Arreglamos las tuber\u00edas, modificamos su posici\u00f3n para que dejen de producirse filtraciones y frenamos el hundimiento del terreno de forma definitiva\u00bb.<\/p>\n","protected":false},"excerpt":{"rendered":"<p>La carretera a Cerv\u00e1s se estaba hundiendo y una de las farolas presentaba riesgo de ca\u00edda Mugardos, 12 de abril de 2022.\u00a0El concejal de Obras e Servizos, Jorge Kuntz, inform\u00f3 hoy de las actuaciones que el concello est\u00e1 llevando a cabo en la carretera que une O Ba\u00f1o con Cerv\u00e1s, donde se est\u00e1n sustituyendo las [&hellip;]<\/p>\n","protected":false},"author":5,"featured_media":14904,"comment_status":"closed","ping_status":"closed","sticky":false,"template":"","format":"standard","meta":[],"categories":[12,36],"tags":[],"yoast_head":"<!-- This site is optimized with the Yoast SEO plugin v18.9 - https:\/\/yoast.com\/wordpress\/plugins\/seo\/ -->\n<title>EL CONCELLO REPARA LA CANALIZACI\u00d3N DEL R\u00cdO DO ESTEIRO - Concello de Mugardos<\/title>\n<meta name=\"robots\" content=\"index, follow, max-snippet:-1, max-image-preview:large, max-video-preview:-1\" \/>\n<link rel=\"canonical\" href=\"https:\/\/mugardos.gal\/es\/el-concello-repara-la-canalizacion-del-rio-do-esteiro\/\" \/>\n<meta property=\"og:locale\" content=\"es_ES\" \/>\n<meta property=\"og:type\" content=\"article\" \/>\n<meta property=\"og:title\" content=\"EL CONCELLO REPARA LA CANALIZACI\u00d3N DEL R\u00cdO DO ESTEIRO - Concello de Mugardos\" \/>\n<meta property=\"og:description\" content=\"La carretera a Cerv\u00e1s se estaba hundiendo y una de las farolas presentaba riesgo de ca\u00edda Mugardos, 12 de abril de 2022.\u00a0El concejal de Obras e Servizos, Jorge Kuntz, inform\u00f3 hoy de las actuaciones que el concello est\u00e1 llevando a cabo en la carretera que une O Ba\u00f1o con Cerv\u00e1s, donde se est\u00e1n sustituyendo las [&hellip;]\" \/>\n<meta property=\"og:url\" content=\"https:\/\/mugardos.gal\/es\/el-concello-repara-la-canalizacion-del-rio-do-esteiro\/\" \/>\n<meta property=\"og:site_name\" content=\"Concello de Mugardos\" \/>\n<meta property=\"article:published_time\" content=\"2022-04-12T11:52:03+00:00\" \/>\n<meta property=\"article:modified_time\" content=\"2022-04-12T11:52:04+00:00\" \/>\n<meta property=\"og:image\" content=\"https:\/\/mugardos.gal\/wp-content\/uploads\/2022\/04\/IMG-20220411-WA0045.jpg\" \/>\n\t<meta property=\"og:image:width\" content=\"1600\" \/>\n\t<meta property=\"og:image:height\" content=\"721\" \/>\n\t<meta property=\"og:image:type\" content=\"image\/jpeg\" \/>\n<meta name=\"twitter:card\" content=\"summary_large_image\" \/>\n<meta name=\"twitter:label1\" content=\"Escrito por\" \/>\n\t<meta name=\"twitter:data1\" content=\"maria_OCCIDENTE\" \/>\n\t<meta name=\"twitter:label2\" content=\"Tiempo de lectura\" \/>\n\t<meta name=\"twitter:data2\" content=\"2 minutos\" \/>\n<script type=\"application\/ld+json\" class=\"yoast-schema-graph\">{\"@context\":\"https:\/\/schema.org\",\"@graph\":[{\"@type\":\"WebSite\",\"@id\":\"https:\/\/mugardos.gal\/#website\",\"url\":\"https:\/\/mugardos.gal\/\",\"name\":\"Concello de Mugardos\",\"description\":\"\",\"potentialAction\":[{\"@type\":\"SearchAction\",\"target\":{\"@type\":\"EntryPoint\",\"urlTemplate\":\"https:\/\/mugardos.gal\/?s={search_term_string}\"},\"query-input\":\"required name=search_term_string\"}],\"inLanguage\":\"es\"},{\"@type\":\"ImageObject\",\"inLanguage\":\"es\",\"@id\":\"https:\/\/mugardos.gal\/es\/el-concello-repara-la-canalizacion-del-rio-do-esteiro\/#primaryimage\",\"url\":\"https:\/\/mugardos.gal\/wp-content\/uploads\/2022\/04\/IMG-20220411-WA0045.jpg\",\"contentUrl\":\"https:\/\/mugardos.gal\/wp-content\/uploads\/2022\/04\/IMG-20220411-WA0045.jpg\",\"width\":1600,\"height\":721},{\"@type\":\"WebPage\",\"@id\":\"https:\/\/mugardos.gal\/es\/el-concello-repara-la-canalizacion-del-rio-do-esteiro\/#webpage\",\"url\":\"https:\/\/mugardos.gal\/es\/el-concello-repara-la-canalizacion-del-rio-do-esteiro\/\",\"name\":\"EL CONCELLO REPARA LA CANALIZACI\u00d3N DEL R\u00cdO DO ESTEIRO - Concello de Mugardos\",\"isPartOf\":{\"@id\":\"https:\/\/mugardos.gal\/#website\"},\"primaryImageOfPage\":{\"@id\":\"https:\/\/mugardos.gal\/es\/el-concello-repara-la-canalizacion-del-rio-do-esteiro\/#primaryimage\"},\"datePublished\":\"2022-04-12T11:52:03+00:00\",\"dateModified\":\"2022-04-12T11:52:04+00:00\",\"author\":{\"@id\":\"https:\/\/mugardos.gal\/#\/schema\/person\/5003de8d638a334108335f5dc158539f\"},\"breadcrumb\":{\"@id\":\"https:\/\/mugardos.gal\/es\/el-concello-repara-la-canalizacion-del-rio-do-esteiro\/#breadcrumb\"},\"inLanguage\":\"es\",\"potentialAction\":[{\"@type\":\"ReadAction\",\"target\":[\"https:\/\/mugardos.gal\/es\/el-concello-repara-la-canalizacion-del-rio-do-esteiro\/\"]}]},{\"@type\":\"BreadcrumbList\",\"@id\":\"https:\/\/mugardos.gal\/es\/el-concello-repara-la-canalizacion-del-rio-do-esteiro\/#breadcrumb\",\"itemListElement\":[{\"@type\":\"ListItem\",\"position\":1,\"name\":\"Portada\",\"item\":\"https:\/\/mugardos.gal\/es\/\"},{\"@type\":\"ListItem\",\"position\":2,\"name\":\"EL CONCELLO REPARA LA CANALIZACI\u00d3N DEL R\u00cdO DO ESTEIRO\"}]},{\"@type\":\"Person\",\"@id\":\"https:\/\/mugardos.gal\/#\/schema\/person\/5003de8d638a334108335f5dc158539f\",\"name\":\"maria_OCCIDENTE\",\"url\":\"https:\/\/mugardos.gal\/es\/author\/maria_occidente\/\"}]}<\/script>\n<!-- \/ Yoast SEO plugin. -->","yoast_head_json":{"title":"EL CONCELLO REPARA LA CANALIZACI\u00d3N DEL R\u00cdO DO ESTEIRO - Concello de Mugardos","robots":{"index":"index","follow":"follow","max-snippet":"max-snippet:-1","max-image-preview":"max-image-preview:large","max-video-preview":"max-video-preview:-1"},"canonical":"https:\/\/mugardos.gal\/es\/el-concello-repara-la-canalizacion-del-rio-do-esteiro\/","og_locale":"es_ES","og_type":"article","og_title":"EL CONCELLO REPARA LA CANALIZACI\u00d3N DEL R\u00cdO DO ESTEIRO - Concello de Mugardos","og_description":"La carretera a Cerv\u00e1s se estaba hundiendo y una de las farolas presentaba riesgo de ca\u00edda Mugardos, 12 de abril de 2022.\u00a0El concejal de Obras e Servizos, Jorge Kuntz, inform\u00f3 hoy de las actuaciones que el concello est\u00e1 llevando a cabo en la carretera que une O Ba\u00f1o con Cerv\u00e1s, donde se est\u00e1n sustituyendo las [&hellip;]","og_url":"https:\/\/mugardos.gal\/es\/el-concello-repara-la-canalizacion-del-rio-do-esteiro\/","og_site_name":"Concello de Mugardos","article_published_time":"2022-04-12T11:52:03+00:00","article_modified_time":"2022-04-12T11:52:04+00:00","og_image":[{"width":1600,"height":721,"url":"https:\/\/mugardos.gal\/wp-content\/uploads\/2022\/04\/IMG-20220411-WA0045.jpg","type":"image\/jpeg"}],"twitter_card":"summary_large_image","twitter_misc":{"Escrito por":"maria_OCCIDENTE","Tiempo de lectura":"2 minutos"},"schema":{"@context":"https:\/\/schema.org","@graph":[{"@type":"WebSite","@id":"https:\/\/mugardos.gal\/#website","url":"https:\/\/mugardos.gal\/","name":"Concello de Mugardos","description":"","potentialAction":[{"@type":"SearchAction","target":{"@type":"EntryPoint","urlTemplate":"https:\/\/mugardos.gal\/?s={search_term_string}"},"query-input":"required name=search_term_string"}],"inLanguage":"es"},{"@type":"ImageObject","inLanguage":"es","@id":"https:\/\/mugardos.gal\/es\/el-concello-repara-la-canalizacion-del-rio-do-esteiro\/#primaryimage","url":"https:\/\/mugardos.gal\/wp-content\/uploads\/2022\/04\/IMG-20220411-WA0045.jpg","contentUrl":"https:\/\/mugardos.gal\/wp-content\/uploads\/2022\/04\/IMG-20220411-WA0045.jpg","width":1600,"height":721},{"@type":"WebPage","@id":"https:\/\/mugardos.gal\/es\/el-concello-repara-la-canalizacion-del-rio-do-esteiro\/#webpage","url":"https:\/\/mugardos.gal\/es\/el-concello-repara-la-canalizacion-del-rio-do-esteiro\/","name":"EL CONCELLO REPARA LA CANALIZACI\u00d3N DEL R\u00cdO DO ESTEIRO - Concello de Mugardos","isPartOf":{"@id":"https:\/\/mugardos.gal\/#website"},"primaryImageOfPage":{"@id":"https:\/\/mugardos.gal\/es\/el-concello-repara-la-canalizacion-del-rio-do-esteiro\/#primaryimage"},"datePublished":"2022-04-12T11:52:03+00:00","dateModified":"2022-04-12T11:52:04+00:00","author":{"@id":"https:\/\/mugardos.gal\/#\/schema\/person\/5003de8d638a334108335f5dc158539f"},"breadcrumb":{"@id":"https:\/\/mugardos.gal\/es\/el-concello-repara-la-canalizacion-del-rio-do-esteiro\/#breadcrumb"},"inLanguage":"es","potentialAction":[{"@type":"ReadAction","target":["https:\/\/mugardos.gal\/es\/el-concello-repara-la-canalizacion-del-rio-do-esteiro\/"]}]},{"@type":"BreadcrumbList","@id":"https:\/\/mugardos.gal\/es\/el-concello-repara-la-canalizacion-del-rio-do-esteiro\/#breadcrumb","itemListElement":[{"@type":"ListItem","position":1,"name":"Portada","item":"https:\/\/mugardos.gal\/es\/"},{"@type":"ListItem","position":2,"name":"EL CONCELLO REPARA LA CANALIZACI\u00d3N DEL R\u00cdO DO ESTEIRO"}]},{"@type":"Person","@id":"https:\/\/mugardos.gal\/#\/schema\/person\/5003de8d638a334108335f5dc158539f","name":"maria_OCCIDENTE","url":"https:\/\/mugardos.gal\/es\/author\/maria_occidente\/"}]}},"_links":{"self":[{"href":"https:\/\/mugardos.gal\/es\/wp-json\/wp\/v2\/posts\/14906"}],"collection":[{"href":"https:\/\/mugardos.gal\/es\/wp-json\/wp\/v2\/posts"}],"about":[{"href":"https:\/\/mugardos.gal\/es\/wp-json\/wp\/v2\/types\/post"}],"author":[{"embeddable":true,"href":"https:\/\/mugardos.gal\/es\/wp-json\/wp\/v2\/users\/5"}],"replies":[{"embeddable":true,"href":"https:\/\/mugardos.gal\/es\/wp-json\/wp\/v2\/comments?post=14906"}],"version-history":[{"count":0,"href":"https:\/\/mugardos.gal\/es\/wp-json\/wp\/v2\/posts\/14906\/revisions"}],"wp:featuredmedia":[{"embeddable":true,"href":"https:\/\/mugardos.gal\/es\/wp-json\/wp\/v2\/media\/14904"}],"wp:attachment":[{"href":"https:\/\/mugardos.gal\/es\/wp-json\/wp\/v2\/media?parent=14906"}],"wp:term":[{"taxonomy":"category","embeddable":true,"href":"https:\/\/mugardos.gal\/es\/wp-json\/wp\/v2\/categories?post=14906"},{"taxonomy":"post_tag","embeddable":true,"href":"https:\/\/mugardos.gal\/es\/wp-json\/wp\/v2\/tags?post=14906"}],"curies":[{"name":"wp","href":"https:\/\/api.w.org\/{rel}","templated":true}]}}