{"id":14878,"date":"2022-04-08T13:12:46","date_gmt":"2022-04-08T11:12:46","guid":{"rendered":"https:\/\/mugardos.gal\/el-concello-de-mugardos-amplia-el-catalogo-de-actividades-formativas\/"},"modified":"2022-04-08T13:12:46","modified_gmt":"2022-04-08T11:12:46","slug":"el-concello-de-mugardos-amplia-el-catalogo-de-actividades-formativas","status":"publish","type":"post","link":"https:\/\/mugardos.gal\/es\/el-concello-de-mugardos-amplia-el-catalogo-de-actividades-formativas\/","title":{"rendered":"EL CONCELLO DE MUGARDOS AMPL\u00cdA EL CAT\u00c1LOGO DE ACTIVIDADES FORMATIVAS"},"content":{"rendered":"\n<h4><em>El Centro de Formaci\u00f3n Municipal Francisco Vizoso se convierte en un espacio especializado en el \u00e1mbito digital y social<\/em><\/h4>\n\n<p>Miguel Mah\u00eda, concejal de Persoal, Hacienda y Participaci\u00f3n, inform\u00f3 hoy de la ampliaci\u00f3n de las actividades formativas homologadas por la Xunta de Galicia que permitir\u00e1n impartir nuevas especialidades en el Centro Municipal \u2018Francisco Vizoso\u2019.<\/p>\n\n<p>En concreto, las nuevas acreditaciones obtenidas son las 4 siguientes:<\/p>\n\n<p>-Alfabetizaci\u00f3n inform\u00e1tica, inform\u00e1tica e internet.<\/p>\n\n<p>-Internet, redes sociales y dispositivos digitales.<\/p>\n\n<p>-Habilidades sociales, comunicaci\u00f3n, inteligencia emocional y trabajo en equipo.<\/p>\n\n<p>-T\u00e9cnicas de b\u00fasqueda de empleo.<\/p>\n\n<p>El concejal quiso destacar la importancia de esta ampliaci\u00f3n en la homologaci\u00f3n del centro ya que conllevar\u00e1 un impulso a la acci\u00f3n formativa que desarrolla. \u00abEs importante que los vecinos sepan que desde el Concello no podemos impartir todos los cursos, s\u00f3lo podemos organizar aquellos para los cuales el centro cuenta con la preceptiva homologaci\u00f3n de la Xunta de Galicia. Por eso, esta es una gran noticia ya que a partir de ahora, el espacio formativo de Francisco Vizoso podr\u00e1 acoger cursos con tem\u00e1ticas tan demandadas como habilidades digitales o comunicativas\u00bb se\u00f1al\u00f3 Mah\u00eda. <\/p>\n\n<p>Francisco Vizoso ya est\u00e1 considerado en la actualidad como un centro pionero y de referencia dentro de la Mancomunidad de Ferrolterra por el amplio abanico de especialidades formativas que pueden desarrollarse en sus instalaciones.&#13;\n<\/p>\n\n<p>\u201cSeguimos trabajando para ampliar a\u00fan m\u00e1s el cat\u00e1logo de cursos a impartir desde el Concello, as\u00ed como la calidad de los mismos. Sabemos que la formaci\u00f3n y la cualificaci\u00f3n profesional son herramientas vitales para la inserci\u00f3n laboral, y m\u00e1s en el contexto econ\u00f3mico, laboral y social que estamos viviendo en la actualidad\u201d finaliz\u00f3 el edil.<\/p>\n\n<p>El Centro de Formaci\u00f3n Francisco Vizoso contaba hasta este momento con la habilitaci\u00f3n otorgada por la Direcci\u00f3n Xeral de Orientaci\u00f3n e Promoci\u00f3n Laboral para impartir cursos de Gesti\u00f3n contable y gesti\u00f3n administrativa para auditor\u00eda, Gesti\u00f3n integrada de los recursos humanos, Asistencia documental y de gesti\u00f3n en despachos y oficinas, Operaciones auxiliares de servicios administrativos y generales, Financiamiento de empresas e Ingl\u00e9s: gesti\u00f3n comercial.<\/p>\n","protected":false},"excerpt":{"rendered":"<p>El Centro de Formaci\u00f3n Municipal Francisco Vizoso se convierte en un espacio especializado en el \u00e1mbito digital y social Miguel Mah\u00eda, concejal de Persoal, Hacienda y Participaci\u00f3n, inform\u00f3 hoy de la ampliaci\u00f3n de las actividades formativas homologadas por la Xunta de Galicia que permitir\u00e1n impartir nuevas especialidades en el Centro Municipal \u2018Francisco Vizoso\u2019. En concreto, [&hellip;]<\/p>\n","protected":false},"author":5,"featured_media":14876,"comment_status":"closed","ping_status":"closed","sticky":false,"template":"","format":"standard","meta":[],"categories":[53,12],"tags":[],"yoast_head":"<!-- This site is optimized with the Yoast SEO plugin v18.9 - https:\/\/yoast.com\/wordpress\/plugins\/seo\/ -->\n<title>EL CONCELLO DE MUGARDOS AMPL\u00cdA EL CAT\u00c1LOGO DE ACTIVIDADES FORMATIVAS - Concello de Mugardos<\/title>\n<meta name=\"robots\" content=\"index, follow, max-snippet:-1, max-image-preview:large, max-video-preview:-1\" \/>\n<link rel=\"canonical\" href=\"https:\/\/mugardos.gal\/es\/el-concello-de-mugardos-amplia-el-catalogo-de-actividades-formativas\/\" \/>\n<meta property=\"og:locale\" content=\"es_ES\" \/>\n<meta property=\"og:type\" content=\"article\" \/>\n<meta property=\"og:title\" content=\"EL CONCELLO DE MUGARDOS AMPL\u00cdA EL CAT\u00c1LOGO DE ACTIVIDADES FORMATIVAS - Concello de Mugardos\" \/>\n<meta property=\"og:description\" content=\"El Centro de Formaci\u00f3n Municipal Francisco Vizoso se convierte en un espacio especializado en el \u00e1mbito digital y social Miguel Mah\u00eda, concejal de Persoal, Hacienda y Participaci\u00f3n, inform\u00f3 hoy de la ampliaci\u00f3n de las actividades formativas homologadas por la Xunta de Galicia que permitir\u00e1n impartir nuevas especialidades en el Centro Municipal \u2018Francisco Vizoso\u2019. En concreto, [&hellip;]\" \/>\n<meta property=\"og:url\" content=\"https:\/\/mugardos.gal\/es\/el-concello-de-mugardos-amplia-el-catalogo-de-actividades-formativas\/\" \/>\n<meta property=\"og:site_name\" content=\"Concello de Mugardos\" \/>\n<meta property=\"article:published_time\" content=\"2022-04-08T11:12:46+00:00\" \/>\n<meta property=\"og:image\" content=\"https:\/\/mugardos.gal\/wp-content\/uploads\/2022\/04\/Francisco-Vizoso.jpg\" \/>\n\t<meta property=\"og:image:width\" content=\"2048\" \/>\n\t<meta property=\"og:image:height\" content=\"1536\" \/>\n\t<meta property=\"og:image:type\" content=\"image\/jpeg\" \/>\n<meta name=\"twitter:card\" content=\"summary_large_image\" \/>\n<meta name=\"twitter:label1\" content=\"Escrito por\" \/>\n\t<meta name=\"twitter:data1\" content=\"maria_OCCIDENTE\" \/>\n\t<meta name=\"twitter:label2\" content=\"Tiempo de lectura\" \/>\n\t<meta name=\"twitter:data2\" content=\"2 minutos\" \/>\n<script type=\"application\/ld+json\" class=\"yoast-schema-graph\">{\"@context\":\"https:\/\/schema.org\",\"@graph\":[{\"@type\":\"WebSite\",\"@id\":\"https:\/\/mugardos.gal\/#website\",\"url\":\"https:\/\/mugardos.gal\/\",\"name\":\"Concello de Mugardos\",\"description\":\"\",\"potentialAction\":[{\"@type\":\"SearchAction\",\"target\":{\"@type\":\"EntryPoint\",\"urlTemplate\":\"https:\/\/mugardos.gal\/?s={search_term_string}\"},\"query-input\":\"required name=search_term_string\"}],\"inLanguage\":\"es\"},{\"@type\":\"ImageObject\",\"inLanguage\":\"es\",\"@id\":\"https:\/\/mugardos.gal\/es\/el-concello-de-mugardos-amplia-el-catalogo-de-actividades-formativas\/#primaryimage\",\"url\":\"https:\/\/mugardos.gal\/wp-content\/uploads\/2022\/04\/Francisco-Vizoso.jpg\",\"contentUrl\":\"https:\/\/mugardos.gal\/wp-content\/uploads\/2022\/04\/Francisco-Vizoso.jpg\",\"width\":2048,\"height\":1536},{\"@type\":\"WebPage\",\"@id\":\"https:\/\/mugardos.gal\/es\/el-concello-de-mugardos-amplia-el-catalogo-de-actividades-formativas\/#webpage\",\"url\":\"https:\/\/mugardos.gal\/es\/el-concello-de-mugardos-amplia-el-catalogo-de-actividades-formativas\/\",\"name\":\"EL CONCELLO DE MUGARDOS AMPL\u00cdA EL CAT\u00c1LOGO DE ACTIVIDADES FORMATIVAS - Concello de Mugardos\",\"isPartOf\":{\"@id\":\"https:\/\/mugardos.gal\/#website\"},\"primaryImageOfPage\":{\"@id\":\"https:\/\/mugardos.gal\/es\/el-concello-de-mugardos-amplia-el-catalogo-de-actividades-formativas\/#primaryimage\"},\"datePublished\":\"2022-04-08T11:12:46+00:00\",\"dateModified\":\"2022-04-08T11:12:46+00:00\",\"author\":{\"@id\":\"https:\/\/mugardos.gal\/#\/schema\/person\/5003de8d638a334108335f5dc158539f\"},\"breadcrumb\":{\"@id\":\"https:\/\/mugardos.gal\/es\/el-concello-de-mugardos-amplia-el-catalogo-de-actividades-formativas\/#breadcrumb\"},\"inLanguage\":\"es\",\"potentialAction\":[{\"@type\":\"ReadAction\",\"target\":[\"https:\/\/mugardos.gal\/es\/el-concello-de-mugardos-amplia-el-catalogo-de-actividades-formativas\/\"]}]},{\"@type\":\"BreadcrumbList\",\"@id\":\"https:\/\/mugardos.gal\/es\/el-concello-de-mugardos-amplia-el-catalogo-de-actividades-formativas\/#breadcrumb\",\"itemListElement\":[{\"@type\":\"ListItem\",\"position\":1,\"name\":\"Portada\",\"item\":\"https:\/\/mugardos.gal\/es\/\"},{\"@type\":\"ListItem\",\"position\":2,\"name\":\"EL CONCELLO DE MUGARDOS AMPL\u00cdA EL CAT\u00c1LOGO DE ACTIVIDADES FORMATIVAS\"}]},{\"@type\":\"Person\",\"@id\":\"https:\/\/mugardos.gal\/#\/schema\/person\/5003de8d638a334108335f5dc158539f\",\"name\":\"maria_OCCIDENTE\",\"url\":\"https:\/\/mugardos.gal\/es\/author\/maria_occidente\/\"}]}<\/script>\n<!-- \/ Yoast SEO plugin. -->","yoast_head_json":{"title":"EL CONCELLO DE MUGARDOS AMPL\u00cdA EL CAT\u00c1LOGO DE ACTIVIDADES FORMATIVAS - Concello de Mugardos","robots":{"index":"index","follow":"follow","max-snippet":"max-snippet:-1","max-image-preview":"max-image-preview:large","max-video-preview":"max-video-preview:-1"},"canonical":"https:\/\/mugardos.gal\/es\/el-concello-de-mugardos-amplia-el-catalogo-de-actividades-formativas\/","og_locale":"es_ES","og_type":"article","og_title":"EL CONCELLO DE MUGARDOS AMPL\u00cdA EL CAT\u00c1LOGO DE ACTIVIDADES FORMATIVAS - Concello de Mugardos","og_description":"El Centro de Formaci\u00f3n Municipal Francisco Vizoso se convierte en un espacio especializado en el \u00e1mbito digital y social Miguel Mah\u00eda, concejal de Persoal, Hacienda y Participaci\u00f3n, inform\u00f3 hoy de la ampliaci\u00f3n de las actividades formativas homologadas por la Xunta de Galicia que permitir\u00e1n impartir nuevas especialidades en el Centro Municipal \u2018Francisco Vizoso\u2019. En concreto, [&hellip;]","og_url":"https:\/\/mugardos.gal\/es\/el-concello-de-mugardos-amplia-el-catalogo-de-actividades-formativas\/","og_site_name":"Concello de Mugardos","article_published_time":"2022-04-08T11:12:46+00:00","og_image":[{"width":2048,"height":1536,"url":"https:\/\/mugardos.gal\/wp-content\/uploads\/2022\/04\/Francisco-Vizoso.jpg","type":"image\/jpeg"}],"twitter_card":"summary_large_image","twitter_misc":{"Escrito por":"maria_OCCIDENTE","Tiempo de lectura":"2 minutos"},"schema":{"@context":"https:\/\/schema.org","@graph":[{"@type":"WebSite","@id":"https:\/\/mugardos.gal\/#website","url":"https:\/\/mugardos.gal\/","name":"Concello de Mugardos","description":"","potentialAction":[{"@type":"SearchAction","target":{"@type":"EntryPoint","urlTemplate":"https:\/\/mugardos.gal\/?s={search_term_string}"},"query-input":"required name=search_term_string"}],"inLanguage":"es"},{"@type":"ImageObject","inLanguage":"es","@id":"https:\/\/mugardos.gal\/es\/el-concello-de-mugardos-amplia-el-catalogo-de-actividades-formativas\/#primaryimage","url":"https:\/\/mugardos.gal\/wp-content\/uploads\/2022\/04\/Francisco-Vizoso.jpg","contentUrl":"https:\/\/mugardos.gal\/wp-content\/uploads\/2022\/04\/Francisco-Vizoso.jpg","width":2048,"height":1536},{"@type":"WebPage","@id":"https:\/\/mugardos.gal\/es\/el-concello-de-mugardos-amplia-el-catalogo-de-actividades-formativas\/#webpage","url":"https:\/\/mugardos.gal\/es\/el-concello-de-mugardos-amplia-el-catalogo-de-actividades-formativas\/","name":"EL CONCELLO DE MUGARDOS AMPL\u00cdA EL CAT\u00c1LOGO DE ACTIVIDADES FORMATIVAS - Concello de Mugardos","isPartOf":{"@id":"https:\/\/mugardos.gal\/#website"},"primaryImageOfPage":{"@id":"https:\/\/mugardos.gal\/es\/el-concello-de-mugardos-amplia-el-catalogo-de-actividades-formativas\/#primaryimage"},"datePublished":"2022-04-08T11:12:46+00:00","dateModified":"2022-04-08T11:12:46+00:00","author":{"@id":"https:\/\/mugardos.gal\/#\/schema\/person\/5003de8d638a334108335f5dc158539f"},"breadcrumb":{"@id":"https:\/\/mugardos.gal\/es\/el-concello-de-mugardos-amplia-el-catalogo-de-actividades-formativas\/#breadcrumb"},"inLanguage":"es","potentialAction":[{"@type":"ReadAction","target":["https:\/\/mugardos.gal\/es\/el-concello-de-mugardos-amplia-el-catalogo-de-actividades-formativas\/"]}]},{"@type":"BreadcrumbList","@id":"https:\/\/mugardos.gal\/es\/el-concello-de-mugardos-amplia-el-catalogo-de-actividades-formativas\/#breadcrumb","itemListElement":[{"@type":"ListItem","position":1,"name":"Portada","item":"https:\/\/mugardos.gal\/es\/"},{"@type":"ListItem","position":2,"name":"EL CONCELLO DE MUGARDOS AMPL\u00cdA EL CAT\u00c1LOGO DE ACTIVIDADES FORMATIVAS"}]},{"@type":"Person","@id":"https:\/\/mugardos.gal\/#\/schema\/person\/5003de8d638a334108335f5dc158539f","name":"maria_OCCIDENTE","url":"https:\/\/mugardos.gal\/es\/author\/maria_occidente\/"}]}},"_links":{"self":[{"href":"https:\/\/mugardos.gal\/es\/wp-json\/wp\/v2\/posts\/14878"}],"collection":[{"href":"https:\/\/mugardos.gal\/es\/wp-json\/wp\/v2\/posts"}],"about":[{"href":"https:\/\/mugardos.gal\/es\/wp-json\/wp\/v2\/types\/post"}],"author":[{"embeddable":true,"href":"https:\/\/mugardos.gal\/es\/wp-json\/wp\/v2\/users\/5"}],"replies":[{"embeddable":true,"href":"https:\/\/mugardos.gal\/es\/wp-json\/wp\/v2\/comments?post=14878"}],"version-history":[{"count":0,"href":"https:\/\/mugardos.gal\/es\/wp-json\/wp\/v2\/posts\/14878\/revisions"}],"wp:featuredmedia":[{"embeddable":true,"href":"https:\/\/mugardos.gal\/es\/wp-json\/wp\/v2\/media\/14876"}],"wp:attachment":[{"href":"https:\/\/mugardos.gal\/es\/wp-json\/wp\/v2\/media?parent=14878"}],"wp:term":[{"taxonomy":"category","embeddable":true,"href":"https:\/\/mugardos.gal\/es\/wp-json\/wp\/v2\/categories?post=14878"},{"taxonomy":"post_tag","embeddable":true,"href":"https:\/\/mugardos.gal\/es\/wp-json\/wp\/v2\/tags?post=14878"}],"curies":[{"name":"wp","href":"https:\/\/api.w.org\/{rel}","templated":true}]}}