{"id":14872,"date":"2022-04-07T12:50:29","date_gmt":"2022-04-07T10:50:29","guid":{"rendered":"https:\/\/mugardos.gal\/mugardos-vuelve-a-unir-musica-y-deporte\/"},"modified":"2022-04-07T12:50:29","modified_gmt":"2022-04-07T10:50:29","slug":"mugardos-vuelve-a-unir-musica-y-deporte","status":"publish","type":"post","link":"https:\/\/mugardos.gal\/es\/mugardos-vuelve-a-unir-musica-y-deporte\/","title":{"rendered":"MUGARDOS VUELVE A UNIR M\u00daSICA Y DEPORTE"},"content":{"rendered":"\n<h4>El Concierto de M\u00fasica Sacra y una marcha por Cerv\u00e1s son las propuestas para este domingo<\/h4>\n\n<p>La concejala de Cultura y Deportes, Bego\u00f1a Rold\u00f3s, inform\u00f3 hoy de las actividades organizadas por el Concello para este domingo 10 de abril, y que una vez m\u00e1s se centrar\u00e1n en la musica y el deporte, con la caminata organizada en colaboraci\u00f3n con la Asociaci\u00f3n de Montefaro \u201cMugardos Cami\u00f1a: ruta por terras de Cerv\u00e1s\u201d y el Concierto Sacro en la Iglesia de San Juli\u00e1n.<\/p>\n\n<p>La ruta por las tierras de Cerv\u00e1s, de siete kil\u00f3metros y medio de longitud, programada para este domingo 10 de abril y enmarcada dentro del programa municipal \u201cMugardos Cami\u00f1a\u201d, saldr\u00e1 a las 10.00 horas del Casino de Cerv\u00e1s. Todas las personas interesadas podr\u00e1n apuntarse en las oficinas del departamento de Cultura, ubicadas en la primera planta del Concello, bien presencialmente o llamando al 981 470 290 (extensi\u00f3n #2033). Se trata de una actividad totalmente gratuita.<\/p>\n\n<figure class=\"wp-block-image size-large\"><img src=\"https:\/\/mugardos.gal\/wp-content\/uploads\/2022\/04\/Andaina-Cerva&#x301;s-1024x584.jpg\" alt=\"\" class=\"wp-image-14865\"\/><\/figure>\n\n<p>Y despu\u00e9s de recorrer el precioso entorno mugard\u00e9s,la concejala invit\u00f3 a los vecinos a terminar el d\u00eda gozando del <strong>Concierto Sacro<\/strong> en la <strong>Iglesia de San Juli\u00e1n<\/strong> a partir de las <strong>19.30 horas<\/strong> y en el que se podr\u00e1 disfrutar de la actuaci\u00f3n del <strong>Coro de C\u00e1mara M\u00fasica Viva<\/strong> (Ourense), de la <strong>Coral Estelas do Mar<\/strong> (Mugardos) y del pianista y organista mugard\u00e9s <strong>Carlos Fern\u00e1ndez Bollo<\/strong>.<\/p>\n\n<p>El Coro de C\u00e1mara \u2018M\u00fasica Viva\u2019 se cre\u00f3 en 2009 y cuenta con 13 integrantes. Por su parte, Carlos Juli\u00e1n Fern\u00e1ndez Bollo, inici\u00f3 su formaci\u00f3n musical en la escuela municipal, y a sus 21 a\u00f1os es ya un reputado y premiado profesional de piano y \u00f3rgano.<\/p>\n\n<p><\/p>\n","protected":false},"excerpt":{"rendered":"<p>El Concierto de M\u00fasica Sacra y una marcha por Cerv\u00e1s son las propuestas para este domingo La concejala de Cultura y Deportes, Bego\u00f1a Rold\u00f3s, inform\u00f3 hoy de las actividades organizadas por el Concello para este domingo 10 de abril, y que una vez m\u00e1s se centrar\u00e1n en la musica y el deporte, con la caminata [&hellip;]<\/p>\n","protected":false},"author":5,"featured_media":14864,"comment_status":"closed","ping_status":"closed","sticky":false,"template":"","format":"standard","meta":[],"categories":[50,51,12],"tags":[],"yoast_head":"<!-- This site is optimized with the Yoast SEO plugin v18.9 - https:\/\/yoast.com\/wordpress\/plugins\/seo\/ -->\n<title>MUGARDOS VUELVE A UNIR M\u00daSICA Y DEPORTE - Concello de Mugardos<\/title>\n<meta name=\"robots\" content=\"index, follow, max-snippet:-1, max-image-preview:large, max-video-preview:-1\" \/>\n<link rel=\"canonical\" href=\"https:\/\/mugardos.gal\/es\/mugardos-vuelve-a-unir-musica-y-deporte\/\" \/>\n<meta property=\"og:locale\" content=\"es_ES\" \/>\n<meta property=\"og:type\" content=\"article\" \/>\n<meta property=\"og:title\" content=\"MUGARDOS VUELVE A UNIR M\u00daSICA Y DEPORTE - Concello de Mugardos\" \/>\n<meta property=\"og:description\" content=\"El Concierto de M\u00fasica Sacra y una marcha por Cerv\u00e1s son las propuestas para este domingo La concejala de Cultura y Deportes, Bego\u00f1a Rold\u00f3s, inform\u00f3 hoy de las actividades organizadas por el Concello para este domingo 10 de abril, y que una vez m\u00e1s se centrar\u00e1n en la musica y el deporte, con la caminata [&hellip;]\" \/>\n<meta property=\"og:url\" content=\"https:\/\/mugardos.gal\/es\/mugardos-vuelve-a-unir-musica-y-deporte\/\" \/>\n<meta property=\"og:site_name\" content=\"Concello de Mugardos\" \/>\n<meta property=\"article:published_time\" content=\"2022-04-07T10:50:29+00:00\" \/>\n<meta property=\"og:image\" content=\"https:\/\/mugardos.gal\/wp-content\/uploads\/2022\/04\/Captura-de-pantalla-2022-04-07-a-las-12.30.39.png\" \/>\n\t<meta property=\"og:image:width\" content=\"560\" \/>\n\t<meta property=\"og:image:height\" content=\"790\" \/>\n\t<meta property=\"og:image:type\" content=\"image\/png\" \/>\n<meta name=\"twitter:card\" content=\"summary_large_image\" \/>\n<meta name=\"twitter:label1\" content=\"Escrito por\" \/>\n\t<meta name=\"twitter:data1\" content=\"maria_OCCIDENTE\" \/>\n\t<meta name=\"twitter:label2\" content=\"Tiempo de lectura\" \/>\n\t<meta name=\"twitter:data2\" content=\"1 minuto\" \/>\n<script type=\"application\/ld+json\" class=\"yoast-schema-graph\">{\"@context\":\"https:\/\/schema.org\",\"@graph\":[{\"@type\":\"WebSite\",\"@id\":\"https:\/\/mugardos.gal\/#website\",\"url\":\"https:\/\/mugardos.gal\/\",\"name\":\"Concello de Mugardos\",\"description\":\"\",\"potentialAction\":[{\"@type\":\"SearchAction\",\"target\":{\"@type\":\"EntryPoint\",\"urlTemplate\":\"https:\/\/mugardos.gal\/?s={search_term_string}\"},\"query-input\":\"required name=search_term_string\"}],\"inLanguage\":\"es\"},{\"@type\":\"ImageObject\",\"inLanguage\":\"es\",\"@id\":\"https:\/\/mugardos.gal\/es\/mugardos-vuelve-a-unir-musica-y-deporte\/#primaryimage\",\"url\":\"https:\/\/mugardos.gal\/wp-content\/uploads\/2022\/04\/Captura-de-pantalla-2022-04-07-a-las-12.30.39.png\",\"contentUrl\":\"https:\/\/mugardos.gal\/wp-content\/uploads\/2022\/04\/Captura-de-pantalla-2022-04-07-a-las-12.30.39.png\",\"width\":560,\"height\":790},{\"@type\":\"WebPage\",\"@id\":\"https:\/\/mugardos.gal\/es\/mugardos-vuelve-a-unir-musica-y-deporte\/#webpage\",\"url\":\"https:\/\/mugardos.gal\/es\/mugardos-vuelve-a-unir-musica-y-deporte\/\",\"name\":\"MUGARDOS VUELVE A UNIR M\u00daSICA Y DEPORTE - Concello de Mugardos\",\"isPartOf\":{\"@id\":\"https:\/\/mugardos.gal\/#website\"},\"primaryImageOfPage\":{\"@id\":\"https:\/\/mugardos.gal\/es\/mugardos-vuelve-a-unir-musica-y-deporte\/#primaryimage\"},\"datePublished\":\"2022-04-07T10:50:29+00:00\",\"dateModified\":\"2022-04-07T10:50:29+00:00\",\"author\":{\"@id\":\"https:\/\/mugardos.gal\/#\/schema\/person\/5003de8d638a334108335f5dc158539f\"},\"breadcrumb\":{\"@id\":\"https:\/\/mugardos.gal\/es\/mugardos-vuelve-a-unir-musica-y-deporte\/#breadcrumb\"},\"inLanguage\":\"es\",\"potentialAction\":[{\"@type\":\"ReadAction\",\"target\":[\"https:\/\/mugardos.gal\/es\/mugardos-vuelve-a-unir-musica-y-deporte\/\"]}]},{\"@type\":\"BreadcrumbList\",\"@id\":\"https:\/\/mugardos.gal\/es\/mugardos-vuelve-a-unir-musica-y-deporte\/#breadcrumb\",\"itemListElement\":[{\"@type\":\"ListItem\",\"position\":1,\"name\":\"Portada\",\"item\":\"https:\/\/mugardos.gal\/es\/\"},{\"@type\":\"ListItem\",\"position\":2,\"name\":\"MUGARDOS VUELVE A UNIR M\u00daSICA Y DEPORTE\"}]},{\"@type\":\"Person\",\"@id\":\"https:\/\/mugardos.gal\/#\/schema\/person\/5003de8d638a334108335f5dc158539f\",\"name\":\"maria_OCCIDENTE\",\"url\":\"https:\/\/mugardos.gal\/es\/author\/maria_occidente\/\"}]}<\/script>\n<!-- \/ Yoast SEO plugin. -->","yoast_head_json":{"title":"MUGARDOS VUELVE A UNIR M\u00daSICA Y DEPORTE - Concello de Mugardos","robots":{"index":"index","follow":"follow","max-snippet":"max-snippet:-1","max-image-preview":"max-image-preview:large","max-video-preview":"max-video-preview:-1"},"canonical":"https:\/\/mugardos.gal\/es\/mugardos-vuelve-a-unir-musica-y-deporte\/","og_locale":"es_ES","og_type":"article","og_title":"MUGARDOS VUELVE A UNIR M\u00daSICA Y DEPORTE - Concello de Mugardos","og_description":"El Concierto de M\u00fasica Sacra y una marcha por Cerv\u00e1s son las propuestas para este domingo La concejala de Cultura y Deportes, Bego\u00f1a Rold\u00f3s, inform\u00f3 hoy de las actividades organizadas por el Concello para este domingo 10 de abril, y que una vez m\u00e1s se centrar\u00e1n en la musica y el deporte, con la caminata [&hellip;]","og_url":"https:\/\/mugardos.gal\/es\/mugardos-vuelve-a-unir-musica-y-deporte\/","og_site_name":"Concello de Mugardos","article_published_time":"2022-04-07T10:50:29+00:00","og_image":[{"width":560,"height":790,"url":"https:\/\/mugardos.gal\/wp-content\/uploads\/2022\/04\/Captura-de-pantalla-2022-04-07-a-las-12.30.39.png","type":"image\/png"}],"twitter_card":"summary_large_image","twitter_misc":{"Escrito por":"maria_OCCIDENTE","Tiempo de lectura":"1 minuto"},"schema":{"@context":"https:\/\/schema.org","@graph":[{"@type":"WebSite","@id":"https:\/\/mugardos.gal\/#website","url":"https:\/\/mugardos.gal\/","name":"Concello de Mugardos","description":"","potentialAction":[{"@type":"SearchAction","target":{"@type":"EntryPoint","urlTemplate":"https:\/\/mugardos.gal\/?s={search_term_string}"},"query-input":"required name=search_term_string"}],"inLanguage":"es"},{"@type":"ImageObject","inLanguage":"es","@id":"https:\/\/mugardos.gal\/es\/mugardos-vuelve-a-unir-musica-y-deporte\/#primaryimage","url":"https:\/\/mugardos.gal\/wp-content\/uploads\/2022\/04\/Captura-de-pantalla-2022-04-07-a-las-12.30.39.png","contentUrl":"https:\/\/mugardos.gal\/wp-content\/uploads\/2022\/04\/Captura-de-pantalla-2022-04-07-a-las-12.30.39.png","width":560,"height":790},{"@type":"WebPage","@id":"https:\/\/mugardos.gal\/es\/mugardos-vuelve-a-unir-musica-y-deporte\/#webpage","url":"https:\/\/mugardos.gal\/es\/mugardos-vuelve-a-unir-musica-y-deporte\/","name":"MUGARDOS VUELVE A UNIR M\u00daSICA Y DEPORTE - Concello de Mugardos","isPartOf":{"@id":"https:\/\/mugardos.gal\/#website"},"primaryImageOfPage":{"@id":"https:\/\/mugardos.gal\/es\/mugardos-vuelve-a-unir-musica-y-deporte\/#primaryimage"},"datePublished":"2022-04-07T10:50:29+00:00","dateModified":"2022-04-07T10:50:29+00:00","author":{"@id":"https:\/\/mugardos.gal\/#\/schema\/person\/5003de8d638a334108335f5dc158539f"},"breadcrumb":{"@id":"https:\/\/mugardos.gal\/es\/mugardos-vuelve-a-unir-musica-y-deporte\/#breadcrumb"},"inLanguage":"es","potentialAction":[{"@type":"ReadAction","target":["https:\/\/mugardos.gal\/es\/mugardos-vuelve-a-unir-musica-y-deporte\/"]}]},{"@type":"BreadcrumbList","@id":"https:\/\/mugardos.gal\/es\/mugardos-vuelve-a-unir-musica-y-deporte\/#breadcrumb","itemListElement":[{"@type":"ListItem","position":1,"name":"Portada","item":"https:\/\/mugardos.gal\/es\/"},{"@type":"ListItem","position":2,"name":"MUGARDOS VUELVE A UNIR M\u00daSICA Y DEPORTE"}]},{"@type":"Person","@id":"https:\/\/mugardos.gal\/#\/schema\/person\/5003de8d638a334108335f5dc158539f","name":"maria_OCCIDENTE","url":"https:\/\/mugardos.gal\/es\/author\/maria_occidente\/"}]}},"_links":{"self":[{"href":"https:\/\/mugardos.gal\/es\/wp-json\/wp\/v2\/posts\/14872"}],"collection":[{"href":"https:\/\/mugardos.gal\/es\/wp-json\/wp\/v2\/posts"}],"about":[{"href":"https:\/\/mugardos.gal\/es\/wp-json\/wp\/v2\/types\/post"}],"author":[{"embeddable":true,"href":"https:\/\/mugardos.gal\/es\/wp-json\/wp\/v2\/users\/5"}],"replies":[{"embeddable":true,"href":"https:\/\/mugardos.gal\/es\/wp-json\/wp\/v2\/comments?post=14872"}],"version-history":[{"count":0,"href":"https:\/\/mugardos.gal\/es\/wp-json\/wp\/v2\/posts\/14872\/revisions"}],"wp:featuredmedia":[{"embeddable":true,"href":"https:\/\/mugardos.gal\/es\/wp-json\/wp\/v2\/media\/14864"}],"wp:attachment":[{"href":"https:\/\/mugardos.gal\/es\/wp-json\/wp\/v2\/media?parent=14872"}],"wp:term":[{"taxonomy":"category","embeddable":true,"href":"https:\/\/mugardos.gal\/es\/wp-json\/wp\/v2\/categories?post=14872"},{"taxonomy":"post_tag","embeddable":true,"href":"https:\/\/mugardos.gal\/es\/wp-json\/wp\/v2\/tags?post=14872"}],"curies":[{"name":"wp","href":"https:\/\/api.w.org\/{rel}","templated":true}]}}