{"id":14853,"date":"2022-04-06T12:55:48","date_gmt":"2022-04-06T10:55:48","guid":{"rendered":"https:\/\/mugardos.gal\/charla-online-sobre-las-nuevas-garantias-del-consumidor-organizada-por-el-instituto-gallego-de-consumo\/"},"modified":"2022-04-06T12:55:48","modified_gmt":"2022-04-06T10:55:48","slug":"charla-online-sobre-las-nuevas-garantias-del-consumidor-organizada-por-el-instituto-gallego-de-consumo","status":"publish","type":"post","link":"https:\/\/mugardos.gal\/es\/charla-online-sobre-las-nuevas-garantias-del-consumidor-organizada-por-el-instituto-gallego-de-consumo\/","title":{"rendered":"Charla online sobre las nuevas garant\u00edas del consumidor, organizada por el Instituto Gallego de Consumo"},"content":{"rendered":"\n<p>La Xunta de Galicia, a trav\u00e9s del Instituto Gallego de Consumo y de la Competencia, pone a disposici\u00f3n de la ciudadan\u00eda los\u00a0<strong>VIERNES DE CONSUMO RESPONDE<\/strong>.<\/p>\n\n<p><strong>Este viernes a las 12.30 se celebrar\u00e1 a trav\u00e9s del aula virtual de consumo<\/strong>\u00a0una charla abierta sobre <strong>La nueva normativa en materia de garant\u00edas.<\/strong><\/p>\n\n<p>Toda aquella persona que desee participar unicamente tiene que acceder este viernes a las 12.30.<\/p>\n\n<p>Para participar:<\/p>\n\n<p>1\u00ba.- Entrar en la web del IGCC: https:\/\/consumo.xunta.gal\/gl<\/p>\n\n<p>2\u00ba.- Pinchar en la foto situada en la p\u00e1gina principal a la izquierda que pone VIERNES DE CONSUMO<\/p>\n\n<p>3\u00ba.- Una vez dentro DEL aula de VIDEOCONFERENCIA, pinchar en el enlace para acceder a la misma.<\/p>\n\n<p>OJO! Si no tiene Webex instalado, pinche en \u201c<em>\u00danase desde el navegador<\/em>\u201d<\/p>\n\n<p>4\u00ba.- UNIRSE A LA REUNI\u00d3N<\/p>\n","protected":false},"excerpt":{"rendered":"<p>La Xunta de Galicia, a trav\u00e9s del Instituto Gallego de Consumo y de la Competencia, pone a disposici\u00f3n de la ciudadan\u00eda los\u00a0VIERNES DE CONSUMO RESPONDE. Este viernes a las 12.30 se celebrar\u00e1 a trav\u00e9s del aula virtual de consumo\u00a0una charla abierta sobre La nueva normativa en materia de garant\u00edas. Toda aquella persona que desee participar [&hellip;]<\/p>\n","protected":false},"author":5,"featured_media":14851,"comment_status":"closed","ping_status":"closed","sticky":false,"template":"","format":"standard","meta":[],"categories":[12],"tags":[],"yoast_head":"<!-- This site is optimized with the Yoast SEO plugin v18.9 - https:\/\/yoast.com\/wordpress\/plugins\/seo\/ -->\n<title>Charla online sobre las nuevas garant\u00edas del consumidor, organizada por el Instituto Gallego de Consumo - Concello de Mugardos<\/title>\n<meta name=\"robots\" content=\"index, follow, max-snippet:-1, max-image-preview:large, max-video-preview:-1\" \/>\n<link rel=\"canonical\" href=\"https:\/\/mugardos.gal\/es\/charla-online-sobre-las-nuevas-garantias-del-consumidor-organizada-por-el-instituto-gallego-de-consumo\/\" \/>\n<meta property=\"og:locale\" content=\"es_ES\" \/>\n<meta property=\"og:type\" content=\"article\" \/>\n<meta property=\"og:title\" content=\"Charla online sobre las nuevas garant\u00edas del consumidor, organizada por el Instituto Gallego de Consumo - Concello de Mugardos\" \/>\n<meta property=\"og:description\" content=\"La Xunta de Galicia, a trav\u00e9s del Instituto Gallego de Consumo y de la Competencia, pone a disposici\u00f3n de la ciudadan\u00eda los\u00a0VIERNES DE CONSUMO RESPONDE. Este viernes a las 12.30 se celebrar\u00e1 a trav\u00e9s del aula virtual de consumo\u00a0una charla abierta sobre La nueva normativa en materia de garant\u00edas. Toda aquella persona que desee participar [&hellip;]\" \/>\n<meta property=\"og:url\" content=\"https:\/\/mugardos.gal\/es\/charla-online-sobre-las-nuevas-garantias-del-consumidor-organizada-por-el-instituto-gallego-de-consumo\/\" \/>\n<meta property=\"og:site_name\" content=\"Concello de Mugardos\" \/>\n<meta property=\"article:published_time\" content=\"2022-04-06T10:55:48+00:00\" \/>\n<meta property=\"og:image\" content=\"https:\/\/mugardos.gal\/wp-content\/uploads\/2022\/04\/mug-4-1024x1024.png\" \/>\n\t<meta property=\"og:image:width\" content=\"1024\" \/>\n\t<meta property=\"og:image:height\" content=\"1024\" \/>\n\t<meta property=\"og:image:type\" content=\"image\/png\" \/>\n<meta name=\"twitter:card\" content=\"summary_large_image\" \/>\n<meta name=\"twitter:label1\" content=\"Escrito por\" \/>\n\t<meta name=\"twitter:data1\" content=\"maria_OCCIDENTE\" \/>\n\t<meta name=\"twitter:label2\" content=\"Tiempo de lectura\" \/>\n\t<meta name=\"twitter:data2\" content=\"1 minuto\" \/>\n<script type=\"application\/ld+json\" class=\"yoast-schema-graph\">{\"@context\":\"https:\/\/schema.org\",\"@graph\":[{\"@type\":\"WebSite\",\"@id\":\"https:\/\/mugardos.gal\/#website\",\"url\":\"https:\/\/mugardos.gal\/\",\"name\":\"Concello de Mugardos\",\"description\":\"\",\"potentialAction\":[{\"@type\":\"SearchAction\",\"target\":{\"@type\":\"EntryPoint\",\"urlTemplate\":\"https:\/\/mugardos.gal\/?s={search_term_string}\"},\"query-input\":\"required name=search_term_string\"}],\"inLanguage\":\"es\"},{\"@type\":\"ImageObject\",\"inLanguage\":\"es\",\"@id\":\"https:\/\/mugardos.gal\/es\/charla-online-sobre-las-nuevas-garantias-del-consumidor-organizada-por-el-instituto-gallego-de-consumo\/#primaryimage\",\"url\":\"https:\/\/mugardos.gal\/wp-content\/uploads\/2022\/04\/mug-4.png\",\"contentUrl\":\"https:\/\/mugardos.gal\/wp-content\/uploads\/2022\/04\/mug-4.png\",\"width\":1205,\"height\":1205},{\"@type\":\"WebPage\",\"@id\":\"https:\/\/mugardos.gal\/es\/charla-online-sobre-las-nuevas-garantias-del-consumidor-organizada-por-el-instituto-gallego-de-consumo\/#webpage\",\"url\":\"https:\/\/mugardos.gal\/es\/charla-online-sobre-las-nuevas-garantias-del-consumidor-organizada-por-el-instituto-gallego-de-consumo\/\",\"name\":\"Charla online sobre las nuevas garant\u00edas del consumidor, organizada por el Instituto Gallego de Consumo - Concello de Mugardos\",\"isPartOf\":{\"@id\":\"https:\/\/mugardos.gal\/#website\"},\"primaryImageOfPage\":{\"@id\":\"https:\/\/mugardos.gal\/es\/charla-online-sobre-las-nuevas-garantias-del-consumidor-organizada-por-el-instituto-gallego-de-consumo\/#primaryimage\"},\"datePublished\":\"2022-04-06T10:55:48+00:00\",\"dateModified\":\"2022-04-06T10:55:48+00:00\",\"author\":{\"@id\":\"https:\/\/mugardos.gal\/#\/schema\/person\/5003de8d638a334108335f5dc158539f\"},\"breadcrumb\":{\"@id\":\"https:\/\/mugardos.gal\/es\/charla-online-sobre-las-nuevas-garantias-del-consumidor-organizada-por-el-instituto-gallego-de-consumo\/#breadcrumb\"},\"inLanguage\":\"es\",\"potentialAction\":[{\"@type\":\"ReadAction\",\"target\":[\"https:\/\/mugardos.gal\/es\/charla-online-sobre-las-nuevas-garantias-del-consumidor-organizada-por-el-instituto-gallego-de-consumo\/\"]}]},{\"@type\":\"BreadcrumbList\",\"@id\":\"https:\/\/mugardos.gal\/es\/charla-online-sobre-las-nuevas-garantias-del-consumidor-organizada-por-el-instituto-gallego-de-consumo\/#breadcrumb\",\"itemListElement\":[{\"@type\":\"ListItem\",\"position\":1,\"name\":\"Portada\",\"item\":\"https:\/\/mugardos.gal\/es\/\"},{\"@type\":\"ListItem\",\"position\":2,\"name\":\"Charla online sobre las nuevas garant\u00edas del consumidor, organizada por el Instituto Gallego de Consumo\"}]},{\"@type\":\"Person\",\"@id\":\"https:\/\/mugardos.gal\/#\/schema\/person\/5003de8d638a334108335f5dc158539f\",\"name\":\"maria_OCCIDENTE\",\"url\":\"https:\/\/mugardos.gal\/es\/author\/maria_occidente\/\"}]}<\/script>\n<!-- \/ Yoast SEO plugin. -->","yoast_head_json":{"title":"Charla online sobre las nuevas garant\u00edas del consumidor, organizada por el Instituto Gallego de Consumo - Concello de Mugardos","robots":{"index":"index","follow":"follow","max-snippet":"max-snippet:-1","max-image-preview":"max-image-preview:large","max-video-preview":"max-video-preview:-1"},"canonical":"https:\/\/mugardos.gal\/es\/charla-online-sobre-las-nuevas-garantias-del-consumidor-organizada-por-el-instituto-gallego-de-consumo\/","og_locale":"es_ES","og_type":"article","og_title":"Charla online sobre las nuevas garant\u00edas del consumidor, organizada por el Instituto Gallego de Consumo - Concello de Mugardos","og_description":"La Xunta de Galicia, a trav\u00e9s del Instituto Gallego de Consumo y de la Competencia, pone a disposici\u00f3n de la ciudadan\u00eda los\u00a0VIERNES DE CONSUMO RESPONDE. Este viernes a las 12.30 se celebrar\u00e1 a trav\u00e9s del aula virtual de consumo\u00a0una charla abierta sobre La nueva normativa en materia de garant\u00edas. Toda aquella persona que desee participar [&hellip;]","og_url":"https:\/\/mugardos.gal\/es\/charla-online-sobre-las-nuevas-garantias-del-consumidor-organizada-por-el-instituto-gallego-de-consumo\/","og_site_name":"Concello de Mugardos","article_published_time":"2022-04-06T10:55:48+00:00","og_image":[{"width":1024,"height":1024,"url":"https:\/\/mugardos.gal\/wp-content\/uploads\/2022\/04\/mug-4-1024x1024.png","type":"image\/png"}],"twitter_card":"summary_large_image","twitter_misc":{"Escrito por":"maria_OCCIDENTE","Tiempo de lectura":"1 minuto"},"schema":{"@context":"https:\/\/schema.org","@graph":[{"@type":"WebSite","@id":"https:\/\/mugardos.gal\/#website","url":"https:\/\/mugardos.gal\/","name":"Concello de Mugardos","description":"","potentialAction":[{"@type":"SearchAction","target":{"@type":"EntryPoint","urlTemplate":"https:\/\/mugardos.gal\/?s={search_term_string}"},"query-input":"required name=search_term_string"}],"inLanguage":"es"},{"@type":"ImageObject","inLanguage":"es","@id":"https:\/\/mugardos.gal\/es\/charla-online-sobre-las-nuevas-garantias-del-consumidor-organizada-por-el-instituto-gallego-de-consumo\/#primaryimage","url":"https:\/\/mugardos.gal\/wp-content\/uploads\/2022\/04\/mug-4.png","contentUrl":"https:\/\/mugardos.gal\/wp-content\/uploads\/2022\/04\/mug-4.png","width":1205,"height":1205},{"@type":"WebPage","@id":"https:\/\/mugardos.gal\/es\/charla-online-sobre-las-nuevas-garantias-del-consumidor-organizada-por-el-instituto-gallego-de-consumo\/#webpage","url":"https:\/\/mugardos.gal\/es\/charla-online-sobre-las-nuevas-garantias-del-consumidor-organizada-por-el-instituto-gallego-de-consumo\/","name":"Charla online sobre las nuevas garant\u00edas del consumidor, organizada por el Instituto Gallego de Consumo - Concello de Mugardos","isPartOf":{"@id":"https:\/\/mugardos.gal\/#website"},"primaryImageOfPage":{"@id":"https:\/\/mugardos.gal\/es\/charla-online-sobre-las-nuevas-garantias-del-consumidor-organizada-por-el-instituto-gallego-de-consumo\/#primaryimage"},"datePublished":"2022-04-06T10:55:48+00:00","dateModified":"2022-04-06T10:55:48+00:00","author":{"@id":"https:\/\/mugardos.gal\/#\/schema\/person\/5003de8d638a334108335f5dc158539f"},"breadcrumb":{"@id":"https:\/\/mugardos.gal\/es\/charla-online-sobre-las-nuevas-garantias-del-consumidor-organizada-por-el-instituto-gallego-de-consumo\/#breadcrumb"},"inLanguage":"es","potentialAction":[{"@type":"ReadAction","target":["https:\/\/mugardos.gal\/es\/charla-online-sobre-las-nuevas-garantias-del-consumidor-organizada-por-el-instituto-gallego-de-consumo\/"]}]},{"@type":"BreadcrumbList","@id":"https:\/\/mugardos.gal\/es\/charla-online-sobre-las-nuevas-garantias-del-consumidor-organizada-por-el-instituto-gallego-de-consumo\/#breadcrumb","itemListElement":[{"@type":"ListItem","position":1,"name":"Portada","item":"https:\/\/mugardos.gal\/es\/"},{"@type":"ListItem","position":2,"name":"Charla online sobre las nuevas garant\u00edas del consumidor, organizada por el Instituto Gallego de Consumo"}]},{"@type":"Person","@id":"https:\/\/mugardos.gal\/#\/schema\/person\/5003de8d638a334108335f5dc158539f","name":"maria_OCCIDENTE","url":"https:\/\/mugardos.gal\/es\/author\/maria_occidente\/"}]}},"_links":{"self":[{"href":"https:\/\/mugardos.gal\/es\/wp-json\/wp\/v2\/posts\/14853"}],"collection":[{"href":"https:\/\/mugardos.gal\/es\/wp-json\/wp\/v2\/posts"}],"about":[{"href":"https:\/\/mugardos.gal\/es\/wp-json\/wp\/v2\/types\/post"}],"author":[{"embeddable":true,"href":"https:\/\/mugardos.gal\/es\/wp-json\/wp\/v2\/users\/5"}],"replies":[{"embeddable":true,"href":"https:\/\/mugardos.gal\/es\/wp-json\/wp\/v2\/comments?post=14853"}],"version-history":[{"count":0,"href":"https:\/\/mugardos.gal\/es\/wp-json\/wp\/v2\/posts\/14853\/revisions"}],"wp:featuredmedia":[{"embeddable":true,"href":"https:\/\/mugardos.gal\/es\/wp-json\/wp\/v2\/media\/14851"}],"wp:attachment":[{"href":"https:\/\/mugardos.gal\/es\/wp-json\/wp\/v2\/media?parent=14853"}],"wp:term":[{"taxonomy":"category","embeddable":true,"href":"https:\/\/mugardos.gal\/es\/wp-json\/wp\/v2\/categories?post=14853"},{"taxonomy":"post_tag","embeddable":true,"href":"https:\/\/mugardos.gal\/es\/wp-json\/wp\/v2\/tags?post=14853"}],"curies":[{"name":"wp","href":"https:\/\/api.w.org\/{rel}","templated":true}]}}